{"id":554460,"date":"2025-11-24T01:45:24","date_gmt":"2025-11-24T01:45:24","guid":{"rendered":"https:\/\/www.europesays.com\/fr\/554460\/"},"modified":"2025-11-24T01:45:24","modified_gmt":"2025-11-24T01:45:24","slug":"le-directeur-du-frac-bretagne-vise-par-des-tags-lui-reprochant-des-violences-sexuelles","status":"publish","type":"post","link":"https:\/\/www.europesays.com\/fr\/554460\/","title":{"rendered":"Le directeur du Frac Bretagne vis\u00e9 par des tags lui reprochant des violences sexuelles"},"content":{"rendered":"<p>C\u2019est dans la nuit du 20 au 21 novembre, que la fa\u00e7ade du Fonds r\u00e9gional d\u2019art contemporain (Frac) Bretagne a \u00e9t\u00e9 tagu\u00e9e. Des inscriptions portant de graves accusations envers le directeur des lieux \u00c9tienne Bernard qui a pris ses fonctions en juillet 2019. Sur les murs en verre on peut notamment lire : \u00ab On te voit \u00bb \u00ab D\u00e9gage \u00bb ou encore \u00ab Directeur agresseur \u00bb. Des inscriptions en lien avec la diffusion d\u2019un post anonyme sur Instagram o\u00f9 un jeune homme rapporte un \u00e9v\u00e8nement survenu \u00e0 Paris en 2008.<\/p>\n<p>Vendredi, un conseil d\u2019administration s\u2019est tenu au cours duquel ce sujet a \u00e9t\u00e9 abord\u00e9. \u00ab Ces accusations n\u2019ont \u00e0 ce jour fait l\u2019objet d\u2019aucune plainte devant l\u2019autorit\u00e9 judiciaire. Dans ce contexte et en accord avec la gouvernance du Frac, son directeur, qui conteste fermement les faits qui lui sont reproch\u00e9s, a pris l\u2019initiative de se mettre en retrait de la direction de l\u2019\u00e9tablissement \u00bb explique dans un communiqu\u00e9 Madeleine Louarn, la pr\u00e9sidente du Frac Bretagne.<\/p>\n<p><img decoding=\"async\" src=\"https:\/\/www.europesays.com\/fr\/wp-content\/uploads\/2025\/11\/69235b33e20c36a7630046da.1.jpeg\" width=\"480\" height=\"300\" class=\"web_golden_m\" loading=\"lazy\" alt=\"Le directeur du Frac Bretagne vis\u00e9 par des tags lui reprochant des violences sexuelles\"\/> (Photo transmise au T\u00e9l\u00e9gramme)Enqu\u00eate interne<\/p>\n<p>Au vu de la situation une enqu\u00eate interne va \u00eatre diligent\u00e9e et un dispositif d\u2019\u00e9coute et d\u2019accompagnement devrait \u00eatre propos\u00e9 aux personnels. Une d\u00e9marche qui est mise en place alors que le Frac, en lien avec la Drac Bretagne, la Ville de Rennes et la R\u00e9gion Bretagne, explique r\u00e9affirmer \u00ab son engagement total dans la lutte contre les violences sexuelles et sexistes \u00bb. Pour Beno\u00eet Careil, adjoint \u00e0 la culture \u00e0 la ville de Rennes et membre du conseil d\u2019administration du Frac : \u00ab Il faut que toute la lumi\u00e8re soit faite, que la parole se lib\u00e8re, que chacun puisse parler librement, y compris la personne mise cause, afin que l\u2019on puisse savoir ce qui s\u2019est r\u00e9ellement pass\u00e9. Le Frac est un \u00e9tablissement culturel le plus en pointe sur ces questions. Il y a notamment une politique de pr\u00e9vention des violences sexistes et sexuelles particuli\u00e8rement remarquable. C\u2019est insupportable de voir, malgr\u00e9 ces efforts, ces accusations qui entachent l\u2019image de cet \u00e9quipement culturel \u00bb.<\/p>\n<p>L\u2019\u00e9tablissement a ainsi adopt\u00e9 en 2023 un plan d\u2019action d\u00e9di\u00e9 qui repose \u00ab sur des engagements forts en mati\u00e8re d\u2019inclusion, d\u2019accessibilit\u00e9, d\u2019\u00e9galit\u00e9 de genre et de respect des droits culturels \u00bb, rappelle la pr\u00e9sidente du Frac.<\/p>\n","protected":false},"excerpt":{"rendered":"C\u2019est dans la nuit du 20 au 21 novembre, que la fa\u00e7ade du Fonds r\u00e9gional d\u2019art contemporain (Frac)&hellip;\n","protected":false},"author":2,"featured_media":554461,"comment_status":"","ping_status":"","sticky":false,"template":"","format":"standard","meta":{"footnotes":""},"categories":[2821],"tags":[1111,11,829,765,1777,674,1011,27,848,12,584,25],"class_list":{"0":"post-554460","1":"post","2":"type-post","3":"status-publish","4":"format-standard","5":"has-post-thumbnail","7":"category-rennes","8":"tag-actu","9":"tag-actualites","10":"tag-bretagne","11":"tag-en-continu","12":"tag-eu","13":"tag-europe","14":"tag-fr","15":"tag-france","16":"tag-ille-et-vilaine","17":"tag-news","18":"tag-rennes","19":"tag-republique-francaise"},"share_on_mastodon":{"url":"https:\/\/pubeurope.com\/@fr\/115602150679336436","error":""},"_links":{"self":[{"href":"https:\/\/www.europesays.com\/fr\/wp-json\/wp\/v2\/posts\/554460","targetHints":{"allow":["GET"]}}],"collection":[{"href":"https:\/\/www.europesays.com\/fr\/wp-json\/wp\/v2\/posts"}],"about":[{"href":"https:\/\/www.europesays.com\/fr\/wp-json\/wp\/v2\/types\/post"}],"author":[{"embeddable":true,"href":"https:\/\/www.europesays.com\/fr\/wp-json\/wp\/v2\/users\/2"}],"replies":[{"embeddable":true,"href":"https:\/\/www.europesays.com\/fr\/wp-json\/wp\/v2\/comments?post=554460"}],"version-history":[{"count":0,"href":"https:\/\/www.europesays.com\/fr\/wp-json\/wp\/v2\/posts\/554460\/revisions"}],"wp:featuredmedia":[{"embeddable":true,"href":"https:\/\/www.europesays.com\/fr\/wp-json\/wp\/v2\/media\/554461"}],"wp:attachment":[{"href":"https:\/\/www.europesays.com\/fr\/wp-json\/wp\/v2\/media?parent=554460"}],"wp:term":[{"taxonomy":"category","embeddable":true,"href":"https:\/\/www.europesays.com\/fr\/wp-json\/wp\/v2\/categories?post=554460"},{"taxonomy":"post_tag","embeddable":true,"href":"https:\/\/www.europesays.com\/fr\/wp-json\/wp\/v2\/tags?post=554460"}],"curies":[{"name":"wp","href":"https:\/\/api.w.org\/{rel}","templated":true}]}}