{"id":554468,"date":"2025-11-24T01:51:28","date_gmt":"2025-11-24T01:51:28","guid":{"rendered":"https:\/\/www.europesays.com\/fr\/554468\/"},"modified":"2025-11-24T01:51:28","modified_gmt":"2025-11-24T01:51:28","slug":"les-marches-de-noel-a-decouvrir-pres-de-chez-vous","status":"publish","type":"post","link":"https:\/\/www.europesays.com\/fr\/554468\/","title":{"rendered":"les march\u00e9s de No\u00ebl \u00e0 d\u00e9couvrir pr\u00e8s de chez vous"},"content":{"rendered":"<p>                    Par<br \/>\n        <strong><br \/>\n            <a href=\"https:\/\/actu.fr\/auteur\/thomas-bernard\" title=\"Consulter tous les articles de Thomas Bernard\" target=\"_blank\" rel=\"noopener\">Thomas Bernard<\/a><br \/>\n                    <\/strong><\/p>\n<p>        Publi\u00e9 le<\/p>\n<p>            23 nov. 2025 \u00e0 16h06        <\/p>\n<p>Dans quelques semaines, le P\u00e8re No\u00ebl d\u00e9posera les cadeaux au pied du sapin. Pour l\u2019aider dans sa t\u00e2che, les petits lutins devront d\u00e9nicher les cadeaux recens\u00e9s dans les lettres adress\u00e9es au P\u00e8re No\u00ebl. Plusieurs communes de la m\u00e9tropole de Nantes organisent des <b>march\u00e9s de No\u00eb<\/b>l o\u00f9 les lutins pourront trouver certains cadeaux. La r\u00e9daction d\u2019<a href=\"https:\/\/actu.fr\/nantes\/\" target=\"_blank\" rel=\"noopener\">actu Nantes<\/a> vous recense la liste, non exhaustive, des march\u00e9s r\u00e9partis dans 15\u00a0communes de l\u2019agglom\u00e9ration.<\/p>\n<p>Le calendrier des march\u00e9s de No\u00ebl<\/p>\n<p class=\" wall-content\">\u00c0 Nantes, <a href=\"https:\/\/actu.fr\/pays-de-la-loire\/nantes_44109\/marche-de-noel-et-l-autre-marche-a-nantes-on-connait-leur-dates-d-ouverture_63393708.html\" target=\"_blank\" rel=\"noopener\">les chalets du march\u00e9 de No\u00ebl sont install\u00e9s en centre-ville <\/a>depuis le jeudi 20\u00a0novembre 2025. Les stands seront accessibles jusqu\u2019au dimanche 28\u00a0d\u00e9cembre 2025.<\/p>\n<p class=\" wall-content\">D\u2019autres march\u00e9s sont organis\u00e9s dans les communes de la m\u00e9tropole nantaise. Voici la liste\u2009:<\/p>\n<ul class=\" wall-content\">\n<li><b>Bouguenais<\/b>, samedi 6\u00a0d\u00e9cembre de 10\u2009h \u00e0 21\u2009h et dimanche 7\u00a0d\u00e9cembre, de 11\u2009h \u00e0 18\u2009h, rue C\u00e9lestin Freinet.<\/li>\n<li><b>Carquefou<\/b>, du mercredi\u00a03 au dimanche 7\u00a0d\u00e9cembre, au site des Renaudi\u00e8res. Ouvert de\u2009: 14\u2009h\u00a0\u00e0 20\u2009h le mercredi, de 17\u2009h\u00a0\u00e0 20\u2009h le jeudi et vendredi, 10\u2009h \u00e0 20\u2009h le samedi, 10\u2009h \u00e0 19\u2009h le dimanche.\u00a0Programme <a href=\"https:\/\/l.facebook.com\/l.php?u=https%3A%2F%2Fwww.carquefou.fr%2Fmarche-de-noel-3%2F%3Ffbclid%3DIwZXh0bgNhZW0CMTAAYnJpZBExOGdDczV4ZmptMmFLc1FGQ3NydGMGYXBwX2lkEDIyMjAzOTE3ODgyMDA4OTIAAR64Psx89vIGLFSde3onVTa8fzgsVTNKIAHCJvpRe1hlFLuv7S_XG77WhMcvAQ_aem_X5Nx8qar84_xqovCGOccXA&amp;h=AT06VVsVrQpOqkJsGn7mdTTDVbDYtjyg9agke9HDBgmLkU1JYgFG7_aUeP7ac9PWv1H7IvmRx-ehf1PERCZ2dQJNnznaTy86KPJyFW3GlRi5DLwgYO8k_2-7hG3_LlGBFvIQmEeDnkRZKbTp&amp;__tn__=-UK-R&amp;c%5B0%5D=AT12u2QZZKKpNctwa2FRacLNq6HfhEJvmU2bWEECIqMworah0oR7ZbgtLT8tyduF4db-mVXw49cCCjbkZ1CLA6zad9ZELtYMQR9EmvzZujIrT6XIr_TE8vZmR1KrlNTIhiE5fPrYtvkeKSx7ais-VoPrQctWwhLPCnM0WVOewgMcRxY_lkTLVun4FLoDlRM\" target=\"_blank\" rel=\"noopener\">complet sur le site de la Ville<\/a>.<\/li>\n<li><b>Cou\u00ebron<\/b>, samedi 29\u00a0novembre, de 10\u2009h \u00e0 18\u2009h, \u00e0 la salle de l\u2019Amicale la\u00efque de la Chabossi\u00e8re.<\/li>\n<li><b>La Chapelle-sur-Erdre<\/b>, samedi 13\u00a0d\u00e9cembre de 14\u2009h \u00e0 18\u2009h et dimanche 14\u00a0d\u00e9cembre de 10\u2009h \u00e0 18\u2009h, salle Jean Jaur\u00e8s.<\/li>\n<li><b>Mauves-sur-Loire<\/b>, samedi 6\u00a0d\u00e9cembre de 10\u2009h \u00e0 20\u2009h, champ de Foire. Pr\u00e8s de <a href=\"https:\/\/actu.fr\/pays-de-la-loire\/mauves-sur-loire_44094\/pres-de-nantes-ce-marche-de-noel-accueillera-au-moins-50-artisans-et-des-animations-gratuites_63449846.html\" target=\"_blank\" rel=\"noopener\">50 artisans seront pr\u00e9sents<\/a>.<\/li>\n<li><b>Orvault<\/b>, vendredi 5\u00a0d\u00e9cembre, de 16\u2009h \u00e0 21\u2009h, et samedi 6\u00a0d\u00e9cembre, de 10\u2009h \u00e0 19\u2009h, place Jeanne d\u2019Arc.<\/li>\n<li><b>Rez\u00e9<\/b>, samedi\u00a029 et dimanche 30\u00a0novembre, de 11\u2009h \u00e0 19\u2009h, \u00e0 la Bonneterie, 17 Chemin Fontaine Launay. Samedi 6\u00a0d\u00e9cembre, de 11\u2009h \u00e0 19\u2009h\u200930, et dimanche 7\u00a0d\u00e9cembre de 11\u2009h\u00a0\u00e0 18\u2009h, La Haute-\u00eele, 29 rue des chevaliers.<\/li>\n<li><b>Sainte-Luce-sur-Loire<\/b>, du vendredi\u00a028 au dimanche 30\u00a0novembre (17\u2009h \u00e0 19\u2009h le vendredi, 9\u2009h \u00e0 19\u2009h le samedi, 10\u2009h \u00e0 19\u2009h le dimanche), march\u00e9 de No\u00ebl des cr\u00e9ateurs, salle Louis-Dagorne.<br \/>Boutique \u00e9ph\u00e9m\u00e8re des cr\u00e9ateurs luc\u00e9ens, les vendredis, samedis et dimanches, du 5 au 21\u00a0d\u00e9cembre, 79 promenade de Bellevue. Ouvert\u2009: les vendredis de 14\u2009h \u00e0 18\u2009h\u200930, les samedis de 10\u2009h \u00e0 12\u2009h puis de 14\u2009h\u00a0\u00e0 18\u2009h\u200930, les dimanches de 15\u2009h \u00e0 18\u2009h.<\/li>\n<li><b>Saint-Herblain<\/b>, <a href=\"https:\/\/www.saint-herblain.fr\/agenda\/bouge-tes-rennes\/\" target=\"_blank\" rel=\"noopener\">Bouge tes Rennes<\/a>, le vendredi 19\u00a0d\u00e9cembre, de 16\u2009h \u00e0 21\u2009h, parvis de l\u2019\u00e9glise, place de l\u2019Abb\u00e9 Ch\u00e9rel.<\/li>\n<li><b>Saint-S\u00e9bastien-sur-Loire<\/b>, samedi 6\u00a0d\u00e9cembre, de 14\u2009h\u200930 \u00e0 19\u2009h, et dimanche 7\u00a0d\u00e9cembre, de 10\u2009h\u200930 \u00e0 19\u2009h, gare d\u2019Anjou.<\/li>\n<li><b>Sautron<\/b>, dimanche 13\u00a0d\u00e9cembre, de 10\u2009h \u00e0 19\u2009h, halle de la Lini\u00e8re.<\/li>\n<li><b>Les Sorini\u00e8res<\/b>, samedi 29\u00a0d\u00e9cembre, de 14\u2009h \u00e0 21\u2009h, et dimanche 30\u00a0novembre, de 10\u2009h \u00e0 18\u2009h, place Simone Veil.<\/li>\n<li><b>Thouar\u00e9-sur-Loire<\/b>, vendredi 12\u00a0d\u00e9cembre, de 17\u2009h \u00e0 21\u2009h\u2009; samedi 13\u00a0d\u00e9cembre, de 10\u2009h \u00e0 20\u2009h, et dimanche 14\u00a0d\u00e9cembre, de 10\u2009h \u00e0 18\u2009h, place de la Libert\u00e9.<\/li>\n<\/ul>\n<p class=\" wall-content\">Personnalisez votre actualit\u00e9 en ajoutant vos villes et m\u00e9dias en favori avec <a href=\"https:\/\/moncompte.actu.fr\" title=\"D\u00e9couvez Mon Actu\" rel=\"nofollow noopener\" data-trk=\"{&quot;cta&quot;:{&quot;action&quot;:&quot;https:\\\/\\\/moncompte.actu.fr&quot;,&quot;category&quot;:&quot;mon compte&quot;,&quot;from&quot;:&quot;article footer&quot;,&quot;name&quot;:&quot;Mon actu&quot;,&quot;type&quot;:&quot;cta&quot;}}\" target=\"_blank\">Mon Actu<\/a>.<\/p>\n","protected":false},"excerpt":{"rendered":"Par Thomas Bernard Publi\u00e9 le 23 nov. 2025 \u00e0 16h06 Dans quelques semaines, le P\u00e8re No\u00ebl d\u00e9posera les&hellip;\n","protected":false},"author":2,"featured_media":554469,"comment_status":"","ping_status":"","sticky":false,"template":"","format":"standard","meta":{"footnotes":""},"categories":[2818],"tags":[1111,11,1777,674,1011,27,1652,766,12,15830,2636,25],"class_list":{"0":"post-554468","1":"post","2":"type-post","3":"status-publish","4":"format-standard","5":"has-post-thumbnail","7":"category-nantes","8":"tag-actu","9":"tag-actualites","10":"tag-eu","11":"tag-europe","12":"tag-fr","13":"tag-france","14":"tag-loisirs-culture","15":"tag-nantes","16":"tag-news","17":"tag-noel","18":"tag-pays-de-la-loire","19":"tag-republique-francaise"},"share_on_mastodon":{"url":"https:\/\/pubeurope.com\/@fr\/115602173739007947","error":""},"_links":{"self":[{"href":"https:\/\/www.europesays.com\/fr\/wp-json\/wp\/v2\/posts\/554468","targetHints":{"allow":["GET"]}}],"collection":[{"href":"https:\/\/www.europesays.com\/fr\/wp-json\/wp\/v2\/posts"}],"about":[{"href":"https:\/\/www.europesays.com\/fr\/wp-json\/wp\/v2\/types\/post"}],"author":[{"embeddable":true,"href":"https:\/\/www.europesays.com\/fr\/wp-json\/wp\/v2\/users\/2"}],"replies":[{"embeddable":true,"href":"https:\/\/www.europesays.com\/fr\/wp-json\/wp\/v2\/comments?post=554468"}],"version-history":[{"count":0,"href":"https:\/\/www.europesays.com\/fr\/wp-json\/wp\/v2\/posts\/554468\/revisions"}],"wp:featuredmedia":[{"embeddable":true,"href":"https:\/\/www.europesays.com\/fr\/wp-json\/wp\/v2\/media\/554469"}],"wp:attachment":[{"href":"https:\/\/www.europesays.com\/fr\/wp-json\/wp\/v2\/media?parent=554468"}],"wp:term":[{"taxonomy":"category","embeddable":true,"href":"https:\/\/www.europesays.com\/fr\/wp-json\/wp\/v2\/categories?post=554468"},{"taxonomy":"post_tag","embeddable":true,"href":"https:\/\/www.europesays.com\/fr\/wp-json\/wp\/v2\/tags?post=554468"}],"curies":[{"name":"wp","href":"https:\/\/api.w.org\/{rel}","templated":true}]}}