{"id":554474,"date":"2025-11-24T01:54:23","date_gmt":"2025-11-24T01:54:23","guid":{"rendered":"https:\/\/www.europesays.com\/fr\/554474\/"},"modified":"2025-11-24T01:54:23","modified_gmt":"2025-11-24T01:54:23","slug":"le-parti-socialiste-soppose-a-la-nuit-du-bien-commun-de-bordeaux-levenement-soutenu-par-le-milliardaire-dextreme-droite-pierre-edouard-sterin","status":"publish","type":"post","link":"https:\/\/www.europesays.com\/fr\/554474\/","title":{"rendered":"Le Parti socialiste s&rsquo;oppose \u00e0 la Nuit du bien commun de Bordeaux, l&rsquo;\u00e9v\u00e9nement soutenu par le milliardaire d&rsquo;extr\u00eame droite, Pierre-Edouard St\u00e9rin"},"content":{"rendered":"<p class=\"article__intro\">La f\u00e9d\u00e9ration du Parti socialiste de Gironde \u00ab\u00a0appelle \u00e0 la r\u00e9sistance et \u00e0 la mobilisation\u00a0\u00bb contre la tenue de la cinqui\u00e8me \u00e9dition de la Nuit du bien commun de Bordeaux\u00a0\u00bb, le 10 d\u00e9cembre au Palais de la Bourse et d\u00e9nonce \u00ab\u00a0une entreprise id\u00e9ologique qui cherche \u00e0 banaliser l\u2019extr\u00eame droite\u00a0\u00bb.<\/p>\n<p>\n      L\u2019actu des r\u00e9gions\n    <\/p>\n<p>\n      Chaque jour, un tour d\u2019horizon des principales infos de toutes les r\u00e9gions.\n    <\/p>\n<p>    France T\u00e9l\u00e9visions utilise votre adresse e-mail afin de vous envoyer la newsletter \u00ab\u00a0L\u2019actu des r\u00e9gions\u00a0\u00bb. Vous pouvez vous d\u00e9sinscrire \u00e0 tout moment via le lien en bas de cette newsletter. <a target=\"_blank\" href=\"https:\/\/www.francetelevisions.fr\/groupe\/confidentialite\/politique-de-confidentialite\/politique-de-confidentialite-de-france-televisions-6503\" rel=\"noopener\">Notre politique de confidentialit\u00e9<\/a><\/p>\n<p>C&rsquo;est un \u00e9v\u00e9nement qui cristallise les tensions dans tous les endroits o\u00f9 il est organis\u00e9. \u00c0 son tour, la f\u00e9d\u00e9ration du Parti socialiste de Gironde \u00ab\u00a0appelle \u00e0 la r\u00e9sistance et \u00e0 la mobilisation\u00a0\u00bb contre ce qu&rsquo;elle qualifie d'\u00a0\u00bboffensive culturelle et id\u00e9ologique coordonn\u00e9e\u00a0\u00bb face \u00e0 la tenue de la cinqui\u00e8me \u00e9dition de la Nuit du bien commun de Bordeaux, le 10 d\u00e9cembre prochain, au Palais de la Bourse. Cet \u00e9v\u00e9nement caritatif, organis\u00e9 dans plusieurs grandes villes fran\u00e7aises, a \u00e9t\u00e9 cofond\u00e9 par <a href=\"https:\/\/www.franceinfo.fr\/politique\/parlement-francais\/assemblee-nationale\/quatre-questions-sur-pierre-edouard-sterin-ce-milliardaire-en-croisade-ideologique-en-plein-bras-de-fer-avec-une-commission-de-l-assemblee-nationale_7260924.html\" target=\"_self\" rel=\"noopener noreferrer nofollow\" data-tooltip-url=\"https:\/\/www.franceinfo.fr\/politique\/parlement-francais\/assemblee-nationale\/quatre-questions-sur-pierre-edouard-sterin-ce-milliardaire-en-croisade-ideologique-en-plein-bras-de-fer-avec-une-commission-de-l-assemblee-nationale_7260924.html\">le milliardaire conservateur catholique et soutien de l&rsquo;extr\u00eame droite,<\/a> Pierre-Edouard St\u00e9rin.<\/p>\n<p><a data-article-figure=\"\" href=\"https:\/\/france3-regions.franceinfo.fr\/image\/FExNTUMxCshdSQYm_U1bRwtWXxI\/1920x1080\/regions\/2025\/08\/21\/s-le-carnaval-de-granville-se-retire-du-label-plus-belles-f-tes-de-france-copie-rouen-00-00-09-00-68a77132c6916500738671.jpg\" data-pswp-width=\"1920\" data-pswp-height=\"1080\" target=\"_blank\" rel=\"noopener\"><\/p>\n<p>          <img width=\"600\" height=\"400\" class=\"article-image lazy\" data-src=\"https:\/\/www.europesays.com\/fr\/wp-content\/uploads\/2025\/11\/s-le-carnaval-de-granville-se-retire-du-label-plus-belles-f-tes-de-france-copie-rouen-00-00-09-00-68.webp\" alt=\"Le milliardaire fran\u00e7ais Pierre-Edouard St\u00e9rin est aujourd'hui au coeur de plusieurs enqu\u00eates qui d\u00e9montrent son implication dans le d\u00e9veloppement de l'extr\u00eame droite en France.\" fetchpriority=\"high\" as=\"image\"\/><\/p>\n<p>\n            Le milliardaire fran\u00e7ais Pierre-Edouard St\u00e9rin est aujourd&rsquo;hui au coeur de plusieurs enqu\u00eates qui d\u00e9montrent son implication dans le d\u00e9veloppement de l&rsquo;extr\u00eame droite en France.<br \/>\n                           \u2022<br \/>\n                                      \u00a9 FTV\n                      <\/p>\n<p><\/a><\/p>\n<p>\u00ab\u00a0La f\u00e9d\u00e9ration de Gironde du Parti socialiste appelle les associations, entreprises et institutions invit\u00e9es \u00e0 ne pas se laisser instrumentaliser\u00a0\u00bb, \u00e9crit le Parti socialiste. \u00ab\u00a0Prendre part \u00e0 la Nuit du bien commun, c\u2019est offrir une caution \u00e0 une entreprise id\u00e9ologique qui cherche \u00e0 banaliser l\u2019extr\u00eame droite et \u00e0 fracturer notre soci\u00e9t\u00e9\u00a0\u00bb.<\/p>\n<p>L&rsquo;objectif est de lever des fonds priv\u00e9s pour des associations locales s\u00e9lectionn\u00e9es au pr\u00e9alable, centr\u00e9es autour de la r\u00e9insertion, le soutien des familles d\u2019enfants handicap\u00e9s ou encore dans la lutte contre la pr\u00e9carit\u00e9. Les membres de projets associatifs ont quelques minutes pour pr\u00e9senter leur projet, devant une foule de personnes munies de panneaux indiquant ensuite leurs promesses de dons.<\/p>\n<blockquote class=\"ftvi_content_quote\">\n<p class=\"ftvi_citation_quote\">C&rsquo;est une fa\u00e7on d\u00e9guis\u00e9e de cr\u00e9er des r\u00e9seaux entre des personnes qui se r\u00e9clament d&rsquo;une id\u00e9ologie d&rsquo;extr\u00eame-droite et de faire \u00e9lire des maires d\u00e8s 2026.<\/p>\n<p>Nathalie Lanzi<\/p>\n<p class=\"ftvi_citation_source\">Secr\u00e9taire f\u00e9d\u00e9rale du Parti socialiste des Deux-S\u00e8vres<\/p>\n<\/blockquote>\n<p>Pour le Parti socialiste, l&rsquo;\u00e9v\u00e9nement philanthropique porte la trace de l&rsquo;id\u00e9ologie de Pierre-Edouard St\u00e9rin qui \u00ab\u00a0vise \u00e0 d\u00e9fendre un projet politique plus global\u00a0\u00bb et \u00ab\u00a0supprimer toute forme de solidarit\u00e9 au niveau de l\u2019\u00c9tat et des collectivit\u00e9s pour retourner \u00e0 l\u2019\u00e8re de la charit\u00e9 et de l\u2019aum\u00f4ne !\u00a0\u00bb.<\/p>\n<p>Sur son site, la Nuit pour le bien commun se d\u00e9finit comme un \u00e9v\u00e8nemnet \u00ab\u00a0aconfessionnel et apolitique\u00a0\u00bb.\u00a0\u00ab\u00a0La Nuit du bien commun n\u2019est en aucune mani\u00e8re engag\u00e9e par les prises de paroles ou les initiatives de ceux qui en sont \u00e0 l\u2019origine\u00a0\u00bb, peut-on lire dans une <a href=\"https:\/\/www.lanuitdubiencommun.com\/faq\" target=\"_blank\" rel=\"noopener noreferrer nofollow\" data-tooltip-url=\"https:\/\/www.lanuitdubiencommun.com\/faq\">Foire aux Questions.<\/a> Ces soup\u00e7ons autour des v\u00e9ritables intentions de ces \u00e9v\u00e9nements d\u00e9coulent de la r\u00e9v\u00e9lation en 2024 par le journal <a href=\"https:\/\/www.humanite.fr\/politique\/bien-commun\/projet-pericles-le-document-qui-dit-tout-du-plan-de-pierre-edouard-sterin-pour-installer-le-rn-au-pouvoir\" target=\"_blank\" rel=\"noopener noreferrer nofollow\" data-tooltip-url=\"https:\/\/www.humanite.fr\/politique\/bien-commun\/projet-pericles-le-document-qui-dit-tout-du-plan-de-pierre-edouard-sterin-pour-installer-le-rn-au-pouvoir\">l&rsquo;Humanit\u00e9<\/a> de l&rsquo;existence du plan de financement P\u00e9ricl\u00e8s. Acronyme pour \u00ab\u00a0Patriotes enracin\u00e9s r\u00e9sistants identitaires chr\u00e9tiens lib\u00e9raux europ\u00e9ens souverainistes\u00a0\u00bb, il vise \u00e0 amener l&rsquo;extr\u00eame droite au pouvoir en France et \u00e0 mener une bataille culturelle.<\/p>\n<p><a href=\"https:\/\/france3-regions.franceinfo.fr\/nouvelle-aquitaine\/pyrenees-atlantiques\/bayonne\/polemique-plusieurs-fetes-du-pays-basque-et-de-gironde-quittent-un-label-apres-la-revelation-de-liens-avec-l-extreme-droite-3199053.html\" target=\"_self\" rel=\"noopener noreferrer nofollow\" data-tooltip-url=\"https:\/\/france3-regions.franceinfo.fr\/nouvelle-aquitaine\/pyrenees-atlantiques\/bayonne\/polemique-plusieurs-fetes-du-pays-basque-et-de-gironde-quittent-un-label-apres-la-revelation-de-liens-avec-l-extreme-droite-3199053.html\">C&rsquo;est loin d&rsquo;\u00eatre la premi\u00e8re fois<\/a> qu&rsquo;un \u00e9v\u00e9nement ou qu&rsquo;une initiative, soutenue par le milliardaire fondateur de l&rsquo;entreprise Smartbox, cr\u00e9e d&rsquo;importantes oppositions politiques et militantes en France et en Nouvelle-Aquitaine. Le 24 septembre dernier, <a href=\"https:\/\/france3-regions.franceinfo.fr\/nouvelle-aquitaine\/charente-maritime\/la-rochelle\/nuit-du-bien-commun-la-rochelle-niort-l-evenement-fonde-par-le-milliardaire-d-extreme-droite-pierre-edouard-sterin-en-pleine-polemique-3222479.html\" target=\"_self\" rel=\"noopener noreferrer nofollow\" data-tooltip-url=\"https:\/\/france3-regions.franceinfo.fr\/nouvelle-aquitaine\/charente-maritime\/la-rochelle\/nuit-du-bien-commun-la-rochelle-niort-l-evenement-fonde-par-le-milliardaire-d-extreme-droite-pierre-edouard-sterin-en-pleine-polemique-3222479.html\">\u00e0 Benon en Charente-Maritime,<\/a> de nombreuses voix s&rsquo;\u00e9taient \u00e9lev\u00e9es pour d\u00e9noncer une autre \u00e9dition de La Nuit du bien commun. \u00ab\u00a0Pour nous, c&rsquo;est une fa\u00e7on d\u00e9guis\u00e9e de cr\u00e9er des r\u00e9seaux entre des personnes qui se r\u00e9clament d&rsquo;une id\u00e9ologie d&rsquo;extr\u00eame-droite et ensuite de faire \u00e9lire des maires d\u00e8s 2026\u00a0\u00bb, avait alert\u00e9 Nathalie Lanzi, la secr\u00e9taire f\u00e9d\u00e9rale du Parti socialiste dans les Deux-S\u00e8vres.<\/p>\n<p><a data-article-figure=\"\" href=\"https:\/\/france3-regions.franceinfo.fr\/image\/xhz_OM_DVOe-0tIDZSx3LG7LiYM\/3240x2160\/regions\/2025\/11\/23\/maxnewsspecialtwo348041-692348bf79e87265626963.jpg\" data-pswp-width=\"3240\" data-pswp-height=\"2160\" target=\"_blank\" rel=\"noopener\"><\/p>\n<p>          <img width=\"600\" height=\"400\" class=\"article-image lazy\" data-src=\"https:\/\/www.europesays.com\/fr\/wp-content\/uploads\/2025\/11\/maxnewsspecialtwo348041-692348bf79e87265626963.jpg\" alt=\" Le 24 septembre dernier, \u00e0 Benon en Charente-Maritime, de nombreuses voix s'\u00e9taient \u00e9lev\u00e9es pour d\u00e9noncer une autre \u00e9dition de &quot;La Nuit du Bien-Commun&quot;.\" fetchpriority=\"high\" as=\"image\"\/><\/p>\n<p>\n             Le 24 septembre dernier, \u00e0 Benon en Charente-Maritime, de nombreuses voix s&rsquo;\u00e9taient \u00e9lev\u00e9es pour d\u00e9noncer une autre \u00e9dition de \u00ab\u00a0La Nuit du Bien-Commun\u00a0\u00bb.<br \/>\n                           \u2022<br \/>\n                                      \u00a9 XAVIER LEOTY \/ MAXPPP\n                      <\/p>\n<p><\/a><\/p>\n<p>Si le milliardaire s&rsquo;est retir\u00e9 de ses fonctions de gouvernance en d\u00e9but d&rsquo;ann\u00e9e, il est toujours m\u00e9c\u00e8ne de l&rsquo;\u00e9v\u00e9nement via son fonds pour le bien commun, selon le m\u00e9dia <a href=\"https:\/\/www.politis.fr\/articles\/2025\/06\/enquete-lombre-du-tres-droitier-milliardaire-sterin-plane-sur-les-nuits-du-bien-commun\/\" target=\"_blank\" rel=\"noopener noreferrer nofollow\" data-tooltip-url=\"https:\/\/www.politis.fr\/articles\/2025\/06\/enquete-lombre-du-tres-droitier-milliardaire-sterin-plane-sur-les-nuits-du-bien-commun\/\">Politis.<\/a><\/p>\n","protected":false},"excerpt":{"rendered":"La f\u00e9d\u00e9ration du Parti socialiste de Gironde \u00ab\u00a0appelle \u00e0 la r\u00e9sistance et \u00e0 la mobilisation\u00a0\u00bb contre la tenue&hellip;\n","protected":false},"author":2,"featured_media":554475,"comment_status":"","ping_status":"","sticky":false,"template":"","format":"standard","meta":{"footnotes":""},"categories":[2817],"tags":[1111,11,1997,1777,674,1011,27,12,2219,25],"class_list":{"0":"post-554474","1":"post","2":"type-post","3":"status-publish","4":"format-standard","5":"has-post-thumbnail","7":"category-bordeaux","8":"tag-actu","9":"tag-actualites","10":"tag-bordeaux","11":"tag-eu","12":"tag-europe","13":"tag-fr","14":"tag-france","15":"tag-news","16":"tag-nouvelle-aquitaine","17":"tag-republique-francaise"},"share_on_mastodon":{"url":"https:\/\/pubeurope.com\/@fr\/115602186449759181","error":""},"_links":{"self":[{"href":"https:\/\/www.europesays.com\/fr\/wp-json\/wp\/v2\/posts\/554474","targetHints":{"allow":["GET"]}}],"collection":[{"href":"https:\/\/www.europesays.com\/fr\/wp-json\/wp\/v2\/posts"}],"about":[{"href":"https:\/\/www.europesays.com\/fr\/wp-json\/wp\/v2\/types\/post"}],"author":[{"embeddable":true,"href":"https:\/\/www.europesays.com\/fr\/wp-json\/wp\/v2\/users\/2"}],"replies":[{"embeddable":true,"href":"https:\/\/www.europesays.com\/fr\/wp-json\/wp\/v2\/comments?post=554474"}],"version-history":[{"count":0,"href":"https:\/\/www.europesays.com\/fr\/wp-json\/wp\/v2\/posts\/554474\/revisions"}],"wp:featuredmedia":[{"embeddable":true,"href":"https:\/\/www.europesays.com\/fr\/wp-json\/wp\/v2\/media\/554475"}],"wp:attachment":[{"href":"https:\/\/www.europesays.com\/fr\/wp-json\/wp\/v2\/media?parent=554474"}],"wp:term":[{"taxonomy":"category","embeddable":true,"href":"https:\/\/www.europesays.com\/fr\/wp-json\/wp\/v2\/categories?post=554474"},{"taxonomy":"post_tag","embeddable":true,"href":"https:\/\/www.europesays.com\/fr\/wp-json\/wp\/v2\/tags?post=554474"}],"curies":[{"name":"wp","href":"https:\/\/api.w.org\/{rel}","templated":true}]}}