{"id":554480,"date":"2025-11-24T01:58:30","date_gmt":"2025-11-24T01:58:30","guid":{"rendered":"https:\/\/www.europesays.com\/fr\/554480\/"},"modified":"2025-11-24T01:58:30","modified_gmt":"2025-11-24T01:58:30","slug":"le-reveil-de-giroud-les-erreurs-de-marchetti-les-tops-et-les-flops","status":"publish","type":"post","link":"https:\/\/www.europesays.com\/fr\/554480\/","title":{"rendered":"le r\u00e9veil de Giroud, les erreurs de Marchetti&#8230; Les tops et les flops"},"content":{"rendered":"<p>\n    En match de cl\u00f4ture de la 13e journ\u00e9e de Ligue 1, Lille est venu \u00e0 bout du Paris FC (4-2). Retrouvez les tops et les flops de cette rencontre, marqu\u00e9e par le doubl\u00e9 d\u2019Olivier Giroud.<\/p>\n<p class=\"fig-paragraph\"><strong>TOPS<\/strong><\/p>\n<p>Giroud voit double<\/p>\n<p class=\"fig-paragraph\">\u00abC\u2019est un grand soulagement\u00bb. Olivier Giroud ne cachait pas sa satisfaction \u00e0 l\u2019issue de la rencontre au micro de Ligue 1 +. Muet depuis le 24 ao\u00fbt dernier en championnat, le champion du monde 2018 a mis fin ce dimanche \u00e0 pr\u00e8s de trois mois de disette.\u00a0<a href=\"http:\/\/www.lefigaro.fr\/sports\/football\/ligue-1\/ligue-1-lille-renverse-le-paris-fc-l-eternel-giroud-voit-double-20251123\" data-fig-type=\"NewsFlash\" data-gtm-custom-categorie=\"navigation\" data-gtm-custom-action=\"crossclick\" data-gtm-custom-label=\"Contextuel\" data-gtm-event=\"customEventSPE\" data-fig-domain=\"LEFIGARO\" target=\"_blank\" rel=\"noopener\">Un r\u00e9veil tonitruant, avec en prime un doubl\u00e9 et la victoire face au Paris FC (4-2)<\/a>. D\u2019abord buteur \u00e0 la conclusion d\u2019une belle action collective en fin de premi\u00e8re p\u00e9riode, le v\u00e9t\u00e9ran de 39 ans a tromp\u00e9 Kevin Trapp une deuxi\u00e8me fois en fin de match, sur un penalty transform\u00e9 avec sang-froid. La conclusion d\u2019une belle soir\u00e9e pour le capitaine lillois du soir, en l\u2019absence de Benjamin Andr\u00e9 (suspendu). Tout n\u2019a pas \u00e9t\u00e9 parfait, mais son association avec Hamza Igamane sur le front de l\u2019attaque m\u00e9rite d\u2019\u00eatre revue.<\/p>\n<p>                                    <a class=\"fig-a11y-skip a11y-hidden\" href=\"#fig-a11y-skip-main-inarticle\"><br \/>\n        Passer la publicit\u00e9<br \/>\n    <\/a><\/p>\n<p>Perraud solide et entreprenant<\/p>\n<p class=\"fig-paragraph\">De nombreux joueurs ont souffert face \u00e0 Ilan Kebbal depuis le d\u00e9but de saison. Dans son duel du soir face au m\u00e9tronome parisien, Romain Perraud s\u2019en est tr\u00e8s bien sorti. L\u2019ancien Brestois a bien tenu son couloir et a su limiter l\u2019influence de son adversaire direct. Solide (71% de duels gagn\u00e9s), et toujours aussi entreprenant devant. Passeur d\u00e9cisif sur le but \u00e9galisateur de Giroud, il a particip\u00e9 \u00e0 bon escient \u00e0 de nombreuses offensives du LOSC. Un match plein de sa part.<\/p>\n<p class=\"fig-body-link\">\n            \u00c0 lire aussi<br \/>\n        <a class=\"fig-body-link__link\" href=\"http:\/\/www.lefigaro.fr\/sports\/football\/ligue-1\/ligue-1-lille-renverse-le-paris-fc-l-eternel-giroud-voit-double-20251123\" data-fig-type=\"NewsFlash\" data-gtm-custom-categorie=\"navigation\" data-gtm-custom-action=\"crossclick\" data-gtm-custom-label=\"Contextuel\" data-gtm-event=\"customEventSPE\" data-fig-domain=\"LEFIGARO\" target=\"_blank\" rel=\"noopener\"><\/p>\n<p>        Ligue 1\u00a0: Lille renverse le Paris FC, l\u2019\u00e9ternel Giroud voit double<br \/>\n    <\/a>\n<\/p>\n<p>Mandi en costaud<\/p>\n<p class=\"fig-paragraph\">Associ\u00e9 \u00e0 Chancel Mbemba au sein de la charni\u00e8re centrale lilloise, A\u00efssa Mandi a rendu une copie tr\u00e8s propre ce dimanche. L\u2019international alg\u00e9rien, auteur d\u2019un tacle risqu\u00e9 mais r\u00e9ussi sur Willem Geubbels dans la surface, n\u2019a pas eu de mal \u00e0 imposer sa puissance et sa bonne lecture du jeu. Tranquille en seconde p\u00e9riode, il s\u2019est charg\u00e9 lui-m\u00eame d\u2019inscrire le troisi\u00e8me but lillois sur corner, avant de c\u00e9der sa place. Avec le sentiment l\u00e9gitime du devoir parfaitement accompli.<\/p>\n<p class=\"fig-paragraph\"><strong>FLOPS\u00a0<\/strong><\/p>\n<p>Le trou d\u2019air de Marchetti<\/p>\n<p class=\"fig-paragraph\">Il a longtemps r\u00e9alis\u00e9 une grosse prestation dans l\u2019entrejeu parisien.\u00a0<a href=\"https:\/\/www.lefigaro.fr\/sports\/football\/live\/ligue-1\/2025\/2568546\/lille-paris-fc\" data-fig-type=\"Live\" data-gtm-custom-categorie=\"navigation\" data-gtm-custom-action=\"crossclick\" data-gtm-custom-label=\"Contextuel\" data-gtm-event=\"customEventSPE\" data-fig-domain=\"LEFIGARO\" target=\"_blank\" rel=\"noopener\">Avant de pr\u00e9cipiter la chute de son \u00e9quipe<\/a>. Titulaire suite au forfait de Maxime Lopez, Vincent Marchetti a v\u00e9cu une fin de match cauchemardesque. \u00c0 1-1 \u00e0 l\u2019entame du dernier quart d\u2019heure de jeu, le Corse de 28 ans a d\u2019abord conc\u00e9d\u00e9 un penalty, en arrivant en retard sur Hakon Haraldsson. Une erreur suivie d\u2019une deuxi\u00e8me, \u00e0 peine trois minutes plus tard. Sur un corner, sa d\u00e9viation manqu\u00e9e de la t\u00eate au premier poteau s\u2019est transform\u00e9e en v\u00e9ritable offrande pour Mandi, qui n\u2019avait plus qu\u2019\u00e0 pousser le ballon au fond. Un trou d\u2019air fatal au promu.<\/p>\n<p>Cafaro trop discret<\/p>\n<p class=\"fig-paragraph\">Pour ce d\u00e9placement p\u00e9rilleux dans le Nord, St\u00e9phane Gilli a offert \u00e0 Mathieu Cafaro sa premi\u00e8re titularisation sous le maillot parisien. Un bapt\u00eame du feu sans \u00e9clat. Align\u00e9 sur l\u2019aile gauche, l\u2019ancien St\u00e9phanois n\u2019a pas assez influ\u00e9 et n\u2019a pas su profiter des mont\u00e9es de Meunier pour se montrer mena\u00e7ant. Trop discret, avec seulement 21 ballons touch\u00e9s et aucune action marquante dans ce match. Logiquement remplac\u00e9 d\u00e8s l\u2019heure de jeu par Moses Simon.<\/p>\n","protected":false},"excerpt":{"rendered":"En match de cl\u00f4ture de la 13e journ\u00e9e de Ligue 1, Lille est venu \u00e0 bout du Paris&hellip;\n","protected":false},"author":2,"featured_media":554481,"comment_status":"","ping_status":"","sticky":false,"template":"","format":"standard","meta":{"footnotes":""},"categories":[2815],"tags":[1111,11,525,1981,814,1777,674,2257,63,1011,27,811,3309,66,1307,955,12,1176,978,93,25,1980],"class_list":{"0":"post-554480","1":"post","2":"type-post","3":"status-publish","4":"format-standard","5":"has-post-thumbnail","7":"category-lille","8":"tag-actu","9":"tag-actualites","10":"tag-calendrier","11":"tag-classement","12":"tag-direct","13":"tag-eu","14":"tag-europe","15":"tag-foot","16":"tag-football","17":"tag-fr","18":"tag-france","19":"tag-hauts-de-france","20":"tag-l1","21":"tag-ligue-1","22":"tag-lille","23":"tag-match","24":"tag-news","25":"tag-olympique-de-marseille","26":"tag-olympique-lyonnais","27":"tag-psg","28":"tag-republique-francaise","29":"tag-resultats"},"share_on_mastodon":{"url":"https:\/\/pubeurope.com\/@fr\/115602201180855601","error":""},"_links":{"self":[{"href":"https:\/\/www.europesays.com\/fr\/wp-json\/wp\/v2\/posts\/554480","targetHints":{"allow":["GET"]}}],"collection":[{"href":"https:\/\/www.europesays.com\/fr\/wp-json\/wp\/v2\/posts"}],"about":[{"href":"https:\/\/www.europesays.com\/fr\/wp-json\/wp\/v2\/types\/post"}],"author":[{"embeddable":true,"href":"https:\/\/www.europesays.com\/fr\/wp-json\/wp\/v2\/users\/2"}],"replies":[{"embeddable":true,"href":"https:\/\/www.europesays.com\/fr\/wp-json\/wp\/v2\/comments?post=554480"}],"version-history":[{"count":0,"href":"https:\/\/www.europesays.com\/fr\/wp-json\/wp\/v2\/posts\/554480\/revisions"}],"wp:featuredmedia":[{"embeddable":true,"href":"https:\/\/www.europesays.com\/fr\/wp-json\/wp\/v2\/media\/554481"}],"wp:attachment":[{"href":"https:\/\/www.europesays.com\/fr\/wp-json\/wp\/v2\/media?parent=554480"}],"wp:term":[{"taxonomy":"category","embeddable":true,"href":"https:\/\/www.europesays.com\/fr\/wp-json\/wp\/v2\/categories?post=554480"},{"taxonomy":"post_tag","embeddable":true,"href":"https:\/\/www.europesays.com\/fr\/wp-json\/wp\/v2\/tags?post=554480"}],"curies":[{"name":"wp","href":"https:\/\/api.w.org\/{rel}","templated":true}]}}