{"id":554484,"date":"2025-11-24T02:02:18","date_gmt":"2025-11-24T02:02:18","guid":{"rendered":"https:\/\/www.europesays.com\/fr\/554484\/"},"modified":"2025-11-24T02:02:18","modified_gmt":"2025-11-24T02:02:18","slug":"pour-noel-le-parc-de-bagatelle-a-marseille-se-transforme-avec-les-lanternes-lumineuses-du-30-11-2025-au-18-01-2026-marseille-2","status":"publish","type":"post","link":"https:\/\/www.europesays.com\/fr\/554484\/","title":{"rendered":"Pour No\u00ebl, le parc de Bagatelle \u00e0 Marseille se transforme avec Les Lanternes lumineuses &#8211; Du 30\/11\/2025 au 18\/01\/2026 &#8211; Marseille"},"content":{"rendered":"<p>Chaque ann\u00e9e les familles aiment l&rsquo;ambiance qui r\u00e8gne dans le Parc de Bagatelle. Cette ann\u00e9e, rendez-vous avec les lanternes lumineuses qui transforment le parc en\u00a0un monde enchant\u00e9 avec des dizaines de lanternes en soie au couleurs de No\u00ebl : <strong>un parcours lumineux<\/strong> \u00e0 d\u00e9couvrir en famille ou entre amis, <strong>tous les jours \u00e0 la tomb\u00e9e de la nuit, jusqu&rsquo;\u00e0 20 h30<\/strong> (sauf les dimanches : jusqu&rsquo;\u00e0 20h)<\/p>\n<p>&#13;<br \/>\nLes Lanternes Lumineuses de Bagatelle, les temps forts de l&rsquo;hiver&#13;<br \/>\nDes balades cont\u00e9es tous les mercredis et samedis&#13;<\/p>\n<p style=\"margin-left: 30px;\">\u00a0<\/p>\n<p>&#13;<\/p>\n<p style=\"margin-left: 30px;\">En bonus, le conteur <strong>Jean Guillon<\/strong>\u00a0proposera des balades cont\u00e9es \u00e0 17h sera pr\u00e9sent tous les <strong>mercredis et samedis<\/strong>\u00a0de d\u00e9cembre du 30 novembre jusqu\u2019au <strong>3 janvier 2026<\/strong><\/p>\n<p>&#13;<br \/>\nLancement des illuminations le 30 novembre&#13;<\/p>\n<p style=\"margin-left: 30px;\"><strong>Contes, d\u00e9ambulations, roulotte gourmande &#8211; Dimanche 30 novembre \u2013 17h \u00e0 21h \u2013 Parc de Bagatelle<\/strong><\/p>\n<p>&#13;<\/p>\n<p style=\"margin-left: 30px;\">\u00c0 l\u2019approche des f\u00eates, le parc de la mairie des 6e et 8e arrondissements se m\u00e9tamorphose pour le plus grand plaisir des petits et des grands ! <strong>La balade nocturne<\/strong> parmi les lanternes lumineuses est une invitation \u00e0 r\u00eaver, \u00e0 se rassembler et \u00e0 faire vivre la magie de No\u00ebl dans les yeux des enfants.<\/p>\n<p>&#13;<\/p>\n<p style=\"margin-left: 30px;\">\u00a0<\/p>\n<p>&#13;<\/p>\n<p style=\"margin-left: 30px;\"><a href=\"https:\/\/mairie-marseille6-8.fr\/form\/lancement-des-illuminations-de-n\" target=\"_blank\" rel=\"noopener\">Attention, 2 sessions sont organis\u00e9es uniquement sur inscription<\/a><\/p>\n<p>&#13;<\/p>\n<p style=\"margin-left: 30px;\"><strong>Lors de cette journ\u00e9e d&rsquo;inauguration, des animations sont propos\u00e9es :\u00a0<\/strong><\/p>\n<p>&#13;<\/p>\n<p style=\"margin-left: 30px;\">&#8211; Chorale des enfants Notre-Dame de l\u2019Huveaune, arriv\u00e9e du P\u00e8re No\u00ebl<\/p>\n<p>&#13;<\/p>\n<p style=\"margin-left: 30px;\"><strong>&#8211; Illuminations<\/strong>\u00a0des lanternes lumineuses dans le parc<\/p>\n<p>&#13;<\/p>\n<p style=\"margin-left: 30px;\"><strong>&#8211;\u00a0<\/strong>D\u00e9ambulation d\u2019<strong>\u00e9chassiers<\/strong>, conteur, santons, marrons chauds, roulotte gourmande, pr\u00e9sence du P\u00e8re No\u00ebl<\/p>\n<p>&#13;<\/p>\n<p style=\"margin-left: 30px;\">\u00a0<\/p>\n<p>&#13;<\/p>\n<p>\u00a0<\/p>\n<p>&#13;<br \/>\nSpectacle de marionnettes, d\u00e9ambulations, gourmandises &#8211; Mercredi 10 d\u00e9cembre\u00a0&#13;<\/p>\n<p style=\"margin-left: 30px;\"><strong> 10h30 \u00e0 17h \u2013 Bagatelle<\/strong><\/p>\n<p>&#13;<\/p>\n<p style=\"margin-left: 30px;\">Le mercredi 10 d\u00e9cembre, le parc de Bagatelle s\u2019animera d\u2019un spectacle de marionnettes, de d\u00e9ambulations de mascottes, peut-\u00eatre m\u00eame y aura-t-il la visite de la Reine des Neiges. Santons, ballons et gourmandises compl\u00e9teront cette journ\u00e9e familiale aux accents proven\u00e7aux.<\/p>\n<p>&#13;<\/p>\n<p style=\"margin-left: 30px;\">10h30 et 14h00 : Spectacle de marionnettes \u201cGuignols et le P\u00e8re No\u00ebl\u201d (Salle Prestige) &#8211; <a href=\"https:\/\/mairie-marseille6-8.fr\/evenements\/noel-feerique-dans-le-68?fbclid=IwY2xjawOM-phleHRuA2FlbQIxMABicmlkETBBSUQzQlBUa0NENGFPQlZEc3J0YwZhcHBfaWQQMjIyMDM5MTc4ODIwMDg5MgABHoBCP5XS1rzj0eYpI6_kYqULDYDUVXTNfxfUdiSC2zFYyJusrQHTEe6qihZg_aem_XcrS36PNKEBXE_JJCPMfNQ\" target=\"_blank\" rel=\"noopener\">2 sessions sur inscription.<\/a><\/p>\n<p>&#13;<\/p>\n<p style=\"margin-left: 30px;\"><strong>Temps forts de cette journ\u00e9e :<\/strong><\/p>\n<p>&#13;<\/p>\n<p style=\"margin-left: 30px;\">14h-17h : Sculpteurs de ballons et spectacle d\u2019\u00e9chassiers lumineux<\/p>\n<p>&#13;<\/p>\n<p style=\"margin-left: 30px;\">15h-18h : Ateliers cr\u00e9atifs<\/p>\n<p>&#13;<\/p>\n<p style=\"margin-left: 30px;\">15h-18h : D\u00e9fil\u00e9 des mascottes, Reine des Neiges et P\u00e8re No\u00ebl<\/p>\n<p>&#13;<br \/>\nUn dr\u00f4le de No\u00ebl : apr\u00e8s-midi festif samedi 20 d\u00e9cembre\u00a0&#13;<\/p>\n<p style=\"margin-left: 30px;\">14h30 \u00e0 19h \u2013 Bagatelle<\/p>\n<p>&#13;<\/p>\n<p style=\"margin-left: 30px;\">Le samedi 20 d\u00e9cembre, place \u00e0 un apr\u00e8s-midi festif sous le signe de la convivialit\u00e9. Le spectacle <strong>Un dr\u00f4le de No\u00ebl <\/strong>ouvrira la journ\u00e9e avant de laisser place \u00e0 des <strong>ateliers gratuits<\/strong>. Les plus jeunes retrouveront le P\u00e8re No\u00ebl, tandis que les <strong>artisans santonniers<\/strong> feront (re)d\u00e9couvrir l\u2019art de la cr\u00e8che proven\u00e7ale.<\/p>\n<p>&#13;<\/p>\n<p style=\"margin-left: 30px;\">14h30 et 17h00 &#8211; Spectacle \u201cLe Bor\u00e9al Express\u201d &#8211; <a href=\"https:\/\/mairie-marseille6-8.fr\/evenements\/noel-feerique-dans-le-68?fbclid=IwY2xjawOM-phleHRuA2FlbQIxMABicmlkETBBSUQzQlBUa0NENGFPQlZEc3J0YwZhcHBfaWQQMjIyMDM5MTc4ODIwMDg5MgABHoBCP5XS1rzj0eYpI6_kYqULDYDUVXTNfxfUdiSC2zFYyJusrQHTEe6qihZg_aem_XcrS36PNKEBXE_JJCPMfNQ\" target=\"_blank\" rel=\"noopener\">2 sessions sur inscription <\/a><\/p>\n<p>&#13;<\/p>\n<p style=\"margin-left: 30px;\">Sculpteurs de ballons, atelier peinture de santons, Gospel et roulotte gourmande<\/p>\n<p>&#13;<\/p>\n<p style=\"margin-left: 30px;\">\u00a0<\/p>\n<p>&#13;<br \/>\nTyrolienne et grimpe aux arbres au Parc de Bagatelle&#13;<\/p>\n<p style=\"margin-left: 30px;\">Une activit\u00e9 nature et sportive pour petits et grands, \u00e0 vivre en plein air au c\u0153ur du parc de Bagatelle !<\/p>\n<p>&#13;<\/p>\n<p style=\"margin-left: 30px;\">&#8211; Dimanche 21 d\u00e9cembre : 10h \u00e0 13h et 14h \u00e0 17h<\/p>\n<p>&#13;<\/p>\n<p style=\"margin-left: 30px;\">&#8211; Lundi 22 d\u00e9cembre : 14h \u00e0 17h<\/p>\n<p>&#13;<\/p>\n<p style=\"margin-left: 30px;\">&#8211; Samedi 3 janvier : 14h \u00e0 17h<\/p>\n<p>&#13;<\/p>\n<p style=\"margin-left: 30px;\">&#8211; Dimanche 4 janvier : 14h \u00e0 17h<\/p>\n<p>&#13;<\/p>\n<p>\u00a0<\/p>\n<p>&#13;<\/p>\n<p>\u00a0<\/p>\n<p>&#13;<\/p>\n<p class=\"doregris\"><strong>D\u00e9couvrir le programme des festivit\u00e9s de No\u00ebl \u00e0 Marseille :<\/strong><\/p>\n<p>&#13;<\/p>\n<p> &#13;<\/p>\n<p style=\"margin-left: 30px;\">\u00a0<\/p>\n","protected":false},"excerpt":{"rendered":"Chaque ann\u00e9e les familles aiment l&rsquo;ambiance qui r\u00e8gne dans le Parc de Bagatelle. Cette ann\u00e9e, rendez-vous avec les&hellip;\n","protected":false},"author":2,"featured_media":548742,"comment_status":"","ping_status":"","sticky":false,"template":"","format":"standard","meta":{"footnotes":""},"categories":[2814],"tags":[1111,11,1777,674,1011,27,884,12,882,25],"class_list":{"0":"post-554484","1":"post","2":"type-post","3":"status-publish","4":"format-standard","5":"has-post-thumbnail","7":"category-marseille","8":"tag-actu","9":"tag-actualites","10":"tag-eu","11":"tag-europe","12":"tag-fr","13":"tag-france","14":"tag-marseille","15":"tag-news","16":"tag-provence-alpes-cote-dazur","17":"tag-republique-francaise"},"share_on_mastodon":{"url":"https:\/\/pubeurope.com\/@fr\/115602217770868906","error":""},"_links":{"self":[{"href":"https:\/\/www.europesays.com\/fr\/wp-json\/wp\/v2\/posts\/554484","targetHints":{"allow":["GET"]}}],"collection":[{"href":"https:\/\/www.europesays.com\/fr\/wp-json\/wp\/v2\/posts"}],"about":[{"href":"https:\/\/www.europesays.com\/fr\/wp-json\/wp\/v2\/types\/post"}],"author":[{"embeddable":true,"href":"https:\/\/www.europesays.com\/fr\/wp-json\/wp\/v2\/users\/2"}],"replies":[{"embeddable":true,"href":"https:\/\/www.europesays.com\/fr\/wp-json\/wp\/v2\/comments?post=554484"}],"version-history":[{"count":0,"href":"https:\/\/www.europesays.com\/fr\/wp-json\/wp\/v2\/posts\/554484\/revisions"}],"wp:featuredmedia":[{"embeddable":true,"href":"https:\/\/www.europesays.com\/fr\/wp-json\/wp\/v2\/media\/548742"}],"wp:attachment":[{"href":"https:\/\/www.europesays.com\/fr\/wp-json\/wp\/v2\/media?parent=554484"}],"wp:term":[{"taxonomy":"category","embeddable":true,"href":"https:\/\/www.europesays.com\/fr\/wp-json\/wp\/v2\/categories?post=554484"},{"taxonomy":"post_tag","embeddable":true,"href":"https:\/\/www.europesays.com\/fr\/wp-json\/wp\/v2\/tags?post=554484"}],"curies":[{"name":"wp","href":"https:\/\/api.w.org\/{rel}","templated":true}]}}