{"id":554487,"date":"2025-11-24T02:04:16","date_gmt":"2025-11-24T02:04:16","guid":{"rendered":"https:\/\/www.europesays.com\/fr\/554487\/"},"modified":"2025-11-24T02:04:16","modified_gmt":"2025-11-24T02:04:16","slug":"ligue-1-lyon-cale-a-auxerre-lille-prolifique-nantes-evite-la-zone-rouge","status":"publish","type":"post","link":"https:\/\/www.europesays.com\/fr\/554487\/","title":{"rendered":"Ligue 1: Lyon cale \u00e0 Auxerre, Lille prolifique, Nantes \u00e9vite la zone rouge"},"content":{"rendered":"<p class=\"mb-4 text-lg md:leading-8 break-words\">Lyon a \u00e9t\u00e9 tenu en \u00e9chec (0-0) sur le terrain de la lanterne rouge Auxerre dimanche, ouvrant la porte du wagon de t\u00eate \u00e0 Lille, tombeur du Paris FC (4-2) en cl\u00f4ture d&rsquo;une 13e journ\u00e9e de Ligue 1 marqu\u00e9e par une bataille pour le maintien.<\/p>\n<p class=\"mb-4 text-lg md:leading-8 break-words\">La journ\u00e9e de dimanche n&rsquo;a pas bouscul\u00e9 la hi\u00e9rarchie de la Ligue 1, dont les places de prestige s&rsquo;\u00e9taient disput\u00e9es samedi.<\/p>\n<p class=\"mb-4 text-lg md:leading-8 break-words\">Lyon avait n\u00e9anmoins l&rsquo;occasion de passer devant Strasbourg sur la pelouse d&rsquo;Auxerre et de se rapprocher du trio de t\u00eate compos\u00e9 du Paris Saint Germain (30 points), de l&rsquo;OM et de Lens (28 points).<\/p>\n<p class=\"mb-4 text-lg md:leading-8 break-words\">Mais les Rhodaniens ont cal\u00e9 chez la lanterne rouge et continuent de faire du surplace en championnat o\u00f9, avec 21 points, ils pointent d\u00e9sormais \u00e0 la 7e place, \u00e0 sept longueurs du podium.<\/p>\n<p class=\"mb-4 text-lg md:leading-8 break-words\">. Lille en profite<\/p>\n<p class=\"mb-4 text-lg md:leading-8 break-words\">Un contre-temps favorable \u00e0 Lille, qui r\u00e9alise la bonne op\u00e9ration de la 13e journ\u00e9e en bondissant \u00e0 la quatri\u00e8me place (23 points) gr\u00e2ce \u00e0 sa victoire contre le Paris FC (4-2), port\u00e9 par un doubl\u00e9 d&rsquo;Olivier Giroud.<\/p>\n<p class=\"mb-4 text-lg md:leading-8 break-words\">L&rsquo;attaquant le plus prolifique de l&rsquo;histoire de l&rsquo;\u00e9quipe de France n&rsquo;avait plus marqu\u00e9 depuis trois mois en championnat, et son dernier but remontait \u00e0 une rencontre de Ligue Europa contre les Norv\u00e9giens de Brann Bergen le 25 septembre.<\/p>\n<p class=\"mb-4 text-lg md:leading-8 break-words\">Revenus \u00e0 cinq point du duo Marseille-Lens, les Nordistes devancent Strasbourg (22 points) et Rennes (21 points), tombeur samedi de Monaco (4-1) malgr\u00e9 le retour de Paul Pogba apr\u00e8s 26 mois loin des terrains.<\/p>\n<p class=\"mb-4 text-lg md:leading-8 break-words\">Le bas de classement a, lui, fait l&rsquo;objet d&rsquo;une \u00e2pre bataille.<\/p>\n<p class=\"mb-4 text-lg md:leading-8 break-words\">. Bonne op\u00e9ration pour Angers<\/p>\n<p class=\"mb-4 text-lg md:leading-8 break-words\">But refus\u00e9, penalty manqu\u00e9, les Auxerrois sont pass\u00e9s tout pr\u00e8s de batttre l&rsquo;OL mais doivent se contenter d&rsquo;un match nul qui les maintient \u00e0 la derni\u00e8re place du classement (8 points), \u00e0 trois longueurs derri\u00e8re Lorient, Nantes et Metz (11 pts).<\/p>\n<p class=\"mb-4 text-lg md:leading-8 break-words\">Les Messins, en position de rel\u00e9gable, ont quant \u00e0 eux \u00e9t\u00e9 battus sur le fil par Brest (14e) qui renoue avec la victoire apr\u00e8s six matches sans succ\u00e8s gr\u00e2ce \u00e0 un penalty de Romain Del Castillo au bout des arr\u00eats de jeu (90e+10, 3-2). Cruel pour le gardien messin, le Danois Jonathan Fischer, qui avait d\u00e9j\u00e0 arr\u00eat\u00e9 un penalty du m\u00eame Del Castillo quelques instants auparavant. Et fin de s\u00e9rie pour les Lorrains, qui restaient sur trois succ\u00e8s.<\/p>\n<p class=\"mb-4 text-lg md:leading-8 break-words\">A la Beaujoire, les Nantais (15e), longtemps men\u00e9s par Lorient (16e) et menac\u00e9s de basculer dans la zone rouge, se sont eux aussi sortis d&rsquo;affaire dans le temps additionnel. Chidozie Awaziem, coupable d&rsquo;un but contre son camp dans les arr\u00eats de jeu de la premi\u00e8re p\u00e9riode, a r\u00e9par\u00e9 son impair en \u00e9galisant dans le temps additionnel de la seconde (1-1) pour d\u00e9crocher le point du nul.<\/p>\n<p class=\"mb-4 text-lg md:leading-8 break-words\">Enfin, Toulouse (10e) est rejoint au classement par son adversaire Angers apr\u00e8s avoir conc\u00e9d\u00e9 une d\u00e9faite frustrante sur sa pelouse (0-1). Le but angevin a \u00e9t\u00e9 inscrit par Yassine Belkhdim, et le SCO se donne de l&rsquo;air, passant devant Le Havre et le Paris FC.<\/p>\n<p class=\"mb-4 text-lg md:leading-8 break-words\">llb\/bdx\/hpa<\/p>\n","protected":false},"excerpt":{"rendered":"Lyon a \u00e9t\u00e9 tenu en \u00e9chec (0-0) sur le terrain de la lanterne rouge Auxerre dimanche, ouvrant la&hellip;\n","protected":false},"author":2,"featured_media":554488,"comment_status":"","ping_status":"","sticky":false,"template":"","format":"standard","meta":{"footnotes":""},"categories":[1889],"tags":[1111,11,1438,2430,4245,3450,41427,4680,1777,674,1011,27,67209,46296,1307,1781,2428,6212,3127,766,12,445,91,32134,584,25,20375,640,2312],"class_list":{"0":"post-554487","1":"post","2":"type-post","3":"status-publish","4":"format-standard","5":"has-post-thumbnail","7":"category-lyon","8":"tag-actu","9":"tag-actualites","10":"tag-angers","11":"tag-auvergne-rhone-alpes","12":"tag-auxerre","13":"tag-brest","14":"tag-chidozie-awaziem","15":"tag-corentin-tolisso","16":"tag-eu","17":"tag-europe","18":"tag-fr","19":"tag-france","20":"tag-jonathan-fischer","21":"tag-lassine-sinayoko","22":"tag-lille","23":"tag-lorient","24":"tag-lyon","25":"tag-metz","26":"tag-monaco","27":"tag-nantes","28":"tag-news","29":"tag-paris-fc","30":"tag-paris-saint-germain","31":"tag-paul-pogba","32":"tag-rennes","33":"tag-republique-francaise","34":"tag-romain-del-castillo","35":"tag-strasbourg","36":"tag-toulouse"},"share_on_mastodon":{"url":"https:\/\/pubeurope.com\/@fr\/115602224787989803","error":""},"_links":{"self":[{"href":"https:\/\/www.europesays.com\/fr\/wp-json\/wp\/v2\/posts\/554487","targetHints":{"allow":["GET"]}}],"collection":[{"href":"https:\/\/www.europesays.com\/fr\/wp-json\/wp\/v2\/posts"}],"about":[{"href":"https:\/\/www.europesays.com\/fr\/wp-json\/wp\/v2\/types\/post"}],"author":[{"embeddable":true,"href":"https:\/\/www.europesays.com\/fr\/wp-json\/wp\/v2\/users\/2"}],"replies":[{"embeddable":true,"href":"https:\/\/www.europesays.com\/fr\/wp-json\/wp\/v2\/comments?post=554487"}],"version-history":[{"count":0,"href":"https:\/\/www.europesays.com\/fr\/wp-json\/wp\/v2\/posts\/554487\/revisions"}],"wp:featuredmedia":[{"embeddable":true,"href":"https:\/\/www.europesays.com\/fr\/wp-json\/wp\/v2\/media\/554488"}],"wp:attachment":[{"href":"https:\/\/www.europesays.com\/fr\/wp-json\/wp\/v2\/media?parent=554487"}],"wp:term":[{"taxonomy":"category","embeddable":true,"href":"https:\/\/www.europesays.com\/fr\/wp-json\/wp\/v2\/categories?post=554487"},{"taxonomy":"post_tag","embeddable":true,"href":"https:\/\/www.europesays.com\/fr\/wp-json\/wp\/v2\/tags?post=554487"}],"curies":[{"name":"wp","href":"https:\/\/api.w.org\/{rel}","templated":true}]}}