{"id":554503,"date":"2025-11-24T02:13:11","date_gmt":"2025-11-24T02:13:11","guid":{"rendered":"https:\/\/www.europesays.com\/fr\/554503\/"},"modified":"2025-11-24T02:13:11","modified_gmt":"2025-11-24T02:13:11","slug":"malgre-leur-rencontre-constructive-mamdani-voit-toujours-trump-comme-un-fasciste","status":"publish","type":"post","link":"https:\/\/www.europesays.com\/fr\/554503\/","title":{"rendered":"Malgr\u00e9 leur rencontre \u00ab\u00a0constructive\u00a0\u00bb, Mamdani voit toujours Trump comme un fasciste"},"content":{"rendered":"<p>Leur rencontre \u2013 <a href=\"https:\/\/www.20minutes.fr\/monde\/4187221-20251122-etats-unis-apres-mois-insultes-trump-mamdani-affichent-entente-inattendue-maison-blanche\" target=\"_blank\" class=\"c-link c-link--is-underlined\" rel=\"noopener\">pourtant particuli\u00e8rement d\u00e9tendue \u2013 \u00e0 la Maison-Blanche<\/a> n\u2019aura pas fait changer d\u2019avis Zohran Mamdani sur Donald Trump. Sans surprise, <a href=\"https:\/\/www.20minutes.fr\/monde\/etats-unis\/4183663-20251105-etats-unis-socialiste-mamdani-elu-maire-new-york-gros-revers-trump\" target=\"_blank\" class=\"c-link c-link--is-underlined\" rel=\"noopener\">le maire \u00e9lu de New York<\/a> se montre toujours vent debout contre la mani\u00e8re dont le pr\u00e9sident am\u00e9ricain utilise son pouvoir.<\/p>\n<p>Interrog\u00e9 dimanche sur le fait de savoir s\u2019il pensait encore que Donald Trump \u00e9tait un \u00ab\u00a0fasciste\u00a0\u00bb, <a href=\"https:\/\/www.20minutes.fr\/monde\/etats-unis\/4183733-20251105-etats-unis-creches-gratuites-taxer-riches-propose-zohran-mamdani-nouveau-maire-new-york\" target=\"_blank\" class=\"c-link c-link--is-underlined\" rel=\"noopener\">Zohran Mamdani<\/a> a en effet r\u00e9pondu par l\u2019affirmative. \u00ab\u00a0C\u2019est quelque chose que j\u2019ai dit dans le pass\u00e9, je le dis aujourd\u2019hui\u00a0\u00bb, a d\u00e9clar\u00e9 l\u2019\u00e9lu d\u00e9mocrate, interview\u00e9 sur NBC news.<\/p>\n<p>L\u2019ironie de Donald Trump<\/p>\n<p>Vendredi dans le Bureau ovale, lorsqu\u2019une journaliste a demand\u00e9 \u00e0 Zohran Mamdani s\u2019il jugeait que le pr\u00e9sident am\u00e9ricain \u00e9tait un fasciste, ce dernier est intervenu aupr\u00e8s de son invit\u00e9\u00a0: \u00ab\u00a0C\u2019est O.K. vous pouvez r\u00e9pondre oui\u2026 C\u2019est plus simple que d\u2019expliquer\u00a0\u00bb.<\/p>\n<\/p>\n<p>\u00ab\u00a0Ce que j\u2019ai appr\u00e9ci\u00e9 dans la conversation que j\u2019ai eue avec le pr\u00e9sident, c\u2019est que nous n\u2019avons pas h\u00e9sit\u00e9 \u00e0 aborder nos points de d\u00e9saccord\u00a0\u00bb, a par ailleurs indiqu\u00e9 Zohran Mamdani sur NBC. \u00ab\u00a0J\u2019ai trouv\u00e9 que la rencontre [\u2026] \u00e9tait productive, et qu\u2019elle revenait sans cesse sur les th\u00e8mes centraux de la campagne que nous avons men\u00e9e\u00a0: le co\u00fbt du logement, le co\u00fbt de la garde d\u2019enfants, le co\u00fbt des courses, le co\u00fbt des services publics\u00a0\u00bb, a aussi jug\u00e9 le maire \u00e9lu, qui prendra ses fonctions le 1er\u00a0janvier prochain.<\/p>\n<p><a href=\"https:\/\/www.20minutes.fr\/monde\/etats-unis\/\" target=\"_blank\" class=\"c-link c-btn c-btn--primary\" rel=\"noopener\">Notre dossier sur les Etats-Unis<\/a><\/p>\n<p>Apr\u00e8s avoir menac\u00e9 de couper les fonds f\u00e9d\u00e9raux \u00e0 la ville et d\u2019y envoyer la Garde nationale si le \u00ab\u00a0communiste\u00a0\u00bb Zohran Mamdani l\u2019emportait, Donald Trump a promis vendredi de l\u2019aider dans sa t\u00e2che. \u00ab\u00a0Plus il r\u00e9ussira, plus je serai content\u00a0\u00bb, a assur\u00e9 le pr\u00e9sident am\u00e9ricain, qui traite pourtant r\u00e9guli\u00e8rement son opposant de \u00ab\u00a0communiste\u00a0\u00bb.<\/p>\n","protected":false},"excerpt":{"rendered":"Leur rencontre \u2013 pourtant particuli\u00e8rement d\u00e9tendue \u2013 \u00e0 la Maison-Blanche n\u2019aura pas fait changer d\u2019avis Zohran Mamdani sur&hellip;\n","protected":false},"author":2,"featured_media":554504,"comment_status":"","ping_status":"","sticky":false,"template":"","format":"standard","meta":{"footnotes":""},"categories":[1589],"tags":[47,11,75,73,1866,16959,74,415,12,1864,1865,1863,308,133],"class_list":{"0":"post-554503","1":"post","2":"type-post","3":"status-publish","4":"format-standard","5":"has-post-thumbnail","7":"category-etats-unis","8":"tag-actualite","9":"tag-actualites","10":"tag-donald-trump","11":"tag-etats-unis","12":"tag-etats-unis-damerique","13":"tag-fascisme","14":"tag-monde","15":"tag-new-york","16":"tag-news","17":"tag-united-states","18":"tag-united-states-of-america","19":"tag-us","20":"tag-usa","21":"tag-video"},"share_on_mastodon":{"url":"https:\/\/pubeurope.com\/@fr\/115602260196750055","error":""},"_links":{"self":[{"href":"https:\/\/www.europesays.com\/fr\/wp-json\/wp\/v2\/posts\/554503","targetHints":{"allow":["GET"]}}],"collection":[{"href":"https:\/\/www.europesays.com\/fr\/wp-json\/wp\/v2\/posts"}],"about":[{"href":"https:\/\/www.europesays.com\/fr\/wp-json\/wp\/v2\/types\/post"}],"author":[{"embeddable":true,"href":"https:\/\/www.europesays.com\/fr\/wp-json\/wp\/v2\/users\/2"}],"replies":[{"embeddable":true,"href":"https:\/\/www.europesays.com\/fr\/wp-json\/wp\/v2\/comments?post=554503"}],"version-history":[{"count":0,"href":"https:\/\/www.europesays.com\/fr\/wp-json\/wp\/v2\/posts\/554503\/revisions"}],"wp:featuredmedia":[{"embeddable":true,"href":"https:\/\/www.europesays.com\/fr\/wp-json\/wp\/v2\/media\/554504"}],"wp:attachment":[{"href":"https:\/\/www.europesays.com\/fr\/wp-json\/wp\/v2\/media?parent=554503"}],"wp:term":[{"taxonomy":"category","embeddable":true,"href":"https:\/\/www.europesays.com\/fr\/wp-json\/wp\/v2\/categories?post=554503"},{"taxonomy":"post_tag","embeddable":true,"href":"https:\/\/www.europesays.com\/fr\/wp-json\/wp\/v2\/tags?post=554503"}],"curies":[{"name":"wp","href":"https:\/\/api.w.org\/{rel}","templated":true}]}}