{"id":554505,"date":"2025-11-24T02:15:40","date_gmt":"2025-11-24T02:15:40","guid":{"rendered":"https:\/\/www.europesays.com\/fr\/554505\/"},"modified":"2025-11-24T02:15:40","modified_gmt":"2025-11-24T02:15:40","slug":"les-suisses-sinclinent-devant-lallemagne-3","status":"publish","type":"post","link":"https:\/\/www.europesays.com\/fr\/554505\/","title":{"rendered":"Les Suisses s&rsquo;inclinent devant l&rsquo;Allemagne"},"content":{"rendered":"<p class=\"photoLegend\">Yannick Schwaller et Cie ont subi la loi de l&rsquo;Allemagne dimanche matin<\/p>\n<p>Photo: KEYSTONE\/EPA COMPIC\/KIMMO BRANDT<\/p>\n<p class=\"wysiwyg-h2\">Suissesses et Suisses ont subi une premi\u00e8re d\u00e9faite aux Europ\u00e9ens de Lohja. Les Zougoises se sont inclin\u00e9es 10-5 face aux Lituaniennes.<\/p>\n<p>Le neuvi\u00e8me end a \u00e9t\u00e9 d\u00e9cisif, puisque le score \u00e9tait de 5-5 et que la Lituanie a pris deux points d&rsquo;avance. Emmen\u00e9es par leur skip Corrie H\u00fcrlimann, les Zougoises n&rsquo;ont pas r\u00e9ussi \u00e0 \u00e9galiser \u00e0 7-7 pour forcer un end suppl\u00e9mentaire et ont encaiss\u00e9 trois points. Elles comptent deux victoires pour un revers.<\/p>\n<p>Le &lsquo;CC3C&rsquo; du skip Yannick Schwaller s&rsquo;est lui inclin\u00e9 8-6 devant l&rsquo;Allemagne dimanche matin. La formation genevoise a pourtant parfaitement su se reprendre apr\u00e8s avoir manqu\u00e9 son d\u00e9but de match. Men\u00e9s 5-1 apr\u00e8s le quatri\u00e8me end, Schwaller, Pablo Lachat-Couchepin, Sven Michel et Beno\u00eet Schwarz-van Berkel ont \u00e9galis\u00e9 \u00e0 5-5 \u00e0 la mi-match gr\u00e2ce \u00e0 un coup de quatre. Mais ils ont flanch\u00e9 dans le &lsquo;money time&rsquo;.<\/p>\n<p>Les Helv\u00e8tes, qui ont encaiss\u00e9 un point au cours de trois manches successives pour se retrouver men\u00e9s 8-5 avant l&rsquo;ultime end, se sont bien repris en soir\u00e9e pour leur troisi\u00e8me match en dominant la Pologne 9-3.<\/p>\n<p>\/ATS<\/p>\n","protected":false},"excerpt":{"rendered":"Yannick Schwaller et Cie ont subi la loi de l&rsquo;Allemagne dimanche matin Photo: KEYSTONE\/EPA COMPIC\/KIMMO BRANDT Suissesses et&hellip;\n","protected":false},"author":2,"featured_media":554506,"comment_status":"","ping_status":"","sticky":false,"template":"","format":"standard","meta":{"footnotes":""},"categories":[1587],"tags":[11,672,1804,1805,1803,1777,674,1801,20189,12,1802,517,20190,20191],"class_list":{"0":"post-554505","1":"post","2":"type-post","3":"status-publish","4":"format-standard","5":"has-post-thumbnail","7":"category-allemagne","8":"tag-actualites","9":"tag-allemagne","10":"tag-bundesrepublik-deutschland","11":"tag-de","12":"tag-deutschland","13":"tag-eu","14":"tag-europe","15":"tag-germany","16":"tag-leman-bleu","17":"tag-news","18":"tag-republique-federale-dallemagne","19":"tag-sport","20":"tag-television-geneve","21":"tag-television-nyon"},"share_on_mastodon":{"url":"https:\/\/pubeurope.com\/@fr\/115602268068318916","error":""},"_links":{"self":[{"href":"https:\/\/www.europesays.com\/fr\/wp-json\/wp\/v2\/posts\/554505","targetHints":{"allow":["GET"]}}],"collection":[{"href":"https:\/\/www.europesays.com\/fr\/wp-json\/wp\/v2\/posts"}],"about":[{"href":"https:\/\/www.europesays.com\/fr\/wp-json\/wp\/v2\/types\/post"}],"author":[{"embeddable":true,"href":"https:\/\/www.europesays.com\/fr\/wp-json\/wp\/v2\/users\/2"}],"replies":[{"embeddable":true,"href":"https:\/\/www.europesays.com\/fr\/wp-json\/wp\/v2\/comments?post=554505"}],"version-history":[{"count":0,"href":"https:\/\/www.europesays.com\/fr\/wp-json\/wp\/v2\/posts\/554505\/revisions"}],"wp:featuredmedia":[{"embeddable":true,"href":"https:\/\/www.europesays.com\/fr\/wp-json\/wp\/v2\/media\/554506"}],"wp:attachment":[{"href":"https:\/\/www.europesays.com\/fr\/wp-json\/wp\/v2\/media?parent=554505"}],"wp:term":[{"taxonomy":"category","embeddable":true,"href":"https:\/\/www.europesays.com\/fr\/wp-json\/wp\/v2\/categories?post=554505"},{"taxonomy":"post_tag","embeddable":true,"href":"https:\/\/www.europesays.com\/fr\/wp-json\/wp\/v2\/tags?post=554505"}],"curies":[{"name":"wp","href":"https:\/\/api.w.org\/{rel}","templated":true}]}}