{"id":554509,"date":"2025-11-24T02:19:30","date_gmt":"2025-11-24T02:19:30","guid":{"rendered":"https:\/\/www.europesays.com\/fr\/554509\/"},"modified":"2025-11-24T02:19:30","modified_gmt":"2025-11-24T02:19:30","slug":"ensemble-fadi-kassem-mathieu-bolle-reddat-berenger-cernon-jean-michel-toulouse-explorent-comment-faire-gagner-la-frances-des-travailleurs-face-a-macron-lue-et-lotan-fete-de-lhumanite-202","status":"publish","type":"post","link":"https:\/\/www.europesays.com\/fr\/554509\/","title":{"rendered":"Ensemble, Fadi Kassem, Mathieu Bolle-Reddat, Berenger Cernon, Jean Michel Toulouse &#8230; explorent comment faire gagner la Frances des travailleurs face \u00e0 Macron, l&rsquo;UE et l&rsquo;OTAN. [F\u00eate de l&rsquo;Humanit\u00e9 2025"},"content":{"rendered":"<p>C\u2019est un tr\u00e8s riche plateau de personnalit\u00e9s politiques et syndicales que Fadi Kassem et la commission luttes du PRCF ont r\u00e9ussi \u00e0 r\u00e9unir pour un d\u00e9bat fraternel, dynamique et combatif \u00e0 la f\u00eate de l\u2019Humanit\u00e9. B\u00e9renger Cernon d\u00e9put\u00e9 LFI, Mathieu Bolle-Reddat (CGT cheminots de Versailles et d\u00e9sormais secr\u00e9taire de l\u2019Union D\u00e9partementale CGT des Yvelines), Jean Michel Toulouse (porte parole du PARDEM) et plusieurs syndicalistes CGT de terrain.<br \/>Un moment tr\u00e8s dynamique pour un dimanche matin d\u2019une f\u00eate de l\u2019Humanit\u00e9 qui a mobilis\u00e9 les foules, et assur\u00e9ment une table ronde montrant o\u00f9 se trouvent la dynamique politique et syndicale pour faire gagner les travailleurs face \u00e0 Macron, l\u2019UE et l\u2019OTAN.<\/p>\n<p>Fadi Kassem :<\/p>\n<p>Mathieu Bolle Reddat :<\/p>\n<p>B\u00e9renger Cernon :<\/p>\n<p>Jean Michel Toulouse :<\/p>\n<p>L\u2019int\u00e9gralit\u00e9 du d\u00e9bat<\/p>\n<p>\t\t\t\t\t\t\t\t\t\t\t\t\t\t\t\tTags: <a href=\"https:\/\/www.initiative-communiste.fr\/theme\/berenger-cernon\/\" rel=\"tag noopener\" target=\"_blank\">B\u00e9renger Cernon<\/a><a href=\"https:\/\/www.initiative-communiste.fr\/theme\/cgt\/\" rel=\"tag noopener\" target=\"_blank\">CGT<\/a><a href=\"https:\/\/www.initiative-communiste.fr\/theme\/cgt-cheminots\/\" rel=\"tag noopener\" target=\"_blank\">cgt cheminots<\/a><a href=\"https:\/\/www.initiative-communiste.fr\/theme\/debat\/\" rel=\"tag noopener\" target=\"_blank\">Debat<\/a><a href=\"https:\/\/www.initiative-communiste.fr\/theme\/fadi-kassem\/\" rel=\"tag noopener\" target=\"_blank\">fadi kassem<\/a><a href=\"https:\/\/www.initiative-communiste.fr\/theme\/fete-de-lhuma\/\" rel=\"tag noopener\" target=\"_blank\">f\u00eate de l&rsquo;huma<\/a><a href=\"https:\/\/www.initiative-communiste.fr\/theme\/fete-de-lhumanite\/\" rel=\"tag noopener\" target=\"_blank\">f\u00eate de l&rsquo;humanit\u00e9<\/a><a href=\"https:\/\/www.initiative-communiste.fr\/theme\/france-insoumise\/\" rel=\"tag noopener\" target=\"_blank\">france insoumise<\/a><a href=\"https:\/\/www.initiative-communiste.fr\/theme\/lfi\/\" rel=\"tag noopener\" target=\"_blank\">LFI<\/a><a href=\"https:\/\/www.initiative-communiste.fr\/theme\/pardem\/\" rel=\"tag noopener\" target=\"_blank\">pardem<\/a><a href=\"https:\/\/www.initiative-communiste.fr\/theme\/prcf\/\" rel=\"tag noopener\" target=\"_blank\">PRCF?<\/a><a href=\"https:\/\/www.initiative-communiste.fr\/theme\/table-ronde\/\" rel=\"tag noopener\" target=\"_blank\">table ronde<\/a><a href=\"https:\/\/www.initiative-communiste.fr\/theme\/ud-cgt-78\/\" rel=\"tag noopener\" target=\"_blank\">UD CGT 78<\/a><a href=\"https:\/\/www.initiative-communiste.fr\/theme\/video\/\" rel=\"tag noopener\" target=\"_blank\">video<\/a><\/p>\n","protected":false},"excerpt":{"rendered":"C\u2019est un tr\u00e8s riche plateau de personnalit\u00e9s politiques et syndicales que Fadi Kassem et la commission luttes du&hellip;\n","protected":false},"author":2,"featured_media":554510,"comment_status":"","ping_status":"","sticky":false,"template":"","format":"standard","meta":{"footnotes":""},"categories":[1586],"tags":[11,67213,1271,67214,1292,1777,674,1779,12865,67215,52079,1011,27,4728,780,12,12868,12869,25,24812,67216,1778,364,133],"class_list":{"0":"post-554509","1":"post","2":"type-post","3":"status-publish","4":"format-standard","5":"has-post-thumbnail","7":"category-europe","8":"tag-actualites","9":"tag-berenger-cernon","10":"tag-cgt","11":"tag-cgt-cheminots","12":"tag-debat","13":"tag-eu","14":"tag-europe","15":"tag-european-union","16":"tag-fadi-kassem","17":"tag-fete-de-lhuma","18":"tag-fete-de-lhumanite","19":"tag-fr","20":"tag-france","21":"tag-france-insoumise","22":"tag-lfi","23":"tag-news","24":"tag-pardem","25":"tag-prcf","26":"tag-republique-francaise","27":"tag-table-ronde","28":"tag-ud-cgt-78","29":"tag-ue","30":"tag-union-europeenne","31":"tag-video"},"share_on_mastodon":{"url":"https:\/\/pubeurope.com\/@fr\/115602283857847679","error":""},"_links":{"self":[{"href":"https:\/\/www.europesays.com\/fr\/wp-json\/wp\/v2\/posts\/554509","targetHints":{"allow":["GET"]}}],"collection":[{"href":"https:\/\/www.europesays.com\/fr\/wp-json\/wp\/v2\/posts"}],"about":[{"href":"https:\/\/www.europesays.com\/fr\/wp-json\/wp\/v2\/types\/post"}],"author":[{"embeddable":true,"href":"https:\/\/www.europesays.com\/fr\/wp-json\/wp\/v2\/users\/2"}],"replies":[{"embeddable":true,"href":"https:\/\/www.europesays.com\/fr\/wp-json\/wp\/v2\/comments?post=554509"}],"version-history":[{"count":0,"href":"https:\/\/www.europesays.com\/fr\/wp-json\/wp\/v2\/posts\/554509\/revisions"}],"wp:featuredmedia":[{"embeddable":true,"href":"https:\/\/www.europesays.com\/fr\/wp-json\/wp\/v2\/media\/554510"}],"wp:attachment":[{"href":"https:\/\/www.europesays.com\/fr\/wp-json\/wp\/v2\/media?parent=554509"}],"wp:term":[{"taxonomy":"category","embeddable":true,"href":"https:\/\/www.europesays.com\/fr\/wp-json\/wp\/v2\/categories?post=554509"},{"taxonomy":"post_tag","embeddable":true,"href":"https:\/\/www.europesays.com\/fr\/wp-json\/wp\/v2\/tags?post=554509"}],"curies":[{"name":"wp","href":"https:\/\/api.w.org\/{rel}","templated":true}]}}