{"id":554511,"date":"2025-11-24T02:20:14","date_gmt":"2025-11-24T02:20:14","guid":{"rendered":"https:\/\/www.europesays.com\/fr\/554511\/"},"modified":"2025-11-24T02:20:14","modified_gmt":"2025-11-24T02:20:14","slug":"en-direct-guerre-en-ukraine-un-accord-de-paix-devra-pleinement-respecter-la-souverainete-ukrainienne-affirme-la-maison-blanche-le-monde-fr","status":"publish","type":"post","link":"https:\/\/www.europesays.com\/fr\/554511\/","title":{"rendered":"EN DIRECT, guerre en Ukraine : un accord de paix devra \u00ab pleinement respecter la souverainet\u00e9 \u00bb ukrainienne, affirme la Maison Blanche &#8211; Le Monde.fr"},"content":{"rendered":"<ol>\n<li><a href=\"https:\/\/news.google.com\/rss\/articles\/CBMiowJBVV95cUxQcV9wTHJiTlpONk1IYnpQMXJxYWhGT1ZNQ1h0elJTSHZ1emZjOVZMOVhnaEk4eC1XdURNYmNPdHR4MjM0ZWpuM1ZRMXhpd015ckVtSXBLOEFhTG8tZGlCZXIzQndtbHZndThOSjY0S3lQaEltM1QwMktGTEtKVTJUb1NPQTZVQ1o2LTNEOU5zUzVicDVwUmhOc0oxdGZEcmNwOGxMTjZNRlhiX1NBMUh5dzRuc2hjU2N5Vy1WRk5GMjVSeDNIWjVEODh4dnpLNVg3M1Y5WDBJbmdyNXFrMHJ2TjdYakVSMUtXSmJFTFc4UDNmdHREVFRueHVMQS11Y0NDVDkzdEdzRk9RQkRTVkQzYVZaWGhHMlJ4X2JVX1diNVR5QjQ?oc=5\" target=\"_blank\" rel=\"noopener\">EN DIRECT, guerre en Ukraine : un accord de paix devra \u00ab pleinement respecter la souverainet\u00e9 \u00bb ukrainienne, affirme la Maison Blanche<\/a>&nbsp;&nbsp;Le Monde.fr<\/li>\n<li><a href=\"https:\/\/news.google.com\/rss\/articles\/CBMi7AFBVV95cUxNUjAwbG9VZXFmbjZ1M3BRTzl5NlJTM0hta0YwZWlBM0lDb2REY1NWSW9BU0c2c1pFNzdSdExEYkk4QVAyWk5BWjl2ang4Z2xhX01oSUh5MGtlT1E4dW5ldnNxZldPQWhienFkQnVYNmJGNkIzM3M4Rl9xVkFLV1lLNHZxZWNBd3RLeEVjTkdqR0txSkExQVRjNUdPbVFEbER2OFVheEM4U1VodjJZbmk1Q2wzaXFFWkZoNk95NE1MWmJVVXNqNklZdzJCdXBTODVBbWhhVXBDdl9FYzVCREowaGRNUUlMU2gtLWtCcw?oc=5\" target=\"_blank\" rel=\"noopener\">Washington et Kiev affirment qu&rsquo;un accord de paix maintiendra la \u00ab\u00a0pleine souverainet\u00e9\u00a0\u00bb de l&rsquo;Ukraine<\/a>&nbsp;&nbsp;Actualit\u00e9s \u2013 Orange<\/li>\n<li><a href=\"https:\/\/news.google.com\/rss\/articles\/CBMiwAJBVV95cUxPZHBzSnZkck5CTm9ib1VBNVl2MDMwbXprZDd1MkhoZWgtU2xYVUMxWWIzSVFVX2JTbFIycm5YQjhOSzFyZS04MnZ4cVFQUFB1el94dUZYV1JkN3FjWFM0N095dzgyejBFSTVqVmZkZjRtdWpiTER1aHk4OVhrV2xnNWtsdWlFeHVSY3ZoZkJTcUc5T2pvQ1lCeUVDMHhNN1NlM05kQjJyQ09NVEN3eUc0N19LN1Y1MzRrZDVicHlKeG15NDhQYm9PTXFPZ1NhOVB3dXJaM0pZSU5vXzVSZW1kaWtMUURsX0l2cTYwMVpjZWE3eXY3VlVOajFaVjY5SE1hUEh2b21ObXZocWE5VEFzZDQtakVrODhpRzBqWkJEV3dSY2dfN3lIaUd6T1BkWDd2YmVQd1hwMjlfT05qVmc1dQ?oc=5\" target=\"_blank\" rel=\"noopener\">\u00abPlan de paix\u00bb sur l\u2019Ukraine : Donald Trump fustige \u00abl\u2019ingratitude ukrainienne\u00bb, Zelensky lui exprime sa \u00abreconnaissance\u00bb personnelle<\/a>&nbsp;&nbsp;Lib\u00e9ration<\/li>\n<li><a href=\"https:\/\/news.google.com\/rss\/articles\/CBMilAJBVV95cUxPQjFpakRIa1lXZEs0Yk9wZUFjajFlQWY3Mm9UTEp4ZkxSZ294bTRZMFp4VGphQ1NFYmJ5VEdVYWJtc3RCMC1pQURTWEJTUjFnb0M0cmsyQXEtNU9ZZE0tT0tOWGlVdjdMTEdpZVVYMTlCWlhtNzJqTE45Mk4tQzdlTUt4VF96TDNQWVAwVldIS25PRnc4UjBSeUVKNDYyUmphQXBoTkhLQ3A5c1hweVhKYlNnbUp1TUk3TDdkcWhYTTZtX29jM0M2aHVEYzV0YWppLUNJSmlvYzVXY2w3SEtRWE5EQkFleFc3eW15UTFhUTdtZllKclNrOU1SSnp5RDJjSVlVY0ZBTmFUY3VhSElWYlUwejk?oc=5\" target=\"_blank\" rel=\"noopener\">\u00ab C\u2019est une capitulation sans conditions \u00bb : Alain Jupp\u00e9 appelle \u00e0 un sursaut europ\u00e9en apr\u00e8s le plan de paix am\u00e9ricain pour l\u2019Ukraine<\/a>&nbsp;&nbsp;Sud Ouest<\/li>\n<li><a href=\"https:\/\/news.google.com\/rss\/articles\/CBMivwFBVV95cUxNSlkxLWl5YVVIMWFpOWRxY0NXcmplaHE0el9laGpLbS1jMkdRdmtmRG9qbmtMeDJ1X2JYenlaYWpBb2NXeTNEVEthVU05ZWRYTnNsdzZCd2pzaVhGallYWlVQN2VpWlhyM21SbnRBa0M0T0d1MV9pR0hNdWVkNTZmN0FDd1loN3VQQnQ2UnlleVFBSzZmRDM5RkRLY1I4ejc5VDBtOThfbFVEZlV1ajktZUplWTJhQ2tZc096M0hyUQ?oc=5\" target=\"_blank\" rel=\"noopener\">Les pourparlers avancent \u00e0 Gen\u00e8ve sur la plan de paix en Ukraine<\/a>&nbsp;&nbsp;France 24<\/li>\n<\/ol>\n","protected":false},"excerpt":{"rendered":"EN DIRECT, guerre en Ukraine : un accord de paix devra \u00ab pleinement respecter la souverainet\u00e9 \u00bb ukrainienne,&hellip;\n","protected":false},"author":2,"featured_media":553840,"comment_status":"","ping_status":"","sticky":false,"template":"","format":"standard","meta":{"footnotes":""},"categories":[2],"tags":[11,1011,27,12,25],"class_list":{"0":"post-554511","1":"post","2":"type-post","3":"status-publish","4":"format-standard","5":"has-post-thumbnail","7":"category-actualites","8":"tag-actualites","9":"tag-fr","10":"tag-france","11":"tag-news","12":"tag-republique-francaise"},"share_on_mastodon":{"url":"https:\/\/pubeurope.com\/@fr\/115602287856191491","error":""},"_links":{"self":[{"href":"https:\/\/www.europesays.com\/fr\/wp-json\/wp\/v2\/posts\/554511","targetHints":{"allow":["GET"]}}],"collection":[{"href":"https:\/\/www.europesays.com\/fr\/wp-json\/wp\/v2\/posts"}],"about":[{"href":"https:\/\/www.europesays.com\/fr\/wp-json\/wp\/v2\/types\/post"}],"author":[{"embeddable":true,"href":"https:\/\/www.europesays.com\/fr\/wp-json\/wp\/v2\/users\/2"}],"replies":[{"embeddable":true,"href":"https:\/\/www.europesays.com\/fr\/wp-json\/wp\/v2\/comments?post=554511"}],"version-history":[{"count":0,"href":"https:\/\/www.europesays.com\/fr\/wp-json\/wp\/v2\/posts\/554511\/revisions"}],"wp:featuredmedia":[{"embeddable":true,"href":"https:\/\/www.europesays.com\/fr\/wp-json\/wp\/v2\/media\/553840"}],"wp:attachment":[{"href":"https:\/\/www.europesays.com\/fr\/wp-json\/wp\/v2\/media?parent=554511"}],"wp:term":[{"taxonomy":"category","embeddable":true,"href":"https:\/\/www.europesays.com\/fr\/wp-json\/wp\/v2\/categories?post=554511"},{"taxonomy":"post_tag","embeddable":true,"href":"https:\/\/www.europesays.com\/fr\/wp-json\/wp\/v2\/tags?post=554511"}],"curies":[{"name":"wp","href":"https:\/\/api.w.org\/{rel}","templated":true}]}}