{"id":554512,"date":"2025-11-24T02:21:25","date_gmt":"2025-11-24T02:21:25","guid":{"rendered":"https:\/\/www.europesays.com\/fr\/554512\/"},"modified":"2025-11-24T02:21:25","modified_gmt":"2025-11-24T02:21:25","slug":"pour-boualem-sansal-la-methode-de-bruno-retailleau-vis-a-vis-dalger-na-pas-aide-a-sa-liberation","status":"publish","type":"post","link":"https:\/\/www.europesays.com\/fr\/554512\/","title":{"rendered":"Pour Boualem Sansal, la m\u00e9thode de Bruno Retailleau vis-\u00e0-vis d\u2019Alger n\u2019a pas aid\u00e9 \u00e0 sa lib\u00e9ration"},"content":{"rendered":"<p>        <img decoding=\"async\" loading=\"lazy\" src=\"https:\/\/www.europesays.com\/fr\/wp-content\/uploads\/2025\/11\/3772175_upload-1-f7noq9b6fvnq-capture-d-ecran-2025-11-23-213822.png\"  width=\"728\" height=\"410\" alt=\"Boualem Sansal, pour sa premi\u00e8re apparition m\u00e9diatique depuis sa lib\u00e9ration le 12\u00a0novembre,\u00a0a \u00e9t\u00e9 interrog\u00e9 ce dimanche 23\u00a0novembre au 20\u00a0Heures de France 2\u00a0sur Bruno Retailleau.\"\/>  <\/p>\n<p>France 2<\/p>\n<p>Boualem Sansal, pour sa premi\u00e8re apparition m\u00e9diatique depuis sa lib\u00e9ration le 12\u00a0novembre,\u00a0a \u00e9t\u00e9 interrog\u00e9 ce dimanche 23\u00a0novembre au 20\u00a0Heures de France 2\u00a0sur Bruno Retailleau.<\/p>\n<p class=\"asset asset-text\">Des mots pas tendres pour le patron des R\u00e9publicains. Boualem Sansal, pour sa premi\u00e8re apparition m\u00e9diatique depuis sa lib\u00e9ration le 12\u00a0novembre,  a \u00e9t\u00e9 interrog\u00e9 ce dimanche 23\u00a0novembre au 20\u00a0Heures de France 2\u00a0sur les coulisses de sa lib\u00e9ration obtenue gr\u00e2ce \u00e0 l\u2019Allemagne. L\u2019\u00e9crivain franco-alg\u00e9rien s\u2019est aussi exprim\u00e9 sur<a href=\"https:\/\/www.huffingtonpost.fr\/politique\/video\/sur-la-liberation-de-boualem-sansal-l-executif-defend-sa-methode-et-retailleau-appreciera_257196.html\" target=\"_blank\" rel=\"noopener\"> la m\u00e9thode du gouvernement fran\u00e7ais<\/a>, et notamment celle de l\u2019ancien ministre de l\u2019Int\u00e9rieur,<a href=\"https:\/\/www.huffingtonpost.fr\/justice\/article\/la-permission-de-sortie-accordee-a-l-un-des-100-detenus-les-plus-dangereux-de-france-fait-scandale_257438.html\" target=\"_blank\" rel=\"noopener\"> Bruno Retailleau.<\/a><\/p>\n<p class=\"asset asset-text\">Si Boualem Sansal affirme que Bruno Retailleau est son \u00ab\u00a0ami\u00a0\u00bb, l\u2019auteur qui a \u00e9t\u00e9 graci\u00e9 par le pr\u00e9sident alg\u00e9rien Abdelmadjid Tebboune explique qu\u2019il a aussi \u00e9t\u00e9 d\u2019une \u00ab\u00a0certaine mani\u00e8re\u00a0\u00bb un obstacle\u00a0\u00e0 sa lib\u00e9ration.<\/p>\n<p class=\"asset asset-text\">Apr\u00e8s sa lib\u00e9ration de prison, l\u2019\u00e9crivain pol\u00e9miste de 81\u00a0ans et Bruno Retailleau ont \u00e9chang\u00e9 au t\u00e9l\u00e9phone, avait appris <a href=\"https:\/\/www.bfmtv.com\/international\/info-bfmtv-boualem-sansal-s-est-entretenu-par-telephone-avec-bruno-retailleau_AV-202511200979.html\" target=\"_blank\" rel=\"noopener\" title=\"Nouvelle fen\u00eatre\">BFMTV.<\/a> Les deux hommes se connaissaient en effet avant l\u2019incarc\u00e9ration de Boualem Sansal le 16\u00a0novembre\u00a02024. Ce dernier avait \u00e9t\u00e9 condamn\u00e9 en Alg\u00e9rie \u00e0 cinq ans de prison notamment pour \u00ab\u00a0atteinte \u00e0 l\u2019unit\u00e9 nationale\u00a0\u00bb.<\/p>\n<p>    <strong>Une \u00ab\u00a0m\u00e9thode brutale\u00a0\u00bb r\u00e9fut\u00e9e par Bruno Retailleau<\/strong>    <\/p>\n<p class=\"asset asset-text\">\u00ab\u00a0On s\u2019est appel\u00e9 (&#8230;) on va se voir dans les prochains jours\u00a0\u00bb, a ajout\u00e9 Boualem Sansal ce dimanche sur France 2.<\/p>\n<p class=\"asset asset-text\">\u00ab\u00a0Vous ne consid\u00e9rez pas qu\u2019il a \u00e9t\u00e9 un obstacle quand il \u00e9tait ministre de l\u2019Int\u00e9rieur \u00e0 votre lib\u00e9ration\u00a0?\u00a0\u00bb, l\u2019interroge ensuite le pr\u00e9sentateur Laurent Delahousse. L\u2019\u00e9crivain h\u00e9site quelques secondes avant de r\u00e9pondre\u00a0: \u00ab\u00a0je pense que d\u2019une certaine mani\u00e8re oui, car il offrait \u00e0 Alger l\u2019occasion de r\u00e9agir\u00a0[en disant\u00a0]\u00a0: \u201cregardez c\u2019est notre ennemi, il nous d\u00e9teste\u201d\u00a0\u00bb. \u00ab\u00a0Mais avec ou sans Bruno Retailleau, [le pouvoir alg\u00e9rien] aurait r\u00e9agi de la m\u00eame mani\u00e8re\u00a0\u00bb, temporise n\u00e9anmoins l\u2019\u00e9crivain.<\/p>\n<p class=\"asset asset-text\">L\u2019\u00e9crivain franco-alg\u00e9rien estime d\u2019ailleurs que d\u2019autres membres du gouvernement, comme le ministre des Affaires \u00e9trang\u00e8res Jean-No\u00ebl Barrot, ont tenu un \u00ab\u00a0discours diplomatique\u00a0\u00bb.<\/p>\n<p>    Crise diplomatique    <\/p>\n<p class=\"asset asset-text\">Interrog\u00e9 dans <a href=\"https:\/\/www.leparisien.fr\/politique\/bruno-retailleau-ce-budget-cest-le-hold-up-du-siecle-22-11-2025-ZLQJE4X3DFEXHIYBFVP2PS4PYQ.php\" target=\"_blank\" rel=\"noopener\" title=\"Nouvelle fen\u00eatre\">Le Parisien<\/a>, Bruno Retailleau s\u2019est f\u00e9licit\u00e9 ce dimanche de la lib\u00e9ration de Boualem Sansal tout en balayant les critiques sur sa \u00ab\u00a0m\u00e9thode brutale\u00a0\u00bb avec Alger. \u00ab\u00a0Fallait-il accepter que l\u2019Alg\u00e9rie ne respecte pas l\u2019accord de 1994 selon lequel chaque pays doit reprendre ses OQTF sur son territoire\u00a0? Au nom de quoi un pays comme la France devrait accepter d\u2019\u00eatre humili\u00e9\u00a0?\u00a0\u00bb, a-t-il justifi\u00e9.<\/p>\n<p class=\"asset asset-text\">Paris et Alger sont embourb\u00e9s dans une crise d\u00e9clench\u00e9e fin juillet\u00a02024 lorsque le pr\u00e9sident fran\u00e7ais Emmanuel Macron a apport\u00e9 son soutien total \u00e0 un plan d\u2019autonomie sous souverainet\u00e9 marocaine pour le Sahara occidental, revendiqu\u00e9 depuis 50\u00a0ans par les ind\u00e9pendantistes du Polisario soutenus par Alger.<\/p>\n<p class=\"asset asset-text\">Apr\u00e8s des mois de relation gel\u00e9e entre la France et l\u2019Alg\u00e9rie, marqu\u00e9s par l\u2019arr\u00eat total de la coop\u00e9ration migratoire, le d\u00e9part de Bruno Retailleau du gouvernement puis la gr\u00e2ce accord\u00e9e par Alger \u00e0 l\u2019\u00e9crivain franco-alg\u00e9rien Boualem Sansal ont entrouvert la voie \u00e0 une potentielle d\u00e9tente.<\/p>\n","protected":false},"excerpt":{"rendered":"France 2 Boualem Sansal, pour sa premi\u00e8re apparition m\u00e9diatique depuis sa lib\u00e9ration le 12\u00a0novembre,\u00a0a \u00e9t\u00e9 interrog\u00e9 ce dimanche&hellip;\n","protected":false},"author":2,"featured_media":554513,"comment_status":"","ping_status":"","sticky":false,"template":"","format":"standard","meta":{"footnotes":""},"categories":[2],"tags":[11,15,4142,1013,1011,27,14,1351,12,316,25],"class_list":{"0":"post-554512","1":"post","2":"type-post","3":"status-publish","4":"format-standard","5":"has-post-thumbnail","7":"category-actualites","8":"tag-actualites","9":"tag-algerie","10":"tag-boualem-sansal","11":"tag-bruno-retailleau","12":"tag-fr","13":"tag-france","14":"tag-international","15":"tag-litterature","16":"tag-news","17":"tag-politique","18":"tag-republique-francaise"},"share_on_mastodon":{"url":"https:\/\/pubeurope.com\/@fr\/115602292288139548","error":""},"_links":{"self":[{"href":"https:\/\/www.europesays.com\/fr\/wp-json\/wp\/v2\/posts\/554512","targetHints":{"allow":["GET"]}}],"collection":[{"href":"https:\/\/www.europesays.com\/fr\/wp-json\/wp\/v2\/posts"}],"about":[{"href":"https:\/\/www.europesays.com\/fr\/wp-json\/wp\/v2\/types\/post"}],"author":[{"embeddable":true,"href":"https:\/\/www.europesays.com\/fr\/wp-json\/wp\/v2\/users\/2"}],"replies":[{"embeddable":true,"href":"https:\/\/www.europesays.com\/fr\/wp-json\/wp\/v2\/comments?post=554512"}],"version-history":[{"count":0,"href":"https:\/\/www.europesays.com\/fr\/wp-json\/wp\/v2\/posts\/554512\/revisions"}],"wp:featuredmedia":[{"embeddable":true,"href":"https:\/\/www.europesays.com\/fr\/wp-json\/wp\/v2\/media\/554513"}],"wp:attachment":[{"href":"https:\/\/www.europesays.com\/fr\/wp-json\/wp\/v2\/media?parent=554512"}],"wp:term":[{"taxonomy":"category","embeddable":true,"href":"https:\/\/www.europesays.com\/fr\/wp-json\/wp\/v2\/categories?post=554512"},{"taxonomy":"post_tag","embeddable":true,"href":"https:\/\/www.europesays.com\/fr\/wp-json\/wp\/v2\/tags?post=554512"}],"curies":[{"name":"wp","href":"https:\/\/api.w.org\/{rel}","templated":true}]}}