{"id":554520,"date":"2025-11-24T02:31:23","date_gmt":"2025-11-24T02:31:23","guid":{"rendered":"https:\/\/www.europesays.com\/fr\/554520\/"},"modified":"2025-11-24T02:31:23","modified_gmt":"2025-11-24T02:31:23","slug":"cyclo-cross-de-cognin-les-photos-actualite","status":"publish","type":"post","link":"https:\/\/www.europesays.com\/fr\/554520\/","title":{"rendered":"Cyclo-cross de Cognin : Les photos &#8211; Actualit\u00e9"},"content":{"rendered":"<p>                                                                    <img decoding=\"async\" src=\"https:\/\/www.europesays.com\/fr\/wp-content\/uploads\/2025\/11\/6923a1b9862ee.jpg\" height=\"auto\" loading=\"lazy\"\/><br \/>\n                                                                    Cr\u00e9dit photo Aur\u00e9lien Regnoult \/ DirectVelo<\/p>\n<p class=\"images-caption\">Cr\u00e9dit photo Aur\u00e9lien Regnoult \/ DirectVelo<\/p>\n<p class=\"metadata\">\n            Par<br \/>\n        <strong class=\"text-black\">    <a href=\"https:\/\/www.directvelo.com\/auteur\/9\/aurelien-regnoult\" class=\"hover-underline\" rel=\"author noopener\" target=\"_blank\">AUR\u00c9LIEN REGNOULT<\/a><br \/>\n<\/strong><br \/>\n                    <br \/>Le<br \/>\n    23 novembre 2025, 19:20<\/p>\n<p>Kerrian Masset (Chamb\u00e9ry Cyclisme Comp\u00e9tition) a remport\u00e9, ce dimanche, le cyclo-cross de Cognin (Savoie), disput\u00e9 dans le Parc du For\u00e9zan et organis\u00e9 par Chamb\u00e9ry Cyclisme Organisation. Il a devanc\u00e9 Antoine Tran Van (AS Villemur).<br \/>Kerrian Masset succ\u00e8de \u00e0 Bastien Tronchon (Decathlon AG2R La Mondiale) au palmar\u00e8s.<\/p>\n<p>Retrouvez toutes les photos\u00a0<strong><a href=\"https:\/\/www.directvelo.com\/album\/4565\/cyclo-cross-de-cognin-2025\" target=\"_blank\" rel=\"noopener\">en cliquant ici<\/a><\/strong> ou sur l&rsquo;image ci-dessous.<\/p>\n<p><a href=\"https:\/\/www.directvelo.com\/album\/4565\/cyclo-cross-de-cognin-2025\" target=\"_blank\" rel=\"noopener\"><img loading=\"lazy\" decoding=\"async\" src=\"https:\/\/www.europesays.com\/fr\/wp-content\/uploads\/2025\/11\/692345f83cbf7.jpg\" alt=\"\" width=\"650\" height=\"433\"\/><\/a><\/p>\n","protected":false},"excerpt":{"rendered":"Cr\u00e9dit photo Aur\u00e9lien Regnoult \/ DirectVelo Cr\u00e9dit photo Aur\u00e9lien Regnoult \/ DirectVelo Par AUR\u00c9LIEN REGNOULT Le 23 novembre&hellip;\n","protected":false},"author":2,"featured_media":554521,"comment_status":"","ping_status":"","sticky":false,"template":"","format":"standard","meta":{"footnotes":""},"categories":[1411],"tags":[834,828,836,829,837,827,83,826,824,823,1154,207,814,817,815,816,822,821,832,211,839,1011,27,820,818,819,835,831,830,833,838,60,212,208,825],"class_list":{"0":"post-554520","1":"post","2":"type-post","3":"status-publish","4":"format-standard","5":"has-post-thumbnail","7":"category-cyclisme","8":"tag-attaque","9":"tag-belgique","10":"tag-braquet","11":"tag-bretagne","12":"tag-chute","13":"tag-competition","14":"tag-coupe-de-france","15":"tag-coureur","16":"tag-course-cyclisme","17":"tag-course-cycliste","18":"tag-cycling","19":"tag-cyclisme","20":"tag-direct","21":"tag-direct-velo","22":"tag-directvelo","23":"tag-directvelo-com","24":"tag-epreuve","25":"tag-epreuve-cycliste","26":"tag-federation-francaise-de-cyclisme","27":"tag-ffc","28":"tag-flandres","29":"tag-fr","30":"tag-france","31":"tag-live","32":"tag-live-course","33":"tag-live-epreuve","34":"tag-peloton","35":"tag-radio-peloton","36":"tag-radio-tour","37":"tag-ravitaillement","38":"tag-relance","39":"tag-sports","40":"tag-uci","41":"tag-velo","42":"tag-velos"},"share_on_mastodon":{"url":"https:\/\/pubeurope.com\/@fr\/115602331766008361","error":""},"_links":{"self":[{"href":"https:\/\/www.europesays.com\/fr\/wp-json\/wp\/v2\/posts\/554520","targetHints":{"allow":["GET"]}}],"collection":[{"href":"https:\/\/www.europesays.com\/fr\/wp-json\/wp\/v2\/posts"}],"about":[{"href":"https:\/\/www.europesays.com\/fr\/wp-json\/wp\/v2\/types\/post"}],"author":[{"embeddable":true,"href":"https:\/\/www.europesays.com\/fr\/wp-json\/wp\/v2\/users\/2"}],"replies":[{"embeddable":true,"href":"https:\/\/www.europesays.com\/fr\/wp-json\/wp\/v2\/comments?post=554520"}],"version-history":[{"count":0,"href":"https:\/\/www.europesays.com\/fr\/wp-json\/wp\/v2\/posts\/554520\/revisions"}],"wp:featuredmedia":[{"embeddable":true,"href":"https:\/\/www.europesays.com\/fr\/wp-json\/wp\/v2\/media\/554521"}],"wp:attachment":[{"href":"https:\/\/www.europesays.com\/fr\/wp-json\/wp\/v2\/media?parent=554520"}],"wp:term":[{"taxonomy":"category","embeddable":true,"href":"https:\/\/www.europesays.com\/fr\/wp-json\/wp\/v2\/categories?post=554520"},{"taxonomy":"post_tag","embeddable":true,"href":"https:\/\/www.europesays.com\/fr\/wp-json\/wp\/v2\/tags?post=554520"}],"curies":[{"name":"wp","href":"https:\/\/api.w.org\/{rel}","templated":true}]}}