{"id":554523,"date":"2025-11-24T02:33:12","date_gmt":"2025-11-24T02:33:12","guid":{"rendered":"https:\/\/www.europesays.com\/fr\/554523\/"},"modified":"2025-11-24T02:33:12","modified_gmt":"2025-11-24T02:33:12","slug":"boualem-sansal-a-affirme-ce-soir-sur-france-2-controler-chacun-de-ses-mots-en-raison-du-contexte-diplomatique-et-penser-a-christophe-gleizes-ma-parole-est-contrainte-car-jai-peur-pour-ma-fami","status":"publish","type":"post","link":"https:\/\/www.europesays.com\/fr\/554523\/","title":{"rendered":"Boualem Sansal a affirm\u00e9 ce soir sur France 2 \u00ab\u00a0contr\u00f4ler chacun de ses mots\u00a0\u00bb en raison du contexte diplomatique et \u00ab\u00a0penser \u00e0 Christophe Gleizes\u00a0\u00bb : \u00ab\u00a0Ma parole est contrainte, car j&rsquo;ai peur pour ma famille\u00a0\u00bb"},"content":{"rendered":"<p><strong>20h43: \u00ab\u00a0Ma parole est contrainte, car j&rsquo;ai peur pour ma famille et je pense aux autres d\u00e9tenus en Alg\u00e9rie\u00a0\u00bb a affirm\u00e9 Boualem Sansal<\/strong>, ce qui permet de lire autrement chacun de ses propos.\u00a0 \u00a0Boualem Sansal, pour sa premi\u00e8re apparition m\u00e9diatique depuis sa lib\u00e9ration le 12 novembre, a affirm\u00e9 dimanche soir sur France 2 \u00ab\u00a0contr\u00f4ler chacun de ses mots\u00a0\u00bb en raison du contexte diplomatique entre Paris et Alger et \u00ab\u00a0penser \u00e0 Christophe Gleizes\u00a0\u00bb, journaliste sportif fran\u00e7ais toujours d\u00e9tenu en Alg\u00e9rie. \u00ab\u00a0Je ne vous parle pas de mani\u00e8re naturelle, parce que naturellement, je suis plut\u00f4t exub\u00e9rant, l\u00e0 je contr\u00f4le chacun de mes mots\u00a0\u00bb, a soulign\u00e9 l&rsquo;\u00e9crivain. \u00ab\u00a0Je pense \u00e0 Christophe Gleizes, il n&rsquo;est pas le seul, il y a plusieurs dizaines de d\u00e9tenus politiques, pour des raisons comme \u00e7a, bizarres\u00a0\u00bb, a-t-il ajout\u00e9.<\/p>\n<p>Retrouver une vie d&rsquo;homme libre est \u00ab\u00a0compliqu\u00e9\u00a0\u00bb apr\u00e8s un an de prison en Alg\u00e9rie, a admis l&rsquo;\u00e9crivain franco-alg\u00e9rien Boualem Sansal.\u00a0\u00ab\u00a0On retrouve la vie, des senteurs, des murmures, des choses qu&rsquo;on ne comprend pas tr\u00e8s bien\u00a0\u00bb, a d\u00e9clar\u00e9 M. Sansal, 81 ans, qui s&rsquo;est dit \u00ab\u00a0en bonne sant\u00e9\u00a0\u00bb apr\u00e8s avoir \u00e9t\u00e9 trait\u00e9 \u00ab\u00a0de mani\u00e8re tout \u00e0 fait remarquable\u00a0\u00bb pour son cancer de la prostate.<\/p>\n<blockquote class=\"twitter-tweet\">\n<p lang=\"fr\" dir=\"ltr\">\ufe0f \u00ab\u00a0Ils m&rsquo;ont pass\u00e9 une cagoule sur la t\u00eate et pendant six jours, je ne savais pas o\u00f9 j&rsquo;\u00e9tais.\u00a0\u00bb<\/p>\n<p>L\u2019\u00e9crivain franco-alg\u00e9rien Boualem Sansal d\u00e9voile les coulisses de son arrestation \u00e0 Alger. <a href=\"https:\/\/twitter.com\/hashtag\/JT20h?src=hash&amp;ref_src=twsrc%5Etfw\" target=\"_blank\" rel=\"noopener\">#JT20h<\/a> <a href=\"https:\/\/t.co\/aURl5W7tSr\">pic.twitter.com\/aURl5W7tSr<\/a><\/p>\n<p>\u2014 Le20h-France T\u00e9l\u00e9visions (@le20hfrancetele) <a href=\"https:\/\/twitter.com\/le20hfrancetele\/status\/1992678789244223820?ref_src=twsrc%5Etfw\" target=\"_blank\" rel=\"noopener\">November 23, 2025<\/a><\/p><\/blockquote>\n<p><strong>17h36: Boualem Sansal \u00ab\u00a0est conscient qu&rsquo;il arrive dans un contexte profond\u00e9ment marqu\u00e9 par la difficult\u00e9 de la relation franco-alg\u00e9rienne et que ce contexte p\u00e8se vraisemblablement sur son expression publique\u00a0\u00bb, a d\u00e9clar\u00e9 \u00e0 l&rsquo;AFP Arnaud Benedetti, fondateur de son comit\u00e9 de soutien, qui lui a parl\u00e9 au t\u00e9l\u00e9phone vendredi. <\/strong><\/p>\n<p>Selon M. Benedetti, apr\u00e8s France 2, Boualem Sansal devrait prendre la parole lundi \u00e0 la radio et dans un quotidien national.<\/p>\n<p>\u00ab\u00a0C&rsquo;est un programme m\u00e9dias qui me para\u00eet assez encadr\u00e9\u00a0\u00bb, a jug\u00e9 le fondateur du comit\u00e9 de soutien, pr\u00e9sid\u00e9 par l&rsquo;ancienne ministre No\u00eblle Lenoir. \u00ab\u00a0<\/p>\n<p>On est dans un moment o\u00f9 la France essaie de reprendre langue d&rsquo;une mani\u00e8re un peu plus apais\u00e9e avec l&rsquo;Alg\u00e9rie que ces derniers mois, elle souhaite vraisemblablement que rien ne soit fait qui puisse venir entraver cette petite amorce de reprise de dialogue\u00a0\u00bb, a poursuivi M. Benedetti, en soulignant qu&rsquo;il ne s&rsquo;agissait que d&rsquo;une \u00ab\u00a0supputation\u00a0\u00bb.<\/p>\n<p>\u00ab\u00a0D&rsquo;autant plus que le cas Sansal est aujourd&rsquo;hui r\u00e9gl\u00e9 mais que le cas Christophe Gleizes reste en instance au moins jusqu&rsquo;au 3 d\u00e9cembre\u00a0\u00bb, a-t-il not\u00e9.\u00a0Boualem Sansal \u00ab\u00a0est certainement conscient que sa parole sera scrut\u00e9e, analys\u00e9e, soupes\u00e9e\u00a0\u00bb et \u00ab\u00a0il a certainement int\u00e9rioris\u00e9 ces param\u00e8tres avant sa prise de parole\u00a0\u00bb, a jug\u00e9 M. Benedetti, tout en rappelant que l&rsquo;\u00e9crivain \u00ab\u00a0n&rsquo;a jamais brid\u00e9 son expression\u00a0\u00bb par le pass\u00e9.<\/p>\n<p>\u00c9crivain dissident admirateur de Camus et Orwell, pol\u00e9miste r\u00e9v\u00e9r\u00e9 par les droites fran\u00e7aises, Boualem Sansal purgeait en Alg\u00e9rie une peine de cinq ans de prison notamment pour \u00ab\u00a0atteinte \u00e0 l&rsquo;unit\u00e9 nationale\u00a0\u00bb.<\/p>\n<p>Le romancier avait \u00e9t\u00e9 condamn\u00e9 pour avoir notamment d\u00e9clar\u00e9 en octobre 2024 au m\u00e9dia fran\u00e7ais Fronti\u00e8res que l&rsquo;Alg\u00e9rie avait h\u00e9rit\u00e9 sous la colonisation fran\u00e7aise de r\u00e9gions appartenant pr\u00e9c\u00e9demment, selon lui, au Maroc.<\/p>\n<p>Cet ancien haut fonctionnaire en Alg\u00e9rie avait \u00e9t\u00e9 arr\u00eat\u00e9 le 16 novembre 2024 \u00e0 son arriv\u00e9e \u00e0 l&rsquo;a\u00e9roport d&rsquo;Alger avant d&rsquo;\u00eatre emprisonn\u00e9, aggravant le froid diplomatique entre la France et son ancienne colonie.\u00a0<\/p>\n<p><strong>10h23: L&rsquo;\u00e9crivain franco-alg\u00e9rien Boualem Sansal, graci\u00e9 le 12 novembre par l&rsquo;Alg\u00e9rie apr\u00e8s un an de prison, s&rsquo;exprimera pour la premi\u00e8re fois depuis sa lib\u00e9ration ce soir dans le journal de 20h00 de France 2, a annonc\u00e9 France T\u00e9l\u00e9visions dans un communiqu\u00e9. \u00ab\u00a0Apr\u00e8s sa lib\u00e9ration et son retour en France (mardi, ndlr), il accordera sa premi\u00e8re interview \u00e0 France T\u00e9l\u00e9visions et r\u00e9pondra aux questions de Laurent Delahousse\u00a0\u00bb, a indiqu\u00e9 le groupe public.<\/strong><\/p>\n<p>Incarc\u00e9r\u00e9 en Alg\u00e9rie pendant un an pour certaines prises de position sur son pays natal, Boualem Sansal, 81 ans, a retrouv\u00e9 la libert\u00e9 le 12 novembre.<\/p>\n<p>Il a \u00e9t\u00e9 graci\u00e9 par le pr\u00e9sident alg\u00e9rien Abdelmadjid Tebboune, qui a r\u00e9pondu favorablement \u00e0 une demande des autorit\u00e9s allemandes.<\/p>\n<p>L&rsquo;\u00e9crivain, qui \u00e9tait au coeur d&rsquo;une crise diplomatique entre Alger et Paris, est rentr\u00e9 en France mardi, apr\u00e8s avoir d&rsquo;abord \u00e9t\u00e9 transf\u00e9r\u00e9 \u00e0 Berlin pour des soins m\u00e9dicaux. Il a \u00e9t\u00e9 re\u00e7u par Emmanuel Macron d\u00e8s son retour, qui a \u00e9t\u00e9 discret et s&rsquo;est fait hors de la vue des m\u00e9dias.<\/p>\n<p>          <script async src=\"https:\/\/platform.twitter.com\/widgets.js\" charset=\"utf-8\"><\/script><\/p>\n","protected":false},"excerpt":{"rendered":"20h43: \u00ab\u00a0Ma parole est contrainte, car j&rsquo;ai peur pour ma famille et je pense aux autres d\u00e9tenus en&hellip;\n","protected":false},"author":2,"featured_media":554524,"comment_status":"","ping_status":"","sticky":false,"template":"","format":"standard","meta":{"footnotes":""},"categories":[1359],"tags":[4142,58,59,1011,27,594,5097,973],"class_list":{"0":"post-554523","1":"post","2":"type-post","3":"status-publish","4":"format-standard","5":"has-post-thumbnail","7":"category-people","8":"tag-boualem-sansal","9":"tag-divertissement","10":"tag-entertainment","11":"tag-fr","12":"tag-france","13":"tag-france-2","14":"tag-laurent-delahousse","15":"tag-people"},"share_on_mastodon":{"url":"https:\/\/pubeurope.com\/@fr\/115602339011420480","error":""},"_links":{"self":[{"href":"https:\/\/www.europesays.com\/fr\/wp-json\/wp\/v2\/posts\/554523","targetHints":{"allow":["GET"]}}],"collection":[{"href":"https:\/\/www.europesays.com\/fr\/wp-json\/wp\/v2\/posts"}],"about":[{"href":"https:\/\/www.europesays.com\/fr\/wp-json\/wp\/v2\/types\/post"}],"author":[{"embeddable":true,"href":"https:\/\/www.europesays.com\/fr\/wp-json\/wp\/v2\/users\/2"}],"replies":[{"embeddable":true,"href":"https:\/\/www.europesays.com\/fr\/wp-json\/wp\/v2\/comments?post=554523"}],"version-history":[{"count":0,"href":"https:\/\/www.europesays.com\/fr\/wp-json\/wp\/v2\/posts\/554523\/revisions"}],"wp:featuredmedia":[{"embeddable":true,"href":"https:\/\/www.europesays.com\/fr\/wp-json\/wp\/v2\/media\/554524"}],"wp:attachment":[{"href":"https:\/\/www.europesays.com\/fr\/wp-json\/wp\/v2\/media?parent=554523"}],"wp:term":[{"taxonomy":"category","embeddable":true,"href":"https:\/\/www.europesays.com\/fr\/wp-json\/wp\/v2\/categories?post=554523"},{"taxonomy":"post_tag","embeddable":true,"href":"https:\/\/www.europesays.com\/fr\/wp-json\/wp\/v2\/tags?post=554523"}],"curies":[{"name":"wp","href":"https:\/\/api.w.org\/{rel}","templated":true}]}}