{"id":55453,"date":"2025-04-26T22:47:14","date_gmt":"2025-04-26T22:47:14","guid":{"rendered":"https:\/\/www.europesays.com\/fr\/55453\/"},"modified":"2025-04-26T22:47:14","modified_gmt":"2025-04-26T22:47:14","slug":"au-royaume-uni-le-collectif-just-stop-oil-met-un-terme-a-ses-actions-chocs","status":"publish","type":"post","link":"https:\/\/www.europesays.com\/fr\/55453\/","title":{"rendered":"Au Royaume-Uni, le collectif Just Stop Oil met un terme \u00e0 ses actions chocs"},"content":{"rendered":"<p>Le mouvement \u00e9cologiste Just Stop Oil a annonc\u00e9 la fin de ses actions de d\u00e9sob\u00e9issance civile apr\u00e8s une ultime manifestation \u00e0 Londres, ce samedi 26 avril.<\/p>\n<p>Avec notre correspondante \u00e0 Londres, <strong>Sara Menai<\/strong><\/p>\n<p>Sous le soleil et dans le calme, cette travers\u00e9e de Londres sonne la derni\u00e8re danse de la centaine d&rsquo;activistes de <strong><a href=\"https:\/\/www.rfi.fr\/fr\/podcasts\/reportage-international\/20221109-royaume-uni-le-groupe-de-r\u00e9sistance-civile-just-stop-oil-multiplie-ses-actions-coups-de-poing\" rel=\"nofollow noopener\" target=\"_blank\" data-ylk=\"slk:Just Stop Oil;elm:context_link;itc:0;sec:content-canvas\" class=\"link \">Just Stop Oil<\/a><\/strong>. Apr\u00e8s \u00e7a, ils suspendront leurs vestes oranges et rangeront leurs sifflets au placard. Trois ans apr\u00e8s sa cr\u00e9ation, le groupe militant pour le climat arr\u00eate ses actions chocs. Le collectif britannique, qui s&rsquo;est fait notamment conna\u00eetre en jetant de la soupe sur des tableaux, prend le m\u00eame chemin que d&rsquo;autres en Europe, comme Letzte Generation en Autriche ou Riposte Alimentaire en France.<\/p>\n<p>Officiellement, le groupe a gagn\u00e9 sa bataille. \u00ab Je pense que la campagne a \u00e9t\u00e9 couronn\u00e9e de succ\u00e8s, estime Sarah Lunnon, cofondatrice du mouvement. Le gouvernement s&rsquo;est engag\u00e9 \u00e0 ne plus produire de p\u00e9trole et de gaz, m\u00eame si, depuis que nous avons annonc\u00e9 que nous arr\u00eations nos actions, il para\u00eet que le gouvernement envisageait de revenir sur cette d\u00e9cision. \u00bb<\/p>\n<p>La r\u00e9pression polici\u00e8re et juridique a mis \u00e0 mal le groupe<\/p>\n<p>\u00c0 lire aussi<a href=\"https:\/\/www.rfi.fr\/fr\/europe\/20250307-royaume-uni-peines-de-prison-ferme-confirm\u00e9es-en-appel-pour-dix-militants-\u00e9cologistes\" class=\"link \" rel=\"nofollow noopener\" target=\"_blank\" data-ylk=\"slk:Royaume-Uni: peines de prison ferme confirm\u00e9es en appel pour dix militants \u00e9cologistes;elm:context_link;itc:0;sec:content-canvas\">Royaume-Uni: peines de prison ferme confirm\u00e9es en appel pour dix militants \u00e9cologistes<\/a><\/p>\n<p><a href=\"https:\/\/www.rfi.fr\/fr\/europe\/20250426-au-royaume-uni-le-collectif-just-stop-oil-met-un-terme-%C3%A0-ses-actions-chocs\" rel=\"nofollow noopener\" target=\"_blank\" data-ylk=\"slk:Lire la suite sur RFI;elm:context_link;itc:0;sec:content-canvas\" class=\"link \">Lire la suite sur RFI<\/a><\/p>\n","protected":false},"excerpt":{"rendered":"Le mouvement \u00e9cologiste Just Stop Oil a annonc\u00e9 la fin de ses actions de d\u00e9sob\u00e9issance civile apr\u00e8s une&hellip;\n","protected":false},"author":2,"featured_media":55454,"comment_status":"","ping_status":"","sticky":false,"template":"","format":"standard","meta":{"footnotes":""},"categories":[1588],"tags":[15033,11,12997,1777,674,4534,15032,12,473,1853,6008,1851,1850,1852],"class_list":{"0":"post-55453","1":"post","2":"type-post","3":"status-publish","4":"format-standard","5":"has-post-thumbnail","7":"category-royaume-uni","8":"tag-actions","9":"tag-actualites","10":"tag-desobeissance-civile","11":"tag-eu","12":"tag-europe","13":"tag-londres","14":"tag-mouvement-ecologiste","15":"tag-news","16":"tag-royaume-uni","17":"tag-royaume-uni-de-grande-bretagne-et-dirlande-du-nord","18":"tag-sous-le-soleil","19":"tag-uk","20":"tag-united-kingdom","21":"tag-united-kingdom-of-great-britain-and-northern-ireland"},"share_on_mastodon":{"url":"https:\/\/pubeurope.com\/@fr\/114406702734381344","error":""},"_links":{"self":[{"href":"https:\/\/www.europesays.com\/fr\/wp-json\/wp\/v2\/posts\/55453","targetHints":{"allow":["GET"]}}],"collection":[{"href":"https:\/\/www.europesays.com\/fr\/wp-json\/wp\/v2\/posts"}],"about":[{"href":"https:\/\/www.europesays.com\/fr\/wp-json\/wp\/v2\/types\/post"}],"author":[{"embeddable":true,"href":"https:\/\/www.europesays.com\/fr\/wp-json\/wp\/v2\/users\/2"}],"replies":[{"embeddable":true,"href":"https:\/\/www.europesays.com\/fr\/wp-json\/wp\/v2\/comments?post=55453"}],"version-history":[{"count":0,"href":"https:\/\/www.europesays.com\/fr\/wp-json\/wp\/v2\/posts\/55453\/revisions"}],"wp:featuredmedia":[{"embeddable":true,"href":"https:\/\/www.europesays.com\/fr\/wp-json\/wp\/v2\/media\/55454"}],"wp:attachment":[{"href":"https:\/\/www.europesays.com\/fr\/wp-json\/wp\/v2\/media?parent=55453"}],"wp:term":[{"taxonomy":"category","embeddable":true,"href":"https:\/\/www.europesays.com\/fr\/wp-json\/wp\/v2\/categories?post=55453"},{"taxonomy":"post_tag","embeddable":true,"href":"https:\/\/www.europesays.com\/fr\/wp-json\/wp\/v2\/tags?post=55453"}],"curies":[{"name":"wp","href":"https:\/\/api.w.org\/{rel}","templated":true}]}}