{"id":554538,"date":"2025-11-24T02:42:15","date_gmt":"2025-11-24T02:42:15","guid":{"rendered":"https:\/\/www.europesays.com\/fr\/554538\/"},"modified":"2025-11-24T02:42:15","modified_gmt":"2025-11-24T02:42:15","slug":"le-xiaomi-14t-pro-na-jamais-ete-aussi-accessible-avec-cette-offre-inedite","status":"publish","type":"post","link":"https:\/\/www.europesays.com\/fr\/554538\/","title":{"rendered":"Le Xiaomi 14T Pro n\u2019a jamais \u00e9t\u00e9 aussi accessible avec cette offre in\u00e9dite"},"content":{"rendered":"<p>Le Xiaomi 14T Pro, c&rsquo;est un <a href=\"https:\/\/www.20minutes.fr\/guide-achat\/bon-plan-smartphone\/\" target=\"_blank\" class=\"c-link c-link--is-underlined\" rel=\"noopener\">smartphone <\/a>salu\u00e9 par les utilisateurs et les sp\u00e9cialistes pour sa fiche technique tout simplement somptueuse pour un prix g\u00e9n\u00e9reux. Vous vous en doutez, l&rsquo;IA est aussi au rendez-vous pour vous offrir une exp\u00e9rience optimale. On trouve Entourer pour rechercher avec Google, l\u2019assistant Gemini, Interpreter, AI Note, AI Recorder, AI Subtitles, AI Film ou encore AI Image Editing. L&rsquo;occasion de profiter d&rsquo;une exp\u00e9rience utilisateur optimale avec tous ces outils qui vous faciliteront la vie au quotidien. Pour la puissance, on trouve le processeur MediaTek Dimensity 9300+ avec sa faible consommation d&rsquo;\u00e9nergie de 4 nm. Un processeur capable de g\u00e9rer toutes vos applications, m\u00eame les plus gourmandes, avec son syst\u00e8me de refroidissement Xiaomi 3D Ice Loop. Une technologie qui vous permet une utilisation intensive comme le gaming sans surchauffe et autres ralentissements. Pour la s\u00e9curit\u00e9, ce t\u00e9l\u00e9phone mise sur le capteur d&#8217;empreintes digitales int\u00e9gr\u00e9 \u00e0 l&rsquo;\u00e9cran et le d\u00e9verrouillage par reconnaissance faciale via l&rsquo;IA. <a href=\"https:\/\/fnty.co\/c\/r-QKSYECrj\" rel=\"nofollow noopener\" target=\"_blank\" class=\"c-link c-link--is-underlined\">Le Xiaomi 14T Pro est au prix de 474,88 euros au lieu de 599,99 euros soit 20 % de r\u00e9duction pour cette version de 512 Go de stockage en noir titane<\/a>.<\/p>\n<p>Avec 20 % de remise, le Xiaomi 14T Pro fait un carton<\/p>\n<p>Bien \u00e9videmment, le Xiaomi 14T Pro n&rsquo;en oublie pas l&rsquo;exp\u00e9rience multim\u00e9dia avec son \u00e9cran AMOLED \u00e0 144 Hz dot\u00e9 d&rsquo;une luminosit\u00e9 maximale g\u00e9n\u00e9reuse de 4 000 nits. L&rsquo;exp\u00e9rience multim\u00e9dia est toujours optimale m\u00eame lorsque vous vous trouvez en ext\u00e9rieur puisque l&rsquo;\u00e9cran reste lisible. En cas d&rsquo;utilisation intensive, rassurez-vous puisque l&rsquo;on trouve une charge rapide de 120 W pour r\u00e9cup\u00e9rer 100 % de batterie en 45 minutes. Il y a \u00e9galement la charge sans fil de 50 W pour plus de praticit\u00e9. Ce Xiaomi 14T Pro r\u00e9sistant aux \u00e9claboussures, \u00e0 l&rsquo;eau et \u00e0 la poussi\u00e8re via sa certification IP68 mise sur la photographie. On trouve une cam\u00e9ra principale de 50 m\u00e9gapixels, une cam\u00e9ra ultra grand-angle de 12 m\u00e9gapixels et un t\u00e9l\u00e9objectif de 50 m\u00e9gapixels avec stabilisation OIS. Vous pouvez donc saisir des images d&rsquo;une qualit\u00e9 somptueuse et m\u00eame filmer jusqu&rsquo;en 8K en HDR10+. La cam\u00e9ra avant de 32 m\u00e9gapixels est capable de prouesses en vous faisant resplendir comme jamais dans toutes les conditions de luminosit\u00e9 pour des portraits somptueux. Ce Xiaomi 14T Pro propose une fiche technique au rapport qualit\u00e9-prix imbattable en ce moment chez Rakuten.<\/p>\n<p><a href=\"https:\/\/fnty.co\/c\/r-QKSYECrj\" rel=\"nofollow noopener\" target=\"_blank\" class=\"c-link c-btn c-btn--primary\">Cliquez ici pour profiter de l\u2019offre Rakuten sur le Xiaomi 14T Pro<\/a><\/p>\n<p>Ce qu\u2019il faut retenir sur le Xiaomi 14T Pro<\/p>\n<p>Avec le Xiaomi 14T Pro, profitez d&rsquo;une exp\u00e9rience utilisateur am\u00e9lior\u00e9e gr\u00e2ce \u00e0 la puissance de l&rsquo;IA. Ce t\u00e9l\u00e9phone va vous accompagner au quotidien avec sa charge rapide, son bloc cam\u00e9ra de pointe ou encore son immense \u00e9cran immersif.<\/p>\n<p>20 Minutes Guide d&rsquo;Achat est aussi sur les r\u00e9seaux sociaux ! Suivez-nous sur <a href=\"https:\/\/www.instagram.com\/20minutes.guideachat\" target=\"_blank\" class=\"c-link c-link--is-underlined\" rel=\"noopener\">Instagram<\/a> et <a href=\"https:\/\/www.tiktok.com\/@20minutes.guideachat\" target=\"_blank\" class=\"c-link c-link--is-underlined\" rel=\"noopener\">TikTok<\/a> pour ne rien manquer de nos conseils et s\u00e9lections.<\/p>\n<p><script async src=\"\/\/www.instagram.com\/embed.js\"><\/script><script async src=\"\/\/www.tiktok.com\/embed.js\"><\/script><\/p>\n","protected":false},"excerpt":{"rendered":"Le Xiaomi 14T Pro, c&rsquo;est un smartphone salu\u00e9 par les utilisateurs et les sp\u00e9cialistes pour sa fiche technique&hellip;\n","protected":false},"author":2,"featured_media":554539,"comment_status":"","ping_status":"","sticky":false,"template":"","format":"standard","meta":{"footnotes":""},"categories":[7],"tags":[677,13052,1011,27,676,43,40,41,39,42,44],"class_list":{"0":"post-554538","1":"post","2":"type-post","3":"status-publish","4":"format-standard","5":"has-post-thumbnail","7":"category-sciences-et-technologies","8":"tag-bons-plans","9":"tag-bons-plans-rakuten","10":"tag-fr","11":"tag-france","12":"tag-guide-dachat","13":"tag-science","14":"tag-science-and-technology","15":"tag-sciences","16":"tag-sciences-et-technologies","17":"tag-technologies","18":"tag-technology"},"share_on_mastodon":{"url":"https:\/\/pubeurope.com\/@fr\/115602374481873468","error":""},"_links":{"self":[{"href":"https:\/\/www.europesays.com\/fr\/wp-json\/wp\/v2\/posts\/554538","targetHints":{"allow":["GET"]}}],"collection":[{"href":"https:\/\/www.europesays.com\/fr\/wp-json\/wp\/v2\/posts"}],"about":[{"href":"https:\/\/www.europesays.com\/fr\/wp-json\/wp\/v2\/types\/post"}],"author":[{"embeddable":true,"href":"https:\/\/www.europesays.com\/fr\/wp-json\/wp\/v2\/users\/2"}],"replies":[{"embeddable":true,"href":"https:\/\/www.europesays.com\/fr\/wp-json\/wp\/v2\/comments?post=554538"}],"version-history":[{"count":0,"href":"https:\/\/www.europesays.com\/fr\/wp-json\/wp\/v2\/posts\/554538\/revisions"}],"wp:featuredmedia":[{"embeddable":true,"href":"https:\/\/www.europesays.com\/fr\/wp-json\/wp\/v2\/media\/554539"}],"wp:attachment":[{"href":"https:\/\/www.europesays.com\/fr\/wp-json\/wp\/v2\/media?parent=554538"}],"wp:term":[{"taxonomy":"category","embeddable":true,"href":"https:\/\/www.europesays.com\/fr\/wp-json\/wp\/v2\/categories?post=554538"},{"taxonomy":"post_tag","embeddable":true,"href":"https:\/\/www.europesays.com\/fr\/wp-json\/wp\/v2\/tags?post=554538"}],"curies":[{"name":"wp","href":"https:\/\/api.w.org\/{rel}","templated":true}]}}