{"id":554542,"date":"2025-11-24T02:44:14","date_gmt":"2025-11-24T02:44:14","guid":{"rendered":"https:\/\/www.europesays.com\/fr\/554542\/"},"modified":"2025-11-24T02:44:14","modified_gmt":"2025-11-24T02:44:14","slug":"le-candidat-du-leader-des-serbes-de-bosnie-dechu-remporte-la-presidence","status":"publish","type":"post","link":"https:\/\/www.europesays.com\/fr\/554542\/","title":{"rendered":"Le candidat du leader des Serbes de Bosnie d\u00e9chu remporte la pr\u00e9sidence"},"content":{"rendered":"<p class=\"fig-paragraph\">Le candidat du leader des Serbes de Bosnie Milorad Dodik, interdit de candidature, a \u00e9t\u00e9 d\u00e9clar\u00e9 dimanche soir vainqueur de l&rsquo;\u00e9lection pr\u00e9sidentielle anticip\u00e9e, selon les r\u00e9sultats partiels officiels.<\/p>\n<p class=\"fig-paragraph\">Sinisa Karan a remport\u00e9 50,89% des voix, contre 47,81% pour son principal rival Branko Blanusa, selon ces r\u00e9sultats publi\u00e9s par la Commission \u00e9lectorale centrale. Ces r\u00e9sultats sont bas\u00e9s sur le d\u00e9pouillement de pr\u00e8s de 93% des bureaux de vote.<\/p>\n<p>                                    <a class=\"fig-a11y-skip a11y-hidden\" href=\"#fig-a11y-skip-main-inarticle\"><br \/>\n        Passer la publicit\u00e9<br \/>\n    <\/a><\/p>\n<p class=\"fig-paragraph\">\u00abNotre candidat Sinisa Karan a remport\u00e9 l\u2019\u00e9lection d\u2019aujourd\u2019hui. Cela ne fait aucun doute\u00bb, avait lanc\u00e9 avant m\u00eame cette publication\u00a0<a href=\"http:\/\/www.lefigaro.fr\/international\/quand-l-histoire-begaie-milorad-dodik-l-homme-fort-de-la-republika-srpska-peut-il-faire-eclater-la-bosnie-herzegovine-20250913\" target=\"_blank\" data-fig-type=\"Article\" rel=\"noopener\" data-gtm-custom-categorie=\"navigation\" data-gtm-custom-action=\"crossclick\" data-gtm-custom-label=\"Contextuel\" data-gtm-event=\"customEventSPE\" data-fig-domain=\"LEFIGARO\">Milorad Dodik<\/a>\u00a0devant ses partisans rassembl\u00e9s au si\u00e8ge de sa formation nationaliste \u00e0 Banja Luka, chef-lieu de la Republika Srpska (RS), l\u2019entit\u00e9 serbe de Bosnie. Milorad Dodik a dirig\u00e9 la RS pendant deux d\u00e9cennies avant d\u2019\u00eatre d\u00e9mis r\u00e9cemment de ses fonctions par la justice apr\u00e8s une grave crise politique.<\/p>\n<p>P\u00e9riode de turbulences<\/p>\n<p class=\"fig-paragraph\">Six candidats \u00e9taient en lice. Sinisa Karan, 63 ans, ancien ministre de l\u2019Int\u00e9rieur et homme de confiance de Milorad Dodik, faisait figure de favori face \u00e0 Branko Blanusa, professeur universitaire d\u2019\u00e9lectrotechnique de 56 ans, dont la candidature est soutenue par plusieurs formations d\u2019opposition. La RS est, avec la F\u00e9d\u00e9ration croato-musulmane, l\u2019une de deux entit\u00e9s autonomes qui forment la Bosnie d\u2019apr\u00e8s la guerre. Le pr\u00e9sident y d\u00e9signe le premier ministre, promulgue les lois, mais sans une majorit\u00e9 au Parlement, ses pouvoirs sont limit\u00e9s.<\/p>\n<p class=\"fig-paragraph\">Le nouveau pr\u00e9sident de cette entit\u00e9 qui couvre la moiti\u00e9 du territoire de la Bosnie et compte quelque 1,2 million d\u2019\u00e9lecteurs, ne devrait rester au pouvoir qu\u2019un an, avant des \u00e9lections g\u00e9n\u00e9rales en octobre 2026. Ce vote est cens\u00e9 mettre fin \u00e0 une\u00a0<a href=\"http:\/\/www.lefigaro.fr\/international\/crise-en-bosnie-radovan-viskovic-premier-ministre-de-l-entite-serbe-demissionne-20250818\" target=\"_blank\" data-fig-type=\"NewsFlash\" rel=\"noopener\" data-gtm-custom-categorie=\"navigation\" data-gtm-custom-action=\"crossclick\" data-gtm-custom-label=\"Contextuel\" data-gtm-event=\"customEventSPE\" data-fig-domain=\"LEFIGARO\">p\u00e9riode de turbulences en Bosnie<\/a>, qui a vu le duel entre M. Dodik, proche de Moscou, et le Haut repr\u00e9sentant international &#8211; charg\u00e9 du respect de l\u2019accord de paix de 1995 &#8211; pousser le pays dans la plus grave crise politique depuis la fin de la guerre intercommunautaire (1992-1995).<\/p>\n<p>Menaces s\u00e9cessionnistes<\/p>\n<p class=\"fig-paragraph\">Le Haut repr\u00e9sentant dispose de larges pouvoirs\u00a0: il peut imposer ou modifier des lois, limoger des \u00e9lus&#8230; Des pr\u00e9rogatives d\u00e9nonc\u00e9es sans cesse par Milorad Dodik, qui a multipli\u00e9 les menaces s\u00e9cessionnistes et les insultes envers l\u2019actuel envoy\u00e9 international, Christian Schmidt, un ex-ministre allemand qui a pris ses fonctions en 2021. \u00abCes \u00e9lections ont \u00e9t\u00e9 organis\u00e9es par les musulmans bosniaques et Schmidt\u00bb, a d\u00e9clar\u00e9 Milorad Dodik dimanche apr\u00e8s avoir vot\u00e9 dans sa ville natale de Laktasi.<\/p>\n<p class=\"fig-paragraph\">\u00abIls voulaient nous vaincre en Republika Srpska, et maintenant le peuple a une chance de les vaincre\u00bb, a-t-il dit aux journalistes en promettant \u00abla R\u00e9publique serbe avant tout\u00bb. Apr\u00e8s avoir vot\u00e9, Brankica Dragojlovic, une \u00e9conomiste retrait\u00e9e, a exprim\u00e9 l\u2019espoir de jours meilleurs, car sa pension de 350 marks convertibles (180 euros, 206 dollars) est \u00e0 peine suffisante pour s\u2019en sortir. \u00abCe que nous avons eu jusqu\u2019\u00e0 maintenant a \u00e9t\u00e9 terrible&#8230; Si mon fils n\u2019avait pas \u00e9t\u00e9 l\u00e0, je serais morte de faim. Il (Dodik) nous a tout vol\u00e9, il devrait aider les pauvres, pas prendre l\u2019argent pour lui\u00bb, a-t-elle lanc\u00e9.<\/p>\n<p>                                    <a class=\"fig-a11y-skip a11y-hidden\" href=\"#fig-a11y-skip-main-inarticle_mtf\"><br \/>\n        Passer la publicit\u00e9<br \/>\n    <\/a><\/p>\n<p>\u00abPays impossible\u00bb<\/p>\n<p class=\"fig-paragraph\">Milorad Dodik a \u00e9t\u00e9 condamn\u00e9 en appel, en ao\u00fbt, \u00e0 un an de prison &#8211; une peine transform\u00e9e en jours-amende &#8211; et \u00e0 une interdiction d\u2019exercer toute fonction publique pendant six ans, pour non-respect des d\u00e9cisions de l\u2019\u00e9missaire international. Apr\u00e8s avoir d\u00e9fi\u00e9 le verdict, il a fini par accepter l\u2019\u00e9lection d\u2019un successeur &#8211; juste avant que Washington ne l\u00e8ve les sanctions qui le visaient depuis pr\u00e8s de 10 ans \u00e0 cause de sa politique s\u00e9paratiste.<\/p>\n<p class=\"fig-paragraph\">Durant la campagne, Milorad Dodik a affirm\u00e9 qu\u2019un vote pour M. Karan \u00e9tait en fait un vote pour lui-m\u00eame et sa politique, r\u00e9p\u00e9tant que la Bosnie \u00e9tait \u00abun pays impossible\u00bb et la RS \u00abun \u00c9tat\u00bb qui doit \u00abattendre\u00bb sa reconnaissance internationale. Milan Golja, un retrait\u00e9, a ainsi vot\u00e9 pour Sinisa Karan car il souhaite la continuation de la politique de Milorad Dodik. \u00abTout \u00e7a est une grande farce fabriqu\u00e9e par l\u2019Occident&#8230; Dodik a le soutien du peuple\u00bb, a-t-il d\u00e9clar\u00e9 \u00e0 l\u2019AFP \u00e0 Laktasi, pr\u00e8s de Banja Luka.<\/p>\n<p class=\"fig-paragraph\">De son c\u00f4t\u00e9, Branko Blanusa a expliqu\u00e9 que la RS \u00e9tait surtout \u00abmenac\u00e9e\u00bb par les politiques de son adversaire: \u00abil a humili\u00e9 les institutions de la RS pour ses propres int\u00e9r\u00eats et sa richesse, et c\u2019est pour cela qu\u2019il est d\u00e9sormais sur la liste noire du peuple\u00bb.<\/p>\n","protected":false},"excerpt":{"rendered":"Le candidat du leader des Serbes de Bosnie Milorad Dodik, interdit de candidature, a \u00e9t\u00e9 d\u00e9clar\u00e9 dimanche soir&hellip;\n","protected":false},"author":2,"featured_media":554543,"comment_status":"","ping_status":"","sticky":false,"template":"","format":"standard","meta":{"footnotes":""},"categories":[5],"tags":[11,32454,11984,1011,27,14,12,28],"class_list":{"0":"post-554542","1":"post","2":"type-post","3":"status-publish","4":"format-standard","5":"has-post-thumbnail","7":"category-international","8":"tag-actualites","9":"tag-bosnie","10":"tag-election-presidentielle","11":"tag-fr","12":"tag-france","13":"tag-international","14":"tag-news","15":"tag-world"},"share_on_mastodon":{"url":"https:\/\/pubeurope.com\/@fr\/115602382129420536","error":""},"_links":{"self":[{"href":"https:\/\/www.europesays.com\/fr\/wp-json\/wp\/v2\/posts\/554542","targetHints":{"allow":["GET"]}}],"collection":[{"href":"https:\/\/www.europesays.com\/fr\/wp-json\/wp\/v2\/posts"}],"about":[{"href":"https:\/\/www.europesays.com\/fr\/wp-json\/wp\/v2\/types\/post"}],"author":[{"embeddable":true,"href":"https:\/\/www.europesays.com\/fr\/wp-json\/wp\/v2\/users\/2"}],"replies":[{"embeddable":true,"href":"https:\/\/www.europesays.com\/fr\/wp-json\/wp\/v2\/comments?post=554542"}],"version-history":[{"count":0,"href":"https:\/\/www.europesays.com\/fr\/wp-json\/wp\/v2\/posts\/554542\/revisions"}],"wp:featuredmedia":[{"embeddable":true,"href":"https:\/\/www.europesays.com\/fr\/wp-json\/wp\/v2\/media\/554543"}],"wp:attachment":[{"href":"https:\/\/www.europesays.com\/fr\/wp-json\/wp\/v2\/media?parent=554542"}],"wp:term":[{"taxonomy":"category","embeddable":true,"href":"https:\/\/www.europesays.com\/fr\/wp-json\/wp\/v2\/categories?post=554542"},{"taxonomy":"post_tag","embeddable":true,"href":"https:\/\/www.europesays.com\/fr\/wp-json\/wp\/v2\/tags?post=554542"}],"curies":[{"name":"wp","href":"https:\/\/api.w.org\/{rel}","templated":true}]}}