{"id":554557,"date":"2025-11-24T03:04:06","date_gmt":"2025-11-24T03:04:06","guid":{"rendered":"https:\/\/www.europesays.com\/fr\/554557\/"},"modified":"2025-11-24T03:04:06","modified_gmt":"2025-11-24T03:04:06","slug":"les-negresses-vertes-a-cleon-2026","status":"publish","type":"post","link":"https:\/\/www.europesays.com\/fr\/554557\/","title":{"rendered":"Les N\u00e9gresses Vertes \u00e0 Cl\u00e9on 2026"},"content":{"rendered":"<p class=\"intro\">Les N\u00e9gresses Vertes investissent La Traverse \u00e0 Cl\u00e9on le vendredi 6 mars 2026 \u00e0 20h30 pour un concert exceptionnel dans le cadre de leur tourn\u00e9e europ\u00e9enne\u00a0\u00ab\u00a0Zobi-Tour\u00a0\u00bb. Le groupe embl\u00e9matique de rock acoustique fran\u00e7ais retrouve la sc\u00e8ne de Seine-Maritime avec son m\u00e9lange unique de chanson fran\u00e7aise et de musiques m\u00e9diterran\u00e9ennes. Une soir\u00e9e prometteuse attend les spectateurs dans cette salle intimiste de Cl\u00e9on. Les billets sont disponibles \u00e0 partir de 31,32\u00a0\u20ac.<\/p>\n<p>\u00c0 Cl\u00e9on, Les N\u00e9gresses Vertes investissent la sc\u00e8ne de La Traverse pour une soir\u00e9e inoubliable<\/p>\n<p>Cette \u00e9tape de la tourn\u00e9e europ\u00e9enne\u00a0\u00ab\u00a0Zobi-Tour\u00a0\u00bb marque le <strong>grand retour<\/strong> du groupe form\u00e9 en 1987 sur les planches normandes. Pr\u00e9sent\u00e9 par D\u00e9cibels Productions, ce spectacle promet de faire vibrer le public avec l&rsquo;\u00e9nergie caract\u00e9ristique des musiciens parisiens et leur approche festive de la musique fran\u00e7aise. L&rsquo;\u00e9v\u00e9nement s&rsquo;inscrit parfaitement dans <a href=\"https:\/\/www.jds.fr\/rouen\/agenda\/musique-et-concerts-96_B\" target=\"_blank\" rel=\"noopener\">la programmation musicale de Rouen<\/a> et ses environs.<\/p>\n<p><img decoding=\"async\" loading=\"lazy\" src=\"https:\/\/www.europesays.com\/fr\/wp-content\/uploads\/2025\/11\/-les-n-gresses-vertes-tickets_468921_3754974_222x222.jpg\" alt=\"Les N\u00e9gresses Vertes\" class=\"border\"\/><\/p>\n<p>Les spectateurs d\u00e9couvriront sur sc\u00e8ne le m\u00e9lange explosif qui a fait la renomm\u00e9e internationale du groupe, entre <strong>rock acoustique<\/strong>, chanson r\u00e9aliste et influences m\u00e9diterran\u00e9ennes. Cette performance en Seine-Maritime s&rsquo;annonce comme l&rsquo;un des temps forts de cette tourn\u00e9e qui fait suite \u00e0 la r\u00e9forme du groupe en 2018 et ses 350 dates \u00e0 travers l&rsquo;Europe.<\/p>\n<p>Billetterie pour Les N\u00e9gresses Vertes \u00e0 La Traverse<\/p>\n<p><a class=\"btn btn-lg shadow-lg btn-primary rounded-pill fnac_link\" data-fnac=\"in_article\" href=\"https:\/\/www.awin1.com\/pclick.php?p=43234005511&amp;a=634278&amp;m=12494&amp;clickref=in_article-A-desktop\" target=\"_blank\" rel=\"nofollow noopener\"> Acheter des billets<\/a><\/p>\n<p>Pour assister \u00e0 ce concert tant attendu \u00e0 La Traverse, les <strong>billets<\/strong> sont propos\u00e9s \u00e0 partir de <strong>31,32\u00a0\u20ac<\/strong>. Face \u00e0 la popularit\u00e9 du groupe et \u00e0 leur retour sur sc\u00e8ne apr\u00e8s plusieurs ann\u00e9es, il est recommand\u00e9 de <strong>r\u00e9server<\/strong> rapidement ses places. L&rsquo;intimit\u00e9 de la salle de Cl\u00e9on garantit une proximit\u00e9 exceptionnelle avec les artistes, rendant chaque <strong>prix<\/strong> particuli\u00e8rement attractif pour cette exp\u00e9rience musicale unique.<\/p>\n<p>Les fans pourront \u00e9galement d\u00e9couvrir <a href=\"https:\/\/www.jds.fr\/artistes\/les-negresses-vertes-4923_N\" target=\"_blank\" rel=\"noopener\">tous les concerts des N\u00e9gresses Vertes<\/a> programm\u00e9s dans le cadre de cette tourn\u00e9e europ\u00e9enne.<\/p>\n<p>Le parcours musical embl\u00e9matique des N\u00e9gresses Vertes<\/p>\n<p>N\u00e9 en 1987 de la sc\u00e8ne punk parisienne, le groupe s&rsquo;est rapidement impos\u00e9 avec son <strong>premier album\u00a0\u00ab\u00a0Mlah\u00a0\u00bb<\/strong> sorti en 1988. Leur style unique m\u00eale chanson fran\u00e7aise traditionnelle, musique m\u00e9diterran\u00e9enne et rock alternatif, cr\u00e9ant une identit\u00e9 sonore imm\u00e9diatement reconnaissable qui a franchi les fronti\u00e8res d\u00e8s leurs d\u00e9buts.<\/p>\n<p>L&rsquo;album <strong>\u00ab\u00a0Trabendo\u00a0\u00bb<\/strong> a marqu\u00e9 un tournant dans leur carri\u00e8re en d\u00e9crochant le titre de meilleur album\u00a0\u00ab\u00a0nouvelles tendances\u00a0\u00bb aux Victoires de la musique en 2000. Apr\u00e8s leur export international jusqu&rsquo;en 2001, le groupe a retrouv\u00e9 les planches en 2018 avec une tourn\u00e9e monumentale de 350 dates, pr\u00e9parant le terrain pour cette nouvelle aventure europ\u00e9enne. <a href=\"https:\/\/www.jds.fr\/paris\/concerts\/chanson-francaise\/les-negresses-vertes-1253815_A\" target=\"_blank\" rel=\"noopener\">Les N\u00e9gresses Vertes se produisent \u00e9galement<\/a> dans d&rsquo;autres villes de France durant cette tourn\u00e9e.<\/p>\n<p>Comment se rendre \u00e0 La Traverse Cl\u00e9on\u00a0?<\/p>\n<p>Pour rejoindre <a href=\"https:\/\/www.jds.fr\/rouen\/cleon\/salle-de-concert-et-de-spectacle\/la-traverse-16662_L\" target=\"_blank\" rel=\"noopener\">La Traverse \u00e0 Cl\u00e9on<\/a>, l&rsquo;acc\u00e8s en voiture reste l&rsquo;option la plus pratique. Depuis l&rsquo;A13 Paris-Rouen, prenez la <strong>sortie 21\u00a0\u00ab\u00a0Tourville la Rivi\u00e8re\u00a0\u00bb<\/strong> direction Elbeuf-Cl\u00e9on. Le trajet depuis Rouen ne n\u00e9cessite qu&rsquo;environ 20 minutes et un <strong>parking gratuit<\/strong> est disponible directement sur place, permettant un acc\u00e8s imm\u00e9diat \u00e0 la salle.<\/p>\n<p>Les transports en commun offrent \u00e9galement une alternative avec la <strong>ligne A du r\u00e9seau TAE<\/strong>, arr\u00eat\u00a0\u00ab\u00a0La Voie\u00a0\u00bb, ou la ligne 1. Ces liaisons desservent efficacement Cl\u00e9on depuis les communes environnantes de Seine-Maritime, facilitant l&rsquo;acc\u00e8s \u00e0 la salle pour les spectateurs sans v\u00e9hicule personnel.<\/p>\n<p class=\"mise_en_avant\">Notre conseil\u00a0: privil\u00e9giez la voiture pour plus de flexibilit\u00e9, notamment apr\u00e8s le spectacle, avec le parking gratuit directement sur site.<\/p>\n<p>Les amateurs de spectacle pourront \u00e9galement d\u00e9couvrir prochainement <a href=\"https:\/\/www.jds.fr\/rouen\/spectacles\/humour\/christophe-aleveque-vieux-con-la-suite-tournee-1164392_A\" target=\"_blank\" rel=\"noopener\">Christophe Al\u00e9v\u00eaque et son spectacle\u00a0\u00ab\u00a0Vieux Con\u00a0? la Suite\u00a0\u00bb \u00e0 La Traverse<\/a>, confirmant la programmation \u00e9clectique de cette salle de Cl\u00e9on.<\/p>\n","protected":false},"excerpt":{"rendered":"Les N\u00e9gresses Vertes investissent La Traverse \u00e0 Cl\u00e9on le vendredi 6 mars 2026 \u00e0 20h30 pour un concert&hellip;\n","protected":false},"author":2,"featured_media":554558,"comment_status":"","ping_status":"","sticky":false,"template":"","format":"standard","meta":{"footnotes":""},"categories":[9587],"tags":[1111,11,1777,674,1011,27,12,5161,25,9590],"class_list":{"0":"post-554557","1":"post","2":"type-post","3":"status-publish","4":"format-standard","5":"has-post-thumbnail","7":"category-rouen","8":"tag-actu","9":"tag-actualites","10":"tag-eu","11":"tag-europe","12":"tag-fr","13":"tag-france","14":"tag-news","15":"tag-normandie","16":"tag-republique-francaise","17":"tag-rouen"},"share_on_mastodon":{"url":"https:\/\/pubeurope.com\/@fr\/115602461549978760","error":""},"_links":{"self":[{"href":"https:\/\/www.europesays.com\/fr\/wp-json\/wp\/v2\/posts\/554557","targetHints":{"allow":["GET"]}}],"collection":[{"href":"https:\/\/www.europesays.com\/fr\/wp-json\/wp\/v2\/posts"}],"about":[{"href":"https:\/\/www.europesays.com\/fr\/wp-json\/wp\/v2\/types\/post"}],"author":[{"embeddable":true,"href":"https:\/\/www.europesays.com\/fr\/wp-json\/wp\/v2\/users\/2"}],"replies":[{"embeddable":true,"href":"https:\/\/www.europesays.com\/fr\/wp-json\/wp\/v2\/comments?post=554557"}],"version-history":[{"count":0,"href":"https:\/\/www.europesays.com\/fr\/wp-json\/wp\/v2\/posts\/554557\/revisions"}],"wp:featuredmedia":[{"embeddable":true,"href":"https:\/\/www.europesays.com\/fr\/wp-json\/wp\/v2\/media\/554558"}],"wp:attachment":[{"href":"https:\/\/www.europesays.com\/fr\/wp-json\/wp\/v2\/media?parent=554557"}],"wp:term":[{"taxonomy":"category","embeddable":true,"href":"https:\/\/www.europesays.com\/fr\/wp-json\/wp\/v2\/categories?post=554557"},{"taxonomy":"post_tag","embeddable":true,"href":"https:\/\/www.europesays.com\/fr\/wp-json\/wp\/v2\/tags?post=554557"}],"curies":[{"name":"wp","href":"https:\/\/api.w.org\/{rel}","templated":true}]}}