{"id":554561,"date":"2025-11-24T03:08:33","date_gmt":"2025-11-24T03:08:33","guid":{"rendered":"https:\/\/www.europesays.com\/fr\/554561\/"},"modified":"2025-11-24T03:08:33","modified_gmt":"2025-11-24T03:08:33","slug":"il-faut-afficher-notre-soutien-environ-200-personnes-reunies-a-rennes-en-hommage-a-mehdi-kessaci-tue-a-marseille","status":"publish","type":"post","link":"https:\/\/www.europesays.com\/fr\/554561\/","title":{"rendered":"\u00ab\u00a0Il faut afficher notre soutien\u00a0\u00bb environ 200 personnes r\u00e9unies \u00e0 Rennes en hommage \u00e0 Mehdi Kessaci tu\u00e9 \u00e0 Marseille"},"content":{"rendered":"<p>Malgr\u00e9 la pluie et le froid le rassemblement s\u2019est tenue vers 13 h sur la place de la mairie. Les personnes pr\u00e9sentes r\u00e9pondaient ainsi \u00e0 un appel de la famille du <a href=\"https:\/\/www.letelegramme.fr\/france\/assassinat-davertissement-protection-judiciaire-bascule-criminelle-ce-que-lon-sait-du-deces-du-frere-damine-kessaci-militant-ecologiste-a-marseille-6928696.php\" target=\"_blank\" rel=\"noopener\">jeune homme tu\u00e9 par balle<\/a> dans les quartiers nord de Marseille et relay\u00e9 localement par des associations comme Le Front de M\u00e8res, l\u2019Avenir, la Ligue des droits de l\u2019homme et de nombreux partis politiques. Un rassemblement sans banderole, ni drapeau \u00ab pour demander la v\u00e9rit\u00e9, la justice et mettre fin \u00e0 l\u2019impunit\u00e9 \u00bb. La victime \u00e9tait en effet le fr\u00e8re cadet d\u2019Amine Kessaci, militant \u00e9cologiste marseillais, fondateur de l\u2019association Conscience et engag\u00e9 contre le narcotrafic. Un acte qualifi\u00e9 de \u00ab crime d\u2019intimidation \u00bb par le ministre de l\u2019Int\u00e9rieur Laurent Nu\u00f1ez.<\/p>\n<p>\u00ab T\u00e9moignage bouleversant \u00bb<\/p>\n<p>Devant les personnes r\u00e9unies, un texte paru dans Le Monde a \u00e9t\u00e9 lu o\u00f9 Amine Kessaci prend la parole expliquant notamment : \u00ab Non, je ne me tairai pas. Je dirai et r\u00e9p\u00e9terai que Mehdi est mort pour rien. Je dirai la violence du narcotrafic. Son emprise. Je dirai la l\u00e2chet\u00e9 des commanditaires des crimes. Je dirai la d\u00e9rive folle de ceux qui ex\u00e9cutent des contrats, brisent des vies et souillent leur \u00e2me \u00e0 jamais. Je dirai pour trouer le silence comme eux trouent les corps de nos proches. Je dirai les carences de l\u2019\u00c9tat, les failles de la R\u00e9publique, les territoires abandonn\u00e9s et les populations oblit\u00e9r\u00e9es \u00bb. Des mots qui ont \u00e9t\u00e9 longuement applaudis par la foule des anonymes comme Emmanuel : \u00ab Son t\u00e9moignage m\u2019a boulevers\u00e9. C\u2019est important de faire front, participer \u00e0 cette conscience citoyenne. On est confront\u00e9 \u00e0 des actions qui s\u2019apparentent \u00e0 celles de la mafia. Il faut afficher notre soutien \u00e0 quelqu\u2019un qui a d\u00e9j\u00e0 perdu deux fr\u00e8res dans des conditions abominables \u00bb. M\u00eame avis pour Pierrick : \u00ab Il faut soutenir son combat contre le narcotrafic qui se d\u00e9veloppe partout aujourd\u2019hui. Je regrette qu\u2019il n\u2019y ait pas plus de monde. Il faudrait qu\u2019il y ait une plus large mobilisation face \u00e0 ce ph\u00e9nom\u00e8ne \u00bb<\/p>\n<p>\u00ab On vit les m\u00eames choses \u00bb<\/p>\n<p>Pour beaucoup \u00eatre pr\u00e9sent \u00e9tait un geste qu\u2019il fallait faire comme Mathilde venue avec son mari : \u00ab C\u2019est important de monter que l\u2019on est pr\u00e9sent m\u00eame si on reste, nous impuissant face \u00e0 cela. Ce sont les quartiers qui payent cher. La s\u00e9curit\u00e9 elle est d\u2019abord sociale. Il faut rappeler les principes \u00ab Libert\u00e9, \u00c9galit\u00e9, Fraternit\u00e9 \u00bb \u00bb. \u00ab Je souhaitais \u00eatre pr\u00e9sent comme citoyen et exprimer ma solidarit\u00e9. Un simple geste de quelqu\u2019un qui comme beaucoup a du mal \u00e0 comprendre ce monde. Dans nos quartiers \u00e9galement comme \u00e0 Rennes on est concern\u00e9 par le trafic de drogue \u00bb note Jean-Michel. Un constat que fait \u00e9galement Marie Th\u00e9r\u00e8se : \u00ab On vit les m\u00eames choses. On habite dans le quartier du Blosne \u00e0 Rennes. On est confront\u00e9 au trafic tous les jours. On commence \u00e0 avoir peur. On \u00e9vite de passer dans certains endroits. Ils sont pr\u00e9sents partout et prennent de plus en plus de place \u00bb. Engag\u00e9 dans le milieu associatif Christian habite le quartier de la Poterie : \u00ab On essaie de discuter avec des dealers dans la rue car ce ne sont que les petites mains. Mais le quartier souffre. On a l\u2019impression que la vie d\u2019un homme n\u2019a plus de poids. C\u2019est inqui\u00e9tant pour l\u2019avenir de nos enfants \u00bb.<\/p>\n<p>Les participants au rassemblement se sont dispers\u00e9s apr\u00e8s avoir observ\u00e9 une minute de silence en m\u00e9moire du jeune Mehdi Kessaci qui \u00e9tait \u00e2g\u00e9 de 20 ans.<\/p>\n","protected":false},"excerpt":{"rendered":"Malgr\u00e9 la pluie et le froid le rassemblement s\u2019est tenue vers 13 h sur la place de la&hellip;\n","protected":false},"author":2,"featured_media":554562,"comment_status":"","ping_status":"","sticky":false,"template":"","format":"standard","meta":{"footnotes":""},"categories":[2821],"tags":[1111,11,829,765,1777,674,1011,27,848,12,584,25],"class_list":{"0":"post-554561","1":"post","2":"type-post","3":"status-publish","4":"format-standard","5":"has-post-thumbnail","7":"category-rennes","8":"tag-actu","9":"tag-actualites","10":"tag-bretagne","11":"tag-en-continu","12":"tag-eu","13":"tag-europe","14":"tag-fr","15":"tag-france","16":"tag-ille-et-vilaine","17":"tag-news","18":"tag-rennes","19":"tag-republique-francaise"},"share_on_mastodon":{"url":"https:\/\/pubeurope.com\/@fr\/115602476482595148","error":""},"_links":{"self":[{"href":"https:\/\/www.europesays.com\/fr\/wp-json\/wp\/v2\/posts\/554561","targetHints":{"allow":["GET"]}}],"collection":[{"href":"https:\/\/www.europesays.com\/fr\/wp-json\/wp\/v2\/posts"}],"about":[{"href":"https:\/\/www.europesays.com\/fr\/wp-json\/wp\/v2\/types\/post"}],"author":[{"embeddable":true,"href":"https:\/\/www.europesays.com\/fr\/wp-json\/wp\/v2\/users\/2"}],"replies":[{"embeddable":true,"href":"https:\/\/www.europesays.com\/fr\/wp-json\/wp\/v2\/comments?post=554561"}],"version-history":[{"count":0,"href":"https:\/\/www.europesays.com\/fr\/wp-json\/wp\/v2\/posts\/554561\/revisions"}],"wp:featuredmedia":[{"embeddable":true,"href":"https:\/\/www.europesays.com\/fr\/wp-json\/wp\/v2\/media\/554562"}],"wp:attachment":[{"href":"https:\/\/www.europesays.com\/fr\/wp-json\/wp\/v2\/media?parent=554561"}],"wp:term":[{"taxonomy":"category","embeddable":true,"href":"https:\/\/www.europesays.com\/fr\/wp-json\/wp\/v2\/categories?post=554561"},{"taxonomy":"post_tag","embeddable":true,"href":"https:\/\/www.europesays.com\/fr\/wp-json\/wp\/v2\/tags?post=554561"}],"curies":[{"name":"wp","href":"https:\/\/api.w.org\/{rel}","templated":true}]}}