{"id":554572,"date":"2025-11-24T03:16:11","date_gmt":"2025-11-24T03:16:11","guid":{"rendered":"https:\/\/www.europesays.com\/fr\/554572\/"},"modified":"2025-11-24T03:16:11","modified_gmt":"2025-11-24T03:16:11","slug":"decouvrez-le-programme-complet-des-animations-gratuites","status":"publish","type":"post","link":"https:\/\/www.europesays.com\/fr\/554572\/","title":{"rendered":"d\u00e9couvrez le programme complet des animations gratuites"},"content":{"rendered":"<p>                    Par<br \/>\n        <strong><br \/>\n            <a href=\"https:\/\/actu.fr\/auteur\/julian-doubax\" title=\"Consulter tous les articles de Julian Doubax\" target=\"_blank\" rel=\"noopener\">Julian Doubax<\/a><br \/>\n                    <\/strong><\/p>\n<p>        Publi\u00e9 le<\/p>\n<p>            23 nov. 2025 \u00e0 16h46        <\/p>\n<p>La <strong>magie de No\u00ebl<\/strong> est apparue dans les rues de <a href=\"https:\/\/actu.fr\/bordeaux\/\" target=\"_blank\" rel=\"noopener\">Bordeaux<\/a> depuis le samedi 22\u00a0novembre 2025 et va se poursuivre jusqu\u2019au dimanche 4\u00a0janvier 2026. En effet, les <strong>animations gratuites<\/strong> ont d\u00e9but\u00e9 pour les <a href=\"https:\/\/actu.fr\/nouvelle-aquitaine\/ambares-et-lagrave_33003\/redonnons-a-nos-colis-leur-nom-a-cote-de-bordeaux-cette-ville-se-dechire-a-l-approche-de-noel_63397769.html\" target=\"_blank\" rel=\"noopener\">f\u00eates de fin d\u2019ann\u00e9e<\/a>. Outre le fameux march\u00e9 de No\u00ebl install\u00e9 sur la place des Quinconces, des \u00e9v\u00e8nements vont \u00eatre propos\u00e9s dans tous les quartiers de la ville.<\/p>\n<p>La patinoire va faire des heureux<\/p>\n<p class=\" wall-content\">Comme <a href=\"https:\/\/actu.fr\/nouvelle-aquitaine\/bordeaux_33063\/apres-dix-ans-sans-patinoire-de-noel-elle-est-de-retour-allees-de-tourny-a-bordeaux_61819703.html\" target=\"_blank\" rel=\"noopener\">l\u2019an pass\u00e9<\/a>, une patinoire est install\u00e9e aux <strong>all\u00e9es de Tourny<\/strong> depuis le 22\u00a0novembre. \u00ab\u2009Repens\u00e9e pour \u00eatre moins \u00e9nergivore et plus ludique, elle est faite de plaques de poly\u00e9thyl\u00e8ne recycl\u00e9es\u2009\u00bb, explique la mairie de Bordeaux. Des chalets associatifs seront install\u00e9s \u00e0 c\u00f4t\u00e9 \u00e0 proximit\u00e9 pour pr\u00e9senter leurs actions ainsi que des stands de restauration rapide. Les petits et grands pourront venir enfiler les <strong>patins<\/strong> entre 11h et 22h.<\/p>\n<p>Les illuminations et le mapping<\/p>\n<p class=\" wall-content\">Les <strong>illuminations<\/strong> de rue vont d\u00e9buter le vendredi 28\u00a0novembre. Toutes ces <strong>d\u00e9corations<\/strong> sont compos\u00e9es de diodes LED \u00e0 faible consommation. Elles seront activ\u00e9es d\u00e8s la tomb\u00e9e de la nuit jusqu\u2019\u00e0 une 1 heure du matin puis rallum\u00e9es de 7\u00a0heures jusqu\u2019au lever du soleil. Elles restent actives toute la nuit le 24 et le 31\u00a0d\u00e9cembre.<\/p>\n<p class=\" wall-content\">Des <strong>spectacles lumineux<\/strong> seront aussi propos\u00e9s sur les murs du Grand Th\u00e9\u00e2tre et de la <a href=\"https:\/\/actu.fr\/nouvelle-aquitaine\/bordeaux_33063\/avec-plus-de-90-000-visiteurs-la-premiere-fois-ce-spectacle-revient-dans-une-cathedrale-de-bordeaux_62962493.html\" target=\"_blank\" rel=\"noopener\">cath\u00e9drale Saint-Andr\u00e9<\/a>. La projection r\u00e9alis\u00e9e par la compagnie Limelight sera visible tous les soirs du 6\u00a0d\u00e9cembre au 4\u00a0janvier de 17h30 jusqu\u2019\u00e0 minuit au Grand Th\u00e9\u00e2tre. Pour la cath\u00e9drale, le mapping sera projet\u00e9 les vendredis, samedis et dimanche\u00a06, 12, 13, 19, 20 et 21\u00a0d\u00e9cembre de 18\u00a0heures \u00e0 22\u00a0heures.<\/p>\n<p>Le fameux sapin en verre<\/p>\n<p class=\" wall-content\">Qui dit No\u00ebl, dit <strong>sapin<\/strong>. Pour la quatri\u00e8me ann\u00e9e cons\u00e9cutive, l\u2019\u0153uvre \u00ab\u2009Sapin Verre\u2009\u00bb du designer girondin Arnaud Lapierre sera install\u00e9 sur la place Pey-Berland. Il sera <strong>illumin\u00e9<\/strong> du 6\u00a0d\u00e9cembre 2025 au 4\u00a0janvier 2026, chaque jour de 7\u00a0heures \u00e0 10\u00a0heures puis de 16\u00a0heures 30 \u00e0 minuit. \u00ab\u2009Cette \u0153uvre, r\u00e9alis\u00e9e \u00e0 partir de verre et d\u2019acier recycl\u00e9s, a \u00e9t\u00e9 con\u00e7ue localement par la M\u00e9tallerie bordelaise et la soci\u00e9t\u00e9 Press citron \u00e0 Latresne\u2009\u00bb, rappelle la municipalit\u00e9.<\/p>\n<p>Des \u00e9v\u00e8nements dans tous les quartiers<\/p>\n<p class=\" wall-content\">En plus de ces animations, plus de <strong>50 autres \u00e9v\u00e8nements<\/strong> vont se d\u00e9rouler dans tous les quartiers de Bordeaux. Il va notamment avoir un march\u00e9 de No\u00ebl des cr\u00e9ateurs dans la rue Sauvageau \u00e0 <strong>Saint-Michel<\/strong> le 3\u00a0d\u00e9cembre, un ballet de Rom\u00e9o et Juliette \u00e0 l\u2019Op\u00e9ra du Grand Th\u00e9\u00e2tre du 5 au 31\u00a0d\u00e9cembre ou encore une grande sup\u00e9rette de No\u00ebl \u00e0 la Fabrique Pola les 13 et 14\u00a0d\u00e9cembre. L\u2019int\u00e9gralit\u00e9 des festivit\u00e9s est \u00e0 retrouver sur <a href=\"https:\/\/www.bordeaux.fr\/le-mag\/bordeaux-en-fete-decouvrez-le-programme-complet\" target=\"_blank\" rel=\"noopener\">ce lien<\/a>.<\/p>\n<p class=\" wall-content\">Personnalisez votre actualit\u00e9 en ajoutant vos villes et m\u00e9dias en favori avec <a href=\"https:\/\/moncompte.actu.fr\" title=\"D\u00e9couvez Mon Actu\" rel=\"nofollow noopener\" data-trk=\"{&quot;cta&quot;:{&quot;action&quot;:&quot;https:\\\/\\\/moncompte.actu.fr&quot;,&quot;category&quot;:&quot;mon compte&quot;,&quot;from&quot;:&quot;article footer&quot;,&quot;name&quot;:&quot;Mon actu&quot;,&quot;type&quot;:&quot;cta&quot;}}\" target=\"_blank\">Mon Actu<\/a>.<\/p>\n","protected":false},"excerpt":{"rendered":"Par Julian Doubax Publi\u00e9 le 23 nov. 2025 \u00e0 16h46 La magie de No\u00ebl est apparue dans les&hellip;\n","protected":false},"author":2,"featured_media":554573,"comment_status":"","ping_status":"","sticky":false,"template":"","format":"standard","meta":{"footnotes":""},"categories":[2817],"tags":[1111,11,1997,1777,674,1011,27,2089,12,15830,2219,25,104],"class_list":{"0":"post-554572","1":"post","2":"type-post","3":"status-publish","4":"format-standard","5":"has-post-thumbnail","7":"category-bordeaux","8":"tag-actu","9":"tag-actualites","10":"tag-bordeaux","11":"tag-eu","12":"tag-europe","13":"tag-fr","14":"tag-france","15":"tag-marche","16":"tag-news","17":"tag-noel","18":"tag-nouvelle-aquitaine","19":"tag-republique-francaise","20":"tag-societe"},"share_on_mastodon":{"url":"https:\/\/pubeurope.com\/@fr\/115602507968089447","error":""},"_links":{"self":[{"href":"https:\/\/www.europesays.com\/fr\/wp-json\/wp\/v2\/posts\/554572","targetHints":{"allow":["GET"]}}],"collection":[{"href":"https:\/\/www.europesays.com\/fr\/wp-json\/wp\/v2\/posts"}],"about":[{"href":"https:\/\/www.europesays.com\/fr\/wp-json\/wp\/v2\/types\/post"}],"author":[{"embeddable":true,"href":"https:\/\/www.europesays.com\/fr\/wp-json\/wp\/v2\/users\/2"}],"replies":[{"embeddable":true,"href":"https:\/\/www.europesays.com\/fr\/wp-json\/wp\/v2\/comments?post=554572"}],"version-history":[{"count":0,"href":"https:\/\/www.europesays.com\/fr\/wp-json\/wp\/v2\/posts\/554572\/revisions"}],"wp:featuredmedia":[{"embeddable":true,"href":"https:\/\/www.europesays.com\/fr\/wp-json\/wp\/v2\/media\/554573"}],"wp:attachment":[{"href":"https:\/\/www.europesays.com\/fr\/wp-json\/wp\/v2\/media?parent=554572"}],"wp:term":[{"taxonomy":"category","embeddable":true,"href":"https:\/\/www.europesays.com\/fr\/wp-json\/wp\/v2\/categories?post=554572"},{"taxonomy":"post_tag","embeddable":true,"href":"https:\/\/www.europesays.com\/fr\/wp-json\/wp\/v2\/tags?post=554572"}],"curies":[{"name":"wp","href":"https:\/\/api.w.org\/{rel}","templated":true}]}}