{"id":554601,"date":"2025-11-24T03:35:17","date_gmt":"2025-11-24T03:35:17","guid":{"rendered":"https:\/\/www.europesays.com\/fr\/554601\/"},"modified":"2025-11-24T03:35:17","modified_gmt":"2025-11-24T03:35:17","slug":"washington-tres-optimiste-sur-la-possibilite-de-conclure-tres-vite-un-accord-de-paix","status":"publish","type":"post","link":"https:\/\/www.europesays.com\/fr\/554601\/","title":{"rendered":"Washington \u00ab\u00a0tr\u00e8s optimiste\u00a0\u00bb sur la possibilit\u00e9 de conclure \u00ab\u00a0tr\u00e8s vite\u00a0\u00bb un accord de paix"},"content":{"rendered":"<p>Si l\u2019on en croit les Etats-Unis, les signaux sont depuis dimanche soir au vert pour obtenir la paix entre Moscou et Kiev. Apr\u00e8s une journ\u00e9e de pourparlers \u00e0 Gen\u00e8ve avec des responsables ukrainiens et <a href=\"https:\/\/www.20minutes.fr\/monde\/4187345-20251123-role-central-ue-doit-etre-pleinement-reconnu-tout-plan-paix-ukraine-dit-von-der-leyen\" target=\"_blank\" class=\"c-link c-link--is-underlined\" rel=\"noopener\">europ\u00e9ens<\/a>, le secr\u00e9taire d\u2019Etat am\u00e9ricain Marco Rubio s\u2019est en effet dit \u00ab\u00a0tr\u00e8s optimiste\u00a0\u00bb sur la possibilit\u00e9 de conclure \u00ab\u00a0tr\u00e8s vite\u00a0\u00bb un accord sur l\u2019Ukraine.<\/p>\n<p>Ces discussions se tenaient sur la base <a href=\"https:\/\/www.20minutes.fr\/monde\/ukraine\/4186736-20251119-guerre-ukraine-contient-plan-paix-americain-propose-kiev\" target=\"_blank\" class=\"c-link c-link--is-underlined\" rel=\"noopener\">du projet de plan en 28 points de Donald Trump<\/a> visant \u00e0 mettre fin au conflit qui dure depuis pr\u00e8s de quatre ans. Les n\u00e9gociations de dimanche sont d\u00e9sormais officiellement closes, toutefois de nombreuses inconnues demeurent.<\/p>\n<p>Zelensky voit d\u2019un meilleur \u0153il la nouvelle version du plan Trump<\/p>\n<p>\u00ab\u00a0Nous avons fait d\u2019\u00e9normes progr\u00e8s\u00a0\u00bb et \u00ab\u00a0je peux vous dire que les points qui restent en suspens ne sont pas insurmontables. Nous avons simplement besoin de plus de temps\u00a0\u00bb, a d\u00e9clar\u00e9 Marco Rubio aux journalistes, sans donner plus de pr\u00e9cision. Il a rappel\u00e9 que les Russes auront \u00ab\u00a0leur mot \u00e0 dire\u00a0\u00bb.<\/p>\n<p>Le n\u00e9gociateur ukrainien Andri\u00ef Iermak, bras droit du pr\u00e9sident ukrainien, a \u00e9galement fait \u00e9tat \u00ab\u00a0de tr\u00e8s bons progr\u00e8s\u00a0\u00bb, apr\u00e8s que Volodymyr Zelensky a indiqu\u00e9 que la nouvelle version du plan am\u00e9ricain refl\u00e9tait \u00ab\u00a0d\u00e9j\u00e0 la plupart des priorit\u00e9s cl\u00e9s\u00a0\u00bb de Kiev.<\/p>\n<p>Un ultimatum qui se transforme en souhait<\/p>\n<p>Le locataire de la Maison-Blanche avait donn\u00e9 jusqu\u2019au 27\u00a0novembre \u00e0 son homologue ukrainien pour donner une r\u00e9ponse, <a href=\"https:\/\/www.20minutes.fr\/monde\/ukraine\/4187319-20251123-guerre-ukraine-alors-kiev-pression-trump-semble-finalement-pret-negocier-plan\" target=\"_blank\" class=\"c-link c-link--is-underlined\" rel=\"noopener\">avant de se montrer finalement un peu moins intransigeant samedi<\/a>. Il avait alors d\u00e9clar\u00e9 que ce plan ne constituait pas sa \u00ab\u00a0derni\u00e8re offre\u00a0\u00bb. Marco Rubio a d\u2019ailleurs \u00e9galement laiss\u00e9 entendre dimanche qu\u2019il y avait une certaine souplesse quant au calendrier\u00a0: \u00ab\u00a0Nous nous voulons que cela soit fait le plus rapidement possible. \u00c9videmment, nous aimerions que ce soit jeudi\u00a0\u00bb. Selon lui, Donald Trump est \u00ab\u00a0assez satisfait des informations\u00a0\u00bb qu\u2019il a re\u00e7ues concernant les \u00ab\u00a0progr\u00e8s\u00a0\u00bb r\u00e9alis\u00e9s durant les pourparlers \u00e0 Gen\u00e8ve.<\/p>\n<p><a href=\"https:\/\/www.20minutes.fr\/monde\/ukraine\/\" target=\"_blank\" class=\"c-link c-btn c-btn--primary\" rel=\"noopener\">Notre dossier sur la Guerre en Ukraine<\/a><\/p>\n<p>La version initiale du document avait suscit\u00e9 l\u2019opposition de Kiev et de ses alli\u00e9s europ\u00e9ens, venus dimanche \u00e0 Gen\u00e8ve pour \u00e9viter une paix en forme de capitulation. Salu\u00e9 par le pr\u00e9sident russe Vladimir Poutine, le texte initial du plan de Trump reprend plusieurs exigences cl\u00e9s de Moscou\u00a0: que l\u2019Ukraine lui c\u00e8de des territoires, accepte de r\u00e9duire la taille de son arm\u00e9e et renonce \u00e0 int\u00e9grer l\u2019Otan. Tout en offrant des garanties de s\u00e9curit\u00e9 occidentales \u00e0 Kiev pour pr\u00e9venir toute nouvelle attaque russe. Le texte propose aussi la fin de l\u2019isolement de la Russie \u00e0 l\u2019\u00e9gard du monde occidental, avec sa r\u00e9int\u00e9gration au G8 et la lev\u00e9e progressive des sanctions.<\/p>\n","protected":false},"excerpt":{"rendered":"Si l\u2019on en croit les Etats-Unis, les signaux sont depuis dimanche soir au vert pour obtenir la paix&hellip;\n","protected":false},"author":2,"featured_media":554602,"comment_status":"","ping_status":"","sticky":false,"template":"","format":"standard","meta":{"footnotes":""},"categories":[1590],"tags":[47,11,75,73,1777,674,131,1907,74,12,132,220,555,133,135,134],"class_list":{"0":"post-554601","1":"post","2":"type-post","3":"status-publish","4":"format-standard","5":"has-post-thumbnail","7":"category-ukraine","8":"tag-actualite","9":"tag-actualites","10":"tag-donald-trump","11":"tag-etats-unis","12":"tag-eu","13":"tag-europe","14":"tag-guerre-en-ukraine","15":"tag-marco-rubio","16":"tag-monde","17":"tag-news","18":"tag-russie","19":"tag-ukraine","20":"tag-union-europeenne-ue","21":"tag-video","22":"tag-vladimir-poutine","23":"tag-volodymyr-zelensky"},"share_on_mastodon":{"url":"https:\/\/pubeurope.com\/@fr\/115602582730925410","error":""},"_links":{"self":[{"href":"https:\/\/www.europesays.com\/fr\/wp-json\/wp\/v2\/posts\/554601","targetHints":{"allow":["GET"]}}],"collection":[{"href":"https:\/\/www.europesays.com\/fr\/wp-json\/wp\/v2\/posts"}],"about":[{"href":"https:\/\/www.europesays.com\/fr\/wp-json\/wp\/v2\/types\/post"}],"author":[{"embeddable":true,"href":"https:\/\/www.europesays.com\/fr\/wp-json\/wp\/v2\/users\/2"}],"replies":[{"embeddable":true,"href":"https:\/\/www.europesays.com\/fr\/wp-json\/wp\/v2\/comments?post=554601"}],"version-history":[{"count":0,"href":"https:\/\/www.europesays.com\/fr\/wp-json\/wp\/v2\/posts\/554601\/revisions"}],"wp:featuredmedia":[{"embeddable":true,"href":"https:\/\/www.europesays.com\/fr\/wp-json\/wp\/v2\/media\/554602"}],"wp:attachment":[{"href":"https:\/\/www.europesays.com\/fr\/wp-json\/wp\/v2\/media?parent=554601"}],"wp:term":[{"taxonomy":"category","embeddable":true,"href":"https:\/\/www.europesays.com\/fr\/wp-json\/wp\/v2\/categories?post=554601"},{"taxonomy":"post_tag","embeddable":true,"href":"https:\/\/www.europesays.com\/fr\/wp-json\/wp\/v2\/tags?post=554601"}],"curies":[{"name":"wp","href":"https:\/\/api.w.org\/{rel}","templated":true}]}}