{"id":554610,"date":"2025-11-24T03:40:57","date_gmt":"2025-11-24T03:40:57","guid":{"rendered":"https:\/\/www.europesays.com\/fr\/554610\/"},"modified":"2025-11-24T03:40:57","modified_gmt":"2025-11-24T03:40:57","slug":"fil-info-serbie-grave-atteinte-a-lautonomie-de-luniversite-de-nis","status":"publish","type":"post","link":"https:\/\/www.europesays.com\/fr\/554610\/","title":{"rendered":"Fil info Serbie | Grave atteinte \u00e0 l&rsquo;autonomie de l&rsquo;Universit\u00e9 de Ni\u0161"},"content":{"rendered":"<p>Par la r\u00e9daction<\/p>\n<p><strong>Le Courrier des Balkans informe jour apr\u00e8s jour, depuis le 1er novembre 2024, sur la vague de r\u00e9volte qui soul\u00e8ve la Serbie et qui mobilise aussi les diasporas \u00e0 travers toute l\u2019Europe. Pour ne rien manquer et soutenir le seul m\u00e9dia qui vous informe en fran\u00e7ais sur tous les Balkans, profitez de <a href=\"https:\/\/www.courrierdesbalkans.fr\/Offre-speciale-Abonnez-vous-a-1EUR-le-1er-mois\" target=\"_blank\" rel=\"noopener\">notre offre d\u00e9couverte\u00a0: 1 mois d\u2019abonnement \u00e0 1 euro<\/a>.<\/strong><\/p>\n<p>Grave atteinte \u00e0 l\u2019autonomie de l\u2019Universit\u00e9 de Ni\u0161<\/p>\n<p><strong>23 novembre &#8211; 19h\u00a0:<\/strong> La Facult\u00e9 de Philosophie de l\u2019Universit\u00e9 de Ni\u0161 est victime d\u2019une atteinte grave et ill\u00e9gale \u00e0 son autonomie et \u00e0 son int\u00e9grit\u00e9. Le 6 novembre 2025, le gouvernement a adopt\u00e9 une d\u00e9cision portant cr\u00e9ation d\u2019une \u00ab\u00a0Facult\u00e9 d\u2019\u00e9tudes serbes\u00a0\u00bb, sans l\u2019accord du Conseil universitaire, du Conseil de la facult\u00e9, du Conseil acad\u00e9mique ni de l\u2019ensemble de la communaut\u00e9 universitaire, y compris les \u00e9tudiants. Cette nouvelle \u00ab\u00a0facult\u00e9\u00a0\u00bb sera situ\u00e9e \u00e0 la m\u00eame adresse que la Facult\u00e9 de philosophie, par la suppression forc\u00e9e de trois de ses d\u00e9partements\u00a0: Histoire, Langue et litt\u00e9rature serbes, et Langue et litt\u00e9rature russes. Ceci constitue une violation flagrante de l\u2019autonomie de l\u2019Universit\u00e9. Le fait que le Conseil de la nouvelle \u00ab\u00a0Facult\u00e9 d\u2019\u00e9tudes serbes\u00a0\u00bb soit compos\u00e9 exclusivement de personnes proches du r\u00e9gime en place confirme qu\u2019il s\u2019agit d\u2019un acte \u00e0 motivation politique et non d\u2019une d\u00e9cision acad\u00e9mique ou institutionnelle. En transf\u00e9rant unilat\u00e9ralement des programmes accr\u00e9dit\u00e9s, des \u00e9tudiants et du personnel sans consentement, le gouvernement a viol\u00e9 l\u2019autonomie des \u00e9tablissements d\u2019enseignement sup\u00e9rieur, garantie par la Constitution. Un tel acte est sans pr\u00e9c\u00e9dent dans les soci\u00e9t\u00e9s d\u00e9mocratiques et sape les fondements m\u00eames de la vie universitaire en Serbie.<\/p>\n<p>La Facult\u00e9 de philosophie de Ni\u0161 condamne cat\u00e9goriquement cet acte violent du gouvernement serbe \u2013 un acte in\u00e9dit dans le monde universitaire &#8211; et appelle \u00e0 la solidarit\u00e9. Des dizaines d\u2019universitaires dans le monde ont sign\u00e9 un <a href=\"https:\/\/docs.google.com\/forms\/d\/e\/1FAIpQLSdR2u24n4L_09i32DPPwZr3jmggjDCEZi2FQXK17HdRaPjaAA\/viewform\" class=\"spip_out\" rel=\"external noopener\" target=\"_blank\">appel \u00e0 soutien<\/a>.<\/p>\n<p>Contre la violence\u00a0: \u00ab\u00a0un an, m\u00eame revendication\u00a0\u00bb<\/p>\n<p> <a href=\"https:\/\/www.courrierdesbalkans.fr\/IMG\/jpg\/hq720-2.jpg\" class=\"spip_doc_lien mediabox\" type=\"image\/jpeg\" target=\"_blank\" rel=\"noopener\"><\/p>\n<p><img decoding=\"async\" src=\"https:\/\/www.europesays.com\/fr\/wp-content\/uploads\/2025\/11\/hq720-2.jpg\" width=\"770\" height=\"434\" alt=\"\" class=\"adapt-img\"   loading=\"lazy\" onload=\"this.parentNode.className+=' loaded'\"\/><\/a><\/p>\n<p><strong>22 novembre &#8211; 19h\u00a0:<\/strong> Le 22 novembre 2024, des \u00e9tudiants et leurs professeurs \u00e9taient agress\u00e9s physiquement alors qu\u2019ils rendaient hommage aux victimes de l\u2019accident de Novi Sad. \u00c0 ce jour, aucun des responsables n\u2019a \u00e9t\u00e9 poursuivi en justice.<\/p>\n<p>Un an plus, un cort\u00e8ge a d\u00e9fil\u00e9 dans les rues de Belgrade, sous le sous le slogan\u00a0: \u00ab\u00a0Un an, m\u00eame revendication\u00a0\u00bb. La manifestation a d\u00e9but\u00e9 devant le b\u00e2timent de la Facult\u00e9 d\u2019art dramatique \u00e0 Novi Sad, \u00e0 Belgrade, par un hommage aux victimes de Novi Sad. Au cours de la manifestation, les protestataires se sont rendus sur les lieux des agressions contre les \u00e9tudiants et ont termin\u00e9 leur marche devant le b\u00e2timent de la Radio-T\u00e9l\u00e9vision de Serbie.<\/p>\n<p>\u00ab\u00a0Je suis ici pour marquer une ann\u00e9e d\u2019inaction des institutions, pour perp\u00e9tuer le souvenir de tout ce qui est arriv\u00e9 aux \u00e9tudiants et pour montrer que nous pers\u00e9v\u00e9rons dans la lutte pour la justice\u00a0\u00bb, explique le manifestant Uro\u0161 Savkovi\u0107, cit\u00e9 par <a href=\"https:\/\/www.slobodnaevropa.org\/a\/potest-beograd-studenti-napad-godisnjica\/33598925.html\" class=\"spip_out\" rel=\"external noopener\" target=\"_blank\">RFE\/RL<\/a>. \u00ab\u00a0Rien n\u2019a boug\u00e9 depuis un an, et c\u2019est pourquoi j\u2019esp\u00e8re que nous allons enfin changer de gouvernement\u00a0\u00bb, poursuit une de ses camarades, Melita Vidakovi\u0107.<\/p>\n<p>\u00c0 Novi Sad, tensions et violences autour du bus de Ja\u0107imovi\u0107<\/p>\n<p><strong>17 novembre &#8211; 20h30\u00a0:<\/strong> Au huiti\u00e8me jour de sa gr\u00e8ve de la faim, le transporteur Milomir Ja\u0107imovi\u0107 s\u2019est effondr\u00e9 devant le b\u00e2timent de la Banovina, \u00e0 Novi Sad. Son \u00e9tat est jug\u00e9 stable, mais il refuse toute perfusion. Malgr\u00e9 la restitution d\u2019un de ses bus, il poursuit sa gr\u00e8ve, r\u00e9clamant le retour de l\u2019ensemble de ses v\u00e9hicules et l\u2019annulation de lourdes amendes qu\u2019il estime ill\u00e9gales.<\/p>\n<p>La situation a d\u00e9g\u00e9n\u00e9r\u00e9 lorsque la police a tent\u00e9 d\u2019emmener l\u2019un de ses bus. Des citoyens, venus soutenir le transporteur, ont tent\u00e9 de s\u2019interposer, provoquant plusieurs affrontements.<\/p>\n<p>Un \u00e9tudiant de la Facult\u00e9 des Sciences de Novi Sad, Vuka\u0161in \u0110inovi\u0107, jeune math\u00e9maticien et physicien prim\u00e9, a \u00e9t\u00e9 bless\u00e9 apr\u00e8s avoir re\u00e7u un violent coup de bouclier au visage. Couvert de sang, il affirme avoir \u00e9t\u00e9 frapp\u00e9 \u00ab\u00a0sans aucune raison\u00a0\u00bb.<\/p>\n<p>Une autre vid\u00e9o montre un policier masqu\u00e9 frappant au visage une femme situ\u00e9e en premi\u00e8re ligne, avant de repousser brutalement une seconde manifestante.<\/p>\n<p>Les tensions ont continu\u00e9 dans les rues adjacentes. En soir\u00e9e, le dispositif policier autour du si\u00e8ge du gouvernement provincial \u00e9tait r\u00e9duit, tandis que les soutiens de Ja\u0107imovi\u0107 et de Dijana Hrka restaient rassembl\u00e9s pr\u00e8s des tentes install\u00e9es devant la Banovina.<\/p>\n<p>Dijana Hrka stoppe sa gr\u00e8ve de la faim<\/p>\n<p><strong>17h30\u00a0:<\/strong> Dijana Hrka a annonc\u00e9 qu\u2019elle mettrait fin aujourd\u2019hui \u00e0 sa gr\u00e8ve de la faim, mais qu\u2019elle resterait devant l\u2019Assembl\u00e9e de Serbie.<\/p>\n<p>\u00ab\u00a0Lorsque j\u2019ai dit que je prenais mes distances avec les \u00e9tudiants et les citoyens, on m\u2019a mal comprise. Je voulais dire que personne ne devait se joindre \u00e0 ma gr\u00e8ve. J\u2019inviterai les \u00e9tudiants et les citoyens \u00e0 discuter pour que nous nous mettions d\u2019accord. J\u2019ai re\u00e7u la b\u00e9n\u00e9diction de deux pr\u00eatres pour mettre fin \u00e0 la gr\u00e8ve, ainsi que des appels du personnel m\u00e9dical et de mes enfants pour que j\u2019y mette fin. Et je vais arr\u00eater la gr\u00e8ve aujourd\u2019hui\u00a0\u00bb, a-t-elle d\u00e9clar\u00e9.<\/p>\n<p>Elle a ajout\u00e9 qu\u2019elle pouvait \u00ab\u00a0faire beaucoup plus en \u00e9tant vivante\u00a0\u00bb.<\/p>\n<p>\u00c0 Belgrade et Novi Sad, les gr\u00e8ves de la faim se prolongent<\/p>\n<p><strong>16 novembre &#8211; 13h30\u00a0:<\/strong> Dijana Hrka a entam\u00e9 son quinzi\u00e8me jour de gr\u00e8ve de la faim, tandis que le transporteur Milomir Ja\u0107imovi\u0107 poursuit son action pour le septi\u00e8me jour.<\/p>\n<p>Selon N1, l\u2019\u00e9tat de sant\u00e9 de Dijana Hrka reste pour l\u2019instant stable. Gard\u00e9e par des v\u00e9t\u00e9rans devant le Parlement, elle a \u00e9t\u00e9 examin\u00e9e mardi dans une clinique priv\u00e9e, o\u00f9 elle a re\u00e7u une perfusion. Elle doit y retourner ce mercredi pour un nouveau contr\u00f4le et une th\u00e9rapie. Les v\u00e9t\u00e9rans affirment qu\u2019elle est affaiblie et que la d\u00e9cision de poursuivre ou non lui appartient.<\/p>\n<p>\u00c0 Novi Sad, Milomir Ja\u0107imovi\u0107 continue \u00e9galement sa gr\u00e8ve de la faim devant la Banovina. Il affirme se sentir \u00ab\u00a0bien\u00a0\u00bb malgr\u00e9 la fatigue\u00a0: \u00ab\u00a0Je n\u2019ai plus la force d\u2019avant, mais on ira jusqu\u2019au bout. Depuis qu\u2019on m\u2019a pris mon dernier autobus, je suis d\u00e9j\u00e0 mort, alors pour moi, c\u2019est pareil\u00a0\u00bb, a-t-il d\u00e9clar\u00e9 \u00e0 N1.<\/p>\n<p>Dijana Hrka transport\u00e9e dans une clinique priv\u00e9e<\/p>\n<p><strong>12 novembre &#8211; 21h\u00a0:<\/strong> Des vid\u00e9os publi\u00e9es sur les r\u00e9seaux sociaux montrent que Dijana Hrka a \u00e9t\u00e9 transport\u00e9e \u00e0 l\u2019h\u00f4pital.<\/p>\n<p>Selon ces m\u00eames images, on la voit quitter la tente o\u00f9 elle m\u00e8ne depuis onze jours une gr\u00e8ve de la faim, et \u00eatre conduite vers une clinique priv\u00e9e, accompagn\u00e9e de v\u00e9t\u00e9rans.<\/p>\n<p>Dijana Hrka en gr\u00e8ve de la faim \u00ab\u00a0jusqu\u2019au bout\u00a0\u00bb<\/p>\n<p><strong>17h\u00a0:<\/strong> Dijana Hrka poursuit pour le onzi\u00e8me jour sa gr\u00e8ve de la faim devant le Parlement serbe. Visiblement affaiblie, assise dans un fauteuil roulant, emmitoufl\u00e9e dans une doudoune et une couverture, elle a d\u00e9clar\u00e9\u00a0: \u00ab\u00a0Cela peut m\u2019\u00eatre fatal, mais si cela m\u2019est fatal, peut-\u00eatre que ce sera bien pour vous.\u00a0\u00bb Elle affirme mener ce combat \u00ab\u00a0pour nous tous, pour nos enfants, pour notre avenir\u00a0\u00bb et promet de rester \u00ab\u00a0jusqu\u2019au bout\u00a0\u00bb.<\/p>\n<p>Ce mercredi, deux \u00e9quipes m\u00e9dicales d\u2019urgence sont intervenues pour lui porter assistance. Elle a refus\u00e9 la premi\u00e8re, ne sachant pas qui l\u2019avait appel\u00e9e, avant d\u2019accepter la seconde, contact\u00e9e par des v\u00e9t\u00e9rans. Son \u00e9tat de sant\u00e9 se d\u00e9grade, selon ses proches.<\/p>\n<p>La mobilisation s\u2019amplifie autour de Dijana Hrka, en gr\u00e8ve de la faim depuis onze jours<\/p>\n<p><strong>9h30\u00a0:<\/strong> Apr\u00e8s la mobilisation des lyc\u00e9ens, de plus en plus de citoyens expriment publiquement leur soutien \u00e0 Dijana Hrka, entr\u00e9e dans son onzi\u00e8me jour de gr\u00e8ve de la faim devant le Parlement serbe.<\/p>\n<p>Les lyc\u00e9ens ont \u00e9t\u00e9 les premiers \u00e0 se mobiliser, bloquant leurs \u00e9coles pendant deux jours pour la rejoindre. Mardi soir, plusieurs figures de la sc\u00e8ne artistique serbe se sont rassembl\u00e9es devant le Parlement pour lui manifester leur solidarit\u00e9.<\/p>\n<p>Le mouvement gagne aussi les milieux universitaires\u00a0: plusieurs associations de professeurs ont appel\u00e9 \u00e0 suspendre les cours ce mercredi et \u00e0 rejoindre le rassemblement pr\u00e9vu \u00e0 11h30 devant le Parlement, avant un hommage \u00e0 11h52 \u00e0 Stefan Hrka et aux victimes de la catastrophe.<\/p>\n<p>Les signataires \u2014 parmi lesquels le Pobunjeni univerzitet (Universit\u00e9 rebelle de Belgrade), le Forum de l\u2019Universit\u00e9 des arts, et les Universit\u00e9s libres de Kragujevac, Ni\u0161, Novi Pazar et Novi Sad \u2014 d\u00e9noncent le non-respect par l\u2019\u00c9tat de ses engagements envers les \u00e9tudiants.<\/p>\n<p>Les \u00e9l\u00e8ves de deux lyc\u00e9es de Ni\u0161 ont eux aussi annonc\u00e9 qu\u2019ils boycotteraient les cours en signe de soutien.<\/p>\n<p>Un \u00ab\u00a0mur vivant\u00a0\u00bb contre la destruction du si\u00e8ge de l\u2019\u00e9tat-major \u00e0 Belgrade<\/p>\n<p><strong>11 novembre &#8211; 19h\u00a0:<\/strong> Des milliers d\u2019\u00e9tudiants et de citoyens, r\u00e9unis sous le slogan \u00ab\u00a0Nous sommes un mur vivant\u00a0\u00bb, ont manifest\u00e9 ce 11 novembre contre la d\u00e9molition programm\u00e9e du complexe de l\u2019\u00c9tat-major g\u00e9n\u00e9ral \u00e0 Belgrade. Cette manifestation fait suite \u00e0 l\u2019autorisation, par les autorit\u00e9s serbes, de construire sur le site des b\u00e2timents endommag\u00e9s lors des bombardements de l\u2019OTAN contre la R\u00e9publique f\u00e9d\u00e9rale de Yougoslavie en 1999, gr\u00e2ce \u00e0 une loi sp\u00e9ciale (lex specialis). Jared Kushner, le gendre de Donald Trump, a le projet d\u2019y \u00e9difier <a href=\"https:\/\/www.courrierdesbalkans.fr\/Serbie-le-projet-pharaonique-de-Jared-Kushner-sous-le-feu-des-critiques\" target=\"_blank\" rel=\"noopener\">un complexe h\u00f4telier de luxe<\/a>.<\/p>\n<p>Lors de la manifestation, les \u00e9tudiants ont trac\u00e9 une ligne rouge autour du terrain o\u00f9 se situe le complexe de l\u2019\u00c9tat-major g\u00e9n\u00e9ral, formant ainsi un cordon, ou \u00ab\u00a0mur vivant\u00a0\u00bb, autour des b\u00e2timents. \u00ab\u00a0Nous exigeons l\u2019abrogation de cette loi sp\u00e9ciale concernant le complexe et le terrain de l\u2019\u00c9tat-major g\u00e9n\u00e9ral, l\u2019annulation de la d\u00e9cision ill\u00e9gale du gouvernement de la R\u00e9publique de Serbie et la restitution du statut de bien culturel \u00e0 l\u2019\u00c9tat-major g\u00e9n\u00e9ral\u00a0\u00bb, a d\u00e9clar\u00e9 une \u00e9tudiante s\u2019adressant \u00e0 la foule. Elle a ajout\u00e9 que les \u00e9tudiants exigent \u00e9galement la conclusion de l\u2019enqu\u00eate du parquet charg\u00e9 de la lutte contre le crime organis\u00e9 concernant la falsification du document par lequel le gouvernement serbe a r\u00e9voqu\u00e9 le statut de bien culturel de l\u2019\u00c9tat-major g\u00e9n\u00e9ral en novembre 2024. \u00ab\u00a0C\u2019est un premier avertissement. Nous ne renoncerons pas \u00e0 l\u2019\u00c9tat-major g\u00e9n\u00e9ral\u00a0\u00bb, a-t-elle d\u00e9clar\u00e9.<\/p>\n<p>Un transporteur routier entame une gr\u00e8ve de la faim \u00e0 Novi Sad<\/p>\n<p><strong>10 novembre &#8211; 14h\u00a0:<\/strong> Le transporteur routier Milomir Ja\u0107imovi\u0107, qui transportait gratuitement \u00e9tudiants et citoyens aux manifestations antigouvernementales, a entam\u00e9 une gr\u00e8ve de la faim devant le si\u00e8ge du gouvernement provincial \u00e0 Novi Sad. Son fils devrait se joindre \u00e0 lui.<\/p>\n<p>Milomir Ja\u0107imovi\u0107 d\u00e9clar\u00e9eavoir pris cette d\u00e9cision suite aux nombreuses amendes qui lui ont \u00e9t\u00e9 inflig\u00e9es et \u00e0 la confiscation de ses bus. Il a \u00e9t\u00e9 arr\u00eat\u00e9 \u00e0 plusieurs reprises ces derniers mois. Il estime qu\u2019il s\u2019agit de pressions exerc\u00e9es sur lui en raison de son soutien aux manifestations. \u00ab\u00a0Mes revendications sont simples\u00a0: la restitution de mes bus et l\u2019annulation de ces amendes qui m\u2019ont \u00e9t\u00e9 inflig\u00e9es en violation flagrante de la loi. Ces amendes se chiffrent en millions, elles visent \u00e0 mettre en p\u00e9ril l\u2019entreprise.\u00a0\u00bb<\/p>\n<p>Neuvi\u00e8me jour de gr\u00e8ve de la faim\u00a0: Dijana Hrka d\u00e9nonce les intimidations devant le Parlement<\/p>\n<p><strong>10 novembre &#8211; 10h30\u00a0:<\/strong> Dijana Hrka en est \u00e0 son neuvi\u00e8me jour de gr\u00e8ve de la faim devant le \u0106acilend. Elle a confi\u00e9 se sentir un peu faible, \u00ab\u00a0mais rien de grave\u00a0\u00bb. Un m\u00e9decin l\u2019a examin\u00e9e ce matin, et d\u2019autres contr\u00f4les sont pr\u00e9vus.<\/p>\n<p>Elle affirme qu\u2019une d\u00e9tonation semblable \u00e0 un p\u00e9tard de forte puissance a \u00e9t\u00e9 lanc\u00e9e t\u00f4t ce matin en direction de sa tente, et pr\u00e9vient qu\u2019elle ne mettra pas fin \u00e0 sa gr\u00e8ve tant que \u00ab\u00a0les institutions ne se remettront pas \u00e0 faire leur travail\u00a0\u00bb.<\/p>\n<p>\u00ab\u00a0Je veux simplement demander \u00e0 la police d\u2019o\u00f9 les \u0107aci tiennent ce p\u00e9tard\u00a0?! Est-ce qu\u2019ils essaient de m\u2019effrayer\u00a0?! Que veulent-ils\u00a0?\u00a0\u00bb, a-t-elle lanc\u00e9, indign\u00e9e.<\/p>\n<p>Elle souligne qu\u2019elle devra d\u00e9sormais faire appel \u00e0 des institutions \u00e9trang\u00e8res \u00ab\u00a0face \u00e0 ce qui se passe ici\u00a0\u00bb.<\/p>\n<p>Dijana Hrka affirme que les personnes rassembl\u00e9es \u00e0 \u0106acilend re\u00e7oivent chaque soir des indemnit\u00e9s journali\u00e8res\u00a0: \u00ab\u00a0La police est l\u00e0, la Pr\u00e9sidence est juste \u00e0 c\u00f4t\u00e9, l\u2019Assembl\u00e9e aussi\u2026 Ils pensent qu\u2019on est fous ou quoi\u00a0?\u00a0\u00bb<\/p>\n<p>Face-\u00e0-face tendu entre lyc\u00e9en.nes et \u0107aci devant le Parlement<\/p>\n<p> <a href=\"https:\/\/www.courrierdesbalkans.fr\/IMG\/jpg\/whatsapp_image_2025-11-06_at_17.23_42.jpg\" class=\"spip_doc_lien mediabox\" type=\"image\/jpeg\" target=\"_blank\" rel=\"noopener\"><\/p>\n<p><img decoding=\"async\" src=\"https:\/\/www.europesays.com\/fr\/wp-content\/uploads\/2025\/11\/whatsapp_image_2025-11-06_at_17.23_42.jpg\" width=\"770\" height=\"578\" alt=\"\" class=\"adapt-img\"   loading=\"lazy\" onload=\"this.parentNode.className+=' loaded'\"\/><\/a><\/p>\n<p><strong>\u00ab\u00a0Nous portons notre costume avec fiert\u00e9, nous demandons la v\u00e9rit\u00e9 avec raison. Valjevo avec Dijana.\u00a0\u00bb<br \/>\n<\/strong><\/p>\n<p>\u00a9 Philippe Bertinchamps\/ CdB\n<\/p>\n<p><strong>6 novembre 17h15\u00a0:<\/strong> Les lyc\u00e9en.nes de plusieurs villes de Serbie se sont donn\u00e9s rendez-vous sur la place du Parlement, d\u2019autres sont encore attendus de Zemun. Ils apportent \u00e0 Dijana Hrka, en gr\u00e8ve de la faim depuis dimanche. Celle-ci a lanc\u00e9 un ultimatum pour que les \u0107aci stoppent la musique qu\u2019ils diffusent \u00e0 plein volume depuis leur campement du Parc des Pionniers. Le face-\u00e0-face, comme chaque soir, est tendu.<\/p>\n<p>Belgrade\u00a0: face au Parlement, le SNS mobilise ses partisans<\/p>\n<p><strong>5 novembre 18h15\u00a0:<\/strong> Dijana Hrka poursuit pour le quatri\u00e8me jour sa gr\u00e8ve de la faim devant le Parlement serbe, alors qu\u2019en face les partisans du pouvoir organisent un contre-rassemblement. De plus en plus de citoyens arrivent pour soutenir Dijana Hrka, tandis que la foule est en train de grossir dans le \u0106acilend.<\/p>\n<p>De nombreux bus ont achemin\u00e9 vers Belgrade des sympathisants du Parti progressiste serbe (SNS) depuis plusieurs villes du pays. D\u2019importantes forces de police en tenue anti\u00e9meute s\u00e9parent les deux camps, tandis que la circulation est bloqu\u00e9e dans le centre.<\/p>\n<p>Un peu avant 17 heures, les partisans du SNS, install\u00e9s dans leur campement, ont commenc\u00e9 \u00e0 diffuser \u00e0 plein volume des chants nationalistes, tandis que les partisans de Dijana Hrka r\u00e9pondaient par des hu\u00e9es, des coups de sifflet et des bruits de casseroles.<\/p>\n<p>Plusieurs responsables politiques d\u2019opposition ont condamn\u00e9 la tenue du contre-meeting du SNS. Le d\u00e9put\u00e9 Radomir Lazovi\u0107 a d\u00e9nonc\u00e9 une \u00ab\u00a0provocation ind\u00e9cente\u00a0\u00bb, tandis que le parti Srbija centar (SRCE) accuse les autorit\u00e9s de mobiliser les ressources publiques\u00a0: des bus transportant les partisans du pr\u00e9sident Vu\u010di\u0107 sont gar\u00e9s en face du Palata Srbija, sans intervention de la police. Le parti d\u00e9nonce une \u00ab\u00a0privatisation de l\u2019\u00c9tat\u00a0\u00bb et appelle \u00e0 une enqu\u00eate du Parquet sur ces abus.<\/p>\n<p>Des rassemblements de soutien \u00e0 Dijana Hrka sont \u00e9galement annonc\u00e9s ce soir dans d\u2019autres villes de Serbie, notamment \u00e0 Novi Sad, Gornji Milanovac, Kragujevac et \u010ca\u010dak.<\/p>\n<p>\u00c0 pied de Novi Sad \u00e0 Belgrade pour soutenir Dijana Hrka en gr\u00e8ve de la faim<\/p>\n<p><strong>4 novembre &#8211; 9h\u00a0:<\/strong> Les \u00e9tudiant.es et lyc\u00e9en.nes parti.es \u00e0 pied de Novi Sad sont arriv\u00e9s lundi soir \u00e0 Belgrade. Ils ont \u00e9t\u00e9 accueillis par des centaines de citoyen.nes qui entourent Dijana Hrka, la m\u00e8re d\u2019une des victimes de la gare, qui a entam\u00e9 dimanche une gr\u00e8ve de la faim. Les marcheur.ses lui ont offert un bouquet de fleurs.<\/p>\n<p>Calme pr\u00e9caire devant le Parlement, les sympathisants du r\u00e9gime afflient au \u00ab\u00a0\u0106aciland\u00a0\u00bb<\/p>\n<p><strong>3 novembre &#8211; 14h20\u00a0:<\/strong> La police annonce avoir interpel\u00e9 37 personnes dimanche soir, lors des heurts survenus entre partisans et adversaires du r\u00e9gime, dont le basketteur Vladimir \u0160timac. Ce lundi, le calme pr\u00e9valait aux abords du Parlement, tandis que des renforts ne cessent d\u2019arriver au \u00ab\u00a0\u0106aciland\u00a0\u00bb, o\u00f9 se rassemblent les partisans du gouvernement.<\/p>\n<p>Dijana Hrka, m\u00e8re d\u2019une des victimes de la gare de Novi Sad, poursuit sa gr\u00e8ve de la faim, entour\u00e9e d\u2019une poign\u00e9e de sympathisant.es, notamment des lyc\u00e9en.nes.<\/p>\n<p>Belgrade\u00a0: une soir\u00e9e de violences et de tension devant le Parlement<\/p>\n<p><strong>3 novembre &#8211; 7h15\u00a0:<\/strong> Lors de la manifestation de soutien \u00e0 Dijana Hrka, la m\u00e8re d\u2019une des seize victimes de l\u2019effondrement d\u2019un auvent \u00e0 Novi Sad il y a un an, qui a entam\u00e9 une gr\u00e8ve de la faim dimanche, de violents incidents ont \u00e9clat\u00e9 dans le centre de Belgrade, des engins pyrotechniques ayant \u00e9t\u00e9 lanc\u00e9s sur les manifestants depuis le \u00ab\u00a0\u0106aciland\u00a0\u00bb, o\u00f9 se rassemblent les partisans du gouvernement.<\/p>\n<p>Une altercation a \u00e9clat\u00e9, mais la police est intervenue et a s\u00e9par\u00e9 les deux groupes. Dans la soir\u00e9e, Dijana Hrka s\u2019est adress\u00e9e \u00e0 la police au m\u00e9gaphone, leur signifiant qu\u2019ils seraient tenus responsables de ces incidents. La situation s\u2019est apais\u00e9e avec un important d\u00e9ploiement policier. Une quinzaine de gendarmes et de fourgons de police ont \u00e9galement \u00e9t\u00e9 aper\u00e7us dans les rues autour du Parlement serbe.<\/p>\n<p>Les \u00e9tudiants ont appel\u00e9 chacun \u00ab\u00a0\u00e0 ne pas c\u00e9der aux provocations, \u00e0 prendre soin les uns des autres et \u00e0 se d\u00e9placer en groupe jusqu\u2019\u00e0 ce que tous soient rentr\u00e9s chez eux sains et saufs\u00a0\u00bb, ajoutant\u00a0: \u00ab\u00a0il ne faut pas laisser Dijana Hrka seule. le plus important est qu\u2019elle soit en s\u00e9curit\u00e9\u00a0\u00bb, mais si \u00ab\u00a0elle d\u00e9cide de rester, il est important qu\u2019elle soit entour\u00e9e de personnes de confiance, afin de b\u00e9n\u00e9ficier d\u2019un soutien ad\u00e9quat\u00a0\u00bb.<\/p>\n<p>Belgrade\u00a0: vives tensions devant le Parlement<\/p>\n<p><strong>2 novembre &#8211; 19h15\u00a0:<\/strong> Un important rassemblement a lieu devant le Parlement de Serbie \u00e0 Belgrade, o\u00f9 Dijana Hrka, la m\u00e8re de Stefan Hrka, l\u2019une des seize victimes de l\u2019effondrement de l\u2019auvent de la gare de Novi Sad, a entam\u00e9 une gr\u00e8ve de la faim pour exiger que le pr\u00e9sident Aleksandar Vu\u010di\u0107 r\u00e9ponde \u00e0 trois de ses demandes li\u00e9es \u00e0 la trag\u00e9die.<\/p>\n<p>Un dispositif policier massif, incluant des unit\u00e9s anti\u00e9meutes, a \u00e9t\u00e9 d\u00e9ploy\u00e9 autour du b\u00e2timent, emp\u00eachant les manifestants d\u2019approcher. Les soutiens de la m\u00e8re endeuill\u00e9e, v\u00eatue d\u2019un tee-shirt portant l\u2019inscription \u00ab\u00a0Mama protiv ma\u0161inerije\u00a0\u00bb (une m\u00e8re contre la machinerie), ont scand\u00e9 son nom et des slogans hostiles au pr\u00e9sident serbe.<\/p>\n<p>De plus en plus de partisans du r\u00e9gime se rassemblent \u00e9galement devant les tentes du \u0106acilend, tandis qu\u2019un espace vide et un cordon de police les s\u00e9parent du reste de la foule venue soutenir Dijana Hrka.<\/p>\n<p>La tension a \u00e9t\u00e9 aliment\u00e9e par les propos du r\u00e9dacteur en chef du tablo\u00efd Informer, Dragan J. Vu\u010di\u0107evi\u0107, qui a affirm\u00e9 sur les r\u00e9seaux sociaux que Dijana Hrka avait \u00e9t\u00e9 \u00ab\u00a0amen\u00e9e \u00e0 la gr\u00e8ve de la faim directement depuis la p\u00e2tisserie Pelivan\u00a0\u00bb. La c\u00e9l\u00e8bre enseigne belgradoise a rapidement d\u00e9menti et d\u00e9clar\u00e9 soutenir la m\u00e8re de victime\u00a0: \u00ab\u00a0Chez Pelivan, chacun peut se reposer, boire de l\u2019eau ou aller aux toilettes \u2014 c\u2019est un geste \u00e9l\u00e9mentaire d\u2019humanit\u00e9.\u00a0\u00bb<\/p>\n<p>Des bouteilles d\u2019eau, puis des p\u00e9tards et des bombes fumig\u00e8nes ont \u00e9t\u00e9 lanc\u00e9s, sans qu\u2019il soit possible d\u2019en d\u00e9terminer l\u2019origine.<\/p>\n<p>Des rassemblements le 1er novembre dans pr\u00e8s de 70 villes du monde<\/p>\n<p> <a href=\"https:\/\/www.courrierdesbalkans.fr\/IMG\/jpg\/az251101-13.jpg\" class=\"spip_doc_lien mediabox\" type=\"image\/jpeg\" target=\"_blank\" rel=\"noopener\"><\/p>\n<p><img decoding=\"async\" src=\"https:\/\/www.europesays.com\/fr\/wp-content\/uploads\/2025\/11\/az251101-13.jpg\" width=\"770\" height=\"513\" alt=\"\" class=\"adapt-img\"   loading=\"lazy\" onload=\"this.parentNode.className+=' loaded'\"\/><\/a><\/p>\n<p><strong>Rassemblement le 1er novembre \u00e0 Berne<br \/>\n<\/strong><\/p>\n<p>\u00a9 Alexandra Zdravkovic\n<\/p>\n<p><strong>18h\u00a0:<\/strong> La diaspora serbe s\u2019est fortement mobilis\u00e9e le 1er novembre, avec plus d\u2019une cinquantaine de rassemblements \u00e0 travers le monde, notamment en Europe et en Am\u00e9rique du Nord. Les groupes de soutien serbes de six villes suisses \u2013 actifs depuis janvier 2025 \u2013 ont d\u00e9cid\u00e9 de comm\u00e9morer conjointement ce moment symbolique \u00e0 Berne, la capitale f\u00e9d\u00e9rale.<\/p>\n<p>D\u00e8s 13h30, plusieurs centaines de personnes se sont rassembl\u00e9es sur la place Waisenhaus, au c\u0153ur de Berne. Dans leurs interventions d\u2019ouverture, les organisateurs ont rappel\u00e9 les \u00e9v\u00e9nements marquants qui se sont produits en Serbie lors de l\u2019ann\u00e9e pass\u00e9e, ainsi que les motifs de cette mobilisation. Ils ont d\u00e9nonc\u00e9 la r\u00e9pression men\u00e9e contre les \u00e9tudiants et les citoyens depuis novembre 2024, tout en \u00e9voquant la r\u00e9cente r\u00e9solution adopt\u00e9e par le Parlement europ\u00e9en.<\/p>\n<p>\u00ab\u00a0Nous sommes ici pour nous souvenir des victimes et affirmer notre engagement commun pour une d\u00e9mocratie pluraliste en Serbie. Aujourd\u2019hui, nous sommes \u00e0 Berne \u2013 pour toutes celles et ceux de Novi Sad\u00a0\u00bb, ont-ils d\u00e9clar\u00e9. Les intervenants ont \u00e9galement appel\u00e9 le gouvernement suisse \u00e0 prendre une position claire contre la r\u00e9pression en Serbie, en suspendant toutes les licences d\u2019exportation actuelles et futures relatives \u00e0 la vente ou l\u2019exportation de technologies de surveillance et de logiciels espions utilis\u00e9s en Serbie contre les journalistes et les manifestants. Ils ont \u00e9galement sollicit\u00e9 que la Suisse aborde la situation en Serbie devant le Comit\u00e9 des droits de l\u2019homme de l\u2019ONU, en relation avec la libert\u00e9 de la presse, les violations des droits fondamentaux et les atteintes aux libert\u00e9s civiles. Ils demandent aussi que le r\u00e9gime de Belgrade soit publiquement d\u00e9nonc\u00e9 par la Suisse.<\/p>\n<p>Apr\u00e8s les discours d\u2019ouverture, le cort\u00e8ge a d\u00e9fil\u00e9 pendant environ une heure dans les rues du centre de Berne. Les participants portaient des banderoles en allemand, en fran\u00e7ais et en serbe, la principale proclamant\u00a0: \u00ab\u00a0Pour la d\u00e9mocratie, la justice et la fin de la violence en Serbie.\u00a0\u00bb<\/p>\n<p>Sur la place Waisenhaus, un message de Dijana Hrka, la m\u00e8re de l\u2019une des victimes de la gare de Novi Sad, a \u00e9t\u00e9 lu\u00a0: \u00ab\u00a0Pour tous les parents, pour tous ceux qui ont subi une perte sans jamais abandonner \u2014 merci de garder en m\u00e9moire. Merci de pr\u00e9server la m\u00e9moire \u00e0 distance et de faire r\u00e9sonner en Serbie la voix de la conscience.\u00a0\u00bb<\/p>\n<p>Seize roses blanches ont ensuite \u00e9t\u00e9 d\u00e9pos\u00e9es sur seize c\u0153urs rouges portant les noms des victimes, suivies de seize minutes de silence. Ce moment de recueillement, charg\u00e9 d\u2019\u00e9motion, a constitu\u00e9 le point culminant de la comm\u00e9moration.<\/p>\n<p>La lecture d\u2019une lettre des \u00e9tudiants de Novi Sad a cl\u00f4tur\u00e9 l\u2019\u00e9v\u00e9nement, soulignant\u00a0: \u201cL\u2019effondrement de l\u2019auvent (de la gare de Novi Sad) a mis en lumi\u00e8re un syst\u00e8me qui touche \u00e0 sa limite, mais c\u2019\u00e9tait \u00e9galement un \u00e9veil. Nous, \u00e9tudiants, restons debout et ne d\u00e9tournons pas le regard. Nous n\u2019oublions pas\u00a0! Ensemble (avec le peuple en Serbie et la diaspora), nous faisons entendre une voix plus puissante que la peur et l\u2019indiff\u00e9rence. Gr\u00e2ce \u00e0 la solidarit\u00e9, nous pouvons construire une soci\u00e9t\u00e9 o\u00f9 plus personne n\u2019est victime d\u2019abandon \u2013 une soci\u00e9t\u00e9 dans laquelle la justice et la responsabilit\u00e9 ne sont pas des privil\u00e8ges, mais une norme.\u201d<\/p>\n<p>La m\u00e8re d\u2019une des victimes de Novi Sad entame une gr\u00e8ve de la faim<\/p>\n<p><strong>2 novembre &#8211; 16h\u00a0:<\/strong> Des unit\u00e9s de la police anti-\u00e9meute lourdement \u00e9quip\u00e9es sont intervenus rue Kneza Milo\u0161a, \u00e0 proximit\u00e9 du Parlement serbe, o\u00f9 Dijana Hrka, la m\u00e8re d\u2019une victime de Novi Sad, a entam\u00e9 une gr\u00e8ve de la faim \u00e0 11h52 ce matin. La police emp\u00eache d\u2019approcher les \u00e9tudiants arriv\u00e9s en nombre pour la soutenir.<\/p>\n<p><strong>2 novembre &#8211; 11h\u00a0:<\/strong> Dijana Hrka, la m\u00e8re de Stefan Hrka, d\u00e9c\u00e9d\u00e9 dans l\u2019effondrement de l\u2019auvent de la gare de Novi Sad, a annonc\u00e9 qu\u2019elle entamerait une gr\u00e8ve de la faim devant le Parlement serbe ce dimanche 2 novembre \u00e0 11h52, en guise de \u00ab\u00a0critique du r\u00e9gime d\u2019Aleksandar Vu\u010di\u0107, qui cache la v\u00e9rit\u00e9 sur le meurtre\u00a0\u00bb de son fils et des quinze autres victimes depuis un an.<\/p>\n<p>Jour de col\u00e8re et de recueillement \u00e0 Novi Sad\u00a0ce\u00a01er\u00a0novembre<\/p>\n<p><strong>1er novembre &#8211; 21h\u00a0:<\/strong> Des \u00e9tudiants hongrois qui voulaient manifester en solidarit\u00e9 avec les \u00e9tudiants serbes \u00e0 Novi Sad ont \u00e9t\u00e9 emp\u00each\u00e9s de p\u00e9n\u00e9trer en Serbie par les gardes-fronti\u00e8res serbes. Ils arrivaient en voiture, en minibus et en autocar Flixbus. Sur trente \u00e9tudiants, onze ont pu passer la fronti\u00e8re et rejoindre Novi Sad. Tous ceux qui avaient \u00e9t\u00e9 pr\u00e9c\u00e9demment en Serbie ont \u00e9t\u00e9 refoul\u00e9s, apr\u00e8s trois heures d\u2019attente. \u00ab\u00a0Nous avons tous re\u00e7u un document indiquant que nous repr\u00e9sentons une menace pour la s\u00e9curit\u00e9 nationale de l\u2019\u00c9tat serbe\u00a0\u00bb, explique \u00e0 24.hu Anna Horv\u00e1th, du syndicat \u00e9tudiant (Hasz). Des talkies-walkies, des autocollants et des badges ont \u00e9t\u00e9 confisqu\u00e9s et deux \u00e9tudiantes ont \u00e9t\u00e9 d\u00e9shabill\u00e9es en sous-v\u00eatements.<\/p>\n<p><strong>1er novembre &#8211; 16h20\u00a0:<\/strong> Diana Hrka, la m\u00e8re de Stefan, l\u2019une des victimes du 1er novembre 2024, a annonc\u00e9 entamer une gr\u00e8ve de la faim.<\/p>\n<p><strong>1er novembre &#8211; 15h25\u00a0:<\/strong>  Des dizaines de milliers de personnes d\u00e9posent des fleurs et allument des bougies devant l\u2019auvent, en hommage aux victimes.<\/p>\n<p> <a href=\"https:\/\/www.courrierdesbalkans.fr\/IMG\/jpg\/whatsapp_image_2025-11-01_a_14.28_33_3f575fb2.jpg\" class=\"spip_doc_lien mediabox\" type=\"image\/jpeg\" target=\"_blank\" rel=\"noopener\"><\/p>\n<p><img decoding=\"async\" src=\"https:\/\/www.europesays.com\/fr\/wp-content\/uploads\/2025\/11\/whatsapp_image_2025-11-01_a_14.28_33_3f575fb2.jpg\" width=\"770\" height=\"356\" alt=\"\" class=\"adapt-img\"   loading=\"lazy\" onload=\"this.parentNode.className+=' loaded'\"\/><\/a><\/p>\n<p>@Milica \u010cubrilo Filipovi\u0107 \/ CdB\n<\/p>\n<p> <a href=\"https:\/\/www.courrierdesbalkans.fr\/IMG\/jpg\/whatsapp_image_2025-11-01_a_14.28_45_5dfe0bd9.jpg\" class=\"spip_doc_lien mediabox\" type=\"image\/jpeg\" target=\"_blank\" rel=\"noopener\"><\/p>\n<p><img decoding=\"async\" src=\"https:\/\/www.europesays.com\/fr\/wp-content\/uploads\/2025\/11\/whatsapp_image_2025-11-01_a_14.28_45_5dfe0bd9.jpg\" width=\"770\" height=\"356\" alt=\"\" class=\"adapt-img\"   loading=\"lazy\" onload=\"this.parentNode.className+=' loaded'\"\/><\/a><\/p>\n<p>@Milica \u010cubrilo Filipovi\u0107 \/ CdB\n<\/p>\n<p><strong>1er novembre &#8211; 11h30\u00a0:<\/strong> 16 cort\u00e8ges convergent vers la gare de Novi Sad o\u00f9 se tiendra la comm\u00e9moration principale \u00e0 11h52 pr\u00e9cises, heure de l\u2019accident l\u2019an dernier.<\/p>\n<p> <a href=\"https:\/\/www.courrierdesbalkans.fr\/IMG\/jpg\/novi_sad-3.jpg\" class=\"spip_doc_lien mediabox\" type=\"image\/jpeg\" target=\"_blank\" rel=\"noopener\"><\/p>\n<p><img decoding=\"async\" src=\"https:\/\/www.europesays.com\/fr\/wp-content\/uploads\/2025\/11\/novi_sad-3.jpg\" width=\"770\" height=\"557\" alt=\"\" class=\"adapt-img\"   loading=\"lazy\" onload=\"this.parentNode.className+=' loaded'\"\/><\/a><\/p>\n<p>Novi Sad le 1er novembre 2025.\n<\/p>\n<p>@Milica \u010cubrilo Filipovi\u0107 \/ CdB\n<\/p>\n<p> <a href=\"https:\/\/www.courrierdesbalkans.fr\/IMG\/jpg\/novi_sad_2.jpg\" class=\"spip_doc_lien mediabox\" type=\"image\/jpeg\" target=\"_blank\" rel=\"noopener\"><\/p>\n<p><img decoding=\"async\" src=\"https:\/\/www.europesays.com\/fr\/wp-content\/uploads\/2025\/11\/novi_sad_2.jpg\" width=\"770\" height=\"577\" alt=\"\" class=\"adapt-img\"   loading=\"lazy\" onload=\"this.parentNode.className+=' loaded'\"\/><\/a><\/p>\n<p>Novi Sad le 1er novembre 2025.\n<\/p>\n<p>@Milica \u010cubrilo Filipovi\u0107 \/ CdB\n<\/p>\n<p><strong>1er novembre &#8211; 7h30\u00a0:<\/strong> C\u2019est le d\u00e9but d\u2019une longue journ\u00e9e de comm\u00e9morations et de manifestations \u00e0 Novi Sad.<br \/>\n<br \/>\u00a0Les citoyens vont se rassembler \u00e0 10 heures du matin \u00e0 16 endroits diff\u00e9rents de la ville\u00a0;<br \/>\n<br \/>\u00a0puis ils convergeront vers la gare de Novi Sad o\u00f9 sont morts 16 personnes il y a un an, o\u00f9 ils sont attendus \u00e0 11h30\u00a0;<br \/>\n<br \/>\u00a0\u00e0 11h52, ils rendront hommage aux victimes de l\u2019effondrement du auvent de la gare\u00a0;<\/p>\n<p>La suite du programme est plus floue, les \u00e9tudiants ayant gard\u00e9 secret leurs actions de l\u2019apr\u00e8s-midi, qui pourraient prendre la forme d\u2019une grande manifestation et de flashmobs anti-gouvernementaux. Le programme principal d\u00e9butera \u00e0 13h30, mais son contenu et son lieu restent encore inconnus.<\/p>\n<p>Les \u00e9tudiants diffuseront la s\u00e9rie \u00ab\u00a0Prekretnica\u00a0\u00bb \u00e0 15h30 et organiseront une exposition \u00e0 18h30 sur les quais, avant un dernier hommage aux victimes.<\/p>\n<p>Des dizaines de milliers de personnes convergent \u00e0 Novi Sad<\/p>\n<p> <a href=\"https:\/\/www.courrierdesbalkans.fr\/IMG\/jpg\/unnamed-465.jpg\" class=\"spip_doc_lien mediabox\" type=\"image\/jpeg\" target=\"_blank\" rel=\"noopener\"><\/p>\n<p><img decoding=\"async\" src=\"https:\/\/www.europesays.com\/fr\/wp-content\/uploads\/2025\/11\/unnamed-465.jpg\" width=\"770\" height=\"513\" alt=\"\" class=\"adapt-img\"   loading=\"lazy\" onload=\"this.parentNode.className+=' loaded'\"\/><\/a><\/p>\n<p><strong>Arriv\u00e9e des \u00e9tudiant.es marcheur.ses \u00e0 Novi Sad<br \/>\n<\/strong><\/p>\n<p>\u00a9 Marija Jankovi\u0107\/ CdB\n<\/p>\n<p><strong>31 octobre &#8211; 21h15\u00a0:<\/strong> Des dizaines de milliers de personnes sont r\u00e9unies \u00e0 Novi Sad pour accueiller les \u00e9tudiant.es et les lyc\u00e9en.nes qui convergent \u00e0 pied vers la ville. Les premiers \u00e0 arriver ont \u00e9t\u00e9 le groupe d\u2019\u00e9tudiant.es de Novi Pazar, dans le sud-ouest de la Serbie, qui avaient parcouru la plus longue distance. Ils ont \u00e9t\u00e9 accueillis par des feux d\u2019artifice, des torches, des applaudissements et une ovation. Leurs camarades de Novi Sad leur ont remis des certificats de reconnaissance \u00ab\u00a0pour chaque pas accompli dans la lutte pour la libert\u00e9\u00a0\u00bb.<\/p>\n<p>\u00c9motion \u00e0 Novi Sad, deuil national en Serbie, Vu\u010di\u0107 \u00ab\u00a0s\u2019excuse\u00a0\u00bb<\/p>\n<p><strong>31 octobre &#8211; 19h\u00a0:<\/strong> La Serbie observera un deuil national samedi 1er novembre, en m\u00e9moire des seize personnes tu\u00e9es un an plus t\u00f4t par la chute de l\u2019auvent de la gare de Novi Sad. D\u00e9fi\u00e9 par un mouvement social d\u2019une force inattendue, le pr\u00e9sident Aleksandar Vu\u010di\u0107 a appel\u00e9 \u00e0 une comm\u00e9moration pacifique de l\u2019anniversaire de la trag\u00e9die et a pr\u00e9sent\u00e9 ses \u00ab\u00a0excuses\u00a0\u00bb pour ses propos concernant les \u00e9tudiants. Tout au long de la journ\u00e9e, les citoyens ont d\u00e9pos\u00e9 des fleurs et allum\u00e9 des bougies devant la gare de Novi Sad.<\/p>\n<p>Des milliers de personnes convergent vers Novi Sad, un an apr\u00e8s la trag\u00e9die de la gare<\/p>\n<p> <a href=\"https:\/\/www.courrierdesbalkans.fr\/IMG\/jpg\/photo-2025-10-31-22-06-31.jpg\" class=\"spip_doc_lien mediabox\" type=\"image\/jpeg\" target=\"_blank\" rel=\"noopener\"><\/p>\n<p><img decoding=\"async\" src=\"https:\/\/www.europesays.com\/fr\/wp-content\/uploads\/2025\/11\/photo-2025-10-31-22-06-31.jpg\" width=\"770\" height=\"356\" alt=\"\" class=\"adapt-img\"   loading=\"lazy\" onload=\"this.parentNode.className+=' loaded'\"\/><\/a><\/p>\n<p><strong>Novi Sad, 31 octobre 2025<br \/>\n<\/strong><\/p>\n<p>\u00a9 Milica \u010cubrilo-Filipovi\u0107\/ CdB\n<\/p>\n<p><strong>31 octobre &#8211; 17h\u00a0:<\/strong> Des milliers de personnes, \u00e9tudiants, lyc\u00e9ens et citoyens, convergent vers la ville de Novi Sad pour comm\u00e9morer, samedi 1er novembre, le premier anniversaire de l\u2019accident de la gare de Novi Sad qui a co\u00fbt\u00e9 la vie \u00e0 16 personnes. Ils viennent de toutes les r\u00e9gions de Serbie, de Subotica au Nord, de Ni\u0161 au Sud-Est&#8230; Certains ont parcouru plus de 400 kilom\u00e8tres depuis Novi Pazar, lors d\u2019<a href=\"https:\/\/www.courrierdesbalkans.fr\/Serbie-la-marche-des-etudiants-de-Novi-Pazar-fait-tomber-tous-les-stereotypes\" target=\"_blank\" rel=\"noopener\">une marche qui a fait tomber tous les st\u00e9r\u00e9otypes<\/a>. A chaque \u00e9tape, les marcheurs ont \u00e9t\u00e9 chaleureusement accueillis par la population locale.<\/p>\n<p>Sur place, notre correspondante rapporte les mots de Klara, une habitante de Novi Sad quinquag\u00e9naire\u00a0: \u00ab\u00a0le 1er novembre est l\u2019un des jours les plus tragiques de l\u2019histoire de notre ville. Le soutien venu de tout le pays est incommensurable\u00a0\u00bb. \u00ab\u00a0Seize personnes ont perdu la vie au nom d\u2019int\u00e9r\u00eats priv\u00e9s et \u00e0 cause de la n\u00e9gligence des institutions\u00a0\u00bb, rappelle Klara.<\/p>\n<p><strong>Lire notre reportage <a href=\"https:\/\/www.courrierdesbalkans.fr\/Serbie-la-marche-des-etudiants-de-Novi-Pazar-fait-tomber-tous-les-stereotypes\" target=\"_blank\" rel=\"noopener\">La marche des \u00e9tudiants de Novi Pazar fait tomber tous les st\u00e9r\u00e9otypes<\/a> &amp; et notre article d\u2019explications qui revient sur <a href=\"https:\/\/www.courrierdesbalkans.fr\/Revolte-en-Serbie-l-historique-du-mouvement-et-les-revendications-des-etudiants\" target=\"_blank\" rel=\"noopener\">Un an de r\u00e9volte en Serbie\u00a0: historique du mouvement et revendications<\/a><\/strong><\/p>\n<p><strong>31 octobre &#8211; 16h30\u00a0:<\/strong> La d\u00e9l\u00e9gation de l\u2019Union europ\u00e9enne en Serbie ainsi que la grande majorit\u00e9 des ambassades des Etats membres de l\u2019UE, dont la France, ont publi\u00e9 une d\u00e9claration conjointe dans laquelles ils appellent \u00ab\u00a0chacun \u00e0 faire preuve de retenue, \u00e0 d\u00e9samorcer les tensions et \u00e0 \u00e9viter toute violence\u00a0\u00bb. \u00ab\u00a0Notre objectif commun est d\u2019aider la Serbie \u00e0 progresser sur la voie de l\u2019adh\u00e9sion \u00e0 l\u2019UE gr\u00e2ce au dialogue, au respect mutuel et \u00e0 des progr\u00e8s concrets sur les r\u00e9formes cl\u00e9s \u2013 notamment dans les domaines de l\u2019\u00c9tat de droit, du cadre \u00e9lectoral et de la libert\u00e9 des m\u00e9dias \u2013 qui sont essentielles pour une Serbie plus juste, plus s\u00fbre et plus r\u00e9siliente\u00a0\u00bb, affirme aussi le communiqu\u00e9.<\/p>\n<p>Au moins 89 agressions de journalistes recens\u00e9es par RSF en un an<\/p>\n<p><strong>30 octobre &#8211; 17h50\u00a0:<\/strong> Pr\u00e8s d\u2019un an apr\u00e8s le d\u00e9but des manifestations, d\u00e9clench\u00e9es par l\u2019effondrement meurtrier d\u2019une gare au nord de la Serbie, le 1er novembre 2024, les journalistes qui les couvrent continuent d\u2019\u00eatre pris pour cible. Les professionnels des m\u00e9dias ont \u00e9t\u00e9 victimes d\u2019au moins 89 agressions physiques en un an, un record.<\/p>\n<p><a href=\"https:\/\/rsf.org\/fr\/manifestations-en-serbie-au-moins-89-agressions-de-journalistes-recens%C3%A9es-par-rsf-en-un\" class=\"spip_out\" rel=\"external noopener\" target=\"_blank\">Reporters sans fronti\u00e8res (RSF)<\/a> soutient l\u2019Association ind\u00e9pendante des journalistes de Serbie (NUNS) par une aide financi\u00e8re et technique pour la fourniture d\u2019\u00e9quipements de protection.<\/p>\n<p> Les \u00e9tudiants de Novi Pazar ont fait \u00e9tape \u00e0 Belgrade et poursuivent la route vers Novi Sad<\/p>\n<p><strong>29 octobre &#8211; 17h40\u00a0:<\/strong> Des milliers de citoyens de Belgrade ont salu\u00e9 le d\u00e9part des \u00e9tudiants de Novi Pazar, qui se dirigeaient \u00e0 pied vers Novi Sad le 29 octobre, pour le rassemblement comm\u00e9moratif pr\u00e9vu le 1er novembre dans cette ville. Les \u00e9tudiants de Novi Pazar, \u00e0 Belgrade, ont pass\u00e9 la nuit chez des habitants qui les ont h\u00e9berg\u00e9s.<\/p>\n<p>\u00c0 midi, devant le <a href=\"https:\/\/www.courrierdesbalkans.fr\/Rentree-des-classes-en-Serbie-licenciements-et-rassemblements\" target=\"_blank\" rel=\"noopener\">lyc\u00e9e n\u00b05<\/a> de Belgrade, ils ont rendu hommage, aux c\u00f4t\u00e9s de citoyens et d\u2019\u00e9tudiants r\u00e9clamant la d\u00e9mission du proviseur, aux seize personnes d\u00e9c\u00e9d\u00e9es lors de l\u2019effondrement de la verri\u00e8re de la gare de Novi Sad le 1er novembre.<\/p>\n<p>La veille au soir, \u00e0 leur arriv\u00e9e dans la capitale serbe, une foule immense les avait accueillis au terme de leur marche de 400 kilom\u00e8tres. Au programme\u00a0: acclamations, tapis rouge, musique, torches, feux d\u2019artifice et chants saluant \u00ab\u00a0Novi Pazar\u00a0!\u00a0\u00bb<\/p>\n<p>Amar Misirli\u0107, membre du groupe d\u2019\u00e9tudiants de Novi Pazar, a confi\u00e9 son \u00e9motion \u00e0 <a href=\"https:\/\/www.slobodnaevropa.org\/a\/hiljade-beogra%C4%91ana-ispratilo-studente-iz-novog-pazara-za-novi-sad-\/33575614.html\" class=\"spip_out\" rel=\"external noopener\" target=\"_blank\">Radio Free Europe<\/a>. \u00ab\u00a0C\u2019est incroyable. Tant de larmes, d\u2019\u00e9treintes, de baisers\u2026 Un tel \u00e9v\u00e9nement n\u2019arrive qu\u2019une fois par si\u00e8cle. Tous ces kilom\u00e8tres ne sont qu\u2019un chiffre compar\u00e9s \u00e0 l\u2019amour que nous avons re\u00e7u. Chaque endroit nous a accueillis comme si nous \u00e9tions chez nous.\u00a0\u00bb<\/p>\n<p>Ferme r\u00e9solution du Parlement europ\u00e9en<\/p>\n<p><strong>24 octobre &#8211; 9h40\u00a0:<\/strong> Dans une r\u00e9solution adopt\u00e9e mercredi, le Parlement condamne fermement la polarisation politique actuelle et la r\u00e9pression d\u2019\u00c9tat en Serbie un an apr\u00e8s la trag\u00e9die de Novi Sad. Les d\u00e9put\u00e9s r\u00e9clament des proc\u00e9dures judiciaires exhaustives et transparentes afin de traduire en justice les responsables de l\u2019effondrement de la verri\u00e8re de la gare ferroviaire.<\/p>\n<p>Le Parlement soutient le droit des \u00e9tudiants et citoyens serbes \u00e0 manifester pacifiquement et appelle \u00e0 la responsabilit\u00e9 des acteurs et \u00e0 des r\u00e9formes d\u00e9mocratiques dans le pays. Les d\u00e9put\u00e9s affirment que le courage civique, le respect de la non-violence et l\u2019implication des jeunes sont importants pour garantir l\u2019avanc\u00e9e de la candidature de la Serbie \u00e0 l\u2019UE.<\/p>\n<p>Ils expriment une vive inqui\u00e9tude face au climat politique tendu et polaris\u00e9, nourri par les discours haineux, la propagande anti-europ\u00e9enne et pro-russe, et les campagnes de d\u00e9nigrement men\u00e9es par des m\u00e9dias sous contr\u00f4le gouvernemental et des fonctionnaires. Les d\u00e9put\u00e9s estiment que les repr\u00e9sentants du gouvernement n\u2019ont pas fait face au pass\u00e9 de la Serbie et ne l\u2019ont pas assum\u00e9. D\u00e9non\u00e7ant sp\u00e9cifiquement des m\u00e9thodes de surveillance ill\u00e9gales, comme l\u2019utilisation du logiciel espion Pegasus et le recours \u00e0 des armes acoustiques \u00e0 longue port\u00e9e ainsi que de gaz lacrymog\u00e8nes contre la population civile, les d\u00e9put\u00e9s consid\u00e8rent que les dirigeants serbes portent la responsabilit\u00e9 politique de l\u2019aggravation de la r\u00e9pression, de la banalisation de la violence et de la fragilisation de la d\u00e9mocratie dans le pays.<\/p>\n<p>Les d\u00e9put\u00e9s exigent que des enqu\u00eates soient men\u00e9es sur les abus pr\u00e9sum\u00e9s contre les manifestants de mani\u00e8re urgente et impartiale. Ils condamnent aussi fermement les arrestations ill\u00e9gales et les expulsions de citoyens europ\u00e9ens ayant manifest\u00e9 leur soutien aux \u00e9tudiants lors des manifestations. La r\u00e9solution d\u00e9plore les attaques verbales prof\u00e9r\u00e9es par de hauts responsables serbes \u00e0 l\u2019encontre des d\u00e9put\u00e9s europ\u00e9ens \u00e0 la suite de leur engagement dans les manifestations et rejette les d\u00e9clarations infond\u00e9es des autorit\u00e9s serbes quant \u00e0 l\u2019orchestration des manifestations par l\u2019Union Europ\u00e9enne.<\/p>\n<p>Notant que les \u00e9lections pr\u00e9c\u00e9dentes se sont d\u00e9roul\u00e9es dans des conditions in\u00e9quitables, entach\u00e9es de pressions sur les \u00e9lecteurs et d\u2019achats de votes, le Parlement appelle \u00e0 la mise en place compl\u00e8te et imm\u00e9diate des recommandations de l\u2019OSCE\/ODIHR I-EOM afin de permettre la tenue d\u2019\u00e9lections libres et \u00e9quitables en Serbie, comprenant des v\u00e9rifications ind\u00e9pendantes des registres \u00e9lectoraux et une \u00e9galit\u00e9 d\u2019acc\u00e8s aux m\u00e9dias pour l\u2019ensemble des acteurs politiques.<\/p>\n<p>Le Parlement r\u00e9affirme son engagement ferme en faveur des perspectives d\u2019adh\u00e9sion de la Serbie \u00e0 l\u2019UE, \u00e0 condition que des progr\u00e8s mesurables soient r\u00e9alis\u00e9s dans le respect de la d\u00e9mocratie, de l\u2019\u00c9tat de droit et des droits fondamentaux, ainsi qu\u2019un alignement complet avec la politique \u00e9trang\u00e8re et de s\u00e9curit\u00e9 de l\u2019UE, et avec les sanctions contre la Russie.<\/p>\n<p>Les d\u00e9put\u00e9s souhaitent que les hauts responsables de l\u2019UE s\u2019abstiennent de faire des d\u00e9clarations infond\u00e9es louant les processus de r\u00e9forme en Serbie et saluent le \u00ab\u00a0changement de ton\u00a0\u00bb de la Pr\u00e9sidente de la Commission, Ursula von der Leyen, lors de sa r\u00e9cente visite en Serbie, \u00ab\u00a0qui refl\u00e8te davantage la r\u00e9alit\u00e9 des graves probl\u00e8mes et du bilan n\u00e9gatif de la Serbie sur les r\u00e9formes essentielles\u00a0\u00bb.<\/p>\n<p>La r\u00e9solution a \u00e9t\u00e9 adopt\u00e9e par 457 voix pour, 103 voix contre et 72 abstentions.<\/p>\n<p>Belgrade\u00a0: incendie dans le \u00ab\u00a0\u0106acilend\u00a0\u00bb, Vu\u010di\u0107 d\u00e9nonce un acte \u00ab\u00a0terroriste\u00a0\u00bb<\/p>\n<p><strong>22 octobre &#8211; 11h30\u00a0:<\/strong> Un incendie s\u2019est d\u00e9clar\u00e9 mercredi dans le \u00ab\u00a0\u0106acilend\u00a0\u00bb, le camp de tentes des partisans d\u2019Aleksandar Vu\u010di\u0107, situ\u00e9 devant le Parlement de Belgrade. La cause de l\u2019incendie est encore inconnue.<\/p>\n<p>Un journaliste de RFE\/RL a rapport\u00e9 qu\u2019une des tentes avait \u00e9t\u00e9 enti\u00e8rement d\u00e9truite par les flammes, tandis qu\u2019une autre \u00e9tait \u00e9galement en feu. La fum\u00e9e se propage de plus en plus apr\u00e8s s\u2019\u00eatre quelque peu calm\u00e9e. La police, des membres de l\u2019\u00e9quipe m\u00e9dico-l\u00e9gale et des pompiers sont sur place. Entre temps, d\u2019autres camions de pompiers sont arriv\u00e9s. La police bloque les acc\u00e8s et interdit le passage devant l\u2019Assembl\u00e9e.<\/p>\n<p>Dans une conf\u00e9rence de presse exceptionnelle, le pr\u00e9sident Vu\u010di\u0107 a d\u00e9nonc\u00e9 un acte \u00ab\u00a0terroriste\u00a0\u00bb, tout en pr\u00e9cisant qu\u2019il s\u2019agissait de son \u00ab\u00a0\u00e9valuation politique\u00a0\u00bb et que les parquets comp\u00e9tents d\u00e9termineraient la qualification de l\u2019incident.<\/p>\n<p>Kraljevo accueille triomphalement les \u00e9tudiants de Novi Pazar<\/p>\n<p> <a href=\"https:\/\/www.courrierdesbalkans.fr\/IMG\/jpg\/g3p5-qhwcaaoiu9.jpg\" class=\"spip_doc_lien mediabox\" type=\"image\/jpeg\" target=\"_blank\" rel=\"noopener\"><\/p>\n<p><img decoding=\"async\" src=\"https:\/\/www.europesays.com\/fr\/wp-content\/uploads\/2025\/11\/g3p5-qhwcaaoiu9.jpg\" width=\"770\" height=\"528\" alt=\"\" class=\"adapt-img\"   loading=\"lazy\" onload=\"this.parentNode.className+=' loaded'\"\/><\/a><\/p>\n<p><strong>20 octobre &#8211; 7h30\u00a0:<\/strong> Les \u00e9tudiants partis \u00e0 pied de Novi Pazar pour prendre part \u00e0 la grande manifestation du 1er novembre \u00e0 Novi Sad ont fait \u00e9tape dimanche soir dans la ville de Kraljevo, o\u00f9 ils ont \u00e9t\u00e9 triomphalement accueillis par des centaines de citoyens.<\/p>\n<p>Une nuit au monast\u00e8re de Studenica pour les \u00e9tudiant.e.s parti.e.s \u00e0 pied de Novi Pazar<\/p>\n<p><strong>19 octobre &#8211; 11h\u00a0:<\/strong> Les \u00e9tudiants de Novi Pazar qui se rendent \u00e0 pied \u00e0 Novi Sad ont pass\u00e9 la nuit de vendredi \u00e0 samedi dans le dortoir du monast\u00e8re orthodoxe de Studenica, leur h\u00e9bergement dans la ville de Ra\u0161ka ayant \u00e9t\u00e9 annul\u00e9.<\/p>\n<p>\u00ab\u00a0Nous sommes arriv\u00e9s un peu tard, tout le monde dormait au monast\u00e8re, seuls des portiers \u00e9taient de service. La nuit \u00e9tait magnifique. En arrivant \u00e0 Ra\u0161ka, nous avons r\u00e9alis\u00e9 que l\u2019h\u00e9bergement avait \u00e9t\u00e9 annul\u00e9. Nous avons discut\u00e9 avec les habitants et ils nous ont dit qu\u2019il y avait des h\u00f4tels, mais tout le monde doutait que nous puissions y dormir. Je suis reconnaissante au monast\u00e8re de nous l\u2019avoir permis. Le monast\u00e8re est magnifique, tout comme la nature. C\u2019est une v\u00e9ritable gu\u00e9rison de l\u2019\u00e2me, cela nous a redonn\u00e9 l\u2019\u00e9nergie n\u00e9cessaire pour continuer\u00a0\u00bb, a d\u00e9clar\u00e9 l\u2019\u00e9tudiant Inas Hod\u017ei\u0107, cit\u00e9 par N1. Les \u00e9tudiant.e.s parti.e.s de Novi Pazar sont majoritairement de confession musulmane.<\/p>\n<p>Rassemblement devant Informer \u00e0 Belgrade, \u00ab\u00a0marche de la libert\u00e9\u00a0\u00bb \u00e0 Novi Sad<\/p>\n<p><strong>18 octobre &#8211; 21h30\u00a0:<\/strong> Un millier de personnes se sont rassembl\u00e9es samedi soir, \u00e0 l\u2019appel des \u00e9tudiants de la Facult\u00e9 des sciences politiques, devant le si\u00e8ge de la t\u00e9l\u00e9vision Informer, \u00e0 Belgrade.<\/p>\n<p>La police n\u2019a autoris\u00e9 personne \u00e0 s\u2019approcher du b\u00e2timent d\u2019Informer, dont le propri\u00e9taire et r\u00e9dacteur en chef est Dragan J. Vu\u010di\u0107evi\u0107. La manifestation a pris fin \u00e0 19h10, le propri\u00e9taire n\u2019ayant pas r\u00e9pondu \u00e0 l\u2019appel des organisateurs \u00e0 pr\u00e9senter des excuses dans les 60 minutes pour les mensonges et les manipulations publi\u00e9s par Informer.<\/p>\n<p>Les citoyens ont observ\u00e9 une minute de silence en m\u00e9moire des 16 personnes tu\u00e9es \u00e0 la gare de Novi Sad le 1er novembre, puis se sont dispers\u00e9s. Les organisateurs portaient des masques lors de la manifestation afin de prot\u00e9ger leur identit\u00e9 et d\u2019emp\u00eacher Informer Television, comme ils l\u2019ont expliqu\u00e9, de les cibler. \u00c0 la fin du rassemblement, ils ont retir\u00e9 leurs masques pour signifier symboliquement qu\u2019\u00ab\u00a0il ne faut pas se cacher\u00a0\u00bb.<\/p>\n<p>Ce m\u00eame samedi soir, \u00e0 partir de 16h30, plusieurs milliers de citoyens de Novi Sad se sont rassembl\u00e9s pour une \u00ab\u00a0Marche de la libert\u00e9\u00a0\u00bb, en direction de la gare de la ville.<\/p>\n<p>Les \u00e9tudiant.e.s de Novi Pazar sont partis \u00e0 pied pour Novi Sad<\/p>\n<p><strong>16 octobre &#8211; 17h30\u00a0:<\/strong> Un fort groupe d\u2019\u00e9tudiant.e.s est parti \u00e0 pied jeudi de Novi Pazar, dans le sud-ouest de la Serbie, pour rejoindre Novi Sad et prendre part le 1er novembre au grand rassemblement qui marquera le premier anniversaire de la chute tragique de l\u2019auvent en b\u00e9ton de la gare de cette ville. Ils escomptent parcourir les 340 kilom\u00e8tres qui s\u00e9parent les deux villes en seize jours, en hommage aux seize victimes de la trag\u00e9die.<\/p>\n<p>Beaucoup de citoyens de Novi Pazar ont march\u00e9 avec eux jeudi jusqu\u2019\u00e0 la ville de Ra\u0161ka, leur premi\u00e8re \u00e9tape, \u00e0 une vingtaine de kilom\u00e8tres.<\/p>\n<p>La Commission d\u2019enqu\u00eate ind\u00e9pendante appelle \u00e0 \u00e9largir l\u2019enqu\u00eate aux proches de Vu\u010di\u0107<\/p>\n<p><strong>15 octobre &#8211; 17h30\u00a0:<\/strong> La commission d\u2019enqu\u00eate ind\u00e9pendante, form\u00e9e par un groupe d\u2019experts apr\u00e8s l\u2019effondrement de l\u2019auvent de Novi Sad, accuse le gouvernement d\u2019\u00eatre responsable de l\u2019accident et demande au Parquet d\u2019\u00e9largir l\u2019enqu\u00eate aux proches du pr\u00e9sident serbe.<\/p>\n<p>Le Parquet de Novi Sad a d\u00e9j\u00e0 mis en examen treize personnes, dont l\u2019ancien ministre de la Construction Goran Vesi\u0107. Une enqu\u00eate a \u00e9galement \u00e9t\u00e9 ouverte sur une possible corruption dans le cadre du projet de reconstruction, impliquant, outre Goran Vesi\u0107, l\u2019ancien ministre des Infrastructures Tomislav Momirovi\u0107.<\/p>\n<p>Tanasije Marinkovi\u0107, professeure \u00e0 la Facult\u00e9 de droit de Belgrade et membre de la commission informelle, a d\u00e9clar\u00e9 lors d\u2019une conf\u00e9rence de presse, ce 15 octobre, que la commission avait conclu que la R\u00e9publique de Serbie avait viol\u00e9 le droit \u00e0 la vie de ses citoyens en ne mettant pas en place de cadre juridique permettant de pr\u00e9venir ce type de risque. Une commission d\u2019enqu\u00eate informelle a \u00e9t\u00e9 constitu\u00e9e en f\u00e9vrier par un groupe de professeurs, d\u2019avocats et d\u2019experts. Ses membres ont soulign\u00e9 les lacunes et le manque de transparence du projet de reconstruction de la gare de Novi Sad depuis son lancement. L\u2019auvent en b\u00e9ton s\u2019est effondr\u00e9 quelques mois seulement apr\u00e8s l\u2019inauguration, suite aux travaux de reconstruction. L\u2019entrepreneur \u00e9tait le consortium chinois China Railway International et China Communications Construction Company.<\/p>\n<p>Belgrade\u00a0: les \u00e9l\u00e8ves bloquent le Cinqui\u00e8me Lyc\u00e9e<\/p>\n<p><strong>14 octobre &#8211; 8h15\u00a0:<\/strong> Les \u00e9l\u00e8ves du Cinqui\u00e8me Gymnasium de Belgrade ont annonc\u00e9 lundi une \u00ab\u00a0blocade physique\u00a0\u00bb de leur \u00e9tablissement, r\u00e9clamant la d\u00e9mission de la directrice par int\u00e9rim, Danka Ne\u0161ovi\u0107, et la tenue d\u2019un concours pour d\u00e9signer un nouveau responsable.<\/p>\n<p>Les cours sont suspendus \u00ab\u00a0jusqu\u2019\u00e0 satisfaction de toutes les revendications\u00a0\u00bb, ont indiqu\u00e9 les \u00e9l\u00e8ves, soutenus par plusieurs centaines de manifestants rassembl\u00e9s devant l\u2019\u00e9cole. Des parents ont par ailleurs d\u00e9pos\u00e9 une plainte contre la directrice, accus\u00e9e d\u2019irr\u00e9gularit\u00e9s dans la formation du Conseil des parents.<\/p>\n<p>Le parlement des \u00e9l\u00e8ves du Troisi\u00e8me Gymnasium a apport\u00e9 son soutien et appel\u00e9 la direction du Cinqui\u00e8me \u00e0 d\u00e9missionner \u00ab\u00a0sans d\u00e9lai\u00a0\u00bb.<\/p>\n<p>Nom\u00adm\u00e9e en f\u00e9vrier par le minist\u00e8re de l\u2019\u00c9ducation, Danka Ne\u0161ovi\u0107 est contest\u00e9e depuis des mois pour avoir suspendu ou \u00e9vinc\u00e9 plusieurs enseignants et remplac\u00e9 pr\u00e8s de la moiti\u00e9 des professeurs principaux.<\/p>\n<p>Un citoyen serbe parmi les otages lib\u00e9r\u00e9s \u00e0 Gaza<\/p>\n<p><strong>13 octobre &#8211; 11h30\u00a0:<\/strong> Alon Ohel, citoyen de Novi Sad et otage enlev\u00e9 lors de l\u2019attaque du Hamas contre Isra\u00ebl le 7 octobre 2023, fait partie des sept personnes lib\u00e9r\u00e9es lundi matin dans le cadre du nouvel accord de cessez-le-feu et d\u2019\u00e9change de prisonniers entre Isra\u00ebl et le Hamas.<\/p>\n<p>Les otages ont d\u2019abord \u00e9t\u00e9 remis au Croissant-Rouge dans la bande de Gaza, avant d\u2019\u00eatre transf\u00e9r\u00e9s aux forces isra\u00e9liennes. Selon le Times of Israel, une photo diffus\u00e9e par les autorit\u00e9s montre Alon Ohel entour\u00e9 de soldats \u00e0 son arriv\u00e9e en Isra\u00ebl.<\/p>\n<p>Opposants et partisans du pouvoir d\u00e9filent \u00ab\u00a0en soutien aux Serbes du Kosovo\u00a0\u00bb<\/p>\n<p><strong>12 octobre &#8211; 15h\u00a0:<\/strong> Des manifestations parall\u00e8les ont eu lieu le samedi 11 octobre dans plusieurs villes de Serbie en soutien aux Serbes du Kosovo, respectivement \u00e0 l\u2019appel des \u00e9tudiants et des sympathisants du gouvernement.<\/p>\n<p>Les \u00e9tudiants ont appel\u00e9 \u00e0 manifester pour d\u00e9nonceer l\u2019attitude des autorit\u00e9s, men\u00e9es par le Parti progressiste serbe (SNS), envers la communaut\u00e9 serbe du Kosovo. Les sympathisants du r\u00e9gime \u00e9taient convi\u00e9s \u00e0 manifester par l\u2019organisation pro-gouvernementale Centre pour la stabilit\u00e9 sociale. Il s\u2019agissait \u00e9galement d\u2019une manifestation des \u00ab\u00a0citoyens contre les blocus\u00a0\u00bb.<\/p>\n<p>En r\u00e9ponse aux rassemblements du SNS, des manifestations citoyennes organis\u00e9es en assembl\u00e9es informelles ont eu lieu en plusieurs endroits. Ils ont ainsi voulu faire comprendre aux autorit\u00e9s qu\u2019ils n\u2019\u00e9taient pas les bienvenus dans leurs villes.<\/p>\n<p>6 octobre\u00a0: manifestations pour \u00ab\u00a0un jour qui n\u2019a jamais exist\u00e9<\/p>\n<p><strong>7 octobre &#8211; 7h30\u00a0:<\/strong> Les citoyens de Belgrade et de Novi Sad sont descendus dans la rue le 6 octobre pour comm\u00e9morer, \u00ab\u00a0un jour qui n\u2019a jamais existe\u00a0\u00bb &#8211; en r\u00e9f\u00e9rence \u00e0 <a href=\"https:\/\/www.courrierdesbalkans.fr\/+-Serbie-5-octobre-2000-+\" target=\"_blank\" rel=\"noopener\">la chute de Slobodan   Milo\u0161evi\u0107<\/a> &#8211; soulignant que la lustration n\u2019avait pas eu lieu apr\u00e8s les changements du 5 octobre 2000.<\/p>\n<p>\u00c0 Belgrade, sous le slogan \u00ab\u00a0Lustration \u2013 la liste existe\u00a0\u00bb, des noms ont \u00e9t\u00e9 lus devant le Parquet et le Tribunal pour le crime organis\u00e9 de Belgrade. Les personnes rassembl\u00e9es, invit\u00e9es par des assembl\u00e9es citoyennes, estiment qu\u2019elles auraient d\u00fb \u00eatre lustr\u00e9es le 6 octobre 2000. En t\u00eate de liste figurait Milorad Vu\u010deli\u0107, ancien directeur g\u00e9n\u00e9ral de la RTS dans les ann\u00e9es 1990, qui aurait \u00ab\u00a0continu\u00e9 \u00e0 figurer dans les m\u00e9dias et le sport comme un symbole de la propagande du r\u00e9gime\u00a0\u00bb.<\/p>\n<p>La liste  comprend \u00e9galement le pr\u00e9sident serbe Aleksandar Vu\u010di\u0107, ancien secr\u00e9taire g\u00e9n\u00e9ral du Parti radical serbe (SRS) dans les ann\u00e9es 1990 et ministre de l\u2019Information du gouvernement serbe de 1998 \u00e0 2000. Y figure aussi le ministre de l\u2019Int\u00e9rieur Ivica Da\u010di\u0107, ancien porte-parole du Parti socialiste de Serbie (SPS) dans les ann\u00e9es 1990, accus\u00e9 d\u2019avoir \u00ab\u00a0d\u00e9fendu la politique de Slobodan Milo\u0161evi\u0107\u00a0\u00bb.<\/p>\n<p>Isra\u00ebl expulse 171 membres de la Flotille, dont un \u00e9tudiant serbe<\/p>\n<p><strong>6 octobre &#8211; 17h30\u00a0:<\/strong> Isra\u00ebl a expuls\u00e9 171 membres de la Sumud Flotilla, ill\u00e9galement arraisonn\u00e9s en mer et d\u00e9tenus depuis dans une prison du d\u00e9sert du Neguev, dont Ognjen Markovi\u0107, \u00e9tudiant \u00e0 la Facult\u00e9 des Beaux-Arts de Belgrade. Il \u00e9tait le seul membre serbe de la Flotille.<\/p>\n<p>Un \u00e9tudiant serbe \u00e0 bord d\u2019un bateau de la Global Sumud Flotilla arraisonn\u00e9 par Isra\u00ebl<\/p>\n<p><strong>2 octobre &#8211; 9h30\u00a0:<\/strong> Ognjen Markovi\u0107, \u00e9tudiant \u00e0 la Facult\u00e9 des Beaux-Arts de Belgrade, se trouvait \u00e0 bord du navire Adara, membre de la Global Sumud Flotilla, qui cherche \u00e0 apporter une aide humanitaire \u00e0 Gaza. Le navire a \u00e9t\u00e9 ill\u00e9galement arraisonn\u00e9 mercredi soir par les forces isra\u00e9liennes.<\/p>\n<p>Les \u00e9tudiants de la Facult\u00e9 des Beaux-Arts (FLU) demandent une r\u00e9action \u00ab\u00a0monumentale\u00a0\u00bb des autorit\u00e9s serbes, notamment de la part de Miroljub P\u00ebtrovi\u0107, ambassadeur de Serbie en Isra\u00ebl. Ils appellent les \u00e9tudiants et les citoyens \u00e0 tourner tous leurs yeux vers Gaza et la Flotille, et concluent leur communiqu\u00e9 en rappelant\u00a0: \u00ab\u00a0jedan svet, jedna borba\u00a0! un seul monde, un seul combat\u00a0!\u00a0\u00bb<\/p>\n<p>Marches comm\u00e9moratives dans tout le pays pour le onzi\u00e8me mois de la trag\u00e9die de Novi Sad<\/p>\n<p><strong>1er octobre &#8211; 22h30\u00a0:<\/strong> Des milliers de personnes ont particip\u00e9 \u00e0 des marches comm\u00e9moratives ce 1er octobre \u00e0 Belgrade, Novi Sad, Ni\u0161, Kragujevac et dans d\u2019autres villes, onze mois apr\u00e8s l\u2019effondrement de l\u2019auvent en b\u00e9ton d la gare de Novi Sad, qui a tu\u00e9 seize personnes.<\/p>\n<p>16 minutes de silence ont \u00e9t\u00e9 observ\u00e9es dans toute la Serbie en hommage aux victimes. \u00c0 Novi Sad, des hommages ont \u00e9t\u00e9 rendus aux victimes \u00e0 la gare, o\u00f9 la trag\u00e9die s\u2019est produite il y a onze mois. La colonne d\u2019un kilom\u00e8tre de long est arriv\u00e9e \u00e0 la gare en provenance du campus universitaire, d\u2019o\u00f9 elle s\u2019est d\u00e9plac\u00e9e en silence le long du boulevard de la Lib\u00e9ration.<\/p>\n<p>Tensions \u00e0 Kraljevo\u00a0: la police emp\u00eache les \u00e9lus d\u2019opposition d\u2019acc\u00e9der au Conseil municipal<\/p>\n<p><strong>1er octobre &#8211; 10h20\u00a0:<\/strong> La police emp\u00eachait mercredi matin les \u00e9lus d\u2019opposition de p\u00e9n\u00e9trer dans la mairie de Kraljevo, o\u00f9 \u00e9tait convoqu\u00e9e une s\u00e9ance du Conseil municipal. Une compagnie priv\u00e9e de s\u00e9curit\u00e9 entend faire passer tous les \u00e9lus d\u2019opposition \u00e0 un d\u00e9tecteur de m\u00e9tal, nouvellement install\u00e9 dans le hall de la mairie, ce que ces derniers refusent.<\/p>\n<p>Ils demandent \u00e0 \u00eatre fouill\u00e9s par la police, et non par des agents de s\u00e9curit\u00e9 priv\u00e9s. \u00ab\u00a0Tout d\u2019abord, nous ignorons si quelqu\u2019un a l\u2019autorisation de me fouiller. Ils ont install\u00e9 des d\u00e9tecteurs sans aucun march\u00e9 public. C\u2019est une v\u00e9ritable farce, \u00e7a va durer encore un jour, une semaine, mais imaginez si l\u2019\u00c9tat fonctionne ainsi\u00a0\u00bb, a ainsi lanc\u00e9 Predrag Vo\u0161tini\u0107 \u00e0 la police.<\/p>\n<p>Incidents lors des rassemblements pro-SNS \u00ab\u00a0contre les blocages\u00a0\u00bb<\/p>\n<p><strong>28 septembre &#8211; 20h25\u00a0:<\/strong> Plusieurs incidents ont \u00e9clat\u00e9 dimanche lors des rassemblements du Parti progressiste serbe (SNS) et des contre-manifestants soutenant les \u00e9tudiants.<\/p>\n<p>Devant le si\u00e8ge de la Radio-t\u00e9l\u00e9vision de Serbie (RTS), la police a repouss\u00e9 violemment les citoyens venus soutenir les \u00e9tudiants, emp\u00eachant tout contact avec les partisans du SNS. Au moins une personne a \u00e9t\u00e9 interpell\u00e9e. Des responsables politiques de haut rang, dont Novak Nedi\u0107, \u0110uro Macut, Dejan Vuk Stankovi\u0107 et Marko \u0110uri\u0107, ont \u00e9t\u00e9 vus sur place.<\/p>\n<p>\u00c0 Bogati\u0107, deux policiers ont \u00e9t\u00e9 bless\u00e9s lorsque deux groupes se sont affront\u00e9s, tandis qu\u2019\u00e0 \u010ca\u010dak des manifestants ont \u00e9t\u00e9 battus \u00e0 coups de matraque. Plus tard dans la soir\u00e9e, des protestataires y ont lanc\u00e9 des \u0153ufs contre un restaurant o\u00f9 d\u00eenaient des cadres du SNS.<\/p>\n<p>Selon la police, environ 157\u00a0000 personnes ont particip\u00e9 aux rassemblements \u00ab\u00a0Citoyens contre les blocages\u00a0\u00bb organis\u00e9s dans 167 localit\u00e9s, tandis qu\u2019une vingtaine de contre-manifestations non d\u00e9clar\u00e9es auraient r\u00e9uni quelque 4000 personnes.<\/p>\n<p>Le \u00ab\u00a0\u0106acilend\u00a0\u00bb s\u2019\u00e9tend devant la RTS<\/p>\n<p><strong>17h30\u00a0:<\/strong> Des tentes blanches ont \u00e9t\u00e9 install\u00e9es ce dimanche rue Takovska, devant le si\u00e8ge de la Radio-t\u00e9l\u00e9vision de Serbie (RTS), o\u00f9 des partisans du Parti progressiste serbe (SNS) participent \u00e0 des rassemblements pr\u00e9sent\u00e9s comme des actions \u00ab\u00a0contre les blocages\u00a0\u00bb. La circulation est interrompue depuis l\u2019angle avec la place Nikola Pa\u0161i\u0107.<\/p>\n<p>Ces tentes, d\u00e9j\u00e0 pr\u00e9sentes depuis plusieurs mois devant l\u2019Assembl\u00e9e nationale, sont devenues un symbole du mouvement dit des \u00ab\u00a0\u0107aci\u00a0\u00bb. Des rassemblements auront lieu ce soir avec la participation d\u2019une partie des citoyens, partisans du SNS. Selon le Centre pour la stabilit\u00e9 sociale, des manifestations se tiendront dans plus de 200 localit\u00e9s \u00e0 travers la Serbie.<\/p>\n<p>Sympathisants du pouvoir et opposants se d\u00e9fient \u00e0 nouveau \u00e0 Novi Sad<\/p>\n<p><strong>17h\u00a0:<\/strong> Les \u00e9tudiants et les zborovi citoyens appelaient \u00e0 plusieurs points de rassemblement dans la ville de Novi Sad, en pr\u00e9vision du grand rassemblemenbt des partisans et des membres du Parti progressiste serbe (SNS).<\/p>\n<p>La gendarmerie a repouss\u00e9 les citoyens rassembl\u00e9s au rond-point pr\u00e8s du march\u00e9 Nylon, dans le quartier de Klisa, l\u2019un des trois lieux o\u00f9 le rassemblement du Parti progressiste \u00e9tait annonc\u00e9 pour l\u2019apr\u00e8s-midi, rapporte un journaliste de Beta. La police a \u00e9galement bloqu\u00e9 deux ponts menant \u00e0 Klisa, emp\u00eachant certains manifestants de s\u2019approcher du lieu o\u00f9 se grouperont les partisans du pouvoir. Ceux-ci doivent se retrouver en trois points de la p\u00e9riph\u00e9rie de la ville, Klisa, Sajlovo et Bege\u010d.<\/p>\n<p>Bogdan Jovi\u010di\u0107 interrompt sa gr\u00e8ve de la faim<\/p>\n<p><strong>23 septembre &#8211; 15h45\u00a0:<\/strong> Bogdan Jovici\u0107, \u00e9tudiant \u00e0 la Facult\u00e9 des Sciences Techniques de l\u2019Universit\u00e9 de Novi Sad, a interrompu mardi \u00e0 sa gr\u00e8ve de la faim \u00e0 l\u2019h\u00f4pital p\u00e9nitentiaire sp\u00e9cial de Belgrade et se porte bien, a annonc\u00e9 l\u2019Administration d\u2019ex\u00e9cution des sanctions p\u00e9nales le 23 septembre. \u00ab\u00a0Tous les protocoles m\u00e9dicaux mis en place pour les personnes ne s\u2019alimentant pas ont \u00e9t\u00e9 appliqu\u00e9s dans le cas de B.J. dans cet \u00e9tablissement de sant\u00e9, o\u00f9 il \u00e9tait sous la surveillance d\u2019un m\u00e9decin en permanence\u00a0\u00bb, a indiqu\u00e9 l\u2019administration p\u00e9nitentiaire.<\/p>\n<p>L\u2019\u00e9tudiant Jovi\u010di\u0107 a \u00e9t\u00e9 intern\u00e9 \u00e0 l\u2019h\u00f4pital p\u00e9nitentiaire sp\u00e9cial de Belgrade le 17 septembre, apr\u00e8s avoir entam\u00e9 une gr\u00e8ve de la faim le 12 septembre \u00e0 la prison de district de Novi Sad, en raison, comme il l\u2019a d\u00e9clar\u00e9 dans une d\u00e9claration \u00e9crite, de son m\u00e9contentement envers le travail du tribunal. Quelques jours plus tard, il a \u00e9t\u00e9 transf\u00e9r\u00e9 \u00e0 l\u2019h\u00f4pital p\u00e9nitentiaire de Belgrade.<\/p>\n<p>Il \u00e9t\u00e9 arr\u00eat\u00e9 le 15 ao\u00fbt, soup\u00e7onn\u00e9 d\u2019avoir particip\u00e9 \u00e0 la d\u00e9molition des locaux du Parti progressiste serbe (SNS) \u00e0 Novi Sad, et pour la deuxi\u00e8me fois, il a \u00e9t\u00e9 plac\u00e9 en d\u00e9tention provisoire pour une dur\u00e9e pouvant aller jusqu\u2019\u00e0 30 jours.<\/p>\n<p>Novi Sad\u00a0: nouvelle marche pour la lib\u00e9ration de Bogdan Jovi\u010di\u0107<\/p>\n<p><strong>21 septembre &#8211; 19h\u00a0:<\/strong> Une nouvelle marche de protestation a eu lieu ce dimanche \u00e0 Novi Sad \u00e0 l\u2019appel des zborovi citoyens, en hommage \u00e0 l\u2019\u00e9tudiant arr\u00eat\u00e9 Bogdan Jovi\u010di\u0107 et aux autres d\u00e9tenus. \u00c0 Belgrade, une marche de remerciement est \u00e9galement organis\u00e9e en hommage aux \u00e9tudiants.<\/p>\n<p>Des centaines de citoyens ont d\u00e9fil\u00e9 de la gare de Novi Sad jusqu\u2019\u00e0 la prison de Klisa, men\u00e9s par des cyclistes, tandis le rassemblement \u00e9tait s\u00e9curis\u00e9 par des bikers et des v\u00e9hicules de la police routi\u00e8re. \u00ab\u00a0Vous n\u2019avez pas assez de cha\u00eenes pour nous tous\u00a0\u00bb, pouvait-on lire dans l\u2019appel des zborovi de Novi Sad.<\/p>\n<p>Les citoyens avaient appel\u00e9 \u00e0 une marche de protestation suite \u00e0 la prolongation de la d\u00e9tention de Bogdan Jovi\u010di\u0107, \u00e9tudiant de la Facult\u00e9 des Sciences techniques de Novi Sad, qui poursuit une gr\u00e8ve de la faim. Les zborovi  de Novi Sad ont aussi annonc\u00e9 sur les r\u00e9seaux sociaux leur soutien \u00e0 tous les autres citoyens arr\u00eat\u00e9s lors des manifestations des mois pr\u00e9c\u00e9dents, et la marche se d\u00e9roule sous le slogan \u00ab\u00a0Laissez-les tous partir\u00a0\u00bb.<\/p>\n<p>Manifestations dans toute la Serbie pour exiger la lib\u00e9ration de Bogdan Jovi\u010di\u0107<\/p>\n<p><strong>19 septembre &#8211; 8h\u00a0:<\/strong> Le 18 septembre, \u00e0 l\u2019appel des \u00e9tudiants, des manifestations ont eu lieu dans de nombreuses villes de Serbie en soutien \u00e0 l\u2019\u00e9tudiant Bogdan Jovi\u010di\u0107, en gr\u00e8ve de la faim en d\u00e9tention. \u00c9tudiants et citoyens exigent sa lib\u00e9ration ainsi que celle de toutes les autres personnes arr\u00eat\u00e9es lors de pr\u00e9c\u00e9dentes manifestations antigouvernementales. Deux marches de protestation ont eu lieu \u00e0 Belgrade, \u00e0 Novi Beograd et dans le centre-ville. \u00c0 Novi Sad, le rassemblement a d\u00e9but\u00e9 sur le campus universitaire, et \u00e0 Ni\u0161, dans le centre-ville.<\/p>\n<p>Bogdan Jovi\u010di\u0107, \u00e9tudiant \u00e0 la Facult\u00e9 des Sciences de Novi Sad, est accus\u00e9 de violences. Il est en d\u00e9tention depuis la mi-ao\u00fbt, apr\u00e8s une manifestation \u00e0 Novi Sad, au cours de laquelle les locaux du Parti progressiste serbe au pouvoir ont \u00e9t\u00e9 d\u00e9molis. Il a entam\u00e9 une gr\u00e8ve de la faim le 12 septembre, suite \u00e0 la d\u00e9cision de prolonger sa d\u00e9tention. Cinq jours plus tard, il a \u00e9t\u00e9 transf\u00e9r\u00e9 de Novi Sad \u00e0 l\u2019h\u00f4pital p\u00e9nitentiaire de Belgrade.<\/p>\n<p>Mobilisation pour un \u00e9tudiant menott\u00e9 aux obs\u00e8ques de son p\u00e8re<\/p>\n<p><strong>18 septembre &#8211; 9h45\u00a0:<\/strong> Des \u00e9tudiants ont donn\u00e9 un ultimatum aux autorit\u00e9s pour la lib\u00e9ration de Bogdan Jovi\u010di\u0107, en d\u00e9tention depuis ao\u00fbt et en gr\u00e8ve de la faim depuis sept jours. Arr\u00eat\u00e9 apr\u00e8s des protestations \u00e0 Novi Sad et accus\u00e9 d\u2019avoir particip\u00e9 \u00e0 la d\u00e9gradation de locaux du Parti progressiste serbe (SNS), il a \u00e9t\u00e9 transf\u00e9r\u00e9 \u00e0 l\u2019h\u00f4pital p\u00e9nitentiaire de Belgrade.<\/p>\n<p>Son transfert aux fun\u00e9railles de son p\u00e8re, menott\u00e9 aux mains et aux pieds, a provoqu\u00e9 l\u2019indignation. \u00ab\u00a0Bogdan est \u00e9tudiant en deuxi\u00e8me ann\u00e9e \u00e0 la Facult\u00e9 des sciences techniques, il n\u2019a jamais \u00e9t\u00e9 condamn\u00e9, pas m\u00eame pour une simple infraction \u00e0 l\u2019ordre public. Cet argument de \u2018risque de fuite\u2019 est un pr\u00e9texte classique pour justifier une attitude inhumaine\u00a0\u00bb, a d\u00e9clar\u00e9 son avocat, qui estime qu\u2019il s\u2019agit d\u2019une volont\u00e9 de d\u00e9shumaniser l\u2019\u00e9tudiant.<\/p>\n<p>Ses soutiens annoncent un nouveau rassemblement ce jeudi, alors que la justice doit statuer sur la prolongation de sa d\u00e9tention.<\/p>\n<p>Les \u00e9tudiants accusent la police d\u2019avoir utilis\u00e9 des gaz toxiques \u00e0 Novi Sad<\/p>\n<p><strong>15 septembre &#8211; 10h\u00a0:<\/strong> Des \u00e9tudiants de la Facult\u00e9 des sciences naturelles et de math\u00e9matiques de Novi Sad ont accus\u00e9 les autorit\u00e9s serbes d\u2019avoir utilis\u00e9 de la chloroac\u00e9toph\u00e9none, un produit chimique dangereux, lors d\u2019une manifestation le 5 septembre. S\u2019appuyant sur des analyses de laboratoire ind\u00e9pendantes, les \u00e9tudiants exigent une enqu\u00eate approfondie et la mise en cause des responsables de l\u2019utilisation de cet agent anti\u00e9meute toxique.<\/p>\n<p>La chloroac\u00e9toph\u00e9none, class\u00e9e comme \u00ab\u00a0produit chimique toxique\u00a0\u00bb par la Convention sur les armes chimiques (CAC, article II), est interdite d\u2019utilisation \u00e0 des fins militaires en raison de ses graves risques pour la sant\u00e9. La CN peut provoquer des l\u00e9sions corn\u00e9ennes et des probl\u00e8mes respiratoires, et est consid\u00e9r\u00e9e comme plus toxique que les alternatives modernes comme le gaz CS. Synth\u00e9tis\u00e9 pour la premi\u00e8re fois en Allemagne en 1871, le chloronaphtal\u00e8ne a \u00e9t\u00e9 utilis\u00e9 \u00e0 des fins militaires, notamment par le Japon pendant l\u2019occupation de Ta\u00efwan dans les ann\u00e9es 1930, mais a \u00e9t\u00e9 largement abandonn\u00e9 \u00e0 l\u2019\u00e9chelle mondiale dans les ann\u00e9es 1970 au profit d\u2019agents moins nocifs comme le gaz CS.<\/p>\n<p>La police a d\u00e9menti ces accusations.<\/p>\n<p>Belgrade\u00a0: face-\u00e0-face tendu entre opposants et partisans du r\u00e9gime \u00e0 Vo\u017edovac<\/p>\n<p><strong>13 septembre &#8211; 18h45\u00a0:<\/strong> D\u2019importantes forces de police sont d\u00e9ploy\u00e9s autour de la Facult\u00e9 des Sciences de l\u2019organisation (FON), dans l\u2019arrondissement belgradois de Vo\u017edovac, o\u00f9 les zborovi ont appel\u00e9 les citoyens \u00e0 se rassembler.<\/p>\n<p>Les partisans du r\u00e9gime, eux, se sont donn\u00e9s rendez-vous \u00e0 trois kilom\u00e8tres du b\u00e2timent de la FON, aux sons de chansons nationalistes. Le pr\u00e9sident Vu\u010di\u0107 est attendu.<\/p>\n<p>La Commissaire europ\u00e9enne Marta Kos\u00a0: \u00ab\u00a0nous avons un probl\u00e8me avec Belgrade\u00a0\u00bb<\/p>\n<p><strong>8 septembre &#8211; 21h\u00a0:<\/strong> La commissaire europ\u00e9enne \u00e0 l\u2019\u00c9largissement, Marta Kos, a d\u00e9clar\u00e9 le 8 septembre que les\u00a0violences dans les rues de Serbie devaient cesser de toute urgence et a critiqu\u00e9 les insultes prof\u00e9r\u00e9es par de hauts responsables serbes \u00e0 l\u2019encontre des d\u00e9put\u00e9s europ\u00e9ens. \u00ab\u00a0Nous avons un probl\u00e8me \u00e0 Belgrade. Nous attendons de la police qu\u2019elle agisse de mani\u00e8re appropri\u00e9e et qu\u2019elle respecte les droits fondamentaux\u00a0\u00bb, a d\u00e9clar\u00e9 Marta Kos apr\u00e8s une rencontre avec la ministre autrichienne des Affaires \u00e9trang\u00e8res, Beate Meinl-Reisinger, \u00e0 Vienne.<\/p>\n<p>Marta Kos a ajout\u00e9 que les d\u00e9clarations du pr\u00e9sident serbe, Aleksandar Vu\u010di\u0107, et de la pr\u00e9sidente du Parlement, Ana Brnabi\u0107, insultant les d\u00e9put\u00e9s verts europ\u00e9ens pr\u00e9sents \u00e0 la manifestation de Novi Sad le 5\u00a0septembre, \u00ab\u00a0n\u2019am\u00e9lioreront pas l\u2019opinion de l\u2019UE sur la Serbie\u00a0\u00bb, a rapport\u00e9 l\u2019agence Beta. \u00ab\u00a0Traiter des d\u00e9put\u00e9s europ\u00e9ens de \u2019racailles\u2019 t\u00e9moigne d\u2019une compr\u00e9hension douteuse de la d\u00e9mocratie\u00a0\u00bb, a d\u00e9clar\u00e9 Marta Kos.<\/p>\n<p>Nouvelle manifestation \u00e0 Belgrade\u00a0: \u00ab\u00a0la carte d\u2019\u00e9tudiant est plus forte que la matraque\u00a0\u00bb<\/p>\n<p><strong>8 septembre &#8211; 16h50\u00a0:<\/strong> Sous le slogan \u00ab\u00a0la carte d\u2019\u00e9tudiant est plus forte que la matraque\u00a0\u00bb, les \u00e9tudiants ont \u00e0 nouveau d\u00e9fil\u00e9 ce lundi \u00e0 Belgrade, r\u00e9clamant des poursuites judiciaires contre les policiers auteurs de violences.<\/p>\n<p>De la peinture rouge a \u00e9t\u00e9 r\u00e9pandue sur les marches du Palais de Justice, avec le message \u00ab\u00a0Vos mains sont ensanglant\u00e9es\u00a0\u00bb, puis les manifestants ont march\u00e9 vers le si\u00e8ge du D\u00e9partement du Contr\u00f4le interne du minist\u00e8re de l\u2019Int\u00e9rieur (MUP) \u00e0 Novi Beograd, point d\u2019arriv\u00e9e de la manifestation. En chemin, ils ont bloqu\u00e9 le pont Gazela.<\/p>\n<p>Les Verts europ\u00e9ens d\u00e9noncent les violences polici\u00e8res et sont insult\u00e9s par Vu\u010di\u0107<\/p>\n<p><strong>7 septembre &#8211; 7h50\u00a0:<\/strong> La copr\u00e9sidente du Parti des Verts europ\u00e9ens, Vula Tsetsti (gr\u00e8ce), a d\u00e9clar\u00e9 que la d\u00e9l\u00e9gation du parti, vendredi \u00e0 Novi Sad, avait \u00e9t\u00e9 t\u00e9moin de \u00ab\u00a0l\u2019autoritarisme auquel les citoyens serbes sont confront\u00e9s quotidiennement\u00a0\u00bb. Dans son discours cons\u00e9cutif \u00e0 la manifestation de vendredi soir, Aleksandar Vu\u010di\u0107 a d\u00e9clar\u00e9 que les manifestants de Novi Sad \u00ab\u00a0avaient \u00e9t\u00e9 aid\u00e9s par des racailles du Parti vert europ\u00e9en, les pires racailles europ\u00e9ennes venues \u00e0 Novi Sad ce soir pour soutenir ces violences\u00a0\u00bb, et qu\u2019ils seraient poursuivis conform\u00e9ment \u00e0 la l\u00e9gislation serbe. \u00ab\u00a0Le pr\u00e9sident, qui a autrefois qualifi\u00e9 les manifestants pacifiques de \u201cterroristes\u201d, et maintenant les d\u00e9put\u00e9s europ\u00e9ens et la d\u00e9l\u00e9gation politique europ\u00e9enne de \u201cracailles\u201d, a franchi toutes les limites du discours d\u00e9mocratique\u00a0\u00bb, a d\u00e9clar\u00e9 Vula Tsetsti, qui faisait partie de la d\u00e9l\u00e9gation des Verts en Serbie \u00e0 l\u2019invitation du Front de la gauche verte (ZLF, opposition).<\/p>\n<p>Les Socialistes et D\u00e9mocrates (S&amp;D), second groupe au Parlement europ\u00e9en, ont \u00e9galement condamn\u00e9 \u00ab\u00a0les violences polici\u00e8res de Novi Sad\u00a0\u00bb et les \u00ab\u00a0calomnies inacceptables\u00a0\u00bb prof\u00e9r\u00e9es par le pr\u00e9sident Vu\u010di\u0107.<\/p>\n<p>Une marche des Fiert\u00e9s sous le signe de la contestation<\/p>\n<p><strong>6 septembre &#8211; 20h30\u00a0:<\/strong> Quelques milliers de personnes ont manifest\u00e9 dans le centre de Belgrade samedi en fin d\u2019apr\u00e8s-midi pour les droits LGBT+. Une affluence en berne en comparaison des ann\u00e9es pr\u00e9c\u00e9dentes, en raison du boycott de l\u2019\u00e9v\u00e8nement par plusieurs associations LGBT+ qui d\u00e9noncent une instrumentalisation par le pouvoir et refusent de d\u00e9filer derri\u00e8re des cordons policiers. Devant la Facult\u00e9 de droit, les participants ont observ\u00e9 16 minutes de silence en hommage aux victimes de l\u2019effondrement de l\u2019auvent de la gare de Novi Sad et plus largement des victimes de la corruption en Serbie.<\/p>\n<p><strong>6 septembre &#8211; 11h30\u00a0:<\/strong> La marche des fiert\u00e9s 2025 qui se d\u00e9roule ce samedi 6 septembre \u00e0 Belgrade aura plus que jamais un caract\u00e8re protestataire, en lien avec les manifestations antigouvernementales en cours. Les organisateurs ont d\u00e9nonc\u00e9 la brutalit\u00e9 polici\u00e8re \u00e0 l\u2019encontre des protestataires, l\u2019absence de justice pour les victimes LGBT+, et refusent de participer \u00e0 un climat politique de \u00ab\u00a0normalit\u00e9\u00a0\u00bb illusoire. \u00ab\u00a0Alors que les \u00e9tudiants et les citoyens subissent la brutalit\u00e9 polici\u00e8re, alors qu\u2019il y a des prisonniers politiques et des jeunes militants sous mandat d\u2019arr\u00eat, la Pride ne veut pas participer \u00e0 un semblant de normalit\u00e9\u00a0\u00bb, ont annonc\u00e9 les organisateurs de l\u2019\u00e9v\u00e9nement.<\/p>\n<p><strong>Lire notre article <a href=\"https:\/\/www.courrierdesbalkans.fr\/Fiertes-LGBT-en-Serbie-une-semaine-et-une-marche-de-contestation\" target=\"_blank\" rel=\"noopener\">Fiert\u00e9s LGBT+ en Serbie\u00a0: une semaine et une marche de contestation<\/a><\/strong><\/p>\n<p>Violents affrontements entre police et manifestants \u00e0 Novi Sad<\/p>\n<p> <a href=\"https:\/\/www.courrierdesbalkans.fr\/IMG\/jpg\/img_2561_-_copie.jpg\" class=\"spip_doc_lien mediabox\" type=\"image\/jpeg\" target=\"_blank\" rel=\"noopener\"><\/p>\n<p><img decoding=\"async\" src=\"https:\/\/www.europesays.com\/fr\/wp-content\/uploads\/2025\/11\/img_2561_-_copie.jpg\" width=\"770\" height=\"578\" alt=\"\" class=\"adapt-img\"   loading=\"lazy\" onload=\"this.parentNode.className+=' loaded'\"\/><\/a><\/p>\n<p>\u00a9 Vreme\n<\/p>\n<p><strong>5 septembre &#8211; 22h45\u00a0:<\/strong> De violents affrontements ont \u00e9clat\u00e9 ce soir \u00e0 Novi Sad entre les forces de l\u2019ordre et les manifestants, principalement des \u00e9tudiants et citoyens venus de toute la Serbie. La situation a d\u00e9g\u00e9n\u00e9r\u00e9 lorsque la police a lanc\u00e9 des gaz lacrymog\u00e8nes et des grenades assourdissantes pour disperser la foule rassembl\u00e9e autour de l\u2019universit\u00e9.<\/p>\n<p>Des t\u00e9moignages font \u00e9tat d\u2019interventions brutales de la gendarmerie, de sc\u00e8nes de panique et de bless\u00e9s l\u00e9gers. La police affirme avoir agi pour pr\u00e9venir une attaque planifi\u00e9e contre ses effectifs, ce que d\u00e9mentent les manifestants, d\u00e9non\u00e7ant une r\u00e9pression injustifi\u00e9e.<\/p>\n<p>\u00c0 l\u2019int\u00e9rieur des facult\u00e9s, des centaines d\u2019\u00e9tudiants occupent les lieux, certains ayant \u00e9t\u00e9 expos\u00e9s au gaz. Une journaliste a \u00e9t\u00e9 bless\u00e9e par un engin pyrotechnique. Les secours organis\u00e9s par les manifestants tentent de porter assistance aux personnes affect\u00e9es.<\/p>\n<p>Le pr\u00e9sident Aleksandar Vu\u010di\u0107 devrait s\u2019adresser \u00e0 la nation, selon le m\u00e9dia pro-gouvernemental Informer, \u00e9voquant un \u00ab\u00a0complot contre l\u2019\u00c9tat\u00a0\u00bb et une \u00ab\u00a0victoire sur les bloqueurs\u00a0\u00bb<\/p>\n<p>L\u2019opposition serbe demande \u00e0 l\u2019Union europ\u00e9enne de s\u2019investir dans la crise<\/p>\n<p><strong>4 septembre &#8211; 7h45\u00a0:<\/strong> Le pr\u00e9sident du parti d\u2019opposition Centre Serbie, ZdravkoPono\u0161, et le d\u00e9put\u00e9 du Parti Libert\u00e9 et Justice, Borko Stefanovi\u0107, ont appel\u00e9, depuis Bruxelles, l\u2019Union europ\u00e9enne \u00e0 s\u2019engager plus r\u00e9solument dans la r\u00e9solution de la crise politique en Serbie.<\/p>\n<p>Zdravko Pono\u0161 a appel\u00e9 l\u2019Union \u00e0 envisager l\u2019introduction de sanctions personnalis\u00e9es contre les membres du gouvernement responsables, selon lui, de violences polici\u00e8res. \u00ab\u00a0Il s\u2019agit avant tout des commandants des unit\u00e9s qui ont particip\u00e9 \u00e0 des passages \u00e0 tabac violents lors des manifestations, outrepassant ainsi leur autorit\u00e9 l\u00e9gale\u00a0\u00bb, a-t-il d\u00e9clar\u00e9 lors d\u2019une table-ronde organis\u00e9e par le Centre d\u2019\u00e9tudes politiques europ\u00e9ennes le 3\u00a0septembre \u00e0 Bruxelles. Zdravko Pono\u0161 et Borko Stefanovi\u0107 ont d\u00e9clar\u00e9 que l\u2019UE devrait \u00eatre impliqu\u00e9e dans la r\u00e9solution de la crise en tant que m\u00e9diateur ou garant d\u2019\u00e9ventuels accords, et que les modalit\u00e9s et les solutions en mati\u00e8re de personnel devraient \u00eatre discut\u00e9es d\u00e8s maintenant, \u00ab\u00a0car il n\u2019y a pas de temps \u00e0 perdre\u00a0\u00bb.<\/p>\n<p>Ils se sont entretenus avec les responsables de la Serbie et des Balkans occidentaux au sein de la Commission europ\u00e9enne, du Parlement europ\u00e9en et du Service europ\u00e9en des relations de politique \u00e9trang\u00e8re.<\/p>\n<p>Des dizaines de milliers de personnes dans les rues de Belgrade et de Novi Sad \u00e0 l\u2019appel des lyc\u00e9ens<\/p>\n<p> <a href=\"https:\/\/www.europesays.com\/fr\/wp-content\/uploads\/2025\/11\/srednjoskolci-ispred-politike.webp.webp\" class=\"spip_doc_lien mediabox\" type=\"image\/webp\"><br \/>\n\t\t<img loading=\"lazy\" decoding=\"async\" src=\"https:\/\/www.europesays.com\/fr\/wp-content\/uploads\/2025\/11\/srednjoskolci-ispred-politike.webp.webp\" width=\"1200\" height=\"675\" alt=\"\"\/><\/a><\/p>\n<p><strong>\u00ab\u00a0Les lyc\u00e9ens n\u2019oublient pas\u00a0\u00bb, Belgrade, 1er septembre 2025<br \/>\n<\/strong><\/p>\n<p>\u00a9 copie d\u2019\u00e9cran N1\n<\/p>\n<p><strong>1er septembre &#8211; 22h30\u00a0:<\/strong> Dix mois apr\u00e8s la trag\u00e9die de Novi Sad, les citoyens ont massivement r\u00e9pondu \u00e0 l\u2019appel des lyc\u00e9ens. Des dizaines de milliers de personnes ont pris part \u00e0 la marche comm\u00e9morative qui est partie \u00e0 19h de la place Savski Trg (devant l\u2019ancienne gare) pour s\u2019achever vers 22h place de la R\u00e9publique, o\u00f9 des gerbes ont \u00e9t\u00e9 d\u00e9pos\u00e9es et seize minutes de silence de nouveau observ\u00e9es en l\u2019honneur des seize victimes. Le mot d\u2019ordre du rassemblement \u00e9tait \u00ab\u00a0les lyc\u00e9ens n\u2019oublient pas\u00a0\u00bb.<\/p>\n<p>Les manifestants ont marqu\u00e9 des pauses devant le Centre culturel \u00e9tudiant (SKC), dont les \u00e9tudiants ont \u00e9t\u00e9 expuls\u00e9s en juin et devant le minist\u00e8re de l\u2019Education. Cette manifestation marquait aussi le jour de la rentr\u00e9e pour le primaire et le secondaire.<\/p>\n<p>\u00c0 Novi Sad, des milliers de personnes ont \u00e9galement d\u00e9fil\u00e9, et la marche s\u2019est achev\u00e9e par le d\u00e9p\u00f4t de gerbe sur le site de la gare. Des rassemblements similaires ont \u00e9t\u00e9 organis\u00e9s dans des dizaines de villes de Serbie.<\/p>\n<p>Dix mois de mobilisation\u00a0: manifestations ce soir \u00e0 Belgrade et Novi Sad<\/p>\n<p><strong>1er septembre &#8211; 17h15\u00a0:<\/strong> Toute la Serbie a comm\u00e9mor\u00e9, ce 1er septembre, le dixi\u00e8me mois de la trag\u00e9die de la gare de Novi Sad, qui a fait seize victimes le 1er novembre 2024. Les lyc\u00e9ens appellent les citoyens \u00e0 se rassembler \u00e0 18h30 \u00e0 Belgrade place Savska (ancienne gare) et \u00e0 Novi Sad, sur le campus de l\u2019Universit\u00e9 \u00e0 19h.<\/p>\n<p>La police et le doyen investissent la Facult\u00e9 de sport de Novi Sad<\/p>\n<p><strong>1er septembre &#8211; 10h45\u00a0:<\/strong> Le doyen de la Facult\u00e9 des Sports et d\u2019\u00c9ducation physique (DIF) de Novi Sad, Patrick Drid, accompagn\u00e9 de la police, a p\u00e9n\u00e9tr\u00e9 dans le b\u00e2timent de cette facult\u00e9 le 1er septembre.<br class=\"autobr\"\/><br \/>\nL\u2019agence Beta pr\u00e9cise que, selon les t\u00e9moignages des \u00e9tudiants, aux premi\u00e8res heures du matin, plusieurs personnes ont bris\u00e9 les fen\u00eatres de la Facult\u00e9 et sont entr\u00e9es dans le b\u00e2timent. Patrick Drid a \u00e9galement laiss\u00e9 entrer plusieurs policiers. Devant le b\u00e2timent de la DIF, un cordon de policiers en tenue de dispersion est d\u00e9ploy\u00e9.<\/p>\n<p>Le site 021 de Novi Sad a rapport\u00e9 qu\u2019aux alentours de 9 heures, des heurts sont survenus entre des citoyens venus \u00e0 l\u2019appel des \u00e9tudiants pour bloquer le b\u00e2timent, et que plusieurs \u00e9tudiants sont entr\u00e9s dans le b\u00e2timent de la Facult\u00e9 par une fen\u00eatre. Finalement, les \u00e9tudiant.e.s ont r\u00e9ussi \u00e0 p\u00e9n\u00e9trer dans le b\u00e2timent en grimpant par un arbre. et ont pu n\u00e9gocier avec le recteur.<\/p>\n<p>Le pouvoir mobilise ses partisans \u00e0 travers tout le pays<\/p>\n<p><strong>31 ao\u00fbt &#8211; 22h15\u00a0:<\/strong> Des rassemblements de citoyens oppos\u00e9s aux manifestations et blocages antigouvernementaux ont de nouveau \u00e9t\u00e9 organis\u00e9s ce dimanche dans plusieurs villes de Serbie. Le directeur de la police, Dragan Vasiljevi\u0107, a d\u00e9clar\u00e9 que pr\u00e8s de 104\u221e000 citoyens s\u2019\u00e9taient rassembl\u00e9s dans 95 lieux diff\u00e9rents en Serbie ce 31 ao\u00fbt.<\/p>\n<p>Le Premier ministre, des ministres et des responsables du Parti progressiste serbe (SNS) \u00e9taient pr\u00e9sents. Ces rassemblements ont \u00e9t\u00e9 organis\u00e9s pour la troisi\u00e8me fois en deux semaines en r\u00e9action aux dix mois de manifestations men\u00e9es par des \u00e9tudiants.<\/p>\n<p>Sympathisants du pouvoir et opposants se d\u00e9fient \u00e0 Veternik<\/p>\n<p><strong>31 ao\u00fbt &#8211; 20h\u00a0:<\/strong> Le Parti progressiste serbe (SNS) a annonc\u00e9 organiser \u00ab\u00a0cent\u00a0\u00bb rassemblements \u00ab\u00a0contre les blocages et le chaos\u00a0\u00bb ce dimanche. En Vo\u00efvodine, l\u2019un des plus importants a eu lieu \u00e0 Veternik, dans la banlieue de Novi Sad, o\u00f9 de nombreux autocars ont amen\u00e9 les participants, qui devaient partir \u00e0 18h30 en cort\u00e8ge en direction de la Salle des sports de la commune voisine de Futog.<\/p>\n<p>Les zborovi citoyens de Novi Sad et de Veternik, eux, avaient appel\u00e9 \u00e0 un contre-rassemblement \u00e0 17h30 sur le boulevard Ivo Lola Ribar, \u00e0 la limite des communes de Veternik et de Futog. De tr\u00e8s importantes forces de gendarmerie se sont aussit\u00f4t d\u00e9ploy\u00e9es pour faire reculer les citoyens, qui entendaient \u00ab\u00a0saluer\u00a0\u00bb les partisans du pouvoir \u00e0 leur passage.<\/p>\n<p>Le maire de Novi sad \u017darko Mi\u0107in, le pr\u00e9sident du SNS Milo\u0161 Vu\u010devi\u0107 et la pr\u00e9sidente du gouvernement provincial de Vo\u00efvodine Maja Gojkovi\u0107 \u00e9taient pr\u00e9sents dans le cort\u00e8ge. Une bagarre a \u00e9clat\u00e9 entre les partisans du pouvoir, n\u00e9cessitant l\u2019intervention de la Gendarmerie.<\/p>\n<p>Rassemblement bruyant devant la Facult\u00e9 de Philosophie de Novi Sad<\/p>\n<p><strong>31 ao\u00fbt &#8211; 8h\u00a0:<\/strong> Quelques centaines d\u2019\u00e9tudiants et de citoyens se sont encore rassembl\u00e9s devant samedi soir devant la Facult\u00e9 de Philosophie de Novi Sad pour \u00ab\u00a0faire du bruit\u00a0\u00bb, alors que la police occupe le b\u00e2timent pour la cinqui\u00e8me journ\u00e9e cons\u00e9cutive, bafouant les libert\u00e9s acad\u00e9miques. Officiellement, il s\u2019agit toujours d\u2019une \u00ab\u00a0action en cours\u00a0\u00bb depuis mercredi soir. Depuis le b\u00e2timent mitoyen de la Facult\u00e9 de Droit, toujours occup\u00e9e, les \u00e9tudiants diffusent aussi de la musique pour enfants \u00e0 plein volume \u00e0 destination des policiers&#8230;<\/p>\n<p>Rassemblement devant la prison de Novi Sad pour demander la lib\u00e9ration des personnes arr\u00eat\u00e9es<\/p>\n<p><strong>30 ao\u00fbt &#8211; 7h45\u00a0:<\/strong> Une manifestation exigeant la lib\u00e9ration des personnes arr\u00eat\u00e9es lors des manifestations civiles et \u00e9tudiantes en Serbie ces dix derniers mois a eu lieu le 29 ao\u00fbt devant la prison du district de Novi Sad. Les manifestants ont scand\u00e9 les noms des personnes emprisonn\u00e9es ou assign\u00e9es \u00e0 r\u00e9sidence.<\/p>\n<p>Des banderoles procklamant \u00ab\u00a0Laissez-les tous partir\u00a0\u00bb et \u00ab\u00a0Vous arr\u00eatez des innocents, car vous ne pensez pas \u00e0 votre avenir\u00a0\u00bb ont \u00e9t\u00e9 d\u00e9ploy\u00e9es. Les participants ont laiss\u00e9 des livres d\u00e9dicac\u00e9s aux personnes d\u00e9tenues pour avoir particip\u00e9 aux manifestations devant le b\u00e2timent de la prison.<\/p>\n<p>Le nombre total d\u2019arrestations, de d\u00e9tentions et d\u2019inculpations li\u00e9es aux manifestations civiles n\u2019est pas officiellement connu, mais ces derniers mois, le nombre d\u2019arrestations et de d\u00e9tentions a augment\u00e9 avec la radicalisation des manifestations. Ces derni\u00e8res semaines, des affrontements ont eu lieu entre manifestants et police.<\/p>\n<p>Nouveau rassemblement devant la Facult\u00e9 de Philosophie de Novi Sad<\/p>\n<p><strong>29 ao\u00fbt &#8211; 7h30\u00a0:<\/strong> \u00c9tudiants, professeurs et citoyens se sont rassembl\u00e9s dans la soir\u00e9e du 28 ao\u00fbt devant le b\u00e2timent de la Facult\u00e9 de Philosophie de Novi Sad. Devant l\u2019entr\u00e9e du b\u00e2timent, un cordon de policiers en tenue de combat \u00e9tait d\u00e9ploy\u00e9 pour disperser les manifestations. Ce soir, contrairement aux nuits pr\u00e9c\u00e9dentes, les policiers arborent des masques sur le visage.<\/p>\n<p>Comme le rapporte la cha\u00eene de t\u00e9l\u00e9vision N1, les professeurs de la Facult\u00e9 de philosophie ont soulign\u00e9 que \u00ab\u00a0les \u00e9tudiants sont en contact avec le doyen depuis longtemps et qu\u2019apr\u00e8s des discussions \u00e9puisantes, la seule solution actuellement impos\u00e9e est de lui demander sa d\u00e9mission\u00a0\u00bb.<\/p>\n<p>Des forces de police en tenue de combat sont stationn\u00e9es dans le b\u00e2timent de la Facult\u00e9 de philosophie de Novi Sad depuis mardi, \u00e0 l\u2019invitation du doyen Milivoj Alanovi\u0107. Mercredi 27 ao\u00fbt au soir, des affrontements ont \u00e9clat\u00e9 entre manifestants et policiers apr\u00e8s que des manifestants ont tent\u00e9 de forcer le cordon de gendarmerie plac\u00e9 devant l\u2019entr\u00e9e du b\u00e2timent.<\/p>\n<p>Les \u00e9tudiants sont venus \u00e0 la police s\u00e9par\u00e9e du cordon, Novi Sad, 27 ao\u00fbt 2025.<\/p>\n<p>Violents heurts avec la police devant la Facult\u00e9 de Philosophie de Novi Sad<\/p>\n<p><strong>28 ao\u00fbt &#8211; 8h\u00a0:<\/strong> Des affrontements ont eu lieu entre manifestants et policiers devant la Facult\u00e9 de philosophie de Novi Sad. La foule a d\u2019abord tent\u00e9 de franchir le cordon de gendarmerie install\u00e9 devant l\u2019entr\u00e9e du b\u00e2timent. La police a ensuite repouss\u00e9 les citoyens hors du plateau de la facult\u00e9 et form\u00e9 un nouveau cordon. Du gaz lacrymog\u00e8ne et des feux d\u2019artifice ont \u00e9t\u00e9 utilis\u00e9s. Des coups de canon ont \u00e9galement \u00e9t\u00e9 entendus \u00e0 plusieurs reprises.<\/p>\n<p>Des rassemblements avaient lieu devant la Facult\u00e9 pour la deuxi\u00e8me journ\u00e9e cons\u00e9cutive apr\u00e8s que le doyen Milivoje Alanovi\u0107 a expuls\u00e9 les \u00e9tudiants qui bloquaient le b\u00e2timent. Il a ensuite appel\u00e9 la police, qui a depuis interdit l\u2019acc\u00e8s aux \u00e9tudiants et \u00e0 certains membres du personnel. L\u2019affrontement s\u2019est produit peu apr\u00e8s 22 heures, limite fix\u00e9e par les \u00e9tudiants de la Facult\u00e9 de philosophie au doyen Alanovi\u0107 pour retirer la police du b\u00e2timent et leur permettre d\u2019y entrer.<\/p>\n<p>Selon la police, \u00ab\u00a0des participants au rassemblement devant la Facult\u00e9 de philosophie ont tent\u00e9 de p\u00e9n\u00e9trer de force dans les locaux de la facult\u00e9\u00a0\u00bb. \u00c0 22\u00a0h\u00a020, ignorant ses avertissements, \u00ab\u00a0quelque 300 citoyens ont tent\u00e9 de p\u00e9n\u00e9trer de force dans l\u2019entr\u00e9e principale de la Facult\u00e9 de philosophie et, \u00e0 cette occasion, ont attaqu\u00e9 le cordon de s\u00e9curit\u00e9 mis en place par l\u2019Unit\u00e9 d\u2019intervention de la police\u00a0\u00bb.<br class=\"autobr\"\/><br \/>\nLes membres de l\u2019unit\u00e9 d\u2019intervention, conclut le communiqu\u00e9, \u00ab\u00a0ont repouss\u00e9 l\u2019attaque en recourant \u00e0 la coercition et en repoussant les personnes rassembl\u00e9es hors de l\u2019entr\u00e9e\u00a0\u00bb.<\/p>\n<p>Rassemblement devant le 5e Lyc\u00e9e de Belgrade<\/p>\n<p><strong>27 ao\u00fbt &#8211; 20h50\u00a0:<\/strong> Une manifestation a eu lieu mercredi devant le cinqui\u00e8me lyc\u00e9e de Belgrade, apr\u00e8s que sept enseignants de l\u2019\u00e9tablissement se soient vu refuser une prolongation de leur contrat. Plusieurs centaines de citoyens se sont rassembl\u00e9s devant l\u2019\u00e9tablissement \u00e0 18 heures, dont des v\u00e9t\u00e9rans de guerre.<\/p>\n<p>Le cinqui\u00e8me lyc\u00e9e de Belgrade, l\u2019un des \u00e9tablissements les plus fr\u00e9quent\u00e9s de la capitale serbe, a une nouvelle directrice par int\u00e9rim, Danka Ne\u0161ovi\u0107, depuis le 24 f\u00e9vrier. Elle avait \u00e9t\u00e9 accueillie par des manifestations ce jour-l\u00e0, et l\u2019assembl\u00e9e \u00e9tudiante pr\u00e9sente au blocus a annonc\u00e9 que l\u2019arriv\u00e9e de la nouvelle directrice, nomm\u00e9e par le minist\u00e8re de l\u2019\u00c9ducation, \u00ab\u00a0constituait une tentative de maintenir les cours malgr\u00e9 la gr\u00e8ve des enseignants\u2039\u00a0\u00bb.<\/p>\n<p>Vu\u010di\u0107 propose un d\u00e9bat public aux \u00e9tudiants<\/p>\n<p><strong>26 ao\u00fbt &#8211; 9h30\u00a0:<\/strong> Affaibli par neuf mois d\u2019agitation sociale, de manifestations et de blocages, le pr\u00e9sident serbe Aleksandar Vu\u010di\u0107 fait mine de chercher le dialogue avec le mouvement anti-corruption men\u00e9 par des \u00e9tudiants contestataires et r\u00e9prim\u00e9 dans la rue.<\/p>\n<p>\u00ab\u00a0Ce n\u2019\u00e9tait pas mon premier appel. Je leur ai m\u00eame propos\u00e9 un d\u00e9bat t\u00e9l\u00e9vis\u00e9 ouvert. J\u2019\u00e9tais pr\u00eat \u00e0 en discuter publiquement, car je crois que la conversation et le dialogue sont incontournables\u00a0\u00bb, a d\u00e9clar\u00e9 M.\u00a0Vu\u010di\u0107 lors d\u2019un entretien avec Euronews Srbija.<\/p>\n<p>Les manifestants lui ont adress\u00e9 une fin de non-recevoir, le pr\u00e9sident devant selon eux convoquer des \u00e9lections l\u00e9gislatives anticip\u00e9es au pr\u00e9alable, ce qu\u2019il refuse.<\/p>\n<p>Lors du m\u00eame entretien, Aleksandar Vu\u010di\u0107 s\u2019est pos\u00e9 en pro-europ\u00e9en, assurant que \u00ab\u00a0tant que je serai \u00e0 la t\u00eate de l\u2019\u00c9tat, la Serbie restera fermement sur la voie europ\u00e9enne, engag\u00e9e et d\u00e9termin\u00e9e \u00e0 mettre en \u0153uvre les r\u00e9formes n\u00e9cessaires\u00a0\u00bb, a-t-il assur\u00e9.<\/p>\n<p><strong>Lire note article <a href=\"https:\/\/www.courrierdesbalkans.fr\/Serbie-la-repression-s-intensifie-l-economie-plonge-Bruxelles-se-tait\" target=\"_blank\" rel=\"noopener\">Serbie\u00a0: la r\u00e9pression s\u2019intensifie, l\u2019\u00e9conomie plonge, Bruxelles se tait<\/a><\/strong><\/p>\n<p>Les lyc\u00e9ens d\u2019Obrenovac sont \u00ab\u00a0encore plus nombreux\u00a0\u00bb \u00e0 soutenir Nikolina Sin\u0111eli\u0107<\/p>\n<p><strong>23 ao\u00fbt &#8211; 16h\u00a0:<\/strong> Un rassemblement \u00e9tait organis\u00e9 samedi \u00e0 Obrenovac, \u00e0 l\u2019initiative des lyc\u00e9ens, en soutien \u00e0 Nikolina Sin\u0111eli\u0107, qui a d\u00e9nonc\u00e9 dans les m\u00e9dias les violences polici\u00e8res subie apr\u00e8s qu\u2019elle a particip\u00e9 \u00e0 une manifestation antigouvernementale \u00e0 Belgrade.<\/p>\n<p>Plus t\u00f4t dans la journ\u00e9e, un rassemblement \u00ab\u00a0anti-blocus\u00a0\u00bb avait \u00e9t\u00e9 organis\u00e9 \u00e0 Obrenovac, \u00e0 l\u2019appel de repr\u00e9sentants du gouvernement, et des unit\u00e9s de gendarmerie \u00e9taient \u00e9galement pr\u00e9sentes dans les rues. La marche des lyc\u00e9ens et des citoyens avaient pour moto \u00ab\u00a0nous sommes encore plus nombreux\u00a0\u00bb.<\/p>\n<p>Ce n\u2019est pas la premi\u00e8re manifestation de soutien \u00e0 Nikolina Sin\u0111eli\u0107, \u00e9tudiante \u00e0 la Facult\u00e9 des sciences politiques de Belgrade. Cette derni\u00e8re a d\u00e9clar\u00e9 aux m\u00e9dias avoir \u00e9t\u00e9 battue et menac\u00e9e de viol par le commandant de l\u2019Unit\u00e9 de protection de certains biens et personnes (JZO), Marko Kri\u010dko, apr\u00e8s la manifestation du 14 ao\u00fbt. Ses all\u00e9gations de violences polici\u00e8res ont conduit \u00e0 la diffusion de photos intimes d\u2019elle. Ces dernier jours, plusieurs manifestations de soutien \u00e0 Nikolina Sin\u0111eli\u0107 avaient \u00e9t\u00e9 organis\u00e9es avec le message \u00ab\u00a0Nous sommes tous Nikolina\u00a0\u00bb.<\/p>\n<p>Rassemblements des \u00ab\u00a0citoyens qui s\u2019opposent aux blocages\u00a0\u00bb<\/p>\n<p><strong>23 ao\u00fbt &#8211; 22h50\u00a0:<\/strong> Des rassemblements de \u00ab\u00a0citoyens oppos\u00e9s aux blocages\u00a0\u00bb ont \u00e9t\u00e9 organis\u00e9s ce samedi dans plusieurs villes de Serbie. Des repr\u00e9sentants du Parti progressiste serbe (SNS), au pouvoir, y avaient appel\u00e9 sur les r\u00e9seaux sociaux et dans les m\u00e9dias pro-gouvernementaux, affirmant toutefois que ces rassemblements n\u2019\u00e9taient pas li\u00e9s \u00e0 leur parti.<\/p>\n<p>Des rassemblements ont eu lieu \u00e0 Para\u0107in, Sombor, Bor, Ruma, Ba\u010dka Palanka, Leskovac, Kikinda, Kru\u0161evac, In\u0111ija et Vrbas, rapporte l\u2019agence Beta. Le pr\u00e9sident Aleksandar Vu\u010di\u0107 s\u2019est joint \u00e0 la manifestation organis\u00e9e \u00e0 Ub. Le ministre de la D\u00e9fense, membre de la pr\u00e9sidence du SNS, Bratislav Ga\u0161i\u0107, a pris la parole lors du rassemblement de Kru\u0161evac. Lors de son discours, il \u00e9tait accompagn\u00e9 de la vice-pr\u00e9sidente du SNS, Nevena \u0110uri\u0107 Nikitovi\u0107, qui est \u00e9galement pr\u00e9sidente du comit\u00e9 municipal du SNS.<\/p>\n<p>NUNS d\u00e9nonce les violences de la police contre les journalistes<\/p>\n<p><strong>22 ao\u00fbt &#8211; 7h50\u00a0:<\/strong> Selon les donn\u00e9es de l\u2019Association des journalistes ind\u00e9pendants de Serbie (NUNS), les journalistes et les photojournalistes ont \u00e9t\u00e9 victimes de coups de matraque, de bouclier, de coups de poing, de coups de coude, de bousculades, de gifles, d\u2019aspersion d\u2019agents chimiques, d\u2019insultes et de menaces de la part de la police lors de leurs reportages sur les manifestations civiles ces derniers mois. Malgr\u00e9 les signalements aux autorit\u00e9s, au parquet et \u00e0 la police, on ignore pour l\u2019instant si des poursuites ont \u00e9t\u00e9 engag\u00e9es contre des journalistes dans ces cas de recours \u00e0 la force par la police.<\/p>\n<p>La journaliste Lea Apro, agress\u00e9e par des policiers le 20 ao\u00fbt \u00e0 Novi Sad, affirme que les policiers sont d\u00e9sormais beaucoup plus agressifs. \u00ab\u00a0Dans cette situation, la police savait que nous \u00e9tions journalistes. J\u2019ai r\u00e9p\u00e9t\u00e9 \u00e0 deux reprises lors de l\u2019agression que j\u2019\u00e9tais journaliste, mais le policier ne s\u2019est pas arr\u00eat\u00e9\u00a0\u00bb, a-t-elle d\u00e9clar\u00e9 \u00e0 Radio Free Europe (RFE).<\/p>\n<p>Les \u00e9tudiants serbes nomin\u00e9s pour le prix Sakharov du Parlement europ\u00e9en<\/p>\n<p><strong>19 ao\u00fbt &#8211; 21h\u00a0:<\/strong>  La d\u00e9put\u00e9e europ\u00e9enne slov\u00e8ne Irena Joveva, membre de Svoboda (Renew), le parti du Premier ministre Robert Golob, et son coll\u00e8gue autrichien Helmut Brandst\u00e4tter (NEOS, Renew) ont nomin\u00e9 les \u00e9tudiants serbes pour le Prix Sakharov pour la libert\u00e9 de l\u2019esprit, a annonc\u00e9 aujourd\u2019hui le bureau de la d\u00e9put\u00e9e. Ils estiment que l\u2019attribution du prix aux \u00e9tudiants restaurerait, au moins en partie, la confiance du public serbe dans l\u2019UE.<\/p>\n<p>Les d\u00e9put\u00e9s ont d\u00e9cid\u00e9 de proposer cette nomination, qu\u2019ils ont adress\u00e9e \u00e0 leurs coll\u00e8gues du Parlement europ\u00e9en, en raison de \u00ab\u00a0l\u2019engagement courageux et ind\u00e9fectible des manifestants serbes en faveur des valeurs d\u00e9mocratiques, notamment face \u00e0 la violence croissante, \u00e0 la grave r\u00e9pression de la libert\u00e9 des m\u00e9dias et \u00e0 la restriction syst\u00e9matique des droits fondamentaux par les autorit\u00e9s serbes\u00a0\u00bb.<\/p>\n<p>Blocage du tribunal de Novi Sad, arrestation d\u2019un d\u00e9put\u00e9 de l\u2019opposition<\/p>\n<p><strong>19 ao\u00fbt &#8211; 12h\u00a0:<\/strong> La police a arr\u00eat\u00e9 Radivoje Jovovi\u0107, d\u00e9put\u00e9 de l\u2019opposition du Mouvement des citoyens libres (PSG) \u00e0 l\u2019Assembl\u00e9e de Vo\u00efvodine, alors que citoyens et \u00e9tudiants de l\u2019Universit\u00e9 de Novi Sad bloquent le palais de justice de cette ville depuis les premi\u00e8res heures de ce 19 ao\u00fbt.<\/p>\n<p>Radivoje Jovovi\u0107 a \u00e9t\u00e9 arr\u00eat\u00e9 devant l\u2019une des entr\u00e9es lat\u00e9rales, tandis que les forces de police encerclent le tribunal. Il avait auparavant emp\u00each\u00e9 le procureur Slobodan Josimovi\u0107 d\u2019entrer dans le palais de justice. Il est le procureur impliqu\u00e9 dans l\u2019affaire de l\u2019effondrement de la verri\u00e8re de la gare et dirige le parquet sup\u00e9rieur de Novi Sad.<\/p>\n<p>\u00ab\u00a0Diversion planifi\u00e9e\u00a0\u00bb\u00a0: Ana Brnabi\u0107 verse dans la th\u00e9orie du complot<\/p>\n<p><strong>18 ao\u00fbt &#8211; 21h30\u00a0:<\/strong> Ana Brnabi\u0107, la pr\u00e9sidente du Parlement, a estim\u00e9 que l\u2019effondrement de l\u2019auvent de la gare de Novi Sad, qui a fait seize morts le 1er novembre 2024, \u00ab\u00a0n\u2019\u00e9tait pas un accident\u00a0\u00bb mais relevait d\u2019une \u00ab\u00a0diversion planifi\u00e9e\u00a0\u00bb, pour marquer le d\u00e9but d\u2019une \u00ab\u00a0r\u00e9volution de couleur\u00a0\u00bb, comme les autorit\u00e9s qualifient les \u00e9v\u00e9nements survenus en Serbie au cours des neuf derniers mois.<\/p>\n<p>\u00ab\u00a0Je ne pense pas que l\u2019auvent soit tomb\u00e9 de lui-m\u00eame, ni qu\u2019il s\u2019agisse d\u2019un accident, d\u2019une trag\u00e9die ou du r\u00e9sultat d\u2019actions sans scrupules. Je pense qu\u2019il s\u2019agissait d\u2019une diversion planifi\u00e9e\u00a0\u00bb, a d\u00e9clar\u00e9 Ana Brnabi\u0107 \u00e0 TV Pink. Alors qu\u2019elle n\u2019a pas fourni de preuves \u00e0 l\u2019appui de ses affirmations, plusieurs partis d\u2019opposition ont demand\u00e9 une r\u00e9ponse du Parquet \u00e0 ces all\u00e9gations.<\/p>\n<p>Vu\u010di\u0107 \u00e9carte la proclamation de l\u2019\u00e9tat d\u2019urgence et promet une \u00ab\u00a0surprise\u00a0\u00bb<\/p>\n<p><strong>17 ao\u00fbt &#8211; 15h\u00a0:<\/strong> \u00ab\u00a0Nous ne sommes pas favorables \u00e0 l\u2019instauration de l\u2019\u00e9tat d\u2019urgence\u00a0\u00bb, a d\u00e9clar\u00e9 le pr\u00e9sident Vu\u010di\u0107 lors d\u2019une conf\u00e9rence de presse extraordinaire le 17 ao\u00fbt. \u00ab\u00a0Nous ne l\u2019envisageons pas car la proc\u00e9dure est complexe. C\u2019est un dernier recours, mais nous ne l\u2019avons pas envisag\u00e9 et je ne souhaite pas l\u2019envisager.\u00a0\u00bb<\/p>\n<p>Il a annonc\u00e9 que \u00ab\u00a0dans les trois ou quatre prochains jours, l\u2019\u00c9tat mettra en \u0153uvre des d\u00e9cisions surprenantes\u00a0\u00bb, en r\u00e9ponse aux manifestations antigouvernementales. \u00ab\u00a0Vous aurez l\u2019impression que nous avons recul\u00e9, que nous avons pris peur\u00a0\u00bb, a d\u00e9clar\u00e9 Aleksandar Vu\u010di\u0107, ajoutant que la r\u00e9action de l\u2019\u00c9tat \u00ab\u00a0ne sera pas habituelle\u00a0\u00bb. Il n\u2019a pas pr\u00e9cis\u00e9 la direction que prendraient ces d\u00e9cisions.<\/p>\n<p> \u00ab\u00a0La Serbie ne peut pas se calmer\u00a0\u00bb\u00a0: nouvelle soir\u00e9e de manifestations et de violences<\/p>\n<p><strong>17 ao\u00fbt &#8211; 7h\u00a0:<\/strong> La Serbie a connu une nouvelle soir\u00e9e de manifestations et de violence. Dans de nombreuses villes, les manifestants ont march\u00e9 vers les si\u00e8ges locaux du Parti progressiste serbe (SNS). \u00c0 Valjevo, celui-ci a \u00e9t\u00e9 incendi\u00e9, tandis que l\u2019entr\u00e9e du tribunal et de la mairie \u00e9taient saccag\u00e9es. La gendarmerie s\u2019est d\u00e9ploy\u00e9e dans les rues de la ville.<\/p>\n<p>\u00c0 Belgrade, des incidents ont \u00e9galement \u00e9clat\u00e9, et la police a tir\u00e9 des gaz lacrymog\u00e8nes. Selon le ministre de l\u2019Int\u00e9rieur Ivica Da\u010di\u0107, 18 personnes ont \u00e9t\u00e9 arr\u00eat\u00e9es au cours de la soir\u00e9e, et un gendarme a \u00e9t\u00e9 bless\u00e9 \u00e0 Valjevo. Au cours des quatre derniers jours, a-t-il pr\u00e9cis\u00e9, pr\u00e8s de 130 policiers ont \u00e9t\u00e9 bless\u00e9s.<\/p>\n<p>\u00c0 Zemun, les fen\u00eatres des bureaux du Parti radical serbe (SRS) ont \u00e9t\u00e9 d\u00e9truites.<\/p>\n<p>Des \u00e9tudiants de la Facult\u00e9 d\u2019organisation (FON) ont signal\u00e9 sur le r\u00e9seau X que des inspecteurs \u00e9taient entr\u00e9s dans plusieurs immeubles \u00e0 Novi Beograd et Zemun, arm\u00e9s de pistolets, et qu\u2019ils les avaient frapp\u00e9s. Selon \u00ab\u00a0Poljoprivredni blokada\u00a0\u00bb, rue John Kennedy, dans la capitale, des hommes ont point\u00e9 des armes sur des citoyens.<\/p>\n<p>\u00c0 Gornji Milanovac, des manifestants lancent du papier toilette sur les locaux du SNS, prot\u00e9g\u00e9s par un cordon de police qui n\u2019est pas intervenu.<\/p>\n<p>Des manifestations ont \u00e9galement eu lieu \u00e0 Novi Sad, \u010ca\u010dak, Kraljevo, Leskovac, Kni\u0107 et dans d\u2019autres villes de Serbie.<\/p>\n<p>\u00ab\u00a0La Serbie ne peut pas se calmer\u00a0\u00bb\u00a0: nouveaux rassemblements dans tout le pays<\/p>\n<p><strong>16 ao\u00fbt &#8211; 21h15\u00a0:<\/strong> De nouveaux rassemblement ont lieu ce samedi soir dans toute la Serbien avec des temps forts \u00e0 Valjevo, o\u00f9 17 personnes avaient \u00e9t\u00e9 arr\u00eat\u00e9es jeudi soir, mais aussi \u00e0 Belgrade ou Novi Sad, sous le slogan\u00a0: \u00ab\u00a0la Serbie ne peut pas se calmer\u00a0\u00bb.<\/p>\n<p>Les manifestants venus de Novi Beograd ont converg\u00e9 avec ceux venus de Zemun pour se rassembler devant le si\u00e8ge du SNS.<\/p>\n<p>Troisi\u00e8me soir\u00e9e de manifestations et de heurts dans les rues de Belgrade<\/p>\n<p> <a href=\"https:\/\/www.courrierdesbalkans.fr\/IMG\/jpg\/img_3667.jpg\" class=\"spip_doc_lien mediabox\" type=\"image\/jpeg\" target=\"_blank\" rel=\"noopener\"><\/p>\n<p><img decoding=\"async\" src=\"https:\/\/www.europesays.com\/fr\/wp-content\/uploads\/2025\/11\/img_3667.jpg\" width=\"770\" height=\"578\" alt=\"\" class=\"adapt-img\"   loading=\"lazy\" onload=\"this.parentNode.className+=' loaded'\"\/><\/a><\/p>\n<p>\u00a9 PhB | CdB\n<\/p>\n<p><strong>16 ao\u00fbt &#8211; 8h30\u00a0:<\/strong> Des manifestations ont eu lieu vendredi \u00e0 Belgrade et dans de nombreuses villes de Serbie pour la troisi\u00e8me nuit cons\u00e9cutive. Ces manifestations font suite aux affrontements survenus le 12 ao\u00fbt entre partisans du Parti progressiste serbe (SNS) au pouvoir et opposants au r\u00e9gime dans deux villes de Vo\u00efvodine, Vrbas et Ba\u010dka Palanka.<\/p>\n<p>Des affrontements entre la police et des manifestants ont \u00e9clat\u00e9 le 15 ao\u00fbt \u00e0 Belgrade \u00e0 plusieurs endroits. Des milliers de personnes \u00e9taient rassembl\u00e9es devant le si\u00e8ge du Gouvernement de Serbie, \u00e0 quelques centaines de m\u00e8tres du Conseil municipal du SNS, tandis quelques dizaines de sympathisants se sont rassembl\u00e9s devant les locaux du (SNS. Des cordons de gendarmerie ont s\u00e9par\u00e9 les deux groupes.<\/p>\n<p>\u00c0 un moment, des engins pyrotechniques ont \u00e9t\u00e9 tir\u00e9s et la gendarmerie, en collaboration avec la police, a commenc\u00e9 \u00e0 disperser les manifestants. Des gaz lacrymog\u00e8nes ont \u00e9t\u00e9 lanc\u00e9s et la gendarmerie a utilis\u00e9 des v\u00e9hicules blind\u00e9s pour repousser les manifestants. Ceux-ci ont ripost\u00e9 en jetant des pierres et en incendiant des conteneurs. Plusieurs affrontements entre la police et les manifestants ont \u00e9t\u00e9 enregistr\u00e9s dans la nuit dans la capitale, et la situation s\u2019est calm\u00e9e vers minuit.<\/p>\n<p>Plusieurs personnes ont \u00e9t\u00e9 bless\u00e9es, selon des journalistes sur place. Le ministre de l\u2019Int\u00e9rieur, Ivica Da\u010di\u0107, a d\u00e9clar\u00e9 que six policiers avaient \u00e9t\u00e9 bless\u00e9s et 38 personnes arr\u00eat\u00e9es lors de ces \u00e9meutes. Il a assur\u00e9 que les manifestants \u00e9taient venus au rassemblement avec l\u2019intention de s\u2019en prendre aux policiers.<\/p>\n<p>\u00ab\u00a0Nous ne sommes pas des punching balls\u00a0\u00bb\u00a0: nouvelle soir\u00e9e de manifestations<\/p>\n<p><strong>15 ao\u00fbt &#8211; 22h30\u00a0:<\/strong> Des manifestations ont lieu ce vendredi soir dans des dizaines des villes du Serbie. Elles sont organis\u00e9es en r\u00e9ponse aux attaques de partisans du Parti progressiste serbe (SNS) contre des opposants au r\u00e9gime dans deux villes de Vo\u00efvodine, Vrbas et Ba\u010dka Palanka, le 12 ao\u00fbt.<\/p>\n<p>Lors des rassemblements des jours pr\u00e9c\u00e9dents, de violents affrontements ont \u00e9t\u00e9 enregistr\u00e9s entre manifestants anti-r\u00e9gime et militants du SNS, qui ont lanc\u00e9 des engins pyrotechniques sur les manifestants. La police a arr\u00eat\u00e9 des dizaines de manifestants, tandis qu\u2019aucune arrestation de partisans du gouvernement n\u2019a \u00e9t\u00e9 recens\u00e9e.<\/p>\n<p>\u00c0 Belgrade, la situation est \u00e0 nouveau tendue, avec des blind\u00e9s et des cordons de police. La police a tir\u00e9 des lacrymog\u00e8nes dans plusieurs villes.<\/p>\n<p>Nouvelle nuit de tension et de violence contre le pouvoir<\/p>\n<p> <a href=\"https:\/\/www.courrierdesbalkans.fr\/IMG\/jpg\/studenti-05_-_copie.jpg\" class=\"spip_doc_lien mediabox\" type=\"image\/jpeg\" target=\"_blank\" rel=\"noopener\"><\/p>\n<p><img decoding=\"async\" src=\"https:\/\/www.europesays.com\/fr\/wp-content\/uploads\/2025\/11\/studenti-05_-_copie.jpg\" width=\"770\" height=\"578\" alt=\"\" class=\"adapt-img\"   loading=\"lazy\" onload=\"this.parentNode.className+=' loaded'\"\/><\/a><\/p>\n<p>\u00a9 Andrej Ivanji | Vreme\n<\/p>\n<p><strong>15 ao\u00fbt &#8211; 8h25\u00a0:<\/strong> Sous le mot d\u2019ordre \u00ab\u00a0Ve\u010deras pucate po \u0161avovima\u00a0\u00bb (\u00ab\u00a0Ce soir, vous craquez\u00a0\u00bb), les manifestations contre le gouvernement se sont poursuivies jeudi soir dans plusieurs villes de Serbie, donnant lieu \u00e0 de nouveaux affrontements. Selon le ministre de l\u2019Int\u00e9rieur Ivica Da\u010di\u0107, 42 policiers ont \u00e9t\u00e9 bless\u00e9s \u2013 dont 26 \u00e0 Belgrade \u2013 et 37 personnes arr\u00eat\u00e9es.<\/p>\n<p>\u00c0 Novi Sad, des manifestants ont attaqu\u00e9 et endommag\u00e9 les locaux du Parti progressiste serbe (SNS) avant de jeter \u0153ufs et peinture sur la fa\u00e7ade. La police y a aussi utilis\u00e9 du gaz lacrymog\u00e8ne pour disperser la foule.<\/p>\n<p>\u00c0 Belgrade, des rassemblements ont eu lieu devant le si\u00e8ge du gouvernement, ainsi qu\u2019aux abords des locaux du SNS, prot\u00e9g\u00e9s par un important dispositif anti-\u00e9meute. Des \u00e9changes de projectiles pyrotechniques ont oppos\u00e9 manifestants et sympathisants du SNS.<\/p>\n<p>D\u2019autres villes ont connu des incidents\u00a0: \u00e0 \u010ca\u010dak, des militants du SNS et des manifestants se sont lanc\u00e9s \u0153ufs et bouteilles avant que la police n\u2019intervienne\u00a0; \u00e0 Kru\u0161evac, environ 300 personnes ont d\u00e9fil\u00e9 devant les locaux du SNS et jusqu\u2019au domicile du ministre de la D\u00e9fense Bratislav Ga\u0161i\u0107, scandant des slogans hostiles\u00a0; \u00e0 Pan\u010devo, des heurts ont \u00e9galement \u00e9t\u00e9 signal\u00e9s.<\/p>\n<p>Ces violences surviennent au lendemain d\u2019affrontements d\u00e9j\u00e0 marqu\u00e9s par des tirs en l\u2019air, des d\u00e9tonations et des accusations r\u00e9ciproques entre le pouvoir et l\u2019opposition d\u2019\u00ab\u00a0inciter \u00e0 la guerre civile\u00a0\u00bb. Les \u00e9tudiants promettent de poursuivre la mobilisation jusqu\u2019\u00e0 obtenir la dissolution du Parlement et la tenue d\u2019\u00e9lections anticip\u00e9es.<\/p>\n<p>Nuit de violence entre opposants et partisans du pouvoir<\/p>\n<p><strong>14 ao\u00fbt &#8211; 7h45\u00a0:<\/strong> Des affrontements ont \u00e9clat\u00e9 mercredi soir dans de nombreuses villes de Serbie &#8211; Belgrade, Novi Sad, Ni\u0161, Kru\u0161evac, Smederevo, U\u017eice, \u010ca\u010dak, Pan\u010devo, Lazarevac, Vrbas\u2026- o\u00f9 \u00e9taient organis\u00e9s des rassemblements sous le slogan \u00ab\u00a0Serbie, r\u00e9veille-toi\u00a0!\u00a0\u00bb (\u00ab\u00a0Probudi se, Srbijo\u00a0!\u00a0\u00bb). Ils ont oppos\u00e9 manifestants et sympathisants du Parti progressistes serbes au pouvoir (SNS), mais la police, cherchant th\u00e9oriquement \u00e0 les s\u00e9parer, est souvent intervenue avec violence.<\/p>\n<p>Ces manifestations \u00e9taient convoqu\u00e9es dans des dizaines de villes du pays apr\u00e8s les \u00e9meutes survenues le 12\u00a0ao\u00fbt dans les villes de Vrbas et de Ba\u010dka Palanka, en Vo\u00efvodine, au cours desquelles des affrontements avaient oppos\u00e9 manifestants anti-r\u00e9gimes et partisans du gouvernement.<\/p>\n<p>Alors que des images de la cha\u00eene de t\u00e9l\u00e9vision N1 \u00e0 Vrbas montrent des opposants au gouvernement attaqu\u00e9s avec des engins pyrotechniques et des bouteilles lors de la manifestation, le minist\u00e8re de l\u2019Int\u00e9rieur a d\u00e9clar\u00e9 que les manifestants ont lanc\u00e9 divers objets sur la police et les sympathisants du SNS rassembl\u00e9s.<\/p>\n<p>Les \u00e9tudiants de Ni\u0161 d\u00e9noncent les violences dont ils ont \u00e9t\u00e9 victimes de la part de la gendarmerie. Un citoyen affirme avoir re\u00e7u de la part d\u2019un gendarme des produits chimiques pulv\u00e9ris\u00e9s dans les yeux.<\/p>\n<p>\u00c0 Novi Sad, la situation est d\u00e9crite comme \u00ab\u00a0chaotique\u00a0\u00bb\u00a0: des coups de feu tir\u00e9s en l\u2019air par des partisans du SNS ont \u00e9t\u00e9 entendus. Dans certains quartiers, des groupes arm\u00e9s de b\u00e2tons et de barres m\u00e9talliques, souvent cagoul\u00e9s, ont \u00e9t\u00e9 vus en train de provoquer les manifestants. \u00c0 plusieurs reprises, des partisans du SNS ont lanc\u00e9 des projectiles pyrotechniques (p\u00e9tards, feux d\u2019artifice) sur des citoyens. La police, elle, a \u00e9t\u00e9 accus\u00e9e de ne pas intervenir.<\/p>\n<p>Des affrontements ont \u00e9galement \u00e9clat\u00e9 \u00e0 Belgrade et Novi Beograd, o\u00f9 gaz lacrymog\u00e8nes et tirs pyrotechniques ont \u00e9t\u00e9 utilis\u00e9s contre les protestataires.<\/p>\n<p>Le pr\u00e9sident Vu\u010di\u0107 a d\u00e9clar\u00e9 que 64 partisans bless\u00e9s du SNS se trouveraient dans les locaux du parti \u00e0 Novi Sad. Il a ajout\u00e9 qu\u2019\u00ab\u00a0il n\u2019y aura aucune piti\u00e9 pour les agresseurs et les hooligans\u00a0\u00bb, \u00e9cartant n\u00e9anmoins l\u2019hypoth\u00e8se du d\u00e9ploiement de l\u2019arm\u00e9e, affirmant qu\u2019\u00ab\u00a0il n\u2019y aura pas  guerre civile\u00a0\u00bb. Il a cependant promis une \u00ab\u00a0purge des rues de ceux qui frappent, tuent&#8230;\u00a0\u00bb.<\/p>\n<p>Le ministre de l\u2019\u2019Int\u00e9rieur Ivica Da\u010di\u0107 a qualifi\u00e9 la situation d\u2019\u00ab\u00a0attaque contre l\u2019\u00c9tat\u00a0\u00bb, les citoyens et la police. Il a \u00e9voqu\u00e9 de nombreux bless\u00e9s, dont six policiers. Les \u00e9tudiants ont appel\u00e9 au calme, \u00e0 la solidarit\u00e9, et d\u00e9nonc\u00e9 les violences comme inacceptables.<\/p>\n<p>Quatre policiers bless\u00e9s lors de heurts entre manifestants et partisans du SNS<\/p>\n<p><strong>13 ao\u00fbt &#8211; 8h\u00a0:<\/strong> Quatre policiers, dont l\u2019adjoint au chef de la police de Novi Sad, ont \u00e9t\u00e9 bless\u00e9s lors de rassemblements \u00e0 Vrbas et Ba\u010dka Palanka, a indiqu\u00e9 mercredi le minist\u00e8re serbe de l\u2019Int\u00e9rieur.<\/p>\n<p>Selon le communiqu\u00e9, les agents ont \u00e9t\u00e9 pris pour cible par des manifestants alors qu\u2019ils formaient un cordon s\u00e9parant ces derniers des partisans du Parti progressiste serbe (SNS) rassembl\u00e9s devant les locaux de la formation. Des projectiles divers ont \u00e9t\u00e9 lanc\u00e9s sur les policiers et les militants du SNS.<\/p>\n<p>La t\u00e9l\u00e9vision N1, pr\u00e9sente sur les lieux \u00e0 Vrbas, \u00e0 130 km au nord de Belgrade, rapporte que les opposants au pouvoir ont \u00e9t\u00e9 vis\u00e9s par des p\u00e9tards, feux d\u2019artifice, \u0153ufs et bouteilles. La cha\u00eene affirme que ces attaques provenaient de sympathisants du SNS et qu\u2019elles se sont produites simultan\u00e9ment \u00e0 Ba\u010dka Palanka, \u00e0 une cinquantaine de kilom\u00e8tres de l\u00e0, o\u00f9 la police n\u2019est pas intervenue.<\/p>\n<p>Affrontements entre la police et les citoyens \u00e0 Novi Pazar<\/p>\n<p><strong>12 ao\u00fbt &#8211; 11h45\u00a0:<\/strong> Des affrontements ont \u00e9clat\u00e9 ce matin devant le tribunal de Novi Pazar, entre la police et des \u00e9tudiants et des citoyens qui en bloquaient les acc\u00e8s. Ils s\u2019\u00e9taient rassembl\u00e9s avant l\u2019ouverture du tribunal, demandant la lib\u00e9ration de deux jeunes gens arr\u00eat\u00e9s \u00e0 l\u2019issue de la manifestation du 29 juin dernier.<\/p>\n<p>Celle-ci faisait suite \u00e0 l\u2019intrusion d\u2019hommes masqu\u00e9s dans l\u2019Universit\u00e9 d\u2019\u00c9tat de Novi Pazar, occup\u00e9e par les \u00e9tudiants, dans la nuit du 27 au 28 juin. Le tribunal de Novi Pazar devait statuer aujourd\u2019hui sur leur remise en libert\u00e9.<\/p>\n<p>Heurts entre partisans du pouvoir et manifestants devant le si\u00e8ge du SNS<\/p>\n<p><strong>6 ao\u00fbt &#8211; 10h15\u00a0:<\/strong> Des \u00e9chauffour\u00e9es ont \u00e9clat\u00e9 mardi devant les locaux du Parti progressiste serbe (SNS) \u00e0 Belgrade, o\u00f9 des unit\u00e9s de police ont d\u00fb s\u00e9parer des partisans du pouvoir et des manifestants. Les deux camps se sont affront\u00e9s verbalement, avec des jets d\u2019\u0153ufs et de bouteilles d\u2019eau.<\/p>\n<p>Les protestataires, principalement des \u00e9tudiants, d\u00e9noncent la gr\u00e2ce accord\u00e9e par le pr\u00e9sident Aleksandar Vu\u010di\u0107 \u00e0 une jeune femme qui, lors d\u2019un rassemblement le 24 janvier, avait fonc\u00e9 dans la foule et bless\u00e9 une \u00e9tudiante.<\/p>\n<p>Neuf mois apr\u00e8s la trag\u00e9die de Novi Sad, rassemblement comm\u00e9moratif \u00e0 Belgrade<\/p>\n<p><strong>2 ao\u00fbt &#8211; 8h30\u00a0:<\/strong> Vendredi 1er ao\u00fbt, neuf mois apr\u00e8s l\u2019effondrement de l\u2019auvent de la gare de Novi Sad, les citoyens se sont rassembl\u00e9s en hommage aux 16 victimes devant l\u2019ancienne gare de Belgrade, puis ont march\u00e9 vers la gare de Prokop. Apr\u00e8s le rassemblement sur la place Savski, seize minutes de silence ont \u00e9t\u00e9 observ\u00e9es et une performance a eu ieu avec des drapeaux noirs symbolisant les victimes de l\u2019effondrement de la verri\u00e8re de Novi Sad.<\/p>\n<p>\u00ab\u00a0L\u2019id\u00e9e de cette manifestation est de revenir aux raisons premi\u00e8res qui ont motiv\u00e9 notre r\u00e9bellion. Neuf mois se sont \u00e9coul\u00e9s depuis la chute de l\u2019auvent, et il n\u2019y a toujours pas de responsables\u00a0\u00bb, ont d\u00e9clar\u00e9 les \u00e9tudiants pr\u00e9sents au blocus pr\u00e9c\u00e9dant le rassemblement.<\/p>\n<p>Onze suspects arr\u00eat\u00e9s pour la chute de l\u2019auvent de la gare de Novi Sad<\/p>\n<p><strong>1er ao\u00fbt &#8211; 18h30\u00a0:<\/strong> Le parquet charg\u00e9 de la criminalit\u00e9 organis\u00e9e (TOK) a annonc\u00e9 dans l\u2019apr\u00e8s-midi du 1er ao\u00fbt l\u2019arrestation de cinq personnes suppl\u00e9mentaires, soup\u00e7onn\u00e9es d\u2019infractions de corruption li\u00e9es au projet de modernisation de la ligne ferroviaire reliant Novi Sad \u00e0 la fronti\u00e8re hongroise. il s\u2019agit de Nenad Ignjatovi\u0107, responsable et propri\u00e9taire de la soci\u00e9t\u00e9 Deko tim de Be\u0161ka, de Slobodanka Katani\u0107, gestionnaire d\u2019investissement de la soci\u00e9t\u00e9\u00a0Infrastruktura \u017eeleznice Srbije et responsable du projet de modernisation et de reconstruction de la liaison ferroviaire hongro-serbe Belgrade-Budapest, d\u2019Aleksandar Cvjetkovi\u0107, directeur et responsable de la coop\u00e9rative de jeunes Manager, ainsi que de Dragan Popovi\u0107 et Zoran Mijajlovi\u0107, responsables de plusieurs entit\u00e9s commerciales.<\/p>\n<p>Le Parquet avait annonc\u00e9 vendredi matin l\u2019arrestation de six autres suspects dans cette affaire, dont l\u2019ancien ministre serbe Tomislav Momirovi\u0107. Il affirme que les suspects arr\u00eat\u00e9s sont soup\u00e7onn\u00e9s d\u2019avoir port\u00e9 pr\u00e9judice au budget \u00e0 hauteur de 115 millions de dollars par des actes de corruption.<\/p>\n<p>Par ailleurs, le consortium d\u2019entreprises chinoises CRIC&amp;CCCC (China Railway International Co. Ltd et China Communications Construction Company Ltd), charg\u00e9 de la construction de la ligne \u00e0 grande vitesse, est soup\u00e7onn\u00e9 d\u2019avoir \u00ab\u00a0obtenu des avantages mat\u00e9riels\u00a0\u00bb d\u2019une valeur d\u2019au moins 18,7 millions de dollars. Des repr\u00e9sentants des autorit\u00e9s serbes ont conclu un contrat avec ce consortium chinois sur la base de l\u2019accord intergouvernemental entre la Serbie et la Chine, sans appel d\u2019offres.<\/p>\n<p>\u00ab\u00a0Soul\u00e8vement de la jeunesse\u00a0\u00bb jeudi soir dans les rues de Belgrade<\/p>\n<p><strong>1er ao\u00fbt &#8211; 12h45\u00a0:<\/strong> Jeudi, de 18\u00a0h \u00e0 minuit, \u00e9tudiants et citoyens ont bloqu\u00e9 la circulation sur la rue Omladinskih brigada \u00e0 Novi Beograd, au rond-point pr\u00e8s de la municipalit\u00e9 de Novi Beograd, aux intersections avec le boulevard Zorana \u0110in\u0111i\u0107a et les rues Jurija Gagarina et Heroja sa Ko\u0161are. Le rassemblement \u00e9tait organis\u00e9 par les \u00e9tudiants de la Facult\u00e9 d\u2019art dramatique sous le slogan\u00a0: \u00ab\u00a0Omladinski Bunt\u00a0\u00bb (\u00ab\u00a0Soul\u00e8vement de la jeunesse\u00a0\u00bb), \u00e0 la veille du neuvi\u00e8me mois de la catastrophe de Novi Sad, le 1er novembre 2024.<\/p>\n<p>Un millier de personnes se sont rassembl\u00e9es au barrage, et la circulation a \u00e9t\u00e9 interrompue sur toute la rue Omladinskih brigada jusqu\u2019\u00e0 l\u2019entr\u00e9e du rond-point. Vuk, l\u2019un des participants \u00e0 la manifestation, a d\u00e9clar\u00e9 \u00e0 RFE\/RL qu\u2019il \u00e9tait venu manifester pour r\u00e9clamer des changements syst\u00e9miques dans la soci\u00e9t\u00e9. \u00ab\u00a0Tout d\u2019abord, la lutte contre la corruption au plus haut niveau. Nous avons besoin d\u2019institutions libres, de l\u2019\u00c9tat de droit et que la profession soit \u00e9cout\u00e9e.\u00a0\u00bb<\/p>\n<p>Novi Pazar\u00a0: des hommes cagoul\u00e9s expulsent violemment des \u00e9tudiants de l\u2019universit\u00e9<\/p>\n<p><strong>29 juillet &#8211; 12h\u00a0:<\/strong> T\u00f4t ce matin, entre 3h et 4h, une vingtaine d\u2019individus masqu\u00e9s ont fait irruption dans le b\u00e2timent de l\u2019Universit\u00e9 d\u2019\u00c9tat de Novi Pazar (DUNP), en criant \u00ab\u00a0Incendie, \u00e9vacuation d\u2019urgence\u00a0!\u00a0\u00bb, avant d\u2019expulser de force les \u00e9tudiants qui occupaient les lieux.<\/p>\n<p>Selon plusieurs t\u00e9moins, les agresseurs ne sont pas identifi\u00e9s mais auraient \u00e9t\u00e9 accompagn\u00e9s du vice-recteur Milovan Brati\u0107, du pr\u00e9sident du parlement \u00e9tudiant et de plusieurs enseignants. La rectrice \u017dana Doli\u0107anin, ouvertement pro-\u00ab\u00a0\u0107aci\u00a0\u00bb, est \u00e9galement entr\u00e9e dans le b\u00e2timent sous protection d\u2019une soci\u00e9t\u00e9 de s\u00e9curit\u00e9 priv\u00e9e qu\u2019elle aurait engag\u00e9e. Un important dispositif policier encercle d\u00e9sormais l\u2019universit\u00e9.<\/p>\n<blockquote class=\"instagram-media\" data-instgrm-captioned=\"\" data-instgrm-permalink=\"https:\/\/www.instagram.com\/reel\/DMrPJg5oYcM\/?utm_source=ig_embed&amp;utm_campaign=loading\" data-instgrm-version=\"14\" style=\" background:#FFF; border:0; border-radius:3px; box-shadow:0 0 1px 0 rgba(0,0,0,0.5),0 1px 10px 0 rgba(0,0,0,0.15); margin: 1px; max-width:540px; min-width:326px; padding:0; width:99.375%; width:-webkit-calc(100% - 2px); width:calc(100% - 2px);\"\/>\n<p>Le conseiller municipal de Kraljevo, Predrag Vo\u0161tini\u0107, repr\u00e9sentant du Lokalni Front, a d\u00e9clar\u00e9 que ce ne sont pas des inconnus qui ont fait irruption \u00e0 l\u2019universit\u00e9 de Novi Pazar. \u00ab\u00a0Ce sont des mercenaires de Kraljevo, les m\u00eames qui nous avaient autrefois expuls\u00e9s de l\u2019assembl\u00e9e municipale en portant l\u2019uniforme d\u2019une soci\u00e9t\u00e9 de s\u00e9curit\u00e9 priv\u00e9e\u00a0\u00bb, a-t-il d\u00e9clar\u00e9 sur X.<\/p>\n<p>Les \u00e9tudiants d\u00e9noncent une violation de l\u2019autonomie universitaire et affirment que certains d\u2019entre eux ont \u00e9t\u00e9 bless\u00e9s lors de l\u2019\u00e9vacuation. La police, pr\u00e9sente en nombre, n\u2019est pas intervenue contre les hommes cagoul\u00e9s, justifiant son action par un ordre de la rectrice.<\/p>\n<p>Des soutiens venus de Ni\u0161 et Belgrade sont attendus sur place dans la journ\u00e9e.<\/p>\n<p> Blocages du pont Gazela \u00e0 Belgrade et de la route de Zlatibor \u00e0 U\u017eice<\/p>\n<p><strong>20 juillet &#8211; 8h30\u00a0:<\/strong> Le pont Gazela, l\u2019un des principaux ponts autoroutiers de Belgrade, ainsi que la route principale d\u2019U\u017eice en direction de Zlatibor, ont \u00e9t\u00e9 bloqu\u00e9s jusque tard dans la soir\u00e9e de samedi.<\/p>\n<p>L\u2019acc\u00e8s au pont Gazela depuis Novi Beograd a \u00e9t\u00e9 bloqu\u00e9 apr\u00e8s une manifestation sur la place Aviati\u010darski Trg, \u00e0 Zemun, \u00e0 l\u2019appel des \u00e9tudiants qui bloquent la Facult\u00e9 d\u2019agriculture. L\u2019appel \u00e0 manifester faisait suite \u00e0 l\u2019annonce par le pr\u00e9sident serbe Aleksandar Vu\u010di\u0107 de la suppression du mandat d\u2019arr\u00eat contre la jeune fille de 25 ans qui avait renvers\u00e9 une \u00e9tudiante avec sa voiture lors d\u2019une manifestation \u00e0 Novi Beograd en janvier.<\/p>\n<p>Trois carrefours ont \u00e9galement \u00e9t\u00e9 bloqu\u00e9es \u00e0 Novi Sad, tandis qu\u2019\u00e0 Ni\u0161 ,la sortie de l\u2019autoroute Ni\u0161-est a dur\u00e9 pr\u00e8s de deux heures. Une manifestation a \u00e9galement eu lieu \u00e0 Kragujevac, tandis qu\u2019\u00e0 Loznica il y a eu une manifestation <a href=\"https:\/\/www.courrierdesbalkans.fr\/+-Lithium-+\" target=\"_blank\" rel=\"noopener\">contre l\u2019exploitation mini\u00e8re du lithium<\/a>.<\/p>\n<p>Des ONG d\u00e9noncent l\u2019impunit\u00e9 des violences polici\u00e8res<\/p>\n<p><strong>17 juillet &#8211; 10h30\u00a0:<\/strong> Le <a href=\"https:\/\/www.cins.rs\/samari-modrice-i-prelomi-policijsko-nasilje-tokom-protesta\/\" class=\"spip_out\" rel=\"external noopener\" target=\"_blank\">Centre pour le journalisme d\u2019investigation<\/a> (CINS) et le Centre de Belgrade pour les droits de l\u2019homme (BCLJP) d\u00e9noncent l\u2019impunit\u00e9 persistante des violences polici\u00e8res lors des r\u00e9centes manifestations.<\/p>\n<p>Selon Sanja Radivojevi\u0107 (BCLJP), quinze plaintes p\u00e9nales ont d\u00e9j\u00e0 \u00e9t\u00e9 d\u00e9pos\u00e9es contre des agents en uniforme anti\u00e9meute, sans insignes visibles et le visage dissimul\u00e9 par des cagoules, accus\u00e9s d\u2019avoir frapp\u00e9 des passants sans motif. Les incidents, souvent film\u00e9s, ne donnent lieu \u00e0 aucune enqu\u00eate, faute de r\u00e9action du minist\u00e8re de l\u2019Int\u00e9rieur.<\/p>\n<p>Sanja Radivojevi\u0107 d\u00e9nonce un \u00ab\u00a0cercle de l\u2019impunit\u00e9\u00a0\u00bb, aliment\u00e9 par l\u2019absence de preuves conserv\u00e9es, la solidarit\u00e9 entre policiers et la l\u00e9g\u00e8ret\u00e9 des sanctions \u2013 g\u00e9n\u00e9ralement six mois avec sursis, ce qui ne conduit pas \u00e0 la r\u00e9vocation des agents.<\/p>\n<p>Novi Sad\u00a0: rassemblement contre l\u2019abandon des poursuites contre les assaillants des \u00e9tudiants<\/p>\n<p><strong>16 juillet &#8211; 7h30\u00a0:<\/strong> Plusieurs centaines de citoyens se sont rassembl\u00e9s \u00e0 Novi Sad mardi 15 juillet, apr\u00e8s qu\u2019un tribunal a officiellement suspendu les poursuites contre quatre militants du Parti progressiste serbe (SNS) au pouvoir, accus\u00e9s d\u2019avoir agress\u00e9 des \u00e9tudiants dans la ville.<\/p>\n<p>La manifestation a d\u00e9but\u00e9 devant la r\u00e9sidence du dirigeant local du SNS, Milo\u0161 Vu\u010devi\u0107, ancien Premier ministre et ancien maire de Novi Sad. Les manifestants ont scand\u00e9 \u00ab\u00a0voleur, tes mains sont ensanglant\u00e9es\u00a0\u00bb. Comme le rapporte le portail 021 de Novi Sad, les citoyens rassembl\u00e9s ont encercl\u00e9 un caf\u00e9 voisin o\u00f9 \u00e9taient assis des \u00e9lus locaux et des militants du SNS, et quelques \u0153ufs ont \u00e9t\u00e9 lanc\u00e9s en leur direction.<\/p>\n<p>U\u017eice\u00a0: mobilisation massive pour la lib\u00e9ration de neuf manifestants d\u00e9tenus<\/p>\n<p><strong>14 juillet &#8211; 9h30\u00a0:<\/strong> Plusieurs dizaines de milliers de personnes venues de toute la Serbie se sont rassembl\u00e9es dimanche \u00e0 U\u017eice pour exiger la lib\u00e9ration de neuf citoyens arr\u00eat\u00e9s lors de manifestations dans cette ville de l\u2019ouest du pays.<\/p>\n<p>Parmi les d\u00e9tenus figurent des professeurs, des \u00e9tudiants, des avocats et des \u00e9lus de l\u2019opposition. Ils ont \u00e9t\u00e9 plac\u00e9s en d\u00e9tention pour 30 jours, soup\u00e7onn\u00e9s d\u2019avoir agress\u00e9 des agents de police lors d\u2019un blocage de route le 6 juillet.<\/p>\n<p>Apr\u00e8s un rassemblement dans le centre-ville et une marche pacifique, les manifestants ont bloqu\u00e9 la route nationale menant \u00e0 Zlatibor. La dur\u00e9e du rassemblement a symboliquement \u00e9t\u00e9 fix\u00e9e \u00e0 neuf heures.<\/p>\n<p>Le recteur de l\u2019Universit\u00e9 de Belgrade, Vladan \u0110oki\u0107, s\u2019est adress\u00e9 \u00e0 la foule, appelant \u00e0 \u00ab\u00a0poursuivre la lutte entam\u00e9e par les \u00e9tudiants pour la d\u00e9fense des institutions et de la dignit\u00e9\u00a0\u00bb. L\u2019avocat Vladimir Terzi\u0107 a d\u00e9nonc\u00e9 des arrestations \u00ab\u00a0politiques\u00a0\u00bb et a appel\u00e9 la communaut\u00e9 internationale \u00e0 ne pas \u00ab\u00a0fermer les yeux sur l\u2019autoritarisme au nom de la stabilit\u00e9\u00a0\u00bb.<\/p>\n<p>Une lettre de soutien de l\u2019ancien footballeur international Nemanja Vidi\u0107, originaire d\u2019U\u017eice, a \u00e9galement \u00e9t\u00e9 lue sur sc\u00e8ne, tout comme un message de l\u2019\u00e9v\u00eaque de \u017di\u010da, Justin, appelant les autorit\u00e9s \u00e0 \u00ab\u00a0ne pas oublier leur devoir de prot\u00e9ger le peuple\u00a0\u00bb.<\/p>\n<p>Le Barreau de Serbie a entam\u00e9 une gr\u00e8ve de trois jours en r\u00e9action \u00e0 l\u2019arrestation de l\u2019un de ses membres, l\u2019avocat Radovan Novakovi\u0107.<\/p>\n<p>En trois semaines, 57 attaques contre des journalistes<\/p>\n<p><strong>12 juillet &#8211; 14h30\u00a0:<\/strong> Une lettre adress\u00e9e \u00e0 la cha\u00eene N1, \u00e9voquant de mani\u00e8re mena\u00e7ante le massacre de Charlie Hebdo, marque une escalade alarmante dans la campagne de harc\u00e8lement contre les m\u00e9dias ind\u00e9pendants. Selon <a href=\"https:\/\/www.slavkocuruvijafondacija.rs\/scf-brutalna-kampanja-iz-drzavnog-vrha-za-tri-nedelje-57-napada-na-novinare\/\" class=\"spip_out\" rel=\"external noopener\" target=\"_blank\">la Fondation Slavko \u0106uruvija<\/a>, les responsables d\u2019\u00c9tat ont attaqu\u00e9 verbalement ces m\u00e9dias au moins 57 fois en trois semaines, les accusant de promouvoir la violence et de manipuler les manifestations.<\/p>\n<p>Le pr\u00e9sident Aleksandar Vu\u010di\u0107 a qualifi\u00e9 les journalistes de N1 et Nova S de \u00ab\u00a0terroristes\u00a0\u00bb, appelant \u00e0 leur arrestation, tandis que d\u2019autres hauts responsables, comme Milenko Jovanov, Milo\u0161 Vu\u010devi\u0107 ou Ana Brnabi\u0107, les ont qualifi\u00e9s d\u2019ennemis de l\u2019\u00c9tat.<\/p>\n<p>Trois ministres ont publiquement discr\u00e9dit\u00e9 les journalistes d\u2019investigation de KRIK, les accusant de mentir ou de liens avec le crime organis\u00e9. Parall\u00e8lement, les reporters couvrant les protestations \u00e9tudiantes et citoyennes subissent des violences r\u00e9p\u00e9t\u00e9es, souvent ignor\u00e9es \u2013 voire commises \u2013 par la police.<\/p>\n<p>Gala enflamme l\u2019ouverture d\u2019EXIT et appelle la Serbie \u00e0 se lever<\/p>\n<p><strong>11 juillet &#8211; 14h\u00a0:<\/strong> La chanteuse italienne Gala a donn\u00e9 jeudi soir le coup d\u2019envoi du festival EXIT en interpr\u00e9tant \u00ab\u00a0Freed from Desire\u00a0\u00bb, devenue ces derniers mois l\u2019hymne des mobilisations \u00e9tudiantes. Le tube des ann\u00e9es 1990 a \u00e9t\u00e9 accueilli par une ovation.<\/p>\n<p>S\u2019adressant au public en serbe, Gala a lanc\u00e9 un message\u00a0: \u00ab\u00a0Serbie, l\u00e8ve-toi pour tes droits\u00a0! Montre au monde que le peuple a le pouvoir\u2026 Pumpaj bre\u00a0!\u00a0\u00bb, a-t-elle d\u00e9clar\u00e9, provoquant une r\u00e9ponse retentissante de la foule, scandant \u00e0 l\u2019unisson\u00a0: \u00ab\u00a0Pumpaj\u00a0!\u00a0\u00bb<\/p>\n<blockquote class=\"instagram-media\" data-instgrm-captioned=\"\" data-instgrm-permalink=\"https:\/\/www.instagram.com\/reel\/DL8XG7DK_MD\/?utm_source=ig_embed&amp;utm_campaign=loading\" data-instgrm-version=\"14\" style=\" background:#FFF; border:0; border-radius:3px; box-shadow:0 0 1px 0 rgba(0,0,0,0.5),0 1px 10px 0 rgba(0,0,0,0.15); margin: 1px; max-width:540px; min-width:326px; padding:0; width:99.375%; width:-webkit-calc(100% - 2px); width:calc(100% - 2px);\"\/>\n<p>Plus tard dans la soir\u00e9e, les festivaliers ont observ\u00e9 16 minutes de silence en hommage aux victimes de Novi Sad.<\/p>\n<p>\u00c0 U\u017eice, manifestation et ultimatum pour la lib\u00e9ration des manifestants d\u00e9tenus<\/p>\n<p><strong>12h30\u00a0:<\/strong> \u00c0 U\u017eice, des centaines de personnes ont manifest\u00e9 jeudi pour exiger la lib\u00e9ration de neuf habitants plac\u00e9s en d\u00e9tention provisoire, dont sept \u00e0 la suite du blocage routier de dimanche et deux lors d\u2019une protestation jeudi. Les manifestants ont donn\u00e9 jusqu\u2019\u00e0 dimanche 13 juillet aux autorit\u00e9s pour lib\u00e9rer les d\u00e9tenus, sous peine d\u2019une nouvelle manifestation d\u2019ampleur nationale.<\/p>\n<p>Le cort\u00e8ge a d\u00e9fil\u00e9 dans le calme jusqu\u2019au commissariat, encadr\u00e9 par des unit\u00e9s anti\u00e9meutes, scandant\u00a0: \u00ab\u00a0Lib\u00e9rez-les tous\u00a0!\u00a0\u00bb et \u00ab\u00a0Arr\u00eatez Vu\u010di\u0107\u00a0!\u00a0\u00bb. Une p\u00e9tition exigeant la d\u00e9mission du maire et des responsables policiers a \u00e9t\u00e9 largement sign\u00e9e.<\/p>\n<p>Des rassemblements de solidarit\u00e9 ont \u00e9galement eu lieu \u00e0 Belgrade, Ni\u0161, Novi Sad et Kragujevac. Un nouveau rassemblement est pr\u00e9vu ce dimanche \u00e0 10 heures \u00e0 U\u017eice. Les organisateurs appellent \u00e0 des actions coordonn\u00e9es dans d\u2019autres villes du pays.<\/p>\n<p>Sept arrestations \u00e0 U\u017eice, les avocats de Serbie suspendent leurs activit\u00e9s<\/p>\n<p><strong>9 juillet &#8211; 16h40\u00a0:<\/strong> Le tribunal de premi\u00e8re instance d\u2019U\u017eice a ordonn\u00e9 ce mercredi le placement en d\u00e9tention pour une dur\u00e9e maximale de 30 jours de sept citoyens d\u2019U\u017eice, accus\u00e9s d\u2019avoir bloqu\u00e9 la route principale. Le tribunal a annonc\u00e9 que les sept personnes arr\u00eat\u00e9es sont soup\u00e7onn\u00e9es d\u2019\u00ab\u00a0agression contre un fonctionnaire dans l\u2019exercice de ses fonctions\u00a0\u00bb. Parmi les personnes arr\u00eat\u00e9es figurent des professeurs, des \u00e9tudiants, des avocats et des conseillers municipaux.<\/p>\n<p>Le Conseil de l\u2019Ordre des avocats de Serbie (AKS) a d\u00e9cid\u00e9 de suspendre son activit\u00e9 pendant trois jours, suite \u00e0 la d\u00e9cision de placer en d\u00e9tention leur confr\u00e8re Radovan Novakovi\u0107. Cette d\u00e9cision de suspension est entr\u00e9e en vigueur aujourd\u2019hui \u00e0 midi. \u00ab\u00a0\u00dfPendant la suspension, les avocats ne peuvent soumettre aux tribunaux, aux Parquets ni aux organes \u00e9tatiques participant aux proc\u00e9dures p\u00e9nales que les observations qui emp\u00eachent l\u2019expiration des d\u00e9lais de forclusion\u00a0\u00bb, pr\u00e9cise le communiqu\u00e9 de l\u2019AKS.<\/p>\n<p>Les citoyens d\u2019U\u017eice bloquent la route nationale de Zlatibor<\/p>\n<p><strong>7 juillet &#8211; 22h30\u00a0:<\/strong> Lundi soir, des habitants d\u2019U\u017eice ont bloqu\u00e9 la route nationale menant \u00e0 Zlatibor, pour d\u00e9noncer l\u2019arrestation de plusieurs personnes dans cette ville de l\u2019ouest de la Serbie et d\u2019all\u00e9gations de brutalit\u00e9s polici\u00e8res.<\/p>\n<p>La route principale a \u00e9t\u00e9 bloqu\u00e9e malgr\u00e9 la mise en place d\u2019un cordon policier \u00e0 proximit\u00e9. Des milliers de citoyens avaient pris part \u00e0 une marche de protestation \u00e0 U\u017eice, qui s\u2019est dirig\u00e9e vers le commissariat de police puis vers la route nationale.<\/p>\n<p>Au moins dix carrefours de Belgrade bloqu\u00e9s ce lundi matin<\/p>\n<p><strong>7 juillet &#8211; 8h\u00a0:<\/strong> Ce lundi, au moins dix carrefours strat\u00e9giques de Belgrade sont bloqu\u00e9s \u00e0 l\u2019appel des zborovi citoyens \u00e0 Novi Beograd, \u010cukarica, Palilula, Rakovica, Zemuna, ou Kalu\u0111erica. Le blocage doit durer jusqu\u2019\u00e0 10h.<\/p>\n<p>Un professeur de la Facult\u00e9 de Philosophie interpel\u00e9 \u00e0 Belgrade<\/p>\n<p><strong>6 juillet &#8211; 9h30\u00a0:<\/strong> Les blocages se poursuivent partout en Serbie, pour le sixi\u00e8me jour cons\u00e9cutif. Boris Pendelj, professeur \u00e0 la Facult\u00e9 de philosophie de Belgrade, a \u00e9t\u00e9 arr\u00eat\u00e9 apr\u00e8s que la police a d\u00e9mantel\u00e9 l\u2019un des blocages dans le centre. Il a \u00e9t\u00e9 lib\u00e9r\u00e9 apr\u00e8s une comparution devant le tribunal correctionnel, et il est accus\u00e9 d\u2019avoir enfreint la loi en poussant un conteneur dans la rue. Le professeur a \u00e9t\u00e9 accueilli par les applaudissements des \u00e9tudiants, des citoyens et de ses coll\u00e8gues devant le palais de justice.<\/p>\n<p>Mises en garde de l\u2019OSCE et de l\u2019ONU contre la violence polici\u00e8re<\/p>\n<p><strong>5 juillet &#8211; 8h\u00a0:<\/strong> La Mission de l\u2019OSCE en Serbie a annonc\u00e9 le 4 juillet qu\u2019elle suivait \u00ab\u00a0avec une profonde inqui\u00e9tude\u00a0\u00bb l\u2019escalade de la violence survenue dans les jours qui ont suivi les manifestations du 28 juin \u00e0 Belgrade, notamment les interventions polici\u00e8res, et souligne que la s\u00e9curit\u00e9 des manifestants et des journalistes \u00e9tait essentielle \u00e0 l\u2019\u00c9tat de droit et \u00e0 la d\u00e9mocratie. La mission serbe aupr\u00e8s de l\u2019OSCE a aussit\u00f4t r\u00e9pondu que la Serbie restait attach\u00e9e au respect des droits \u00e0 la libert\u00e9 d\u2019expression et de r\u00e9union pacifique, mais que \u00ab\u00a0la violence d\u00e9guis\u00e9e en protestation\u00a0\u00bb \u00e9tait inacceptable.<\/p>\n<p>La Rapporteuse sp\u00e9ciale des Nations Unies sur la libert\u00e9 de r\u00e9union pacifique et d\u2019association, Gina Romero, a \u00e9galement appel\u00e9 les autorit\u00e9s serbes \u00e0 garantir la s\u00e9curit\u00e9 des citoyens participant aux manifestations. \u00ab\u00a0Compte tenu des rassemblements organis\u00e9s dans tout le pays pour protester contre les violences polici\u00e8res enregistr\u00e9es ces derniers jours, j\u2019appelle le gouvernement serbe \u00e0 prot\u00e9ger les manifestants pacifiques, en particulier les \u00e9tudiants. Je crains pour la vie et la s\u00e9curit\u00e9 des personnes participant aux manifestations\u00a0\u00bb, a d\u00e9clar\u00e9 Gina Romero sur le r\u00e9seau social X.<\/p>\n<blockquote class=\"twitter-tweet\">\n<p lang=\"en\" dir=\"ltr\"><a href=\"https:\/\/twitter.com\/hashtag\/Serbia?src=hash&amp;ref_src=twsrc%5Etfw\" target=\"_blank\" rel=\"noopener\">#Serbia<\/a> Taking into consideration that today mobilizations throughout the country were called, in protest to the police violence exercised in the past days, I urged the Serbian government to protect peaceful protestors, especially students. I fear for the lives and well-being of\u2026<\/p>\n<p>\u2014 Gina Romero (@Ginitastar) <a href=\"https:\/\/twitter.com\/Ginitastar\/status\/1941008068386738488?ref_src=twsrc%5Etfw\" target=\"_blank\" rel=\"noopener\">July 4, 2025<\/a><\/p>\n<\/blockquote>\n<p>Elle a soulign\u00e9 qu\u2019elle surveillerait attentivement les actions des policiers pendant les rassemblements.<\/p>\n<p>Reprise des blocages citoyens \u00e0 Belgrade, Novi Sad, Ni\u0161, etc<\/p>\n<p><strong>3 juillet &#8211; 19h30\u00a0:<\/strong> Malgr\u00e9 la r\u00e9pression, les blocages citoyens ont repris \u00e0 travers toute la Serbie ce jeudi soir. \u00c0 Belgrade, l\u2019\u00e9changeur d\u2019Autokomanda ainsi que la place des Aviateurs \u00e0 Zemun. Le trafic est bloqu\u00e9 \u00e0 Ni\u0161, tandis qu\u2019\u00e9tudiants et citoyens se sont rassembl\u00e9s devant le Rectorat de Novi Sad avant de marcher vers le centre de la ville.<\/p>\n<p>La police l\u00e8ve les barrages, la r\u00e9pression se durcit<\/p>\n<p><strong>3 juillet &#8211; 13h30\u00a0:<\/strong> Dans la nuit du 2 au 3 juillet, la police est intervenue \u00e0 plusieurs endroits de Belgrade et de Novi Sad, o\u00f9 citoyens et \u00e9tudiants s\u2019\u00e9taient rassembl\u00e9s pour \u00e9riger des barrages routiers. Au matin, la police a confirm\u00e9 \u00eatre intervenue et avoir lev\u00e9 tous les barrages routiers, interpellant 79 personnes. Le minist\u00e8re de l\u2019Int\u00e9rieur a ajout\u00e9 que l\u2019identit\u00e9 de 1297 personnes avait \u00e9t\u00e9 relev\u00e9e. \u00ab\u00a0Parmi elles, 72 personnes ont \u00e9t\u00e9 interpell\u00e9es pour d\u00e9lits mineurs et sept pour suspicion d\u2019infractions au Code p\u00e9nal et de commission d\u2019actes criminels\u00a0\u00bb, a-t-il pr\u00e9cis\u00e9.<\/p>\n<p>Tous les barrages routiers sur le territoire de Serbie et de Belgrade ont \u00e9t\u00e9 lev\u00e9s et toutes les routes sont praticables, a ajout\u00e9 la police. Des incidents sporadiques ont \u00e9t\u00e9 enregistr\u00e9s \u00e0 certains endroits, notamment \u00e0 Belgrade, Ni\u0161, Novi Pazar et Novi Sad, o\u00f9 un certain nombre de personnes ont \u00e9t\u00e9 arr\u00eat\u00e9es pour trouble \u00e0 l\u2019ordre public et actes criminels, selon le communiqu\u00e9.<\/p>\n<p>Le minist\u00e8re de l\u2019Int\u00e9rieur a appel\u00e9 les citoyens \u00e0 s\u2019abstenir de toute activit\u00e9 ill\u00e9gale et \u00e0 ne pas bloquer la circulation, surtout pas d\u2019une mani\u00e8re qui pourrait mettre en danger leur s\u00e9curit\u00e9 et celle des autres usagers de la route.<\/p>\n<p>La police est intervenue pr\u00e8s de la Facult\u00e9 de Droit de Belgrade, agressant des \u00e9tudiants assis paisiblement sur un banc. Quatre personnes ont \u00e9t\u00e9 bless\u00e9es et transport\u00e9es \u00e0 l\u2019Acad\u00e9mie de m\u00e9decine militaire, et l\u2019une d\u2019entre elles a eu la clavicule cass\u00e9e.<\/p>\n<p>Rassemblement contre la violence polici\u00e8re \u00e0 Belgrade<\/p>\n<p><strong>2 juillet &#8211; 18h45\u00a0:<\/strong> \u00c9tudiants et citoyens se sont rassembl\u00e9s mercredi 2 juillet devant la Facult\u00e9 de philosophie de Belgrade pour protester contre le passage \u00e0 tabac d\u2019un \u00e9tudiant par la police.<\/p>\n<p>Les \u00e9tudiants de la Facult\u00e9 de philosophie avaient annonc\u00e9 que leur coll\u00e8gue, le journaliste et photographe Aleksa Stankovi\u0107, avait \u00e9t\u00e9 agress\u00e9 par des policiers en uniforme. \u00ab\u00a0Ils l\u2019ont d\u2019abord menac\u00e9 pour avoir publi\u00e9 une vid\u00e9o dans laquelle on entend clairement des policiers faire des commentaires d\u00e9plac\u00e9s \u00e0 une passante, puis ils l\u2019ont agress\u00e9 physiquement, brisant sa carte SD, qui, selon eux, contenait un enregistrement de l\u2019incident\u00a0\u00bb, a d\u00e9clar\u00e9 un \u00e9tudiant, ajoutant qu\u2019il ne s\u2019agissait pas du premier cas d\u2019agression polici\u00e8re contre des \u00e9tudiants et des journalistes. \u00ab\u00a0C\u2019est un exemple important de la cruaut\u00e9 des d\u00e9fenseurs du r\u00e9gime que nous ne devons jamais oublier\u00a0\u00bb, ont d\u00e9clar\u00e9 les \u00e9tudiants en philosophie.<\/p>\n<p>72 arrestations, 117 rassemblements non d\u00e9clar\u00e9s, etc\u00a0: les chiffres de la police<\/p>\n<p><strong>2 juillet &#8211; 10h20\u00a0:<\/strong> Selon le minist\u00e8re de l\u2019Int\u00e9rieur (MUP), 72 personnes ont \u00e9t\u00e9 interpel\u00e9es sur les barrages dans la nuit du 1er au 2 juillet, tandis que 976 contr\u00f4les d\u2019identit\u00e9 \u00e9taient op\u00e9r\u00e9s. Au cours des derni\u00e8res 24h, la police a compt\u00e9 117 rassemblements non d\u00e9clar\u00e9s, dont 68 \u00e0 Belgrade, et 87 blocages de la circulation.<\/p>\n<p>Blocages dans au moins 20 villes ce mardi soir<\/p>\n<p><strong>1er juillet &#8211; 23h30\u00a0:<\/strong> Ce mardi soir, des blocages \u00e9taient recens\u00e9s dans au moins 20 villes de Serbie, notamment \u00e0 Beograd, Novi Sad, Mladenovac, Kru\u0161evac, \u010ca\u010dak, Subotica, Kraljevo, Po\u017earevac, Smederevo, Lajkovac, Lazarevac, Leskovac, Para\u0107in, \u0106uprija, Gornji Milanovac, Sremska Mitovica, \u0160abac et Novi Pazar.<\/p>\n<p>Climat de peur et victoire du SNS \u00e0 Kosjeri\u0107<\/p>\n<p><strong>1er juillet &#8211; 23h\u00a0:<\/strong> On votait ce mardi \u00e0 Kosjeri\u0107, et la coalition autour du Parti progressiste serbe au pouvoir a remport\u00e9 le bureau de vote 25, o\u00f9 le scrutin du 8 juin \u00e9tait r\u00e9organis\u00e9. Cette victoire n\u2019aura toutefois aucune incidence sur la r\u00e9partition des si\u00e8ges dans cette ville de l\u2019ouest de la Serbie, a annonc\u00e9 la mission d\u2019observation de la CRTA.<\/p>\n<p>La CRTA a d\u00e9clar\u00e9 que lors de ces \u00e9lections, qui ne peuvent \u00eatre consid\u00e9r\u00e9es comme libres en raison du climat de peur, des tr\u00e8s fortes tensions et des menaces de violence, la liste \u00ab\u00a0Nous n\u2019abandonnerons pas la Serbie\u00a0&#8211; Aleksandar Vu\u010di\u0107\u00a0\u00bb a obtenu 197 voix (55,7\u00a0%), \u00ab\u00a0Unis pour Kosjeri\u0107\u00a0\u00bb 153 voix (43,2\u00a0%), le Parti russe z\u00e9ro voix, et quatre bulletins nuls. Dans ce bureau, l\u2019opposition avait remport\u00e9 220 voix le 8 juin, et le gouvernement 125.<\/p>\n<p>La d\u00e9sob\u00e9issance civile fait t\u00e2che d\u2019huile dans toute la Serbie<\/p>\n<p><strong>1er juillet &#8211; 8h\u00a0:<\/strong> Des blocages et barrages continuent de se mettre en place dans tout le pays. La police en d\u00e9mant\u00e8le avec un recours plus ou moins violent \u00e0 la force, mais ils se reforment ailleurs.<\/p>\n<p>Par exemple \u00e0 Subotica, dans le nord de la Serbie, o\u00f9 la police anti-\u00e9meute est intervenue apr\u00e8s sept heures de blocage dans le centre-ville lundi soir. Les manifestants pr\u00e9voient de recommencer ce mardi. Ou encore \u00e0 Valjevo o\u00f9 un grand rassemblement pacifique \u00e0 bloqu\u00e9 le plus grand carrefour de la ville.<\/p>\n<p>Des grandes voies de communication sont aussi bloqu\u00e9es. Comme la voie ferr\u00e9e Belgrade-Bar, bloqu\u00e9e \u00e0 Lazarevac par des citoyens lundi soir\u00a0; Une centaine de personnes de Ra\u0161ka ont bloqu\u00e9 l\u2019autoroute Ibarska en direction de Kosovska Mitrovica et Novi Pazar\u00a0; La police de Novi Pazar a eu recours \u00e0 la force pour expulser des citoyens qui bloquaient la route principale vers le Mont\u00e9n\u00e9gro lundi soir.<\/p>\n<p>La police d\u00e9mant\u00e8le les barrages, ils se reforment aussit\u00f4t<\/p>\n<p><strong>30 juin &#8211; 14h\u00a0:<\/strong> La police proc\u00e8de depuis ce matin au d\u00e9mant\u00e8lement des barricades dress\u00e9es dans la nuit \u00e0 Belgrade et dans d\u2019autres villes de Serbie. Les manifestants avaient commenc\u00e9 \u00e0 les \u00e9riger la veille au soir sur des dizaines de routes, en geste de d\u00e9sob\u00e9issance civile. Les manifestants insistent sur le fait qu\u2019il s\u2019agit d\u2019\u00ab\u00a0actions non violentes\u00a0\u00bb.<\/p>\n<p>Le d\u00e9but de l\u2019op\u00e9ration polici\u00e8re visant \u00e0 \u00ab\u00a0briser\u00a0\u00bb les barricades \u00e0 Belgrade a \u00e9t\u00e9 marqu\u00e9 par des arrestations, les \u00e9tudiants accusant la police d\u2019avoir fait un usage excessif de la force contre les manifestants.<\/p>\n<p>Partout les m\u00eames sc\u00e8nes se r\u00e9p\u00e8tent\u00a0: des dizaines de policiers masqu\u00e9s retirent les barricades de la route, tandis que des centaines de manifestants n\u2019opposent aucune r\u00e9sistance et l\u00e8vent les mains en l\u2019air, affirmant que leur rassemblement est pacifique.<\/p>\n<p>Routes, ponts et carrefours bloqu\u00e9s dans tout le pays<\/p>\n<p> <a href=\"https:\/\/www.europesays.com\/fr\/wp-content\/uploads\/2025\/11\/1751227161_konjarnik.format-webp.width-1200.webp.webp\" class=\"spip_doc_lien mediabox\" type=\"image\/webp\"><br \/>\n\t\t<img loading=\"lazy\" decoding=\"async\" src=\"https:\/\/www.europesays.com\/fr\/wp-content\/uploads\/2025\/11\/1751227161_konjarnik.format-webp.width-1200.webp.webp\" width=\"1200\" height=\"675\" alt=\"\"\/><\/a><\/p>\n<p>@ N1\n<\/p>\n<p><strong>30 juin &#8211; 8h\u00a0:<\/strong> Depuis dimanche soir, routes, ponts et carrefours sont bloqu\u00e9s par les citoyens \u00e0 Belgrade, mais aussi \u00e0 Novi Sad, U\u017eice, \u010ca\u010dak, Kragujevac, Zrenjanin, Smederevo, Subotica, Ruma, Pan\u010devo, Valjevo, Gornji Milanovac..<\/p>\n<p>\u00c0 Belgrade, le pont Gazela a \u00e9t\u00e9 bloqu\u00e9 apr\u00e8s une manifestation devant le Palais de Justice de Belgrade pour exiger la lib\u00e9ration des \u00e9tudiants arr\u00eat\u00e9s. Plusieurs centaines de personnes bloquent \u00e9galement le carrefour strat\u00e9gique d\u2019Autokomanda, \u00e0 l\u2019appel du zbor citoyen de Vo\u017edovac.<\/p>\n<p>Ces initiatives s\u2019inscrivent dans le cadre de la campagne de d\u00e9sob\u00e9\u00efssance civile lanc\u00e9e \u00e0 l\u2019appel des \u00e9tudiants.?Sanja, \u00e9tudiante \u00e0 la Facult\u00e9 de droit de Belgrade, explique \u00eatre venue bloquer Autokomanda pour pers\u00e9v\u00e9rer dans la \u00ab\u00a0lutte pour un \u00c9tat de droit et d\u2019ordre\u00a0\u00bb.<\/p>\n<p>Les Unions de journalistes d\u00e9noncent la violence polici\u00e8re<\/p>\n<p><strong>29 juin &#8211; 16h30\u00a0:<\/strong> L\u2019Association des journalistes ind\u00e9pendants de Serbie (NUNS) a annonc\u00e9 le 29 juin qu\u2019elle condamnait fermement les multiples attaques, le harc\u00e8lement et l\u2019intimidation dont ont \u00e9t\u00e9 victimes des journalistes qui couvraient deux rassemblements organis\u00e9s \u00e0 Belgrade la veille.<\/p>\n<p>L\u2019Association des journalistes de Serbie (UNS) a \u00e9galement exprim\u00e9 sa protestation contre les \u00ab\u00a0violences\u00a0\u00bb inflig\u00e9es par la police aux journalistes qui couvraient les manifestations. \u00ab\u00a0L\u2019UNS souligne qu\u2019il est inacceptable que la police frappe des journalistes \u00e0 coups de matraque dans l\u2019exercice de leurs fonctions, au m\u00e9pris total des insignes de presse qu\u2019ils portaient.\u00a0\u00bb<\/p>\n<p>Violents heurts dans les rues de Belgrade, beaucoup de bless\u00e9s et d\u2019interpellations<\/p>\n<p><strong>29 juin &#8211; 9h\u00a0:<\/strong> Au terme de la manifestation \u00e0 Slavija, des incidents se sont produits dans le centrede Belgrade\u00a0: tirs de canon, de fus\u00e9es \u00e9clairantes et de gaz poivr\u00e9, tandis que des cordons de police repoussaient les citoyens.<\/p>\n<p>Le directeur de la police, Dragan Vasiljevi\u0107, a d\u00e9clar\u00e9 lors d\u2019une conf\u00e9rence de presse d\u2019urgence qu\u2019apr\u00e8s la fin du rassemblement, un grand nombre de citoyens s\u2019\u00e9taient dirig\u00e9s vers un rassemblement de partisans du gouvernement devant le Parlement. La police a donc d\u00fb intervenir \u00e0 plusieurs endroits pour emp\u00eacher des affrontements avec les citoyens lors d\u2019un autre rassemblement devant le Parlement.<\/p>\n<p>Selon lui, \u00ab\u00a0plusieurs dizaines d\u2019\u00e9meutiers et de hooligans\u00a0\u00bb ont \u00e9t\u00e9 interpel\u00e9s, tandis que six policiers \u00e9taient bless\u00e9s. Les \u00e9tudiants, qui font \u00e9tat de nombreux bless\u00e9s, ont d\u00e9clar\u00e9 sur les r\u00e9seaux sociaux que les autorit\u00e9s \u00ab\u00a0disposaient de tous les moyens et de tout le temps n\u00e9cessaires pour r\u00e9pondre aux revendications et pr\u00e9venir l\u2019escalade.\u00a0Au lieu de cela, ils ont opt\u00e9 pour la violence et la r\u00e9pression contre les citoyens. Toute radicalisation de la situation rel\u00e8ve de leur responsabilit\u00e9.\u00a0\u00bb<\/p>\n<p>Des dizaines de milliers de personnes place Slavija<\/p>\n<p><strong>28 juin &#8211; 22h\u00a0:<\/strong> Les \u00e9tudiants avaient fix\u00e9 \u00e0 21h un ultimatum au gouvernement, exigeant la convocation d\u2019\u00e9lections anticip\u00e9es. Cet ultimatum a \u00e9t\u00e9 rejet\u00e9 et, devant les dizaines de milliers de personnes rassembl\u00e9es place Slavija, dans le centre de Belgrade, les \u00e9tudiants ont d\u00e9clar\u00e9 que leur mouvement prenait fin, mais qu\u2019il s\u2019agissait d\u00e9sormais d\u2019un mouvement citoyen\u00a0: \u00ab\u00a0Nous restons ici en tant que citoyens. Cette lutte n\u2019est plus seulement \u00e9tudiante. Aujourd\u2019hui, nous exigeons tous des \u00e9lections. Nous nous soul\u00e8verons tous et nous gagnerons tous.\u00a0\u00bb<\/p>\n<p>Des cordons de police ont pris position dans le centre de la capitale pour s\u00e9parer les manifestants des partisans du r\u00e9gime r\u00e9unis au \u00ab\u00a0\u0106acilend\u00a0\u00bb dans le Parc des pionniers, place du Parlement. Des heurts ont \u00e9clat\u00e9 avec la Gendarmerie.<\/p>\n<p>\u00ab\u00a0Rendez-vous \u00e0 Vidovdan\u00a0\u00bb\u00a0: le programme du rassemblement<\/p>\n<p><strong>28 juin &#8211; 15h45\u00a0:<\/strong> Alors que le rendez-vous est fix\u00e9 place Slavija \u00e0 partir de 18h, de nombreux groupes commencent \u00e0 converger vers le centre de Belgrade. Malgr\u00e9 les blocages de la police sur les routes, une colonne d\u2019une centaine de v\u00e9hicules est aussi arriv\u00e9e de Novi Sad.<\/p>\n<p>Selon le programme de la manifestation, les 16 minutes de silence en m\u00e9moire des 16 victimes de l\u2019effondrement de la verri\u00e8re de la gare de Novi Sad seront observ\u00e9es \u00e0 partir de 19h11, suivie du chant de l\u2019hymne national \u00e0 19h27, de premiers discours des \u00e9tudiants, de la remise de la Pivoine rouge, de deux autres blocs de discours \u00e9tudiants. Puis, \u00e0 21h00, l\u2019ultimatum fix\u00e9 au gouvernement serbe pour satisfaire les exigences des \u00e9tudiants tombera \u00e0 \u00e9ch\u00e9ance. La fin du programme \u00e9tudiant est pr\u00e9vue \u00e0 21h20.  Les <a href=\"https:\/\/www.courrierdesbalkans.fr\/Zbor-quand-la-Serbie-reinvente-la-democratie-directe\" target=\"_blank\" rel=\"noopener\">zborovi citoyens<\/a> appellent \u00e0 rester \u00e0 Slavija apr\u00e8s 21h00.<\/p>\n<p>Vague d\u2019arrestations avant la manifestation de Vidovdan<\/p>\n<p><strong>28 juin &#8211; 8h\u00a0:<\/strong> \u00c0 la veille du rassemblement pr\u00e9vu ce samedi 28 juin \u00e0 18h \u00e0 Belgrade, les arrestations se multiplient. Cinq personnes sont actuellement maintenues en d\u00e9tention et deux autres aux arr\u00eats domiciliaires, soup\u00e7onn\u00e9es par le Parquet de pr\u00e9parer \u00ab\u00a0un changement violent de gouvernement\u00a0\u00bb et \u00ab\u00a0un\u00a0appel au renversement violent de l\u2019ordre constitutionnel\u00a0\u00bb.<\/p>\n<p>Les \u00e9tudiants qui bloquent toujours des dizaines de facult\u00e9s \u00e0 travers la Serbie, et qui m\u00e8nent des manifestations depuis pr\u00e8s de huit mois, r\u00e9clament notamment l\u2019abandon de toutes ces accusations et la suspension des proc\u00e9dures. Ils d\u00e9crivent ces arrestations comme des pressions, des intimidations et un affrontement entre le gouvernement et les dissidents. Une position partag\u00e9e par de nombreux partis d\u2019opposition et organisations non gouvernementales, dont des militants ont \u00e9t\u00e9 arr\u00eat\u00e9s lors des manifestations.<\/p>\n<p>Comme preuve, la police et le Parquet utilisent des conversations enregistr\u00e9es ou des correspondances priv\u00e9es dont les services de renseignements (BIA) ont eu connaissance. Des \u00e9tudiant.e.s sont \u00e9galement convoqu\u00e9.e.s \u00e0 des \u00ab\u00a0conversations informelles\u00a0\u00bb \u00e0 la police\u00a0: cela a \u00e9t\u00e9 le cas de deux \u00e9tudiantes \u00e0 Vo\u017edovac et Vra\u010dar, et d\u2019un autre \u00e0 Rakovica, trois quartiers de Belgrade.<\/p>\n<p>\u00c0 la veille du rassemblement de Vidovdan, les trains \u00e0 nouveau bloqu\u00e9s<\/p>\n<p><strong>27 juin &#8211; 21h\u00a0:<\/strong> Comme \u00e0 la veille du <a href=\"https:\/\/www.courrierdesbalkans.fr\/Serbie-la-police-a-t-elle-utilise-une-arme-sonique-pendant-la-manifestation-geante-de-Belgrade\" target=\"_blank\" rel=\"noopener\">rassemblement du 15 mars \u00e0 Belgrade<\/a>, le trafic ferroviaire a \u00e9t\u00e9 nouveau interrompu en Serbie ce vendredi, \u00e0 la veille du <a href=\"https:\/\/www.courrierdesbalkans.fr\/Serbie-le-mouvement-de-contestation-va-t-il-rebondir-a-Vidovdan\" target=\"_blank\" rel=\"noopener\">rassemblement pr\u00e9vu samedi 28, jour de Vidovdan<\/a>, en th\u00e9orie en raison \u00ab\u00a0d\u2019alertes \u00e0 la bombe\u00a0\u00bb. Ce m\u00eame motif avait d\u00e9j\u00e0 \u00e9t\u00e9 all\u00e9gu\u00e9 sans aucune confirmation en mars.<\/p>\n<p>Belgrade\u00a0: dans la rue pour des \u00e9lections anticip\u00e9es<\/p>\n<p><strong>22 juin &#8211; 19h\u00a0:<\/strong> Plusieurs centaines de citoyens de Belgrade ont manifest\u00e9 le 21 juin devant le b\u00e2timent de la Commission \u00e9lectorale de la R\u00e9publique (RIK), pour exiger la convocation d\u2019\u00e9lections l\u00e9gislatives anticip\u00e9es.<\/p>\n<p>La convocation d\u2019\u00e9lections est l\u2019une des revendications des \u00e9tudiants. Lors de la manifestation devant la RIK, les citoyens ont \u00e9galement exig\u00e9 que les autorit\u00e9s \u00ab\u00a0reconnaissent la victoire\u00a0\u00bb de l\u2019opposition aux \u00e9lections locales de Kosjeri\u0107, ainsi que l\u2019annulation des r\u00e9sultats des \u00e9lections \u00e0 Zaje\u010dar.<\/p>\n<p>Selon les r\u00e9sultats officiels, le Parti progressiste serbe (SNS), au pouvoir, a remport\u00e9 le plus grand nombre de voix lors des \u00e9lections \u00e0 Zaje\u010dar, dans l\u2019est de la Serbie, le 8 juin, mais l\u2019opposition d\u00e9nonce d\u2019importantes fraudes \u00e9lectorales. \u00ab\u00a0La pression doit continuer\u00a0\u00bb, a d\u00e9clar\u00e9 un \u00e9tudiant de Zaje\u010dar lors de la manifestation \u00e0 Belgrade, ajoutant que des poursuites p\u00e9nales avaient \u00e9t\u00e9 engag\u00e9es contre ceux qui \u00ab\u00a0ont particip\u00e9 \u00e0 l\u2019achat des voix\u00a0\u00bb.<\/p>\n<p>\u00ab\u00a0Blocage total\u00a0\u00bb de la Facult\u00e9 de m\u00e9decine de Belgrade<\/p>\n<p><strong>12 juin &#8211; 12h45\u00a0:<\/strong> Le Conseil acad\u00e9mique de la Facult\u00e9 de m\u00e9decine de Belgrade, lors de sa s\u00e9ance du 11 juin, a fix\u00e9 la rentr\u00e9e universitaire au 16 juin, a annonc\u00e9 jeudi la facult\u00e9 sur son site web. Suite \u00e0 cette d\u00e9cision du Conseil acad\u00e9mique, les \u00e9tudiants de la Facult\u00e9 de m\u00e9decine bloqu\u00e9s ont annonc\u00e9 que la facult\u00e9 \u00e9tait en \u00ab\u00a0blocus total\u00a0\u00bb. Outre leur publication sur Instagram, ils ont \u00e9galement publi\u00e9 une photo de la porte verrouill\u00e9e par un cadenas et une cha\u00eene.<\/p>\n<p>\u00ab\u00a0Il y a exactement six mois, le blocus de la Facult\u00e9 de m\u00e9decine a commenc\u00e9. Jusqu\u2019\u00e0 aujourd\u2019hui, nous b\u00e9n\u00e9ficiions du soutien du Conseil acad\u00e9mique. \u00c0 partir d\u2019aujourd\u2019hui, nous changeons de position. Le d\u00e9canat est sous notre contr\u00f4le\u00a0! La facult\u00e9 est en \u00ab\u00a0blocus total\u00a0\u00bb, peut-on lire dans le communiqu\u00e9.<\/p>\n<p>EXPO 2027 \u00e0 Belgrade\u00a0: r\u00e9union de planification et rassemblement de protestation<\/p>\n<p><strong>10 juin &#8211; 17h\u00a0:<\/strong> La premi\u00e8re r\u00e9union de planification de la participation internationale \u00e0 l\u2019Exposition universelle sp\u00e9cialis\u00e9e\u00a0EXPO 2027 \u00e0 Belgrade se tenait ce mardi au Centre Sava, tandis qu\u2019une manifestation d\u2019\u00e9tudiants en architecture et de citoyens oppos\u00e9s au projet se d\u00e9roulait \u00e0 l\u2019ext\u00e9rieur. Les \u00e9tudiants ont d\u00e9ploy\u00e9 une grande banderole sur laquelle on pouvait lire\u00a0: \u00ab\u00a0EXPOSED\u00a0: Same thieves bigger stage\u00a0\u00bb.<\/p>\n<p>Nouveau blocage devant le si\u00e8ge du gouvernement pour l\u2019autonomie des universit\u00e9s<\/p>\n<p><strong>9 juin &#8211; 18h\u00a0:<\/strong> R\u00e9clamant \u00ab\u00a0la pr\u00e9servation de l\u2019autonomie des universit\u00e9s\u00a0en Serbie, des membres de la communaut\u00e9 universitaire se sont rassembl\u00e9s devant le si\u00e8ge du gouvernement \u00e0 Belgrade ce lundi. La manifestation \u00e9tait appel\u00e9e par les groupes Pobunjeni et Slobodni Univerzitet, dont les repr\u00e9sentants ont soumis au gouvernement une liste de revendications relatives au travail et \u00e0 la situation des \u00e9tablissements d\u2019enseignement sup\u00e9rieur et de leurs employ\u00e9s.<\/p>\n<p>\u00ab\u00a0Ce n\u2019est pas seulement un combat pour l\u2019universit\u00e9, mais pour la soci\u00e9t\u00e9 tout enti\u00e8re\u00a0\u00bb, a d\u00e9clar\u00e9 Vladimir Vukomanovi\u0107, repr\u00e9sentant de l\u2019universit\u00e9 Pobunjeni et enseignant \u00e0 la Facult\u00e9 de formation des enseignants de Belgrade, lors de la manifestation.<\/p>\n<p>Le carrefour devant le si\u00e8ge du gouvernement est bloqu\u00e9, plusieurs tentes ont \u00e9t\u00e9 dress\u00e9es et la foule fait parfois du bruit en sifflant et en klaxonnant, et en brandissant les drapeaux des facult\u00e9s, rapporte l\u2019agence Beta. La dur\u00e9e officielle de la manifestation n\u2019a pas \u00e9t\u00e9 annonc\u00e9e. La manifestation a d\u00e9but\u00e9 \u00e0 11\u00a0h\u00a052, par 16\u00a0minutes de silence en hommage aux 16\u00a0personnes d\u00e9c\u00e9d\u00e9es dans l\u2019effondrement d\u2019une verri\u00e8re \u00e0 Novi Sad.<\/p>\n<p>Forte participation aux \u00e9lections locales \u00e0 Kosjeri\u0107 et Zaje\u010dar<\/p>\n<p><strong>8 juin &#8211; 17h\u00a0:<\/strong> \u00c0 16h, la participation atteignait les niveaux record de 70,9% des inscrits \u00e0 Kosjeri\u0107 et de 49,9% \u00e0 Zaje\u010dar. Ces \u00e9lections locales partielles prennent l\u2019allure de premier test politique grandeur nature depuis le d\u00e9but du mouvement de contestation qui secoue la Serbie.<\/p>\n<p><strong>8 juin &#8211; 12h30\u00a0:<\/strong> \u00c0 10h ce matin, trois heures apr\u00e8s l\u2019ouverture des bureaux de vote, la participation \u00e9tait de 24,11% des inscrits \u00e0 Kosjeri\u0107 et de 17,95% \u00e0 Zaje\u010dar. Des irr\u00e9gularit\u00e9s ont d\u00e9j\u00e0 \u00e9t\u00e9 signal\u00e9es. Des observateurs du CRTA disent avoir subi des pressions et des menaces t\u00e9l\u00e9phoniques. Des tentatives d\u2019achats de voix ont \u00e9t\u00e9 constat\u00e9es dans le village de Tubi\u0107i pr\u00e8s de Kosjeri\u0107.<\/p>\n<p>Le triathlon de Pan\u010devo annul\u00e9, le club Tami\u0161 d\u00e9nonce une sanction politique<\/p>\n<p><strong>8 juin &#8211; 7h30\u00a0:<\/strong> Pour la premi\u00e8re fois en 32 ans, le triathlon de Pan\u010devo, organis\u00e9 par le club Tami\u0161, n\u2019aura pas lieu. Cet \u00e9v\u00e9nement embl\u00e9matique de cette ville du nord-est de Belgrade, qui r\u00e9unit chaque ann\u00e9e jusqu\u2019\u00e0 300 athl\u00e8tes venus de Serbie et de l\u2019\u00e9tranger, avait pourtant r\u00e9sist\u00e9 aux bombardements de l\u2019OTAN, aux inondations de 2014 et 2022, ainsi qu\u2019\u00e0 la pand\u00e9mie de COVID-19. Il est cette fois bloqu\u00e9 par le silence de l\u2019administration municipale, qui a refus\u00e9 \u2013 sans justification \u2013 de d\u00e9livrer l\u2019autorisation n\u00e9cessaire pour s\u00e9curiser le parcours cycliste. Le club, qui avait d\u00e9pos\u00e9 tous les documents requis dans les d\u00e9lais, comme \u00e0 son habitude, n\u2019a re\u00e7u aucune r\u00e9ponse officielle. Faute de garanties de s\u00e9curit\u00e9, mais d\u00e9termin\u00e9s \u00e0 ne pas se laisser museler, les organisateurs ont d\u00e9cid\u00e9 de maintenir une version r\u00e9duite sous forme d\u2019aquathlon.<\/p>\n<p>Selon plusieurs membres du club, cette d\u00e9cision s\u2019inscrit dans un contexte plus large de pressions exerc\u00e9es sur les organisations associatives per\u00e7ues comme critiques du pouvoir. Peu d\u2019associations sportives ont exprim\u00e9 un soutien public aux mobilisations \u00e9tudiantes, par crainte de sanctions, tant les clubs restent d\u00e9pendants des financements publics. L\u2019association des sports de montagne fait figure d\u2019exception. Le club Tami\u0161 suspecte que l\u2019annulation de son triathlon soit li\u00e9e \u00e0 l\u2019engagement de plusieurs de ses membres \u2013 jeunes athl\u00e8tes et dirigeants \u2013 dans les r\u00e9centes manifestations contre le r\u00e9gime, et notamment \u00e0 la participation de deux de ces jeunes prodiges \u00e0 la travers\u00e9e cycliste jusqu\u2019\u00e0 Strasbourg en avril dernier.<\/p>\n<p>Cette man\u0153uvre met en lumi\u00e8re l\u2019instrumentalisation croissante des institutions locales \u00e0 des fins politiques. Faut-il y voir un simple dysfonctionnement bureaucratique, ou une tentative d\u00e9lib\u00e9r\u00e9e de faire taire la soci\u00e9t\u00e9 civile, m\u00eame dans les ar\u00e8nes sportives\u00a0? M\u00eame les forces de l\u2019ordre, avec lesquelles le club collabore habituellement, ont d\u00fb faire marche arri\u00e8re sur les mesures anticip\u00e9es \u2013 un fait in\u00e9dit, t\u00e9moignant du caract\u00e8re exceptionnel de cette man\u0153uvre des autorit\u00e9s locales, sous l\u2019\u00e9gide du r\u00e9gime Un \u00ab\u00a0triathlon de la r\u00e9sistance\u00a0\u00bb serait en pr\u00e9paration pour les mois \u00e0 venir, comme un pied de nez aux autorit\u00e9s. Les membres du club Tami\u0161 restent n\u00e9anmoins d\u00e9termin\u00e9s \u00e0 ne pas renoncer \u00e0 leur ancrage historique dans la communaut\u00e9 locale, qui s\u2019est largement manifest\u00e9e par le soutien exprim\u00e9 sur les r\u00e9seaux sociaux.<\/p>\n<p>Onze personnes arr\u00eat\u00e9es pour avoir \u00ab\u00a0attaqu\u00e9\u00a0\u00bb le porte-parole des \u0106aci <\/p>\n<p><strong>6 juin &#8211; 9h30\u00a0:<\/strong> La police de Belgrade a arr\u00eat\u00e9 onze personnes soup\u00e7onn\u00e9es d\u2019avoir particip\u00e9 \u00e0 l\u2019attaque contre Milo\u0161 Pavlovi\u0107, repr\u00e9sentant des \u0106aci, les \u00ab\u00a0\u00e9tudiants\u00a0\u00bb oppos\u00e9s au blocus des facult\u00e9s, a annonc\u00e9 le ministre serbe de l\u2019Int\u00e9rieur, Ivica Da\u010di\u0107, le 5 juin. Milo\u0161 Pavlovi\u0107 avait pr\u00e9c\u00e9demment annonc\u00e9 que lui-m\u00eame et ses amis avaient \u00e9t\u00e9 agress\u00e9s alors qu\u2019ils \u00e9taient assis dans un caf\u00e9 pr\u00e8s de Studentski grad, \u00e0 Novi Beograd. Ils ont \u00e9t\u00e9 conduits aux urgences et le ministre serbe de la Sant\u00e9, Zlatibor Lon\u010dar, leur a rendu visite.<\/p>\n<p>Des images circulant sur les r\u00e9seaux sociaux montrent un grand nombre de manifestants huant et scandant des slogans alors que Pavlovi\u0107 est assis dans un caf\u00e9. En sortant de l\u2019\u00e9tablissement, accompagn\u00e9 de plusieurs hommes, ils ont \u00e9t\u00e9 la cible d\u2019attaques verbales de la foule, d\u2019objets jet\u00e9s sur eux, et les images les montrent bouscul\u00e9s et frapp\u00e9s \u00e0 plusieurs reprises.<\/p>\n<p>Le lendemain matin de l\u2019attaque, Aleksandar Vu\u010di\u0107 a re\u00e7u Milo\u0161 Pavlovi\u0107 \u00e0 la pr\u00e9sidence. Il a d\u00e9clar\u00e9 sur Instagram que \u00ab\u00a0l\u2019\u00c9tat ne tol\u00e9rera plus la violence\u00a0\u00bb et qu\u2019il \u00e9tait convaincu que \u00ab\u00a0tous ceux qui ont particip\u00e9 au lynchage\u00a0\u00bb paieront \u00ab\u00a0en rendant des comptes devant la justice\u00a0\u00bb. Il a m\u00eame trait\u00e9 de \u00ab\u00a0nazis\u00a0\u00bb les \u00e9tudiants qui bloquent leurs facult\u00e9s.<\/p>\n<p>\u00ab\u00a0L\u00e8ve-toi, Serbie\u00a0\u00bb\u00a0: rassemblements dans 30 villes et deux pont bloqu\u00e9s<\/p>\n<p><strong>2 juin &#8211; 11h\u00a0:<\/strong> Des rassemblements ont eu lieu dimanche dans plus de 30 villes de Serbie \u00e0 l\u2019appel des \u00e9tudiants, qui r\u00e9clament la convocation d\u2019\u00e9lections anticip\u00e9es. \u00c0 Belgrade, les ponts de Branko et de Gazela sont rest\u00e9s bloqu\u00e9s durant trois heures par une foule scandant\u00a0: \u00ab\u00a0nous voulons la v\u00e9rit\u00e9, nous voulons la justice, nous voulons les \u00e9lections.\u00a0\u00bb<\/p>\n<p>\u00ab\u00a0L\u00e8ve-toi, Serbie\u00a0\u00bb\u00a0: des rassemblements dans 34 villes ce 1er juin<\/p>\n<p><strong>1er juin &#8211; 9h\u00a0:<\/strong> Sous le slogan \u00ab\u00a0L\u00e8ve-toi, Serbie\u00a0!\u00a0\u00bb, des rassemblements sont pr\u00e9vus ce dimanche 1er juin dans 34 villes du pays, dont Belgrade. En expliquant que \u00ab\u00a0la d\u00e9centralisation se met en place\u00a0\u00bb, les \u00e9tudiants veulent montrer comment toute la Serbie demeure mobilis\u00e9e.<\/p>\n<p>Samedi, un rassemblement a r\u00e9uni des milliers de personnes \u00e0 \u0160abac, dans l\u2019ouest de la Serbie, dont des cyclistes venus de Loznica, Sremska Mitrovica, Novi Sad et Belgrade. Des marathoniens sont \u00e9galement arriv\u00e9s de Belgrade. La journ\u00e9e a commenc\u00e9 \u00e0 11h52 par l\u2019hommage aux victimes et s\u2019est achev\u00e9e le soir par un concert.<\/p>\n<p>Novi Sad\u00a0: les trois derniers militants emprisonn\u00e9s ont \u00e9t\u00e9 plac\u00e9s en r\u00e9sidence surveill\u00e9e<\/p>\n<p><strong>28 mai &#8211; 19h\u00a0:<\/strong> <a href=\"https:\/\/www.courrierdesbalkans.fr\/En-Serbie-le-desespoir-des-prisonniers-politiques\" target=\"_blank\" rel=\"noopener\">Les trois militants qui restaient d\u00e9tenus \u00e0 Novi Sad<\/a> depuis deux mois et demi pour avoir suppos\u00e9ment \u00ab\u00a0ourdi un acte portant atteinte \u00e0 l\u2019ordre constitutionnel et \u00e0 la s\u00e9curit\u00e9 de la Serbie\u00a0\u00bb, ont \u00e9t\u00e9 assign\u00e9s \u00e0 r\u00e9sidence le 28 mai, a confirm\u00e9 \u017deljko Ko\u010di\u0107, l\u2019un de leurs avocats.<\/p>\n<p>\u00c0 la majorit\u00e9 des voix, la Cour d\u2019appel de Novi Sad a rendu une d\u00e9cision acceptant les recours des avocats de la d\u00e9fense, et les accus\u00e9s Mladen Cvijeti\u0107, Sr\u0111an \u0110uri\u0107 et Davor Stefanovi\u0107 ont \u00e9t\u00e9 assign\u00e9s \u00e0 r\u00e9sidence. Cette mesure, a pr\u00e9cis\u00e9, peut \u00eatre appliqu\u00e9e jusqu\u2019au 28 ao\u00fbt prochain au plus tard. Il est \u00e9galement pr\u00e9cis\u00e9 que les accus\u00e9s peuvent \u00eatre \u00e0 nouveau plac\u00e9s en d\u00e9tention s\u2019ils enfreignent les mesures d\u2019interdiction impos\u00e9es.<\/p>\n<p>\u00c0 l\u2019annonce de cette d\u00e9cision, le blocus de la Cour de Novi Sad, qui durait depuis le 15 mai, a \u00e9t\u00e9 lev\u00e9.<\/p>\n<p>Belgrade\u00a0: \u00ab\u00a0rendez-nous le parc\u00a0!\u00a0\u00bb<\/p>\n<p><strong>28 mai &#8211; 6h20\u00a0:<\/strong> \u00ab\u00a0Rendez-nous le parc\u00a0\u00bb\u00a0: ce slogan a r\u00e9sonn\u00e9 dans les rues du centre de Belgrade ce 27 mai. Plusieurs milliers de citoyens se sont rassembl\u00e9s pour protester contre le campement improvis\u00e9 install\u00e9 depuis pr\u00e8s de trois mois dans le parc Pionirski et sur la place Nikola Pa\u0161i\u0107. Depuis d\u00e9but novembre, les Belgradois se voient refuser l\u2019acc\u00e8s au parc Pionirski, l\u2019un des principaux espaces verts du centre-ville, car le groupe des \u00ab\u00a0\u00c9tudiants 2.0\u00a0\u00bb, <a href=\"https:\/\/www.courrierdesbalkans.fr\/Serbie-pseudo-etudiants-et-veterans-de-guerre-au-secours-de-Vucic\" target=\"_blank\" rel=\"noopener\">plus connus sous le nom de \u0107aci,<\/a>, y a install\u00e9 un campement pour protester contre les blocages \u00e9tudiants des facult\u00e9s, commenc\u00e9s fin 2024.<\/p>\n<p>Le parc Pionirski est entour\u00e9 d\u2019une cl\u00f4ture m\u00e9tallique, des tentes y ont \u00e9t\u00e9 dress\u00e9es et des toilettes mobiles ont \u00e9t\u00e9 install\u00e9es. La police est constamment en service \u00e0 proximit\u00e9. Depuis fin avril, le campement s\u2019est \u00e9tendu au-del\u00e0 des limites du parc et des tentes blanches ont \u00e9t\u00e9 install\u00e9es sur le plateau devant l\u2019Assembl\u00e9e nationale. Malgr\u00e9 les tentatives des journalistes pour conna\u00eetre les raisons de l\u2019installation de ces nouvelles tentes, aucun responsable n\u2019a r\u00e9agi. Les \u00ab\u00a0Campeurs\u00a0\u00bb, qui b\u00e9n\u00e9ficient du soutien ouvert du pr\u00e9sident Aleksandar Vu\u010di\u0107, ont d\u00e9clar\u00e9 auparavant qu\u2019ils ne d\u00e9m\u00e9nageraient pas tant qu\u2019ils ne seraient pas autoris\u00e9s \u00e0 fr\u00e9quenter les universit\u00e9s.<\/p>\n<p>30 carrefours bloqu\u00e9s ce mardi \u00e0 Novi Sad<\/p>\n<p><strong>27 mai &#8211; 9h20\u00a0:<\/strong> Les op\u00e9rations de blocage commenceront \u00e0 18 heures. et dureront 45 minutes, en signe de protestation contre le fait que les \u00e9lections locales dans la ville n\u2019ont pas encore \u00e9t\u00e9 convoqu\u00e9es.<\/p>\n<p>Les zborovi citoyens \u00ab\u00a0continuent de toutes leurs forces \u00e0 exiger le respect de la loi et de la Constitution et, conform\u00e9ment \u00e0 cela, que des \u00e9lections pour les communaut\u00e9s locales de Novi Sad soient convoqu\u00e9es\u00a0\u00bb. Il s\u2019agit du troisi\u00e8me blocage des carrefours \u00e0 Novi Sad.<\/p>\n<p>Un nouveau dimanche de manifestations<\/p>\n<p> <a href=\"https:\/\/www.europesays.com\/fr\/wp-content\/uploads\/2025\/11\/n1_kolona.format-webp.width-900.webp.webp\" class=\"spip_doc_lien mediabox\" type=\"image\/webp\"><br \/>\n\t\t<img loading=\"lazy\" decoding=\"async\" src=\"https:\/\/www.europesays.com\/fr\/wp-content\/uploads\/2025\/11\/n1_kolona.format-webp.width-900.webp.webp\" width=\"900\" height=\"506\" alt=\"\"\/><\/a><\/p>\n<p><strong>\u00ab\u00a0Attention \u00e0 qui tu votes\u00a0!\u00a0\u00bb, Belgrade 25 mai 2025<br \/>\n<\/strong><\/p>\n<p>@N1\n<\/p>\n<p><strong>25 mai &#8211; 15h\u00a0:<\/strong> Plusieurs cort\u00e8ges sont pr\u00e9vus ce dimanche en Serbie. A Belgrade, une marche de protestation le long du \u00ab\u00a0cercle du 2\u00a0\u00bb &#8211; le parcours circulaire le long duquel passe la ligne de tramway 2 \u00e0 Belgrade, a commenc\u00e9 par un rassemblement \u00e0 Slavija \u00e0 12h30. Etudiants et citoyens d\u00e9filent derri\u00e8re une banderole proclamant \u00ab\u00a0attention \u00e0 qui tu votes\u00a0\u00bb, rappelant l\u2019exigence d\u2019\u00e9lections anticip\u00e9es.<\/p>\n<p>Les \u00e9tudiants de Kragujevac ont appel\u00e9 \u00e0 une manifestation \u00ab\u00a0les professionnels avec les \u00e9tudiants\u00a0\u00bb \u00e0 17 heures, et les \u00e9tudiants de Novi Sad organisent une marche de protestation \u00e0 16 heures, en soutien aux dipl\u00f4m\u00e9s du lyc\u00e9e serbe et au peuple du Kosovo.<\/p>\n<p>Trois militants maintenus en d\u00e9tention, le tribunal de Novi Sad \u00e0 nouveau bloqu\u00e9<\/p>\n<p><strong>21 mai &#8211; 16h20\u00a0:<\/strong> Le tribunal de Novi Sad est \u00e0 nouveau bloqu\u00e9 par les \u00e9tudiants. En effet, celui-ci a d\u00e9cid\u00e9 de maintenir en d\u00e9tention les trois militants arr\u00eat\u00e9s \u00e0 la veille du 15 mars, confirmant ainsi sa d\u00e9cision ant\u00e9rieure, dont la d\u00e9fense avait fait appel.<\/p>\n<p>La chambre pr\u00e9liminaire de la Cour supr\u00eame, r\u00e9examinant sa d\u00e9cision ant\u00e9rieure, a \u00ab\u00a0d\u00e9cid\u00e9 \u00e0 l\u2019unanimit\u00e9\u00a0\u00bb de maintenir la d\u00e9cision de prolonger la d\u00e9tention de Mladen Cviji\u0107, Sr\u0111an \u0110uri\u0107 et Davor Stefanovi\u0107 pour 30 jours\u00a0\u00bb, a annonc\u00e9 jeudi la Cour supr\u00eame.<\/p>\n<p>\u00c0 Belgrade, la diplomate europ\u00e9enne Kaja Kallas appelle \u00e0 de vraies r\u00e9formes<\/p>\n<p><strong>21 mai &#8211; 15h\u00a0:<\/strong>En visite ce jeudi \u00e0 Belgrade avant de se rendre \u00e0 Pristina puis \u00e0 Skopje, la Haute Repr\u00e9sentante de l\u2019UE pour les affaires \u00e9trang\u00e8res et la politique de s\u00e9curit\u00e9, Kaja Kallas, a d\u00e9clar\u00e9 que lors de sa conversation avec des responsables serbes, elle avait soulign\u00e9 qu\u2019il n\u2019y avait pas de raccourcis sur le chemin vers l\u2019UE et qu\u2019il est n\u00e9cessaire de mettre en \u0153uvre des r\u00e9formes, principalement celles li\u00e9es \u00e0 la libert\u00e9 des m\u00e9dias, \u00e0 la lutte contre la corruption, mais aussi \u00e0 la r\u00e9forme \u00e9lectorale.<\/p>\n<p>Elle a aussi rencontr\u00e9 l\u2019opposition parlementaire, dont les repr\u00e9sentants lui ont assur\u00e9 que le r\u00e9gime \u00ab\u00a0ne voulait pas\u00a0\u00bb de l\u2019int\u00e9gration europ\u00e9enne, tout en assurant que la chute du r\u00e9gime \u00e9tait in\u00e9luctable,\u00a0seule la date restant incertaine\u00a0\u00bb.<\/p>\n<p>Un \u00ab\u00a0dernier train pour \u010ca\u010dak\u00a0\u00bb massif<\/p>\n<p><strong>21 mai &#8211; 13h\u00a0:<\/strong> La manifestation \u00e9tudiante \u00e0 \u010ca\u010dak, qui a d\u00e9but\u00e9 mercredi \u00e0 11 heures sous le slogan \u00ab\u00a0Dernier train pour \u010ca\u010dak\u00a0\u00bb, s\u2019est d\u00e9roul\u00e9e pacifiquement et s\u2019est termin\u00e9e vers 21h30, quand les \u00e9tudiants ont commenc\u00e9 \u00e0 nettoyer la ville. Les autorit\u00e9s locales avaient interdit l\u2019utilisation de l\u2019\u00e9lectricit\u00e9 pour la sc\u00e8ne que les \u00e9tudiants avaient install\u00e9e sur la place centrale de la ville, mais les \u00e9tudiants avaient fait venir un g\u00e9n\u00e9rateur de Belgrade.<\/p>\n<p>Jovo Baki\u0107, professeur de sociologie \u00e0 l\u2019Universit\u00e9 de Belgrade, a pris la parole lors de la manifestation et a appel\u00e9 le gouvernement \u00e0 r\u00e9pondre \u00e0 la demande des \u00e9tudiants de convoquer des \u00e9lections parlementaires anticip\u00e9es. \u00ab\u00a0Acceptez cette demande, c\u2019est pour votre bien, nous prendrons soin de vous en prison, vous ne serez pas mang\u00e9 par des punaises de lit comme elles mangent nos fr\u00e8res et s\u0153urs en prison \u00e0 Novi Sad.\u00a0\u00bb<\/p>\n<p>Les \u00e9tudiants bloquent le rectorat de Ni\u0161 pour s\u2019opposer aux cours en ligne<\/p>\n<p><strong>21 mai &#8211; 16h10\u00a0:<\/strong> Les \u00e9tudiants de l\u2019Universit\u00e9 de Ni\u0161 qui s\u2019opposent aux cours en ligne ont bloqu\u00e9 l\u2019entr\u00e9e du rectorat ce 21 mai, annon\u00e7ant que le blocus durerait jusqu\u2019\u00e0 ce que le recteur de l\u2019Universit\u00e9 de Ni\u0161, Jovan Stepanovi\u0107, et les doyens signent une d\u00e9claration selon laquelle il n\u2019y aurait pas de cours en ligne dans les facult\u00e9s. Ils ont d\u00e9clar\u00e9 que la dur\u00e9e du blocus du rectorat d\u00e9pendrait de la d\u00e9cision du Conseil acad\u00e9mique de la Facult\u00e9 des sciences et des math\u00e9matiques sur la compensation en ligne des cours.<\/p>\n<p>La d\u00e9cision de rattraper les cours en ligne \u00e0 Ni\u0161 a \u00e9t\u00e9 prise cette semaine par les Facult\u00e9s de droit et d\u2019\u00e9conomie, la facult\u00e9 des sports et de l\u2019\u00e9ducation physique, et au milieu du mois dernier par la facult\u00e9 de m\u00e9decine. En outre, certaines facult\u00e9s d\u2019autres villes de Serbie ont \u00e9t\u00e9 ouvertes dans d\u2019autres villes de Serbie au cours des derni\u00e8res semaines.<\/p>\n<p>Vu\u010di\u0107 et le SNS veulent \u00e0 leur tour bloquer le tribunal de Novi Sad<\/p>\n<p><strong>21 mai &#8211; 11h15\u00a0:<\/strong> Le pr\u00e9sident Vu\u010di\u0107 a d\u00e9clar\u00e9 qu\u2019il soutenait l\u2019id\u00e9e du chef du Parti progressiste serbe (SNS), Milo\u0161 Vu\u010devi\u0107, de bloquer le tribunal de Novi Sad, afin que quatre membres de ce parti arr\u00eat\u00e9s pour avoir agress\u00e9 physiquement des \u00e9tudiants puissent \u00eatre lib\u00e9r\u00e9s. \u00ab\u00a0D\u00e9sormais, ni la police, ni eux, ni personne d\u2019autre ne pourra passer jusqu\u2019\u00e0 ce qu\u2019ils prennent la d\u00e9cision de lib\u00e9rer ces personnes, et ensuite nous verrons ce qui se passera ensuite\u00a0\u00bb, a d\u00e9clar\u00e9 Aleksandar Vu\u010di\u0107 \u00e0 la t\u00e9l\u00e9vision Informer.<\/p>\n<p>C\u2019est ainsi qu\u2019il comment\u00e9 la d\u00e9cision de la Cour d\u2019appel de Novi Sad, <a href=\"https:\/\/www.courrierdesbalkans.fr\/En-Serbie-le-desespoir-des-prisonniers-politiques\" target=\"_blank\" rel=\"noopener\">qui a plac\u00e9 en r\u00e9sidence surveill\u00e9e trois militants arr\u00eat\u00e9s en mars dernier<\/a>, et a renvoy\u00e9 les trois autres devant le tribunal de premi\u00e8re instance pour une nouvelle d\u00e9cision.<\/p>\n<p>La Cour d\u2019appel de Novi Sad place trois militants emprisonn\u00e9s en r\u00e9sidence surveill\u00e9e<\/p>\n<p><strong>20 mai &#8211; 17h\u00a0:<\/strong> La Cour d\u2019appel de Novi Sad a d\u00e9cid\u00e9 ce 20 mai de placer en r\u00e9sidence surveill\u00e9e la professeure Marija Vasi\u0107 et deux autres militants. Pour les trois autres d\u00e9tenus, la d\u00e9cision a \u00e9t\u00e9 renvoy\u00e9e au tribunal de premi\u00e8re instance. La d\u00e9cision a \u00e9t\u00e9 prise alors que des \u00e9tudiants et des citoyens bloquent la Cour de Novi Sad pour le sixi\u00e8me jour cons\u00e9cutif, exigeant que la lib\u00e9ration des six militants emprisonn\u00e9s depuis plus de deux mois pour avoir pr\u00e9tendument tent\u00e9 de \u00ab\u00a0renverser l\u2019ordre constitutionnel\u00a0\u00bb.<\/p>\n<p>Marija Vasi\u0107 a \u00e9t\u00e9 transf\u00e9r\u00e9e du centre de d\u00e9tention de Novi Sad \u00e0 l\u2019h\u00f4pital p\u00e9nitentiaire de la prison centrale de Belgrade, apr\u00e8s avoir entam\u00e9 une gr\u00e8ve de la faim et de la soif, pour protester contre la d\u00e9cision de prolonger la d\u00e9tention des militants. Comme indiqu\u00e9 dans la d\u00e9cision de la Cour d\u2019appel, l\u2019appel des avocats de la d\u00e9fense a \u00e9t\u00e9 partiellement accueilli et Marija Vasi\u0107, Lado Jovovi\u0107 et Lazar Dini\u0107 ont \u00e9t\u00e9 plac\u00e9s sous surveillance \u00e9lectronique, avec interdiction d\u2019utiliser le t\u00e9l\u00e9phone et Internet et de recevoir d\u2019autres personnes dans leur appartement.<\/p>\n<p> Poursuite du blocage du tribunal de Novi Sad<\/p>\n<p><strong>19 mai &#8211; 9h30\u00a0:<\/strong> \u00c0 Novi Sad, lundi matin, \u00e9tudiants et citoyens se sont de nouveau rassembl\u00e9s devant le b\u00e2timent de la Haute Cour, o\u00f9 se d\u00e9roule le cinqui\u00e8me jour de blocus de cette institution en raison de la d\u00e9tention de six militants et \u00e9tudiants. Ils sont en d\u00e9tention depuis plus de deux mois pour avoir pr\u00e9tendument tent\u00e9 de renverser l\u2019ordre constitutionnel.<\/p>\n<p>Le blocus a d\u00e9but\u00e9 jeudi 15 mai \u00e0 l\u2019appel des \u00e9tudiants, suite \u00e0 la d\u00e9cision de prolonger le confinement. Les \u00e9tudiants, ainsi que des groupes de citoyens et de militants, \u00e9taient \u00e9galement en service devant le tribunal pendant le week-end. Comme lors des premiers jours du blocus, des citoyens, des \u00e9tudiants et des militants ont commenc\u00e9 \u00e0 arriver au palais de justice t\u00f4t lundi matin, tandis que la police \u00e9tait d\u00e9ploy\u00e9e devant l\u2019entr\u00e9e du b\u00e2timent.<\/p>\n<p>Toutes les entr\u00e9es sont bloqu\u00e9es et les organisateurs ont d\u00e9clar\u00e9 qu\u2019ils resteraient l\u00e0 jusqu\u2019\u00e0 ce que les personnes arr\u00eat\u00e9es soient lib\u00e9r\u00e9es.<\/p>\n<p>Deux manifs, deux ambiances samedi \u00e0 Ni\u0161<\/p>\n<p><strong>18 mai &#8211; 9h\u00a0:<\/strong> Samedi, deux rassemblements ont eu lieu \u00e0 Ni\u0161. L\u2019un \u00e9tait organis\u00e9 par le Parti progressiste serbe (SNS, au pouvoir), tandis que l\u2019autre avait \u00e9t\u00e9 convoqu\u00e9e par les \u00e9tudiants, qui ont r\u00e9it\u00e9r\u00e9 leur demande d\u2019\u00e9lections parlementaires anticip\u00e9es. Une foule  nombreuse a d\u00e9fil\u00e9 sous le mot d\u2019ordre\u00a0: \u00ab\u00a0C\u2019est notre ville.\u00a0\u00bb<\/p>\n<p>D\u2019autre part, le pr\u00e9sident serbe Aleksandar Vu\u010di\u0107 a d\u00e9clar\u00e9 lors d\u2019un rassemblement organis\u00e9 \u00e0 quelques centaines de m\u00e8tres de l\u00e0 que les \u00e9tudiants \u00ab\u00a0n\u2019\u00e9taient pas comp\u00e9tents\u00a0\u00bb pour exiger des \u00e9lections.<\/p>\n<p>Manifestation pour la lib\u00e9ration de l\u2019enseignante Marija Vasi\u0107<\/p>\n<p><strong>17 mai &#8211; 9h\u00a0:<\/strong> Une manifestation de soutien a eu lieu vendredi soir devant la prison centrale de Belgrade en soutien \u00e0 Marija Vasi\u0107, membre du Mouvement des citoyens libres. Apr\u00e8s 48 heures de gr\u00e8ve de la faim et de la soif, cette enseignante connue pour son opposition au r\u00e9gime Vu\u010di\u0107 a \u00e9t\u00e9 transf\u00e9r\u00e9e de la prison de Novi Sad vers un h\u00f4pital p\u00e9nitentiaire sp\u00e9cial en raison de son mauvais \u00e9tat de sant\u00e9.<\/p>\n<p>\u00ab\u00a0Personne ne nous dit rien, nous ne savions m\u00eame pas o\u00f9 elle \u00e9tait pendant quelques heures\u00a0\u00bb, s\u2019est indign\u00e9 son fils, avant de glisser\u00a0:\u00ab\u00a0c\u2019est ainsi que ceux qui n\u2019ont pas la m\u00eame opinion que le gouvernement en Serbie sont tortur\u00e9s\u00a0\u00bb.<\/p>\n<p>Marija Vasi\u0107 et d\u2019autres activistes de Novi Sad sont emprisonn\u00e9s depuis deux mois et leur d\u00e9tention a \u00e9t\u00e9 prolong\u00e9e cette semaine apr\u00e8s que le Parquet sup\u00e9rieur de Novi Sad les a officiellement inculp\u00e9s. Tous sont poursuivis pour avoir pr\u00e9tendument pr\u00e9par\u00e9 une action contre l\u2019ordre constitutionnel et la s\u00e9curit\u00e9 de l\u2019\u00c9tat serbe.<\/p>\n<p>Le Parlement europ\u00e9en adopte une r\u00e9solution tr\u00e8s critique sur la Serbie<\/p>\n<p><strong>7 mai &#8211; 7h30\u00a0:<\/strong> Le Parlement europ\u00e9en a adopt\u00e9 le 7 mai une r\u00e9solution estimant que la Serbie, malgr\u00e9 certains progr\u00e8s, doit encore surmonter des obstacles importants sur son chemin vers l\u2019Union europ\u00e9enne, principalement l\u2019am\u00e9lioration du dialogue politique interne, les r\u00e9formes dans le domaine de l\u2019\u00c9tat de droit et la lutte contre la corruption, la conclusion d\u2019un accord global sur la normalisation des relations avec le Kosovo, ainsi qu\u2019un alignement complet sur la politique \u00e9trang\u00e8re de l\u2019UE.<\/p>\n<p>Cette r\u00e9solution, pr\u00e9sent\u00e9e par l\u2019eurod\u00e9put\u00e9 croate Tonino Picula (S&amp;D), a \u00e9t\u00e9 soutenue par 419 d\u00e9put\u00e9s, 113 ont vot\u00e9 contre et 88 se sont abstenus.<\/p>\n<p>Les \u00e9tudiants marathoniens sont arriv\u00e9s \u00e0 Strasbourg<\/p>\n<p><strong>7 mai &#8211; 7h\u00a0:<\/strong> Les \u00e9tudiants marathoniens sont arriv\u00e9s \u00e0 Strasbourg. Partis de Novi Sad le 25 avril, ils doivent arriver le 12 mai \u00e0 Bruxelles.<\/p>\n<p>Les \u00e9tudiants appellent \u00e0 des \u00e9lections l\u00e9gislatives anticip\u00e9es<\/p>\n<p><strong>6 mai &#8211; 9h\u00a0:<\/strong> Les \u00e9tudiants qui occupent les \u00e9tablissements d\u2019enseignement sup\u00e9rieur en Serbie ont annonc\u00e9 qu\u2019ils r\u00e9clamaient des \u00e9lections parlementaires anticip\u00e9es car leurs revendications n\u2019ont pas \u00e9t\u00e9 satisfaites au bout de cinq mois. \u00ab\u00a0Nous exigeons la dissolution imm\u00e9diate de l\u2019Assembl\u00e9e nationale et la convocation d\u2019\u00e9lections parlementaires anticip\u00e9es conform\u00e9ment \u00e0 l\u2019article 109 de la Constitution de la R\u00e9publique de Serbie\u00a0\u00bb, ont annonc\u00e9 les \u00e9tudiants sur les r\u00e9seaux sociaux.<\/p>\n<p>Ils ont \u00e9galement appel\u00e9 tous les citoyens \u00e0 soutenir la liste \u00e0 laquelle les \u00e9tudiants apporteront leur soutien. \u00ab\u00a0Nous croyons que la d\u00e9mocratie est la seule voie correcte pour r\u00e9soudre une crise politique de cette ampleur, c\u2019est pourquoi nous appelons le peuple \u00e0 soutenir la liste \u00e0 laquelle les \u00e9tudiants apporteront leur soutien, afin que la v\u00e9rit\u00e9 pr\u00e9vale dans la balance de la justice\u00a0\u00bb, ont d\u00e9clar\u00e9 les \u00e9tudiants.<\/p>\n<p>\u00ab\u00a0Marche sur la Drina\u00a0\u00bb jusqu\u2019\u00e0 Loznica<\/p>\n<p><strong>5 mai &#8211; 18h20\u00a0:<\/strong> Les lyc\u00e9ens et les \u00e9tudiants ont lanc\u00e9 une \u00ab\u00a0Marche sur la Drina\u00a0\u00bb, pour rejoindre \u00e0 pied la ville de Loznica, o\u00f9 une grande manifestation est pr\u00e9vue le 9 mai.<\/p>\n<p>Le zbor citoyen de Novi Pazar demande des excuses au mufti de Serbie <\/p>\n<p><strong>5 mai &#8211; 18h\u00a0:<\/strong> Le zbor citoyen de Novi Pazar a demand\u00e9 au mufti de Serbie, Mevlud Dudi\u0107, de pr\u00e9senter des excuses publiques pour avoir qualifi\u00e9 les \u00e9tudiants de \u00ab\u00a0bande qui crie dans la rue\u00a0\u00bb. Le  zbor estime que chacun est libre de ses opinions, mais que de tels propos, de la part d\u2019une autorit\u00e9 religieuse, avait heurt\u00e9 et bless\u00e9 beaucoup de croyants.<\/p>\n<p>Rassemblement \u00e0 Novi Sad pour demander la libert\u00e9 des militants d\u00e9tenus<\/p>\n<p><strong>4 mai &#8211; 11h\u00a0:<\/strong> Plusieurs centaines de citoyens se sont rassembl\u00e9s samedi 3 mai devant la prison du district de Novi Sad pour soutenir l\u2019opposition et les \u00e9tudiants d\u00e9tenus depuis 50 jours. \u00ab\u00a0Notre demande de justice deviendra la loi, la parole des accus\u00e9s injustement, qui ont lutt\u00e9 pour la libert\u00e9, deviendra la loi\u00a0\u00bb, a d\u00e9clar\u00e9 Radivoje Jovovi\u0107, d\u00e9put\u00e9 provincial du Mouvement des citoyens libres (PSG), lors du rassemblement.<\/p>\n<p>Six militants de l\u2019opposition et de la jeunesse ont \u00e9t\u00e9 arr\u00eat\u00e9s le 14 mars, \u00e0 la veille de la grande manifestation de Belgrade, accus\u00e9s d\u2019avoir commis l\u2019infraction p\u00e9nale de pr\u00e9paration d\u2019un acte contre l\u2019ordre constitutionnel et la s\u00e9curit\u00e9 de la Serbie. L\u2019une des personnes arr\u00eat\u00e9es est membre de l\u2019organisation \u00c9tudiants contre le gouvernement autoritaire (STAV), tandis que les autres sont issus du parti d\u2019opposition PSG. La police soup\u00e7onne six autres jeunes et \u00e9tudiants militants de l\u2019organisation STAV, qui ne se trouvent pas en Serbie, du m\u00eame d\u00e9lit, et un mandat d\u2019arr\u00eat a \u00e9t\u00e9 \u00e9mis contre eux.<\/p>\n<p>Novi Sad\u00a0: d\u00e9fil\u00e9 jusqu\u2019\u00e0 la gare et incident<\/p>\n<p><strong>1er mai &#8211; 15h30\u00a0:<\/strong> Apr\u00e8s avoir observ\u00e9 seize minutes de silence en l\u2019honneur des victimes, \u00e0 11h52, \u00e9tudiants et citoyens se sont dirig\u00e9s en cort\u00e8ge vers la gare de Novi Sad, six mois apr\u00e8s le tragique effondrement de l\u2019auvent, le 1er novembre 2024. Ils ont ensuite pris la direction du pont de la Libert\u00e9.<\/p>\n<p>Un incident est survenu quand une voiture a essay\u00e9 de foncer dans la foule. Elle a \u00e9t\u00e9 bloqu\u00e9e et prot\u00e9g\u00e9e par le service d\u2019ordre \u00e9tudiant.<\/p>\n<p>1er mai\u00a0: \u00e9tudiants et syndicats ensemble dans les rues de Belgrade<\/p>\n<p><strong>1er mai &#8211; 15h\u00a0:<\/strong> En ce jour de 1er mai, les \u00e9tudiants ont rejoint le cort\u00e8ge form\u00e9 par les cinq syndicats nationaux de Serbie. \u00ab\u00a0Aujourd\u2019hui, c\u2019est la Journ\u00e9e internationale des travailleurs et cela fait six mois que l\u2019auvent de la gare de Novi Sad s\u2019est effondr\u00e9, une trag\u00e9die dont personne n\u2019a \u00e9t\u00e9 tenu responsable. Aujourd\u2019hui, nous sommes unis dans la lutte pour la justice et la libert\u00e9, pour la dignit\u00e9 et un travail digne, pour le bon fonctionnement des institutions et pour la satisfaction des revendications des \u00e9tudiants et des travailleurs. Le travail doit former l\u2019homme, et non le d\u00e9grader\u00a0\u00bb, a d\u00e9clar\u00e9 un \u00e9tudiant \u00e0 la foule rassembl\u00e9e devant le si\u00e8ge du gouvernement. Il a d\u00e9clar\u00e9 que les \u00e9tudiants \u00ab\u00a0soutiennent l\u2019initiative des travailleurs visant \u00e0 modifier la loi sur les gr\u00e8ves et le travail\u00a0\u00bb.<\/p>\n<p>Les \u00e9tudiants marathiniens sont arriv\u00e9s \u00e0 Vienne<\/p>\n<p><strong>1er mai &#8211; 8h30\u00a0:<\/strong> Les \u00e9tudiants marathiniens sont arriv\u00e9s \u00e0 Vienne mercredi 30 avril. Ils ont \u00e9t\u00e9 accueillis par une foule tr\u00e8s nombreuse, mais aussi par la ministre autrichienne des Affaires \u00e9trang\u00e8res, Beate Meinl-Reisinger, qui leur a assur\u00e9 que ce qu\u2019ils voulaient et ce que souhaitait l\u2019Union europ\u00e9enne \u00e9tait \u00ab\u00a0la m\u00eame chose\u00a0\u00bb, reprenant les propos de la Commissaire europ\u00e9enne Marta Kos.<\/p>\n<p>Novi Sad\u00a0: l\u2019\u00e9tudiant arr\u00eat\u00e9 lundi a \u00e9t\u00e9 remis en libert\u00e9<\/p>\n<p><strong>30 avril &#8211; 7h50\u00a0:<\/strong> Veljko Petrovi\u0107, \u00e9tudiant \u00e0 la Facult\u00e9 des sciences techniques (FTN) de Novi Sad, a \u00e9t\u00e9 lib\u00e9r\u00e9 dans la soir\u00e9e du 29 avril, le tribunal ayant rejet\u00e9 la demande du Parquet d\u2019ordonner sa mise en d\u00e9tention provisoire de 30 jours.<\/p>\n<p>Il avait \u00e9t\u00e9 arr\u00eat\u00e9 pour avoir agress\u00e9 physiquement le doyen de la Facult\u00e9 des sports et de l\u2019\u00e9ducation physique, Patrik Drid, le 28 avril. En soutien, \u00e0 Veljko Petrovi\u0107, \u00e9tudiants et citoyens s\u2019\u00e9taient rassembl\u00e9s mardi devant le palais de justice de Novi Sad \u00e0 17 heures.<\/p>\n<p>\u00c0 sa sortie, Veljko Petrovi\u0107 a \u00e9t\u00e9 accueilli par un tonnerre d\u2019applaudissements et des cris de \u00ab\u00a0Veljko, Veljko\u00a0\u00bb. Il a remerci\u00e9 les pr\u00e9sents pour leur soutien et a d\u00e9clar\u00e9 que cela avait compt\u00e9 beaucoup pour lui pendant l\u2019audience, car ils l\u2019avaient amen\u00e9 \u00ab\u00a0au bord des larmes\u00a0\u00bb. \u00ab\u00a0J\u2019esp\u00e8re que la justice pr\u00e9vaudra \u00e0 un moment donn\u00e9, il y a tellement de choses devant nous, maintenant nous devons pomper plus fort que jamais\u00a0\u00bb, a d\u00e9clar\u00e9 Petrovi\u0107, auquel la foule a scand\u00e9 \u00ab\u00a0Pompez\u00a0!\u00a0\u00bb<\/p>\n<p>Victoire des \u00e9tudiants\u00a0: le blocus de la RTS est lev\u00e9<\/p>\n<p><strong>28 avril &#8211; 22h\u00a0:<\/strong> La Commission pour la culture et l\u2019information du Parlement de Serbie a annonc\u00e9 ce lundi l\u2019ouverture d\u2019un nouveau concours pour les membres du Conseil de r\u00e9gulation de l\u2019audiovisuel (REM), satisfaisant ainsi une revendication des \u00e9tudiants. Ceux-ci ont donc annonc\u00e9 la lev\u00e9e du blocus de la t\u00e9l\u00e9vision publique RTS qui durait depuis quatorze jours.<\/p>\n<p>Les \u00e9tudiants marathoniens sont arriv\u00e9s \u00e0 Graz en Autriche<\/p>\n<p><strong>28 avril &#8211; 21h50\u00a0:<\/strong> Les \u00e9tudiants marathoniens, partis de Novi Sad pour Bruxelles, sont arriv\u00e9s ce lundi soir \u00e0 Graz, o\u00f9 ils ont \u00e9t\u00e9 accueillis par une foule enthousiaste, qui a attendu plus de trois heures leur arriv\u00e9e. Un orateur a rappel\u00e9 que 60\u00a0000 des 400\u00a0000 habitants de la ville avaient le serbo-croate pour langue maternelle. Depuis Novi Sad, les \u00e9tudiants ont d\u00e9j\u00e0 parcouru 474 kilom\u00e8tres.<\/p>\n<p>\u00c0 Novi Sad, la police matraque \u00e9tudiants et citoyens\u00a0: plusieurs bless\u00e9s<\/p>\n<p><strong>28 avril &#8211; 13h\u00a0:<\/strong> Des \u00e9chauffour\u00e9es ont \u00e9clat\u00e9 devant la Facult\u00e9 des sports et de l\u2019\u00e9ducation physique (DIF) de Novi Sad, lorsque la police a attaqu\u00e9 les citoyens rassembl\u00e9s \u00e0 coups de matraque. Apr\u00e8s cette intervention violente, les manifestants ont r\u00e9agi en jetant de l\u2019eau et des bouteilles sur le doyen de la Facult\u00e9.<\/p>\n<p>Plus t\u00f4t dans la matin\u00e9e, \u00e9tudiants et citoyens avaient hu\u00e9 le doyen \u00e0 son arriv\u00e9e devant le b\u00e2timent. Celui-ci est ensuite revenu, escort\u00e9 par la police anti-\u00e9meute.<\/p>\n<p>Selon 021.rs, la gendarmerie a commenc\u00e9 \u00e0 repousser les \u00e9tudiants et citoyens \u00e0 l\u2019aide de boucliers, en les encerclant des deux c\u00f4t\u00e9s de l\u2019entr\u00e9e du b\u00e2timent. Puis elle a utilis\u00e9 des matraques pour frapper les personnes pr\u00e9sentes.<\/p>\n<blockquote class=\"instagram-media\" data-instgrm-captioned=\"\" data-instgrm-permalink=\"https:\/\/www.instagram.com\/reel\/DI_JBgGMjGY\/?utm_source=ig_embed&amp;utm_campaign=loading\" data-instgrm-version=\"14\" style=\" background:#FFF; border:0; border-radius:3px; box-shadow:0 0 1px 0 rgba(0,0,0,0.5),0 1px 10px 0 rgba(0,0,0,0.15); margin: 1px; max-width:540px; min-width:326px; padding:0; width:99.375%; width:-webkit-calc(100% - 2px); width:calc(100% - 2px);\"\/>\n<p>D\u2019apr\u00e8s les journalistes sur place, plusieurs bless\u00e9s sont \u00e0 d\u00e9plorer. Une jeune femme a perdu connaissance et a re\u00e7u les premiers secours.<\/p>\n<p>Le journaliste \u017darko Bogosavljevi\u0107 a d\u00e9clar\u00e9 que la police avait \u00e9galement utilis\u00e9 du gaz poivre, sans faire de distinction parmi les personnes vis\u00e9es\u00a0: \u00ab\u00a0Ils frappaient tout le monde indistinctement\u00a0: journalistes, \u00e9tudiantes, citoyens. J\u2019ai \u00e9t\u00e9 frapp\u00e9 alors que je portais une accr\u00e9ditation presse. Si faire entrer un seul homme dans une Facult\u00e9 justifie de blesser 50 personnes, o\u00f9 va-t-on\u00a0?\u00a0\u00bb<\/p>\n<p>Les \u00e9tudiants marathoniens accueillis \u00e0 bras ouverts \u00e0 Vara\u017edin<\/p>\n<p><strong>9h\u00a0:<\/strong> \u00ab\u00a0Ils ne sont n\u00e9s ni en 1991, ni en 1995, ils veulent simplement un avenir meilleur.\u00a0\u00bb C\u2019est avec ces mots que le maire de Vara\u017edin (nord de la Croatie), Neven Bosilj, a accueilli dimanche soir, avec de nombreux habitants de la ville, les \u00e9tudiants serbes qui traversent actuellement la Croatie lors d\u2019une course-relais jusqu\u2019\u00e0 Bruxelles.<\/p>\n<p>Il a d\u00e9clar\u00e9 que beaucoup de gens avaient perdu leur avenir en restant tourn\u00e9s vers le pass\u00e9, et qu\u2019il \u00e9tait temps d\u2019en finir avec cela. \u00ab\u00a0Je suis ici avant tout en tant que citoyen, pas en tant que maire, car Vara\u017edin est une ville ouverte. Ces jeunes nous ont demand\u00e9 de l\u2019aide pour les h\u00e9berger, et nous allons les loger dans notre salle omnisports, o\u00f9 nous avons pr\u00e9par\u00e9 des lits et o\u00f9 nous leur fournirons un d\u00eener\u00a0\u00bb, a-t-il d\u00e9clar\u00e9, pr\u00e9cisant que l\u2019accueil des \u00e9tudiants \u00e9tait organis\u00e9 par une initiative citoyenne.<\/p>\n<p>Treizi\u00e8me jour de blocage de la RTS<\/p>\n<p><strong>27 avril &#8211; 12h20\u00a0:<\/strong> Le blocage des b\u00e2timents de la Radio-t\u00e9l\u00e9vision serbe \u00e0 Belgrade est entr\u00e9 dans son treizi\u00e8me jour.<\/p>\n<p>Depuis le 14 avril, des \u00e9tudiants bloquent les b\u00e2timents du service public \u00e0 Takovska et \u00e0 Ko\u0161utnjak \u00e0 Belgrade, exigeant la publication d\u2019un nouvel appel d\u2019offres pour la s\u00e9lection des membres du Conseil de l\u2019Autorit\u00e9 de r\u00e9gulation des m\u00e9dias \u00e9lectroniques (REM).<\/p>\n<p>Le comit\u00e9 comp\u00e9tent pour la culture et l\u2019information de l\u2019Assembl\u00e9e de Serbie d\u00e9battra de ce sujet lundi 28 avril.<\/p>\n<p>La RTS indique sur son site internet que, en raison des conditions de travail difficiles, elle a \u00e9t\u00e9 contrainte d\u2019adapter sa programmation.<\/p>\n<p>Les \u00e9tudiants marathoniens font \u00e9tape \u00e0 Virovitica<\/p>\n<p><strong>8h30\u00a0:<\/strong> Le groupe d\u2019\u00e9tudiants parti de Novi Sad le 25 avril pour un marathon relais en direction de Bruxelles est arriv\u00e9 samedi soir \u00e0 Virovitica, o\u00f9 les habitants de cette ville du nord-est de la Croatie les ont chaleureusement accueillis avec des banderoles portant le message \u00ab\u00a0Un seul monde \u2013 un seul combat\u00a0\u00bb.<\/p>\n<p>Un discours de bienvenue leur a \u00e9t\u00e9 adress\u00e9, dans lequel il a notamment \u00e9t\u00e9 soulign\u00e9 que la lutte des \u00e9tudiants \u00ab\u00a0inspire non seulement la Serbie, mais toute la r\u00e9gion\u00a0\u00bb.<\/p>\n<p>La course-relais vers Bruxelles fait \u00e9tape \u00e0 Osijek<\/p>\n<p><strong>26 avril &#8211; 8h\u00a0:<\/strong> Les \u00e9tudiants marathoniens partis pour Bruxelles ont fait \u00e9tape vendredi \u00e0 Osijek, en Slavonie orientale (Croatie), o\u00f9 des habitants les accueillait avec une banderole\u00a0;  \u00ab\u00a0Jedan svijet, jedna borba\u00a0\u00bb (Un seul monde, un seul combat). \u00ab\u00a0D\u00e8s que nous avons appris qu\u2019ils passaient par Osijek, nous avons imm\u00e9diatement organis\u00e9 l\u2019accueil, l\u2019h\u00e9bergement, la restauration et tout le reste\u00a0\u00bb, explique Petra, de l\u2019Initiative \u00c9tudiants pour les \u00c9tudiants, interrog\u00e9e par Radio Slobodna Evropa.<\/p>\n<p>L\u2019initiative, explique-t-elle, a \u00e9t\u00e9 cr\u00e9\u00e9e pour soutenir les \u00e9tudiants d\u2019Osijek comme les \u00e9tudiants serbes. \u00ab\u00a0Je pense que ces \u00e9v\u00e9nements montrent que nous, la nouvelle g\u00e9n\u00e9ration d\u2019apr\u00e8s-guerre, n\u2019avons pas \u00e0 porter le poids du pass\u00e9 et de la haine, mais plut\u00f4t le sentiment d\u2019un monde nouveau et plus beau\u00a0\u00bb, ajoute Petra.<\/p>\n<p>\u00ab\u00a0Pour la libert\u00e9, jusqu\u2019\u00e0 Bruxelles\u00a0\u00bb\u00a0: une course-relais pour alerter l\u2019Europe<\/p>\n<p><strong>25 avril &#8211; 13h20\u00a0:<\/strong> \u00c0 peine rentr\u00e9s d\u2019un p\u00e9riple \u00e0 v\u00e9lo de Novi Sad jusqu\u2019\u00e0 Strasbourg, 21 \u00e9tudiants venus de toutes les universit\u00e9s de Serbie ont entam\u00e9 un marathon relais de 1800 kilom\u00e8tres jusqu\u2019\u00e0 Bruxelles, o\u00f9 si\u00e8ge le Parlement europ\u00e9en. Partis de Novi Sad ce vendredi 25 avril, ils comptent parcourir cette distance en 18 jours pour attirer l\u2019attention des d\u00e9put\u00e9s europ\u00e9ens sur la situation politique et sociale de leur pays.<\/p>\n<p>\u00ab\u00a0Nous voulons que l\u2019Europe nous voie, qu\u2019elle sache ce qu\u2019il se passe en Serbie\u00a0\u00bb, explique Marko Stankovi\u0107, l\u2019un des coureurs. Leur slogan\u00a0: \u00ab\u00a0Pour la libert\u00e9, jusqu\u2019\u00e0 Bruxelles\u00a0\u00bb.<\/p>\n<blockquote class=\"instagram-media\" data-instgrm-captioned=\"\" data-instgrm-permalink=\"https:\/\/www.instagram.com\/p\/DI3O9g4tU9d\/?utm_source=ig_embed&amp;utm_campaign=loading\" data-instgrm-version=\"14\" style=\" background:#FFF; border:0; border-radius:3px; box-shadow:0 0 1px 0 rgba(0,0,0,0.5),0 1px 10px 0 rgba(0,0,0,0.15); margin: 1px; max-width:540px; min-width:326px; padding:0; width:99.375%; width:-webkit-calc(100% - 2px); width:calc(100% - 2px);\"\/>\n<p>La course, organis\u00e9e en relais (chaque groupe parcourt de cinq \u00e0 quinze kilom\u00e8tres), traverse la Croatie, l\u2019Autriche, l\u2019Allemagne, la France et le Luxembourg.<\/p>\n<p>Canon \u00e0 son\u00a0: plainte d\u00e9pos\u00e9e contre Vu\u010di\u0107<\/p>\n<p><strong>23 avril &#8211; 16h\u00a0:<\/strong> Le Parti d\u00e9mocrate (DS) et son pr\u00e9sident Sr\u0111an Milivojevi\u0107 ont d\u00e9pos\u00e9 un rapport aupr\u00e8s du Parquet charg\u00e9 du crime organis\u00e9 contre le pr\u00e9sident Aleksandar Vu\u010di\u0107 pour avoir utilis\u00e9 une arme acoustique lors de la manifestation g\u00e9ante du 15 mars \u00e0 Belgrade.<\/p>\n<p>Le DS exige que le Parquet, sur la base de la Loi sur la Police, confisque imm\u00e9diatement l\u2019arme acoustique sonique qui est en possession ill\u00e9gale du Minist\u00e8re de l\u2019Int\u00e9rieur (MUP), afin qu\u2019elle ne soit plus utilis\u00e9e ill\u00e9galement. \u00ab\u00a0Nous demandons \u00e9galement au parquet de v\u00e9rifier qui a acquis ces armes et dans quelles conditions, et qui les poss\u00e8de en Serbie\u00a0\u00bb, a d\u00e9clar\u00e9 Sr\u0111an Milivojevi\u0107.<\/p>\n<p>7\u00e8me jour de blocage de la RTS apr\u00e8s un week-end de f\u00eate<\/p>\n<p><strong>21 avril &#8211; 9h\u00a0:<\/strong> Des milliers de personnes ont fait la f\u00eate dimanche soir autour du si\u00e8ge de la Radiot\u00e9l\u00e9vision publique serbe (RTS), bloqu\u00e9 par les \u00e9tudiants et les citoyens depuis le 14 avril. En ce jour de P\u00e2ques, un groupe \u00e9tait venu en renfort de Novi Pazar, apportant 3000 mantije, <a href=\"https:\/\/www.courrierdesbalkans.fr\/Serbie-les-mantije-le-secret-gastronomique-de-novi-pazar\" target=\"_blank\" rel=\"noopener\">des petits feuillet\u00e9s \u00e0 la viande typiques de leur r\u00e9gion<\/a>, aux \u00e9tudiants belgradois.<\/p>\n<p>Ce lundi marque le 7\u00e8me jour du blocage de la RTS Oblig\u00e9e d\u2019ajuster sa grille de programme, la RTS a d\u00e9pos\u00e9 contre X. La Commissaire europ\u00e9enne \u00e0 l\u2019\u00e9largissement, Marta Kos, a annonc\u00e9 qu\u2019elle suivait attentivement la situation en Serbie, y compris le blocus de RTS, et appelle tout le monde \u00e0 s\u2019abstenir d\u2019aggraver les tensions.<\/p>\n<p>Cinqui\u00e8me jour de blocus de la t\u00e9l\u00e9vision publique RTS<\/p>\n<p><strong>19 avril &#8211; 11h\u00a0:<\/strong> \u00c9tudiants et citoyens continuent \u00e0 bloquer les b\u00e2timents de la Radio T\u00e9l\u00e9vision de Serbie (RTS). Les \u00e9tudiants et les citoyens bloquent ce matin les entr\u00e9es des locaux de la RTS dans les rues Takovska et Aberdareva, ainsi que les studios de Ko\u0161utnjak, emp\u00eachant les employ\u00e9s de se rendre sur leur lieu de travail. En raison de ce blocage, des parties des rues Takovska, Ilija Gara\u0161anin et Major Ili\u0107 ont \u00e9t\u00e9 ferm\u00e9es \u00e0 la circulation.<\/p>\n<p>RTS a rapport\u00e9 qu\u2019en raison des conditions de travail difficiles caus\u00e9es par le blocus, elle a \u00e9t\u00e9 oblig\u00e9e d\u2019ajuster sa grille de programmation. Hier soir, le journal t\u00e9l\u00e9vis\u00e9 n\u2019a pas \u00e9t\u00e9 diffus\u00e9. Les \u00e9tudiants bloquent les b\u00e2timents des services publics depuis le 14 avril \u00e0 22h00 et ont d\u00e9clar\u00e9 que ce blocage durerait \u00ab\u00a0jusqu\u2019\u00e0 ce qu\u2019un nouveau concours de s\u00e9lection des membres du Conseil de l\u2019Organe de r\u00e9gulation des m\u00e9dias \u00e9lectroniques (REM) soit annonc\u00e9\u00a0\u00bb.<\/p>\n<p>Des milliers de personnes accueillent les \u00e9tudiants cyclistes de retour \u00e0 Novi Sad<\/p>\n<p><strong>19 avril &#8211; 7h30\u00a0:<\/strong> Des milliers de personnes ont accueilli vendredi soir \u00e0 Novi Sad les 80 \u00e9tudiants partis \u00e0 v\u00e9lo de cette ville le 3 avril (<a href=\"https:\/\/www.courrierdesbalkans.fr\/Serbie-de-Novi-Sad-a-Strasbourg-plus-de-1300-kilometres-a-velo-pour-la-justice\" target=\"_blank\" rel=\"noopener\">relisez ici notre reportage<\/a>) pour rejoindre Strasbourg et porter leurs revendications devant les institutions europ\u00e9ennes (<a href=\"https:\/\/www.courrierdesbalkans.fr\/Serbie-apres-leur-epopee-a-velo-les-etudiants-interpellent-les-institutions-europeennes\" target=\"_blank\" rel=\"noopener\">relisez l\u00e0 notre reportage<\/a>) . \u00ab\u00a0Votre tour \u00e0 v\u00e9lo \u00e9tait un symbole de r\u00e9sistance, d\u2019espoir et de combat ind\u00e9fectible pour la justice. Votre lettre, remise \u00e0 Strasbourg, a eu un \u00e9cho bien au-del\u00e0 des fronti\u00e8res. Vous avez montr\u00e9 au monde que les jeunes ne se taisent pas et qu\u2019ils ont le pouvoir de changer les choses\u00a0\u00bb, a d\u00e9clar\u00e9 une \u00e9tudiante lors de la c\u00e9r\u00e9monie d\u2019accueil.<\/p>\n<p>Rassemblement de soutien au recteur Vladan \u0110oki\u0107<\/p>\n<p><strong>18 avril &#8211; 9h50\u00a0:<\/strong> Le recteur de l\u2019Universit\u00e9 de Belgrade, Vladan \u0110oki\u0107, est arriv\u00e9 vendredi matin \u00e0 la Direction de la police criminelle de Novi Beograd, o\u00f9 il a \u00e9t\u00e9 convoqu\u00e9 pour interrogatoire. Plusieurs milliers de citoyens se sont rassembl\u00e9s devant le b\u00e2timent pour le soutenir.<\/p>\n<p>La Direction de la police criminelle l\u2019a convoqu\u00e9 en tant que citoyen pour recueillir des informations dans le cadre de la proc\u00e9dure d\u2019enqu\u00eate pr\u00e9liminaire pour l\u2019infraction p\u00e9nale d\u2019abus de position officielle.<\/p>\n<p>Le R\u00e9seau de solidarit\u00e9 et d\u2019engagement acad\u00e9mique (MASA) a appel\u00e9 les communaut\u00e9s acad\u00e9miques \u00e0 soutenir Vladan \u0110oki\u0107 en se rendant devant le b\u00e2timent administratif. La foule l\u2019a salu\u00e9 par des applaudissements, en scandant \u00ab\u00a0Nous n\u2019abandonnerons pas le recteur\u00a0!\u00a0\u00bb<\/p>\n<p>Des milliers de citoyens rejoignent le blocus de la RTS<\/p>\n<p><strong>17 avril &#8211; 22h30\u00a0:<\/strong> Des milliers de citoyens ont rejoint dans la soir\u00e9e les \u00e9tudiants qui bloquent depuis le 14 avril le si\u00e8ge de la Radiot\u00e9l\u00e9vision de Serbie (RTS), rue Takovska, dans le centre de Belgrade. Des DJ ont rejoint le mouvement et l\u2019ambiance est festive.<\/p>\n<p>Les \u00e9tudiants ont annonc\u00e9 que le blocus durerait tant que leurs revendications ne seraient pas satisfaites et s\u2019appr\u00eatent \u00e0 passer les f\u00eates de P\u00e2ques devant la t\u00e9l\u00e9vision publique. Des renforts venus de Novi Pazar arrivent pour ce week-end.<\/p>\n<p>Quatri\u00e8me jour de blocus de la RTS<\/p>\n<p><strong>17 avril &#8211; 8h30\u00a0:<\/strong> Le blocus de la radio et de la t\u00e9l\u00e9vision de Serbie est entr\u00e9 dans son quatri\u00e8me jour. Les \u00e9tudiants r\u00e9clament une nouvelle comp\u00e9tition pour les membres du Conseil de r\u00e9gulation de l\u2019audiovisuel (REM) ou bien la fermeture des services de m\u00e9dias publics. Les \u00e9tudiants de Belgrade ont envoy\u00e9 une lettre au Comit\u00e9 pour la culture et l\u2019information les informant que le blocus et la manifestation devant la RTS dureront jusqu\u2019\u00e0 ce que le Comit\u00e9 publie un appel public pour l\u2019\u00e9lection des membres du Conseil du REM.<\/p>\n<p>Assembl\u00e9e des employ\u00e9s de la RTS sur une radicalisation des protestations<\/p>\n<p><strong>16 avril &#8211; 15h10\u00a0:<\/strong> Les employ\u00e9s de la RTS tiennent une assembl\u00e9e (zbor) \u00e0 huis-clos, une r\u00e9union annonc\u00e9e au pr\u00e9alable sur X par les \u00e9tudiants de la Facult\u00e9 des arts dramatiques (FDU). D\u2019apr\u00e8s les informations, la discussion porterait sur une possible radicalisation des protestations.<\/p>\n<p>Il s\u2019agit du troisi\u00e8me jour de blocage de la RTS par les \u00e9tudiants. Ce matin, la police a fait entrer les employ\u00e9s dans le b\u00e2timents de la RTS en passant par une \u00e9choppe de \u0107evapi, ce qui a provoqu\u00e9 une bousculade avec les \u00e9tudiants. La police et la gendarmerie se sont ensuite dispers\u00e9es.<\/p>\n<p>\u00ab\u00a0Baissez les boucliers\u00a0!\u00a0\u00bb\u00a0: \u00e9chauffour\u00e9es avec la police devant la RTS<\/p>\n<p><strong>8h20\u00a0:<\/strong> La police a forc\u00e9 t\u00f4t ce matin le passage devant la Radio-t\u00e9l\u00e9vision de Serbie (RTS) \u00e0 Belgrade pour permettre l\u2019entr\u00e9e des employ\u00e9s. Les citoyens ont encercl\u00e9 les v\u00e9hicules de police dans la rue Takovska, tandis que de nouvelles unit\u00e9s de police et de gendarmerie arrivent par les rues adjacentes.<\/p>\n<blockquote class=\"twitter-tweet\">\n<p lang=\"sr\" dir=\"ltr\">\u041f\u041e\u0422\u0420\u0415\u0411\u041d\u0418 \u0421\u0422\u0415 \u041d\u0410\u041c, \u041a\u0420\u0415\u041d\u0423\u041b\u041e \u0408\u0415 \u0413\u0423\u0420\u0410\u040a\u0415\u2757\ufe0f <a href=\"https:\/\/t.co\/NEcNrRn51T\">pic.twitter.com\/NEcNrRn51T<\/a><\/p>\n<p>\u2014 \u041f\u0440\u0430\u0432\u043d\u0438 \u0443 \u0431\u043b\u043e\u043a\u0430\u0434\u0438 (@blokadapravni) <a href=\"https:\/\/twitter.com\/blokadapravni\/status\/1912361270822728068?ref_src=twsrc%5Etfw\" target=\"_blank\" rel=\"noopener\">April 16, 2025<\/a><\/p>\n<\/blockquote>\n<p>\u00ab\u00a0Baissez les boucliers\u00a0!\u00a0\u00bb, scandent les \u00e9tudiants en levant les mains. Les \u00e9tudiants ont lanc\u00e9 un appel via les r\u00e9seaux sociaux, invitant la population \u00e0 se rassembler massivement devant le si\u00e8ge de la RTS.<\/p>\n<p>Mardi soir, l\u2019arriv\u00e9e \u00e0 Strasbourg des \u00e9tudiants cyclistes a \u00e9t\u00e9 retransmise sur \u00e9cran g\u00e9ant devant les b\u00e2timents de la RTS et salu\u00e9e dans une ambiance de f\u00eate.<\/p>\n<p>\u00c0 Novi Sad \u00e9galement, l\u2019arriv\u00e9e des cyclistes a \u00e9t\u00e9 retransmise sur \u00e9cran g\u00e9ant devant le si\u00e8ge de la Radio-t\u00e9l\u00e9vision de Vo\u00efvodine (RTV). Le collectif Zbor gra\u0111ana Novog Sada a lu publiquement les revendications adress\u00e9es \u00e0 la direction. Les participants ont ensuite vot\u00e9 ces demandes et les ont coll\u00e9es sur la fa\u00e7ade du b\u00e2timent.<\/p>\n<p>Les \u00e9tudiants ont inscrit sur les portes de la RTV des messages \u00ab\u00a0Journalistes sans \u00e9thique\u00a0\u00bb, \u00ab\u00a0Parlez de Strasbourg\u00a0\u00bb, \u00ab\u00a0D\u00e9missions puis prison\u00a0\u00bb, tandis que l\u2019esplanade devant l\u2019entr\u00e9e principale \u00e9tait couverte de peinture rouge.<\/p>\n<p>Ce matin, apr\u00e8s une intervention polici\u00e8re qui a lev\u00e9 le blocus, les \u00e9tudiants et le collectif Zbor gra\u0111ana Novog Sada ont appel\u00e9 les citoyens \u00e0 se rassembler de nouveau devant le si\u00e8ge de la RTV.<\/p>\n<p>L\u2019ing\u00e9nieur Zoran \u0110aji\u0107 plac\u00e9 en d\u00e9tention<\/p>\n<p><strong>8h\u00a0:<\/strong> L\u2019ing\u00e9nieur g\u00e9ologue, Zoran \u0110aji\u0107, 70 ans, dont le t\u00e9moignage sur la reconstruction de la gare de Novi Sad a \u00e9t\u00e9 essentiel pour permettre au public de comprendre au moins partiellement pourquoi l\u2019auvent s\u2019est effondr\u00e9, a \u00e9t\u00e9 plac\u00e9 en d\u00e9tention pour avoir publi\u00e9 un message mena\u00e7ant \u00e0 l\u2019\u00e9gard du pr\u00e9sident serbe Aleksandar Vu\u010di\u0107 sur le r\u00e9seau social X.<\/p>\n<p>Il est accus\u00e9 de mise en danger de la s\u00e9curit\u00e9. Le message, jug\u00e9 violent et incitant \u00e0 la haine, a conduit \u00e0 son arrestation par les services sp\u00e9cialis\u00e9s du minist\u00e8re de l\u2019Int\u00e9rieur. Il est en garde \u00e0 vue pour 48 heures avant sa pr\u00e9sentation au parquet.<\/p>\n<p>Vid\u00e9o\u00a0: \u00e0 Karlsruhe, derni\u00e8re \u00e9tape avant Strasbourg<\/p>\n<p><strong>15 avril &#8211; 16h30\u00a0:<\/strong> Hier, notre envoy\u00e9e sp\u00e9ciale \u00e9tait \u00e0 Karlsruhe pour l\u2019arriv\u00e9e de l\u2019avant derni\u00e8re \u00e9tape du \u00ab\u00a0Tour de Strasbourg\u00a0\u00bb et y a rencontr\u00e9 celles et ceux qui ont suivi et accueilli les \u00e9tudiants qui ont chemin\u00e9 \u00e0 v\u00e9lo pour r\u00e9veiller l\u2019Europe.<\/p>\n<blockquote class=\"instagram-media\" data-instgrm-captioned=\"\" data-instgrm-permalink=\"https:\/\/www.instagram.com\/reel\/DIeEfnUCOYX\/?utm_source=ig_embed&amp;utm_campaign=loading\" data-instgrm-version=\"14\" style=\" background:#FFF; border:0; border-radius:3px; box-shadow:0 0 1px 0 rgba(0,0,0,0.5),0 1px 10px 0 rgba(0,0,0,0.15); margin: 1px; max-width:540px; min-width:326px; padding:0; width:99.375%; width:-webkit-calc(100% - 2px); width:calc(100% - 2px);\"\/>\n<p>Les \u00e9tudiants bloquent la RTS et la RTV<\/p>\n<p><strong>7h45\u00a0:<\/strong> Des \u00e9tudiants des universit\u00e9s de Novi Sad et de Belgrade ont organis\u00e9 lundi 14 avril au soir une action surprise de blocage des si\u00e8ges des t\u00e9l\u00e9visions publiques RTS (\u00e0 Belgrade) et RTV (\u00e0 Novi Sad), d\u00e9non\u00e7ant la couverture m\u00e9diatique partiale du service public et l\u2019absence d\u2019un organe de r\u00e9gulation des m\u00e9dias \u00e9lectroniques en Serbie.<\/p>\n<p>\u00c0 Novi Sad, les \u00e9tudiants se sont rassembl\u00e9s \u00e0 21h sur le campus universitaire avant de marcher jusqu\u2019au si\u00e8ge de la RTV, rejoints par plusieurs citoyens alert\u00e9s via les r\u00e9seaux sociaux. \u00c0 Belgrade, la RTS a \u00e9t\u00e9 simultan\u00e9ment bloqu\u00e9e dans plusieurs de ses locaux, notamment dans les rues Takovska et Ko\u0161utnjak.<\/p>\n<p>Le blocage a dur\u00e9 toute la nuit. T\u00f4t le matin, tr\u00e8s peu de personnes se trouvaient devant le b\u00e2timent de la RTS. Le service public a tout de m\u00eame diffus\u00e9 les nouvelles matinales.<\/p>\n<p>Les \u00e9tudiants exigent l\u2019ouverture d\u2019un nouveau concours pour la d\u00e9signation des membres du Conseil du REM (R\u00e9gulateur des m\u00e9dias \u00e9lectroniques), dont le mandat a expir\u00e9 en novembre 2024, ou \u00e0 d\u00e9faut, l\u2019arr\u00eat pur et simple de la RTS, qu\u2019ils accusent de travailler \u00ab\u00a0contre l\u2019int\u00e9r\u00eat public\u00a0\u00bb.<\/p>\n<p>Les manifestants reprochent \u00e9galement \u00e0 la RTS son silence sur certaines actions \u00e9tudiantes, comme le parcours \u00e0 v\u00e9lo d\u2019un groupe d\u2019\u00e9tudiants vers Strasbourg. \u00ab\u00a0Si vous vous demandez pourquoi nous sommes ici, c\u2019est parce que nous avons coordonn\u00e9 cette action avec l\u2019universit\u00e9 de Belgrade, qui bloquera ce soir le si\u00e8ge de la RTS. Ils n\u2019ont m\u00eame pas couvert l\u2019histoire de nos cyclistes en route vers Strasbourg, pas un seul reportage d\u00e9cent n\u2019a \u00e9t\u00e9 fait\u00a0\u00bb, ont d\u00e9clar\u00e9 les \u00e9tudiants de Novi Sad.<\/p>\n<p>Un pr\u00e9c\u00e9dent blocage de la RTS avait eu lieu en mars, suite \u00e0 une pol\u00e9mique o\u00f9 une journaliste avait qualifi\u00e9 les \u00e9tudiants de \u00ab\u00a0raclure\u00a0\u00bb, ce que l\u2019int\u00e9ress\u00e9e a d\u00e9menti, d\u00e9non\u00e7ant un \u00ab\u00a0propos sorti de son contexte\u00a0\u00bb. Le directeur g\u00e9n\u00e9ral de la RTV, Goran Karad\u017ei\u0107, a affirm\u00e9 que les employ\u00e9s de la RTV avaient \u00e9t\u00e9 \u00ab\u00a0pris en otage\u00a0\u00bb, qualifiant cette action de \u00ab\u00a0terrorisme\u00a0\u00bb.<\/p>\n<p>Alors que le service public parle de \u00ab\u00a0pressions inacceptables\u00a0\u00bb, une partie des salari\u00e9s de la RTS a r\u00e9cemment exprim\u00e9 sa solidarit\u00e9 avec les \u00e9tudiants, demandant un changement de direction.<\/p>\n<p>Les \u00e9tudiants cyclistes sont arriv\u00e9s \u00e0 Karlsruhe<\/p>\n<p><strong>14 avril &#8211; 22h30\u00a0:<\/strong> Les \u00e9tudiants cyclistes sont arriv\u00e9s \u00e0 Karlsruhe, derni\u00e8re \u00e9tape avant Strasbourg.<\/p>\n<p>Les \u00e9tudiants cyclistes sont arriv\u00e9s \u00e0 Stuttgart<\/p>\n<p><strong>13 avril &#8211; 18h30\u00a0:<\/strong> Les \u00e9tudiants cyclistes sont arriv\u00e9s vers 17H30 \u00e0 Stuttgart, apr\u00e8s une \u00e9tape difficile de cent kilom\u00e8tres, en raison du terrain parfois escarp\u00e9s. Ils ont \u00e9t\u00e9 accueillis au son de la chanson Bella Ciao, tandis que la diaspora, mass\u00e9e sur la MarienPlatz, dans le centre de la ville, entonnait aussi Tamo Daleko. Les cyclistes sont attendus demain \u00e0 Karlsruhe, derni\u00e8re \u00e9tape avant l\u2019arriv\u00e9e mardi \u00e0 Strasbourg.<\/p>\n<p>Les cyclistes partis des Pays-Bas, eux, ont quitt\u00e9 Bruxelles et font route vers Luxembourg.<\/p>\n<p>Rendez-vous \u00e0 Kraljevo le 16 avril\u00a0!<\/p>\n<p><strong>13 avril &#8211; 18h\u00a0:<\/strong> Le prochain rendez-nous national est fix\u00e9 \u00e0 Kraljevo le 16 avril. Les \u00e9tudiants d\u2019Aran\u0111elovac et d\u2019U\u017eice sont partis ce dimanche \u00e0 pied en direction de cette ville. Lundi, ceux de Vrnja\u010dka Banja vont \u00e9galement prendre cette direction.<\/p>\n<p>55\u00a0000 personnes \u00e0 Belgrade\u00a0: le meeting de Vu\u010di\u0107 fait un flop<\/p>\n<p><strong>13 avril &#8211; 8h40\u00a0:<\/strong> Environ 55\u00a0000 personnes \u00e9taient pr\u00e9sentes au meeting Ne damo Srbiju (\u00ab\u00a0Nous ne c\u00e9derons pas la Serbie\u00a0\u00bb), organis\u00e9 samedi \u00e0 Belgrade, selon Arhiv javnih skupova, un groupe de comptage ind\u00e9pendant.<\/p>\n<p>Cette estimation a \u00e9t\u00e9 faite \u00e0 19 heures, un moment cens\u00e9 marquer l\u2019apog\u00e9e de cet \u00e9v\u00e9nement de trois jours, pour lequel des autocars avaient \u00e9t\u00e9 affr\u00e9t\u00e9s depuis toute la Serbie et les pays voisins. Le rassemblement occupait l\u2019esplanade devant le Parlement (Dom Narodne Skup\u0161tine), la place Nikola Pa\u0161i\u0107 et le boulevard du roi Alexandre jusqu\u2019\u00e0 l\u2019intersection avec la rue Desanka Maksimovi\u0107.<\/p>\n<p>Alors que les m\u00e9dias pro-r\u00e9gimes s\u2019extasiaient en affirmant qu\u2019il s\u2019agissait du \u00ab\u00a0plus grand rassemblement de l\u2019histoire\u00a0\u00bb, cette grande kermesse, les pljeskavicas \u00e0 volont\u00e9, la performance chanteur ultranationaliste Baja Mali Knind\u017ea et la pr\u00e9sence du pr\u00e9sident Aleksandar Vu\u010di\u0107 auront finalement attir\u00e9 six fois moins de personnes que la manifestation du 15 mars, preuve des difficult\u00e9s croissantes du r\u00e9gime \u00e0 mobiliser &#8211; de gr\u00e9 ou de force &#8211; des partisans.<\/p>\n<p>Rassemblement \u00e0 Novi Pazar\u00a0: \u00ab\u00a0La libert\u00e9 r\u00e8gne dans le bazar\u00a0\u00bb<\/p>\n<p><strong>8h\u00a0:<\/strong> Les \u00e9tudiants et les citoyens qui sont venus \u00e0 pied et \u00e0 v\u00e9lo sont arriv\u00e9s vendredi soir \u00e0 Novi Pazar, o\u00f9 se d\u00e9roulait samedi un grand rassemblement de 12 heures, sous le mot d\u2019ordre\u00a0: \u00ab\u00a0La libert\u00e9 r\u00e8gne dans le bazar\u00a0\u00bb (\u00ab\u00a0Sloboda vlada \u010dar\u0161ijom\u00a0\u00bb). Le rassemblement a d\u00e9but\u00e9 \u00e0 11 heures devant l\u2019Universit\u00e9 d\u2019\u00c9tat et dur\u00e9 jusqu\u2019\u00e0 23 heures.<\/p>\n<p>Le matin, des \u00e9tudiants ont bloqu\u00e9 l\u2019intersection \u00e0 l\u2019entr\u00e9e de Novi Pazar pour emp\u00eacher les bus du SNS de se diriger vers Belgrade pour le rassemblement \u00ab\u00a0Nous n\u2019abandonnerons pas la Serbie\u00a0\u00bb, mais la police est intervenue brutalement. Apr\u00e8s un bref changement de plan, les citoyens et les \u00e9tudiants se sont dirig\u00e9s vers le poste de police de Novi Pazar pour exprimer leur m\u00e9contentement qu\u2019un \u00e9tudiant ait \u00e9t\u00e9 bless\u00e9 dans l\u2019incident, puis la manifestation a repris son cours pr\u00e9vu.<\/p>\n<p>Les manifestants ont march\u00e9 du b\u00e2timent de l\u2019Universit\u00e9 d\u2019\u00c9tat de Novi Pazar vers midi jusqu\u2019\u00e0 la place centrale de la ville, Gazi Isa-Beg, o\u00f9 ils ont observ\u00e9 un silence de 17 minutes pour rendre hommage aux personnes tu\u00e9es dans l\u2019effondrement de la canop\u00e9e \u00e0 Novi Sad et \u00e0 l\u2019\u00e9tudiant de l\u2019Universit\u00e9 de Novi Pazar Ernad Bakan, tu\u00e9 par un automobiliste \u00e0 un passage pi\u00e9ton \u00e0 Belgrade en 2019. Apr\u00e8s 17 minutes de silence, les participants \u00e0 la manifestation se sont dirig\u00e9s vers le si\u00e8ge de la police, en raison de l\u2019incident du matin.<\/p>\n<p>Le prochain rassemblement national est convoqu\u00e9 \u00e0 Kraljevo le 16 avril.<\/p>\n<p>Les \u00e9tudiants sont arriv\u00e9s \u00e0 \u00dclm<\/p>\n<p><strong>13 avril &#8211; 7h30\u00a0:<\/strong> Les \u00e9tudiants cyclistes sont arriv\u00e9s samedi soir \u00e0 \u00dclm, au terme de leur plus longue \u00e9tape depuis Novi Pazar (160 km). Ils ont \u00e9t\u00e9 triomphalement accueillis par la diaspora, de nombreux citoyens et le maire de la ville.<\/p>\n<p>Le m\u00e9tropolite Grigorije salue les cyclistes qui sont partis pour \u00dclm<\/p>\n<p><strong>12 avril &#8211; 11h15\u00a0:<\/strong> Le m\u00e9tropolite orthodoxe Grigorije de D\u00fcsseldorf et de toute l\u2019Allemagne est venu saluer les \u00e9tudiants cyclistes \u00e0 M\u00fcnich. Avant de prendre la route pour \u00dclm vers 10h du matin, ils ont chant\u00e9 ensemble la chanson \u00ab\u00a0Tamo daleko\u00a0\u00bb.<\/p>\n<p>Figure lib\u00e9rale de l\u2019Eglise serbe, le m\u00e9tropolite Grigorije a toujours apport\u00e9 son soutien aux revendications \u00e9tudiantes. Au cours d\u2019une liturgie c\u00e9l\u00e9br\u00e9e dans l\u2019\u00e9glise orthodoxe de M\u00fcnich, il a salu\u00e9 en eux \u00ab\u00a0les h\u00e9ros de notre \u00e9poque\u00a0\u00bb, en assurant que \u00ab\u00a0qui attaque les \u00e9tudiants, attaque le Christ\u00a0\u00bb.<\/p>\n<p>Amsterdam\u2013Strasbourg \u00e0 v\u00e9lo\u00a0: la diaspora serbe du Benelux se joint aux \u00e9tudiants<\/p>\n<p><strong>12 avril &#8211; 9h\u00a0:<\/strong> Des cyclistes sont partis le 11 avril d\u2019Amsterdam et passeront par La Haye, Anvers et Bruxelles. Des membres de la diaspora serbe de Belgique et du Luxembourg se joindront \u00e0 eux. Leur objectif est d\u2019atteindre Strasbourg le 15 avril, o\u00f9 ils retrouveront les \u00e9tudiants partis \u00e0 v\u00e9lo de Novi Sad le 3 avril.<\/p>\n<p>Le groupe pr\u00e9voit tout au long de ce parcours de 626 km des arr\u00eats symboliques devant des institutions politiques-cl\u00e9s, notamment l\u2019ambassade de Serbie \u00e0 La Haye et les b\u00e2timents de l\u2019UE \u00e0 Bruxelles. Selon leur communiqu\u00e9, leur mission est d\u2019attirer l\u2019attention sur la d\u00e9gradation du climat politique en Serbie et de soutenir les \u00e9tudiants confront\u00e9s \u00e0 une r\u00e9pression croissante dans leur pays.<\/p>\n<p>\u00ab\u00a0Cette randonn\u00e9e est une r\u00e9ponse \u00e0 la r\u00e9pression croissante contre les \u00e9tudiants, les enseignants et les militants en Serbie. Arrestations, intimidations et violences soutenues par l\u2019\u00c9tat sont fr\u00e9quentes lors de manifestations pacifiques. Les enseignants et professeurs d\u2019universit\u00e9 qui soutiennent les \u00e9tudiants subissent des r\u00e9ductions drastiques de salaire et d\u2019autres sanctions, tandis que les dirigeants universitaires sont soumis \u00e0 des pressions croissantes. L\u2019attaque au couteau contre le doyen de la facult\u00e9 de philosophie de Ni\u0161 et les appels \u00e0 l\u2019arrestation du recteur de l\u2019Universit\u00e9 de Belgrade, Vladan \u0110oki\u0107, t\u00e9moignent de la disparition croissante des libert\u00e9s acad\u00e9miques et de la s\u00e9curit\u00e9\u00a0\u00bb, ont d\u00e9clar\u00e9 les membres de la diaspora qui se dirigent vers Strasbourg.<\/p>\n<p>\u00c0 pied ou \u00e0 v\u00e9lo, tout le monde converge \u00e0 Novi Pazar<\/p>\n<p><strong>11 avril &#8211; 23h45\u00a0:<\/strong> Novi Pazar avait sorti le tapis rouge pour accueillir les \u00e9tudiants qui, \u00e0 pied ou \u00e0 v\u00e9lo, ont converg\u00e9 vers cette ville du sud-ouest de la Serbie, o\u00f9 doit se tenir samedi une grande manifestation.<\/p>\n<p>Amar Li\u010dina, \u00e9tudiant \u00e0 l\u2019Universit\u00e9 d\u2019\u00c9tat de Novi Pazar, a accueilli ses coll\u00e8gues. \u00ab\u00a0Chaque pas que vous faites est un chemin vers la libert\u00e9. Il y a des d\u00e9fis, des difficult\u00e9s, des kilom\u00e8tres \u00e0 parcourir, mais vous montrez que nous sommes l\u00e0 et que nous sommes pr\u00eats \u00e0 satisfaire pleinement nos revendications. Votre chemin est ardu, mais c\u2019est celui vers un \u00c9tat libre et juste.\u00a0\u00bb<\/p>\n<p>Les \u00e9tudiants cyclistes sont arriv\u00e9s \u00e0 M\u00fcnich<\/p>\n<p><strong>11 avril &#8211; 23h\u00a0:<\/strong> Les \u00e9tudiants cyclistes sont arriv\u00e9s ce vendredi soir \u00e0 M\u00fcnich, o\u00f9 un accueil triomphal leur a encore \u00e9t\u00e9 r\u00e9serv\u00e9. De tr\u00e8s nombreux citoyens les attendaient, dont beaucoup de Serbes vivant en Allemagne.<\/p>\n<p>Ils ont \u00e9t\u00e9 accueillis par un repr\u00e9sentant du maire de Munich, qui a d\u00e9clar\u00e9 que leurs voix ne devaient pas \u00eatre ignor\u00e9es. \u00ab\u00a0Toute l\u2019Allemagne et tout Munich soutiennent votre combat pour la d\u00e9mocratie\u00a0\u00bb, a-t-il ajout\u00e9. Seize minutes de silence ont \u00e9t\u00e9 observ\u00e9es sur l\u2019Odeonsplatz en m\u00e9moire des seize victimes de l\u2019effondrement de l\u2019auvent en b\u00e9ton de la gare de Novi Sad.<\/p>\n<p>Manifestation \u00e0 Belgrade contre l\u2019expulsion de citoyens \u00e9trangers<\/p>\n<p><strong>11 avril &#8211; 9h15\u00a0:<\/strong> Une manifestation a eu lieu le 10 avril sur la place de la R\u00e9publique \u00e0 Belgrade, \u00e0 l\u2019appel de l\u2019initiative Pobunjeni univerzitet (\u00ab\u00a0Universit\u00e9 en r\u00e9volte\u00a0\u00bb), pour d\u00e9noncer l\u2019expulsion de plusieurs ressortissants \u00e9trangers, notamment croates et italiens, accus\u00e9s de soutenir les mobilisations \u00e9tudiantes en Serbie.<\/p>\n<p>Les manifestants ont condamn\u00e9 une r\u00e9pression croissante envers ceux qui expriment leur solidarit\u00e9 ou des opinions critiques, estimant que l\u2019expulsion pour raisons politiques est inacceptable. Parmi les personnes concern\u00e9es, Arien Stojanovi\u0107 Ivkovi\u0107, citoyenne croate vivant \u00e0 Belgrade depuis douze ans, d\u00e9sormais interdite de s\u00e9jour pendant un an.<\/p>\n<p>Depuis janvier, douze citoyens croates ont re\u00e7u des ordres d\u2019expulsion, selon l\u2019ambassade de Croatie. Le Parlement europ\u00e9en a r\u00e9agi en condamnant ces pratiques, les qualifiant de violations des droits fondamentaux.<\/p>\n<p>Les \u00e9tudiants cyclistes sont arriv\u00e9s \u00e0 Salzbourg<\/p>\n<p><strong>10 avril &#8211; 21h30\u00a0:<\/strong> Les \u00e9tudiants cyclistes sont arriv\u00e9s \u00e0 Salzbourg apr\u00e8s 21h, avec un l\u00e9ger retard d\u00fb aux conditions difficiles de leur trajet du jour de 130 km depuis Linz, avec un terrain tr\u00e8s escarp\u00e9. Une foule importante les a accueilli.<\/p>\n<p>La police p\u00e9n\u00e8tre dans la Facult\u00e9 de m\u00e9decine de Ni\u0161<\/p>\n<p><strong>10 avril &#8211; 18h40\u00a0:<\/strong> \u00c0 Ni\u0161, une vingtaine de policiers en civil ont investi ce jeudi la Facult\u00e9 de m\u00e9decine sur ordre du parquet, afin de remettre des convocations aux \u00e9tudiants ayant particip\u00e9 au blocage de l\u2019\u00e9tablissement. Cette intervention survient apr\u00e8s que des employ\u00e9s oppos\u00e9s \u00e0 la mobilisation ont tent\u00e9 d\u2019entrer de force dans le b\u00e2timent et ont port\u00e9 plainte contre les \u00e9tudiants.<\/p>\n<p>Selon l\u2019avocate Maja Biculovi\u0107, aucun \u00e9tudiant n\u2019a \u00e9t\u00e9 plac\u00e9 en garde \u00e0 vue, mais tous les participants pr\u00e9sents dans le hall de la facult\u00e9 sont convoqu\u00e9s pour des auditions, programm\u00e9es ce soir au commissariat central. Le doyen de la facult\u00e9, Aleksandar Miti\u0107, aurait autoris\u00e9 l\u2019intervention polici\u00e8re.<\/p>\n<p>Le collectif \u00e9tudiant de Ni\u0161 appelle \u00e0 la solidarit\u00e9 et \u00e0 un soutien massif, d\u00e9non\u00e7ant une tentative d\u2019intimidation. Les \u00e9tudiants affirment qu\u2019aucun incident ni acte de violence ne s\u2019est produit au sein de l\u2019universit\u00e9.<\/p>\n<p>Le journaliste Dejan Ili\u0107 plac\u00e9 en garde \u00e0 vue pour \u00ab\u00a0diffusion de panique\u00a0\u00bb a \u00e9t\u00e9 lib\u00e9r\u00e9<\/p>\n<p><strong>18h30\u00a0:<\/strong> Le chroniqueur de Pe\u0161\u010danik Dejan Ili\u0107 a \u00e9t\u00e9 interpell\u00e9 et plac\u00e9 en garde \u00e0 vue pour 48 heures sur d\u00e9cision du parquet de Belgrade, qui l\u2019accuse d\u2019avoir \u00ab\u00a0diffus\u00e9 de fausses informations\u00a0\u00bb susceptibles de provoquer la panique, avant d\u2019\u00eatre finalement remis en libert\u00e9 jeudi en fin de journ\u00e9e.<\/p>\n<p>Les faits reproch\u00e9s concernent une d\u00e9claration faite lors d\u2019une \u00e9mission t\u00e9l\u00e9vis\u00e9e, o\u00f9 Dejan Ili\u0107 \u00e9voquait l\u2019option d\u2019un gouvernement de transition pour \u00e9viter un \u00ab\u00a0bain de sang dans les rues\u00a0\u00bb.<\/p>\n<p>L\u2019affaire a suscit\u00e9 une vive r\u00e9action des milieux m\u00e9diatiques et politiques. L\u2019Association ind\u00e9pendante des journalistes de Serbie (NUNS) d\u00e9nonce une attaque contre la libert\u00e9 d\u2019expression et un dangereux pr\u00e9c\u00e9dent judiciaire. \u00ab\u00a0Nous assistons de plus en plus \u00e0 des tentatives de b\u00e2illonnement des voix critiques par une utilisation abusive de la justice et une application s\u00e9lective des lois\u00a0\u00bb, d\u00e9clare NUNS, ajoutant que le d\u00e9saccord avec une opinion ne doit jamais \u00eatre un motif de poursuite p\u00e9nale.<\/p>\n<p>Plusieurs partis d\u2019opposition, dont le Front vert-gauche, D\u00e9mocratie libre (DS) et le Parti de la libert\u00e9 et de la justice (SSP), parlent \u00e9galement de r\u00e9pression politique, accusant le pouvoir d\u2019instrumentaliser la justice pour faire taire les voix critiques.<\/p>\n<p>Dejan Ili\u0107, qui devait \u00eatre entendu vendredi par le parquet, affirme que ses propos ont \u00e9t\u00e9 sortis de leur contexte et qu\u2019il appelait, au contraire, \u00e0 une solution pacifique \u00e0 la crise politique actuelle.<\/p>\n<p>Les \u00e9tudiants cyclistes sont arriv\u00e9s \u00e0 Linz<\/p>\n<p><strong>9 avril &#8211; 18h30\u00a0:<\/strong> Les \u00e9tudiants cyclistes sont arriv\u00e9s ce mercredi en fin d\u2019apr\u00e8s-midi \u00e0 Linz, en Haute-Autriche, apr\u00e8s une \u00ab\u00a0petite\u00a0\u00bb \u00e9tape de 100 kilom\u00e8tres depuis Emmersdorf an der Donau. Sur la Haut Platz, ils ont \u00e9t\u00e9 accueillis par des \u00e9tudiants venus de Serbie, ainsi que par leurs coll\u00e8gues autrichiens et de nombreux autres pays. Beaucoup de citoyens serbes qui vivent et travaillent en Autriche sont \u00e9galement pr\u00e9sents. Certains brandissent des drapeaux de la Serbie et de l\u2019Union europ\u00e9enne et scandent \u00ab\u00a0Pumpaj\u00a0!\u00a0\u00bb<\/p>\n<p>\u00c0 l\u2019entr\u00e9e de la ville, ils ont \u00e9t\u00e9 accueillis par des membres du groupe  \u00ab\u00a0Masses critiques\u00a0\u00bb de Linz, avec la chanson Bella ciao et des \u00e9tudiants scandant \u00ab\u00a0Personne n\u2019est fatigu\u00e9\u00a0!\u00a0\u00bb De la nourriture a \u00e9t\u00e9 pr\u00e9par\u00e9e pour les \u00e9tudiants, des sc\u00e8nes pour les discours et un tapis rouge ont \u00e9t\u00e9 install\u00e9s.<\/p>\n<p>Les \u00e9tudiants partis de Jagodina se rapprochent de Novi Pazar<\/p>\n<p><strong>9 avril &#8211; 18h15\u00a0:<\/strong> Les \u00e9tudiants partis \u00e0 pied de Jagodina se rapprochent de Novi Pazar, o\u00f9 ils sont attendus pour une grande manifestation samedi 12 avril. Mardi soir, ils ont \u00e9t\u00e9 triomphalement accueillis \u00e0 Kraljevo<\/p>\n<p>Le Parlement europ\u00e9en adopte un rapport ferme sur la Serbie<\/p>\n<p><strong>9 avril &#8211; 15h\u00a0:<\/strong> Le rapport\u00a0confirme l\u2019engagement strat\u00e9gique de la Serbie en faveur de l\u2019int\u00e9gration europ\u00e9enne, mais rel\u00e8ve de graves lacunes dans des domaines cl\u00e9s tels que l\u2019\u00c9tat de droit, le syst\u00e8me judiciaire et l\u2019alignement sur la politique \u00e9trang\u00e8re de l\u2019Union europ\u00e9enne.<\/p>\n<p>Le rapport indique que le Parlement europ\u00e9en exprime ses sinc\u00e8res condol\u00e9ances aux familles des victimes de la trag\u00e9die de la gare de Novi Sad et appelle \u00e0 des proc\u00e9dures judiciaires compl\u00e8tes et transparentes \u00e0 la suite de l\u2019enqu\u00eate, une des revendications formul\u00e9es depuis des mois les \u00e9tudiants en r\u00e9volte, mais que les autorit\u00e9s serbes n\u2019ont toujours pas satisfaite.<\/p>\n<p>Le Parlement europ\u00e9en condamne fermement les attaques contre les manifestants, de m\u00eame que les all\u00e9gations non fond\u00e9es du pr\u00e9sident Vu\u010di\u0107 et de la majorit\u00e9 sur la pr\u00e9tendue implication d\u2019\u00c9tats membres de l\u2019UE dans l\u2019organisation des manifestations \u00e9tudiantes en vue de d\u00e9clencher une \u00ab\u00a0r\u00e9volution de couleur\u00a0\u00bb.<\/p>\n<p>\u00c0 noter que l\u2019adoption de ce rapport intervient au moment o\u00f9 Aleksandar Vu\u010di\u0107 \u00e9tait re\u00e7u \u00e0 l\u2019\u00c9lys\u00e9e par Emmanuel Macron <a href=\"https:\/\/www.courrierdesbalkans.fr\/Macron-recoit-Vucic-la-honte-de-la-France-et-de-l-Europe\" target=\"_blank\" rel=\"noopener\">pour une visite dont le timing et le signal envoy\u00e9 interrogent<\/a>.<\/p>\n<p>L\u2019expulsion brutale d\u2019une citoyenne croate suscite l\u2019indignation<\/p>\n<p><strong>8 avril &#8211; 18h\u00a0:<\/strong>  Son histoire, <a href=\"https:\/\/n1info.rs\/vesti\/drzavljanka-hrvatske-podrzala-studente-pa-proterana-iz-srbije-ima-sedam-dana-da-preseli-zivot-i-porodicu\/\" class=\"spip_out\" rel=\"external noopener\" target=\"_blank\">r\u00e9v\u00e9l\u00e9e par N1<\/a>, fait en ce moment la une de nombreux m\u00e9dias serbes et croates. Arien Stojanovi\u0107 Ivkovi\u0107, dipl\u00f4m\u00e9e de la Facult\u00e9 de m\u00e9decine de Belgrade et qui exerce en Serbie o\u00f9 elle est install\u00e9e depuis 2013, est sous le coup d\u2019une mesure d\u2019expulsion brutale. La police lui a annonc\u00e9 ce matin 8 avril qu\u2019elle avait une semaine pour quitter le pays et ensuite l\u2019interdiction d\u2019entrer sur le territoire pour une dur\u00e9e d\u2019un an renouvelable. Elle est pourtant maman d\u2019un enfant n\u00e9 en Serbie, qui a la double nationalit\u00e9 serbe et croate.<\/p>\n<p>Selon les documents qu\u2019elle a rendu publics, le minist\u00e8re de l\u2019Int\u00e9rieur se r\u00e9f\u00e8re \u00e0 l\u2019article 66, paragraphe 1 de la loi sur les \u00e9trangers pour justifier sa d\u00e9cision, en invoquant un risque pour la s\u00e9curit\u00e9 nationale. Hormis sa participation \u00e0 quelques manifestations r\u00e9clamant justice apr\u00e8s l\u2019accident mortel de la gare de Novi Sad et sa critique sur les r\u00e9seaux sociaux du non respect du protocole sanitaire par le  pr\u00e9sident Vu\u010di\u0107 lors de sa visite aux bless\u00e9s de l\u2019incendie de Ko\u010dani, Arien Stojanovi\u0107 Ivkovi\u0107 ne voit pas ce qui peut lui \u00eatre reproch\u00e9.<\/p>\n<p>Elle s\u2019est donc adress\u00e9e \u00e0 l\u2019ambassade de la R\u00e9publique de Croatie \u00e0 Belgrade pour obtenir de l\u2019aide et a lanc\u00e9 un appel.<\/p>\n<p>Les facult\u00e9s occup\u00e9es de Novi Sad se prononcent pour un gouvernement technique<\/p>\n<p><strong>8 avril &#8211; 14h\u00a0:<\/strong> La majorit\u00e9 des Facult\u00e9s occup\u00e9es de Novi Sad se sont prononc\u00e9es en faveur d\u2019un gouvernement technique, afin de sortir de la crise. Ce gouvernement ne devra contenir aucun repr\u00e9sentant du pouvoir actuel ni de l\u2019actuelle opposition.<\/p>\n<p>Il y a trois exigences concr\u00e8tes, pr\u00e9cise  Ensar Preljevi\u0107, \u00e9tudiant en m\u00e9decine. \u00ab\u00a0Il y a trois t\u00e2ches \u00e0 accomplir\u00a0: cr\u00e9er les conditions pour satisfaire toutes les revendications \u00e9tudiantes\u00a0; adopter des mesures pour garantir des conditions \u00e9lectorales conformes \u00e0 l\u2019esprit d\u00e9mocratique\u00a0; et enfin soumettre des propositions d\u2019amendements \u00e0 la loi sur les gr\u00e8ves.\u00a0\u00bb<\/p>\n<p>Les \u00e9tudiants de Novi Sad se disent convaincus que l\u2019actuel gouvernement ne r\u00e9pondra jamais \u00e0 leurs demandes et pensent que ce gouvernement technique devrait avoir une dur\u00e9e de vie d\u2019un  an au maximum.<\/p>\n<p>Direction Emmersdorf an der Donau<\/p>\n<p><strong>8 avril &#8211; 13h45\u00a0:<\/strong> Les \u00e9tudiants cyclistes ont quitt\u00e9 Vienne ce matin, en direction d\u2019Emmersdorf an der Donau, une petite localit\u00e9 de Basse-Autriche proche de Melk, o\u00f9 ils feront \u00e9tape ce soir, avant d\u2019arriver \u00e0 Linz mercredi soir. Il s\u2019agit d\u2019une \u00e9tape un peu plus courte que les pr\u00e9c\u00e9dentes (88 kilom\u00e8tres).<\/p>\n<p>Les \u00e9tudiants r\u00e9veillent l\u2019Europe\u00a0: arriv\u00e9e triomphale \u00e0 Vienne<\/p>\n<p><strong>7 avril &#8211; 21h15\u00a0:<\/strong> Les premiers groupes de cyclistes ont commenc\u00e9 \u00e0 arriver peu apr\u00e8s 21h sur la Place Marie-Th\u00e9r\u00e8se, dans le centre de Vienne, o\u00f9 l\u2019importante diaspora s\u2019\u00e9tait donn\u00e9e rendez-vous depuis 17h30, dans une ambiance survolt\u00e9e. Notre article sur cet accueil triomphal est <strong><a href=\"https:\/\/www.courrierdesbalkans.fr\/A-Vienne-la-diaspora-serbe-accueille-en-heros-les-cyclistes-qui-reveillent-l-Europe\" target=\"_blank\" rel=\"noopener\">\u00e0 lire ici<\/a><\/strong>.<\/p>\n<p>Les \u00e9tudiants formulent une sixi\u00e8me revendication<\/p>\n<p><strong>7 avril &#8211; 19h\u00a0:<\/strong> Les \u00e9tudiants ont pr\u00e9sent\u00e9 une sixi\u00e8me revendication, qui est de d\u00e9terminer qui est responsable du s\u00e9jour, le 17 mars, du pr\u00e9sident Aleksandar Vu\u010di\u0107, accompagn\u00e9 par des \u00e9quipes de t\u00e9l\u00e9vision, dans l\u2019unit\u00e9 de soins intensifs du CHU de Belgrade, o\u00f9 \u00e9taient soign\u00e9s des bless\u00e9s de <a href=\"https:\/\/www.courrierdesbalkans.fr\/Apres-l-incendie-de-Kocani-la-Macedoine-du-Nord-entre-deuil-et-colere\" target=\"_blank\" rel=\"noopener\">l\u2019incendie de la discoth\u00e8que Ko\u010dani, en Mac\u00e9doine du Nord<\/a>.<\/p>\n<p>Les \u00e9tudiants r\u00e9veillent l\u2019Europe\u00a0: arriv\u00e9e attendue \u00e0 17h30 \u00e0 Vienne<\/p>\n<p><strong>7 avril &#8211; 12h30\u00a0:<\/strong> Partis dimanche matin de Budapest, les \u00e9tudiants cyclistes sont attendus ce lundi \u00e0 Maria-Theresen Platz. L\u2019importante diaspora en Autriche leur pr\u00e9pare un accueil massif.<\/p>\n<p>Ils ont fait \u00e9tape en d\u00e9but d\u2019apr\u00e8s-midi \u00e0 Bratislava, o\u00f9 ils ont \u00e9t\u00e9 accueillis par une foule enthousiaste. Les Slovaques avaient m\u00eame pr\u00e9vu des ateliers de r\u00e9paration de v\u00e9los.<\/p>\n<p>Vu\u010di\u0107 nomme un Premier ministre et annonce qu\u2019il sera re\u00e7u par Macron<\/p>\n<p><strong>6 avril &#8211; 20h45\u00a0:<\/strong> Aleksandar Vu\u010di\u0107 s\u2019est adress\u00e9 \u00e0 la nation ce dimanche soir. Il a charg\u00e9 le docteur \u0110uro Macut, endrocrinologue, de former un nouveau gouvernement, \u00e9cartant l\u2019hypoth\u00e8se de nouvelles \u00e9lections. Le chef de l\u2019Etat a promis que ce gouvernement serait form\u00e9 \u00ab\u00a0avant le Vendredi Saint\u00a0\u00bb, soit avant le 18 avril. \u0110uro Macut s\u2019est fait conna\u00eetre de l\u2019opinion publique en donnant un cours aux \u00ab\u00a0\u00e9tudiants qui voulaient \u00e9tudier\u00a0\u00bb, et qui campaient dans le Parc des Pionniers de Belgrade, <a href=\"https:\/\/www.courrierdesbalkans.fr\/Serbie-pseudo-etudiants-et-veterans-de-guerre-au-secours-de-Vucic\" target=\"_blank\" rel=\"noopener\">les fameux \u0107aci<\/a>.<\/p>\n<p>Aleksandar Vu\u010di\u0107 a \u00e9galement annonc\u00e9 qu\u2019il serait re\u00e7u \u00ab\u00a0d\u2019ici deux \u00e0 trois jours\u00a0\u00bb par Emmanuel Macron au Palais de l\u2019Elys\u00e9e.<\/p>\n<p>Le pianiste italo-allemand Davide Martello va \u00eatre expuls\u00e9 de Serbie<\/p>\n<p><strong>6 avril &#8211; 16h50\u00a0:<\/strong> Il avait jou\u00e9 samedi sur les cinq ponts de Ni\u0161 occup\u00e9s par les \u00e9tudiants et les citoyens dans le cadre de l\u2019action 555. Le c\u00e9l\u00e8bre pianiste italo-allemand <a href=\"https:\/\/fr.wikipedia.org\/wiki\/Davide_Martello\" class=\"spip_out\" rel=\"external noopener\" target=\"_blank\">Davide Martello<\/a> va \u00eatre expuls\u00e9 ce dimanche de Serbie. Il \u00e9tait entr\u00e9 vendredi 4 sur le territoire serbe comme touriste, et la police lui a ordonn\u00e9 de quitter la Serbie dans un d\u00e9lais de trois jours, soit au plus tard le 9 avril. Davide Martello a l\u2019habitude de jouer dans la rue, lors de grands rassemblements, comme sur la place Taksim \u00e0 Istanbul en 2013.<\/p>\n<p>Aleksandar Vu\u010di\u0107 et Ana Brnabi\u0107 personae non gratae \u00e0 \u010ca\u010dak<\/p>\n<p><strong>6 avril &#8211; 7h15\u00a0:<\/strong> Le zbor citoyen de \u010ca\u010dak a d\u00e9cr\u00e9t\u00e9 samedi que le pr\u00e9sident Aleksandar Vu\u010di\u0107 et la pr\u00e9sidente du Parlement, Ana Brnabi\u0107, \u00e9taient d\u00e9sormais personae non gratae dans cette commune du centre de la Serbie. Le titre de citoyen d\u2019honneur a \u00e9galement \u00e9t\u00e9 retir\u00e9 \u00e0 l\u2019ancien chef de l\u2019Etat Tomislav Nikoli\u0107, cofondateur, avec Aleksandar Vu\u010di\u0107, du Parti progressiste serbe.<\/p>\n<p>De Novi Sad \u00e0 Strasbourg \u00e0 v\u00e9lo\u00a0: arriv\u00e9e des \u00e9tudiants \u00e0 Budapest<\/p>\n<p><strong>5 avril &#8211; 19h30\u00a0:<\/strong> Ils l\u00e8vent leur v\u00e9lo en l\u2019air, exultent. Les \u00e9tudiants <a href=\"https:\/\/www.courrierdesbalkans.fr\/Serbie-de-Novi-Sad-a-Strasbourg-plus-de-1400-kilometres-a-velo-pour-la-justice\" target=\"_blank\" rel=\"noopener\">partis \u00e0 v\u00e9lo de Novi Sad le 3 avril pour rejoindre Strasbourg<\/a> sont arriv\u00e9s \u00e0 Budapest aux alentours de 17h. Ils ont \u00e9t\u00e9 accueillis sur la place des H\u00e9ros dans une atmosph\u00e8re euphorique par des membres de la diaspora rassembl\u00e9s pour l\u2019occasion, ainsi que par le maire de Budapest.<\/p>\n<p>Au programme\u00a0: ravitaillement, musique et danse, avant d\u2019observer tous ensemble seize minutes de silence en hommage aux victimes de l\u2019accident de la gare de Novi Sad.<\/p>\n<p>Les \u00e9tudiants formulent une cinqui\u00e8me revendication<\/p>\n<p><strong>5 avril &#8211; 13h\u00a0:<\/strong> Les \u00e9tudiants qui bloquent les facult\u00e9s en Serbie depuis plus de quatre mois ont adopt\u00e9 une cinqui\u00e8me revendication\u00a0: l\u2019ouverture d\u2019une enqu\u00eate d\u00e9taill\u00e9e sur l\u2019incident survenu lors de la manifestation du 15 mars \u00e0 Belgrade.<\/p>\n<p>Dans un message vid\u00e9o enregistr\u00e9 et publi\u00e9 sur leur compte Instagram, les \u00e9tudiants bloqu\u00e9s \u00e0 Belgrade exigent sp\u00e9cifiquement une enqu\u00eate des \u00ab\u00a0autorit\u00e9s comp\u00e9tentes pour d\u00e9terminer toutes les circonstances et responsabilit\u00e9s concernant le ph\u00e9nom\u00e8ne qui a provoqu\u00e9 la peur et la panique le 15 mars \u00e0 19h11 le long de la rue King Milan, lors d\u2019une manifestation pacifique et de 15 minutes de silence\u00a0\u00bb.<\/p>\n<p>\u00c0 19h11, alors que la foule rassembl\u00e9e autour de la place Slavija observait quinze minutes de silence en hommage aux victimes de l\u2019accident mortel de la gare de Novi Sad, <a href=\"https:\/\/www.courrierdesbalkans.fr\/Serbie-la-police-a-t-elle-utilise-une-arme-sonique-pendant-la-manifestation-geante-de-Belgrade\" target=\"_blank\" rel=\"noopener\">une puissante d\u00e9flagration a provoqu\u00e9 une vague de panique<\/a>.<\/p>\n<p>De nombreux t\u00e9moignages partag\u00e9s sur les r\u00e9seaux sociaux ainsi que des images de v\u00e9hicules des forces de l\u2019ordre laissent entendre qu\u2019un canon \u00e0 son aurait \u00e9t\u00e9 utilis\u00e9. Les autorit\u00e9s ont confirm\u00e9 que la Serbie poss\u00e8de un tel dispositif, qui a \u00e9t\u00e9 install\u00e9 pr\u00e8s du Parlement serbe, mais affirment qu\u2019il n\u2019a pas \u00e9t\u00e9 utilis\u00e9.<\/p>\n<p>Les quatre autres revendications sont\u00a0: <br class=\"autobr\"\/><br \/>\n\u2022 Publier de toute la documentation sur la reconstruction de la gare Novi Sad et poursuivre p\u00e9nalement les responsables de l\u2019effondrement de l\u2019auvent<br class=\"autobr\"\/><br \/>\n\u2022 Confirmer les identit\u00e9s et engager des poursuites p\u00e9nales contre les responsables des attaques contre les \u00e9tudiants et les professeurs.<br class=\"autobr\"\/><br \/>\n\u2022 Abandonner les charges criminelles contre les personnes arr\u00eat\u00e9es et d\u00e9tenues lors des manifestations \u00e9tudiantes.<br class=\"autobr\"\/><br \/>\n\u2022 Augmenter de 20% le budget de l\u2019enseignement sup\u00e9rieur.<\/p>\n<p>Manifestation \u00e0 Belgrade pour la journ\u00e9e des \u00e9tudiants<\/p>\n<p><strong>4 avril &#8211; 18h50\u00a0:<\/strong> En cette journ\u00e9e nationale des \u00e9tudiants, ces derniers ont appel\u00e9 \u00e0 une manifestation dans Belgrade. Elle a commenc\u00e9 par un rassemblement devant la facult\u00e9 de m\u00e9decine o\u00f9 un \u00e9tudiant a \u00e9t\u00e9 tu\u00e9 lors d\u2019une gr\u00e8ce en 1936, et s\u2019est poursuivie vers la Facult\u00e9 de droit, o\u00f9 les \u00e9tudiants ont observ\u00e9 un silence de 16 minutes en m\u00e9moire des personnes tu\u00e9es lors de la chute de l\u2019auvent de la gare de Novi Sad le 1er novembre dernier.<\/p>\n<p>\u00ab\u00a0La libre pens\u00e9e, que l\u2019Universit\u00e9 ch\u00e9rit et qui exige une autonomie qui implique l\u2019absence d\u2019un appareil r\u00e9pressif d\u2019\u00c9tat, est une conqu\u00eate pour laquelle la communaut\u00e9 universitaire s\u2019est battue dans le pass\u00e9 et que nous d\u00e9fendons aujourd\u2019hui sans compromis et en solidarit\u00e9\u00a0\u00bb, ont \u00e9crit les \u00e9tudiants qui bloquaient la Facult\u00e9 de philosophie de Belgrade dans leur appel.<\/p>\n<p>Le recteur de l\u2019Universit\u00e9 de Belgrade, Vladan \u0110oki\u0107, a f\u00e9licit\u00e9 les \u00e9tudiants et l\u2019ensemble de la communaut\u00e9 universitaire le 4 avril, exprimant sa gratitude pour leur engagement personnel \u00e0 pr\u00e9server l\u2019unit\u00e9 et \u00e0 d\u00e9fendre la dignit\u00e9 des jeunes qui s\u2019instruisent en Serbie. Vladan \u0110oki\u0107 a \u00e9t\u00e9 la cible d\u2019une campagne men\u00e9e par des tablo\u00efds pro-gouvernementaux et des repr\u00e9sentants du gouvernement pour avoir soutenu les \u00e9tudiants mobilis\u00e9s, qui bloquent leurs universit\u00e9s.<\/p>\n<p>Le pr\u00e9sident serbe Aleksandar Vu\u010di\u0107 a salu\u00e9 la Journ\u00e9e des \u00e9tudiants en portant un t-shirt sur lequel \u00e9tait \u00e9crit \u00ab\u00a0Je suis aussi \u0106aci\u00a0\u00bb. \u0106aci est devenu le surnom d\u00e9signant les \u00ab\u00a0\u00e9tudiants\u00a0\u00bb oppos\u00e9s aux blocages. <a href=\"https:\/\/www.courrierdesbalkans.fr\/Serbie-pseudo-etudiants-et-veterans-de-guerre-au-secours-de-Vucic\" target=\"_blank\" rel=\"noopener\">Nous en parlons dans ce reportage<\/a>.<\/p>\n<p>De Novi Sad \u00e0 Strasbourg \u00e0 v\u00e9lo\u00a0: un p\u00e9riple \u00e0 v\u00e9lo pour alerter l\u2019Europe<\/p>\n<p><strong>3 avril &#8211; 16h\u00a0:<\/strong> Une petite centaine de cyclistes aguerris se sont \u00e9lanc\u00e9s depuis Novi Sad ce matin, malgr\u00e9 un crachin printanier. Leur objectif\u00a0? Atteindre Strasbourg le 15 avril au soir, et alerter la Cour europ\u00e9enne des droits de l\u2019homme sur la situation en Serbie. Mais aussi, mobiliser la diaspora, nombreuse \u00e0 Vienne et dans le Sud de l\u2019Allemagne, et sensibiliser les jeunes Europ\u00e9ens \u00e0 la lutte pour la d\u00e9mocratie. Apr\u00e8s plus de cinq mois de mobilisation en Serbie depuis la chute mortelle de l\u2019auvent de la gare de Novi Sad, les \u00e9tudiants esp\u00e8rent ainsi faire entendre leur voix dans toute l\u2019Europe. Notre reportage complet est <strong><a href=\"https:\/\/www.courrierdesbalkans.fr\/Serbie-de-Novi-Sad-a-Strasbourg-plus-de-1400-kilometres-a-velo-pour-la-justice\" target=\"_blank\" rel=\"noopener\">\u00e0 lire ici<\/a><\/strong>.<\/p>\n<p>\u00ab\u00a0La science s\u2019est r\u00e9veill\u00e9e\u00a0\u00bb, les chercheurs sont dans la rue<\/p>\n<p><strong>2 avril &#8211; 13h45\u00a0:<\/strong> Le 2 avril, les chercheurs scientifiques ont organis\u00e9 des manifestations \u00e0 Belgrade et \u00e0 Novi Sad \u00e0 l\u2019invitation de l\u2019Union scientifique de Serbie, en soutien aux \u00e9tudiants bloqu\u00e9s, sous le slogan \u00ab\u00a0La science s\u2019est r\u00e9veill\u00e9e\u00a0\u00bb (\u00ab\u00a0Nauka je (u)stala\u00a0\u00bb).<\/p>\n<p>\u00c0 Belgrade, ils se sont rassembl\u00e9s devant le plateau de la Facult\u00e9 de philosophie de Belgrade, portant des banderoles, sur laquelle on pouvait lire\u00a0: \u00ab\u00a0La science agite vos dipl\u00f4mes, les n\u00f4tres sont r\u00e9els et quels sont les v\u00f4tres\u00a0?\u00a0\u00bb et \u00ab\u00a0Pour le retour de la dignit\u00e9 acad\u00e9mique\u00a0\u00bb.<\/p>\n<p>Le repr\u00e9sentant du R\u00e9seau de solidarit\u00e9 acad\u00e9mique, Oliver To\u0161kovi\u0107, a d\u00e9clar\u00e9 que le gouvernement \u00ab\u00a0vit dans un monde o\u00f9 l\u2019attitude passe avant l\u2019argumentation\u00a0\u00bb. \u00ab\u00a0Le fait est que ce gouvernement est pr\u00eat \u00e0 d\u00e9truire et \u00e0 d\u00e9former l\u2019activit\u00e9 scientifique dans ce pays juste pour se venger de nous personnellement et nous humilier.\u00a0\u00bb<\/p>\n<p>\u00ab\u00a0Nous sommes avec vous\u00a0\u00bb\u00a0: Bob Geldorf soutient les \u00e9tudiants<\/p>\n<p><strong>31 mars &#8211; 22h20\u00a0:<\/strong> Bob Geldof, le c\u00e9l\u00e8bre musicien britannique et organisateur de Live Aid, a exprim\u00e9 son soutien aux manifestations \u00e9tudiantes \u00e0 travers un message vid\u00e9o publi\u00e9 sur les r\u00e9seaux sociaux d\u2019EXIT.<\/p>\n<p>\u00ab\u00a0Nous sommes fiers de nous produire au festival EXIT le 10 juillet, l\u2019un des derniers festivals ind\u00e9pendants restants, \u00e0 l\u2019occasion de votre 25e anniversaire. Cette ann\u00e9e marque le 40e anniversaire de Live Aid et nous sommes profond\u00e9ment impressionn\u00e9s par ce que les \u00e9tudiants en Serbie font dans leur lutte pour la justice, tout comme Live Aid a essay\u00e9 de le faire il y a 40 ans. Par cons\u00e9quent, bien s\u00fbr, nous soutenons les \u00e9tudiants de Serbie, nous soutenons le festival EXIT. Nous avons toujours jou\u00e9 de la musique qui exprime la libert\u00e9, le changement et la justice. Et nous le ferons le 10 juillet au festival EXIT. Nous sommes avec vous\u00a0\u00bb, a d\u00e9clar\u00e9 Bob Geldof.<\/p>\n<p>Une autre t\u00eate d\u2019affiche d\u2019EXIT, la DJ espagnole Indira Paganotto, a \u00e9galement exprim\u00e9 son soutien aux manifestations \u00e9tudiantes. Sur son profil Instagram, qui compte pr\u00e8s de deux millions de followers, elle a partag\u00e9 une vid\u00e9o virale de la manifestation du 15 mars \u00e0 Belgrade, accompagn\u00e9e d\u2019un message\u00a0: \u00ab\u00a0Mon peuple serbe, votre hermana (s\u0153ur) est avec vous dans votre lutte pour la justice et la libert\u00e9\u00a0! J\u2019ai h\u00e2te de vous voir bient\u00f4t\u00a0!\u00a0\u00bb<\/p>\n<p>La communaut\u00e9 universitaire se mobilise \u00e0 Ni\u0161, Belgrade, Kragujevac et Novi Sad<\/p>\n<p><strong>21h40\u00a0:<\/strong>Des manifestations et des marches sous le slogan \u00ab\u00a0D\u00e9fendons la communaut\u00e9 universitaire\u00a0\u00bb ont eu lieu ce 31 mars \u00e0 Ni\u0161, Belgrade, Kragujevac et Novi Sad, pour protester apr\u00e8s l\u2019attaque contre la doyenne de la Facult\u00e9 de philosophie de Ni\u0161, Natalija Jovanovi\u0107, mais aussi les menaces contre le recteur de l\u2019Universit\u00e9 de Belgrade, Vladan \u0110oki\u0107, et les doyens d\u2019autres facult\u00e9s en Serbie qui soutenaient les revendications des \u00e9tudiants lors du blocus.<\/p>\n<p>Ces manifestations voulaient montrer que \u00ab\u00a0la communaut\u00e9 universitaire se tient unie et sans crainte pour d\u00e9fendre la connaissance, les personnes et l\u2019avenir\u00a0\u00bb.<\/p>\n<p>Les \u00e9tudiants partiront \u00e0 v\u00e9lo le 3 avril de Novi Sad pour Strasbourg<\/p>\n<p><strong>30 mars &#8211; 16h\u00a0:<\/strong> Le d\u00e9part pour Strasbourg est fix\u00e9 le 3 avril. Depuis Novi Sad, les \u00e9tudiant.e.s passeront par Subotica, Budapest, Bratislava, Vienne, Linz, Salzbourg, M\u00fcnich, Augsbourg, \u00dclm et Stuttgart.<\/p>\n<p>La doyenne de la Facult\u00e9 de philosophie de Ni\u0161 a \u00e9t\u00e9 agress\u00e9e au couteau<\/p>\n<p><strong>30 mars &#8211; 14h\u00a0:<\/strong> La doyenne de la Facult\u00e9 de philosophie de l\u2019Universit\u00e9 de Ni\u0161, Natalija Jovanovi\u0107, a \u00e9t\u00e9 agress\u00e9e ce dimanche 30 mars vers 10n45. \u00ab\u00a0La doyenne de la Facult\u00e9 de philosophie de l\u2019Universit\u00e9 de Ni\u0161 a \u00e9t\u00e9 agress\u00e9e au couteau. Elle est soign\u00e9e au Centre clinique et des recherches sont en cours pour clarifier les circonstances de l\u2019incident\u00a0\u00bb, a d\u00e9clar\u00e9 la police.<\/p>\n<p>La doyenne Jovanovi\u0107 a d\u00e9j\u00e0 \u00e9t\u00e9 la cible d\u2019attaques et de menaces, depuis qu\u2019elle a soutenu les manifestations \u00e9tudiantes et les blocages de professeurs. Son mari a d\u00e9clar\u00e9 \u00e0 l\u2019agence Beta qu\u2019elle serait gard\u00e9e au centre d\u2019urgence jusqu\u2019\u00e0 nouvel ordre, non pas \u00e0 cause de la blessure qu\u2019elle a subie, mais \u00e0 cause de l\u2019hypertension art\u00e9rielle. Il a \u00e9galement d\u00e9clar\u00e9 que \u00ab\u00a0cette attaque portait la signature du pr\u00e9sident Vu\u010di\u0107\u00a0\u00bb, qui a lui-m\u00eame d\u00e9sign\u00e9 sa femme \u00ab\u00a0comme l\u2019un des principaux maux de Ni\u0161\u00a0\u00bb.<\/p>\n<p>Natalija Jovanovi\u0107 avait \u00e9t\u00e9 l\u2019une des premi\u00e8res responsables universitaires en Serbie \u00e0 soutenir les revendications des \u00e9tudiants, et sa facult\u00e9 de philosophie a \u00e9t\u00e9 la premi\u00e8re \u00e0 Ni\u0161 \u00e0 ouvrir ses portes aux \u00e9tudiants pendant le blocus.<\/p>\n<p>Belgrade\u00a0: des milliers de personnes devant le si\u00e8ge d\u2019Informer TV<\/p>\n<p><strong>29 mars &#8211; 18h30\u00a0:<\/strong> Plusieurs milliers de personnes se sont rassembl\u00e9es ce samedi 29 mars pour demander l\u2019arr\u00eat de la diffusion nationale de la cha\u00eene de t\u00e9l\u00e9vision pro-gouvernementale Informer TV. Les citoyens sont appel\u00e9s \u00e0 signer une p\u00e9tition demandant l\u2019interdiction d\u2019Informer TV pour avoir viol\u00e9 le code journalistique dans sa mani\u00e8re de rendre compte des manifestations des \u00e9tudiants. Des manifestants ont d\u2019ailleurs fait d\u00e9filer le code de d\u00e9ontologie journalistique imprim\u00e9 en grand sur plusieurs pages.<\/p>\n<p>La police garde l\u2019entr\u00e9e de la station de t\u00e9l\u00e9vision et une barri\u00e8re a \u00e9t\u00e9 \u00e9rig\u00e9e devant le b\u00e2timent. Les manifestants ont appel\u00e9 le r\u00e9dacteur en chef d\u2019Informer, Dragan J. Vu\u010di\u0107evi\u0107, \u00e0 sortir.<\/p>\n<p>Dans la foule, o\u00f9 certains portent des d\u00e9guisements de carnaval, on retrouve les bikers, mais aussi des jockeys brandissant la selle de leur cheval, en r\u00e9f\u00e9rence au slogan scand\u00e9 pour l\u2019occasion\u00a0: \u00ab\u00a0Vrati konju glavu, Dragane\u00a0\u00bb (Rends la t\u00eate au cheval, Dragan), une allusion au sourire chevalin du r\u00e9dacteur en chef d\u2019Informer TV. Un nouveau badge a \u00e9galement fait son apparition\u00a0: \u00ab\u00a0DezInformer\u00a0\u00bb.<\/p>\n<p>Rassemblement dimanche \u00e0 Gen\u00e8ve<\/p>\n<p><strong>29 mars &#8211; 14h30\u00a0:<\/strong> La diaspora serbe de Gen\u00e8ve, du canton de Vaud et de la r\u00e9gion frontali\u00e8re fran\u00e7aise organise ce dimanche 30 mars sa cinqui\u00e8me manifestation de solidarit\u00e9 avec les \u00e9tudiants et citoyens mobilis\u00e9s en Serbie depuis novembre 2024 contre la corruption syst\u00e9mique, l\u2019impunit\u00e9 et l\u2019effondrement des institutions publiques.<\/p>\n<p>Ce mouvement a \u00e9t\u00e9 d\u00e9clench\u00e9 apr\u00e8s la trag\u00e9die survenue le 1er novembre 2024 \u00e0 la gare ferroviaire de Novi Sad, o\u00f9 l\u2019effondrement d\u2019un auvent r\u00e9nov\u00e9 a caus\u00e9 la mort de 16 personnes \u00e0 ce jour. En d\u00e9pit du drame, aucune enqu\u00eate ind\u00e9pendante n\u2019a abouti, et les \u00e9tudiants continuent \u00e0 r\u00e9clamer justice, v\u00e9rit\u00e9 et r\u00e9formes structurelles.<\/p>\n<p>Depuis le 1er f\u00e9vrier 2025, la diaspora serbe \u00e0 Gen\u00e8ve s\u2019est mobilis\u00e9e de mani\u00e8re continue pour sensibiliser le peuple suisse ainsi que les institutions internationales bas\u00e9es \u00e0 Gen\u00e8ve et en Europe aux graves pr\u00e9occupations li\u00e9es aux actions des autorit\u00e9s en Serbie. Cette mobilisation vise \u00e0 d\u00e9noncer, entre autres, l\u2019utilisation d\u2019armes sonores \u00e0 l\u2019encontre des manifestants ainsi que diverses mesures de r\u00e9pression prises \u00e0 l\u2019\u00e9gard des \u00e9tudiants mobilis\u00e9s et des citoyens engag\u00e9s dans la lutte contre la corruption. Ces agissements portent atteinte aux libert\u00e9s fondamentales et suscitent une inqui\u00e9tude croissante quant au respect de l\u2019\u00c9tat de droit en Serbie.<\/p>\n<p>Rassemblement dimanche 30 mars \u00e0 Gen\u00e8ve, Place des Nations, \u00e0 partir de 11h30.<\/p>\n<p>Novi Sad manifeste contre un nouvel \u00e9pisode de violence<\/p>\n<p><strong>29 mars &#8211; 8h\u00a0:<\/strong> \u00c9tudiants et citoyens ont manifest\u00e9 vendredi soir, bloquant le centre de Novi Sad, en r\u00e9action \u00e0 un incident survenu la veille, au cours duquel un jeune homme a \u00e9t\u00e9 gri\u00e8vement bless\u00e9. En t\u00eate du cort\u00e8ge \u00e9tudiant qui s\u2019est dirig\u00e9 du campus vers le centre-ville se trouvaient des agriculteurs avec deux gros tracteurs. Les \u00e9tudiants avan\u00e7aient derri\u00e8re une grande banderole proclamant\u00a0: \u00ab\u00a0Qui ne saute pas est un \u0107aci\u00a0\u00bb. Ce serait \u00e0 cause de ce slogan devenu embl\u00e9matique que les \u00e9tudiants auraient \u00e9t\u00e9 agress\u00e9s jeudi soir.<\/p>\n<p>Alors que la police affirme enqu\u00eater sur ces \u00e9v\u00e9nements, les \u00e9tudiants d\u00e9noncent une violence \u00ab\u00a0organis\u00e9e\u00a0\u00bb.<\/p>\n<p>La ville de Pirot d\u00e9clare Aleksandar Vu\u010di\u0107 persona non grata<\/p>\n<p><strong>28 mars &#8211; 14h40\u00a0:<\/strong> Le zbor des citoyens de Pirot, dans le sud-est de la Serbie, a d\u00e9clar\u00e9 \u00e0 l\u2019unanimit\u00e9 le pr\u00e9sident de la R\u00e9publique, Aleksandar Vu\u010di\u0107, persona non grata sur le territoire de cette ville.<\/p>\n<p>\u00ab\u00a0La d\u00e9cision unanime de la deuxi\u00e8me Assembl\u00e9e citoyenne de Pirot, tenue le 24 mars 2025, est de d\u00e9clarer Aleksandar Vu\u010di\u0107 persona non grata sur le territoire de la ville de Pirot\u00a0\u00bb, indique la d\u00e9cision, rapport\u00e9e par le portail Pirot Plus online.<\/p>\n<p>Le Parti socialiste de Serbie r\u00e9affirme son soutien \u00e0 Vu\u010di\u0107<\/p>\n<p><strong>10h15\u00a0:<\/strong> La pr\u00e9sidence du Parti socialiste de Serbie (SPS) a d\u00e9cid\u00e9 \u00e0 l\u2019unanimit\u00e9 lors d\u2019une s\u00e9ance jeudi de poursuivre la coalition avec le Parti progressiste serbe (SNS) et le pr\u00e9sident Aleksandar Vu\u010di\u0107, et \u00e0 cette fin, de participer aux pourparlers sur la formation et l\u2019\u00e9lection d\u2019un nouveau gouvernement.<\/p>\n<p>Manifestation devant la BIA \u00e0 Novi Sad<\/p>\n<p><strong>27 mars &#8211; 19h15\u00a0:<\/strong> \u00c0 Novi Sad, des \u00e9tudiants, professeurs et citoyens ont organis\u00e9 cet apr\u00e8s-midi une marche de protestation, \u00ab\u00a0Laissez-nous vous demander quelque chose\u00a0\u00bb. Ils ont exprim\u00e9 leur inqui\u00e9tude face aux \u00e9coutes ill\u00e9gales par l\u2019Agence de s\u00e9curit\u00e9 et d\u2019information (BIA), ainsi qu\u2019aux arrestations s\u00e9lectives, tout en soulignant l\u2019impunit\u00e9 des responsables de la catastrophe de Novi Sad.<\/p>\n<p>Belgrade\u00a0: \u00e9tudiants et enseignants en gr\u00e8ve bloquent durant trois heures le pont de Branko<\/p>\n<p><strong>26 mars &#8211; 21h\u00a0:<\/strong> Enseignants du secondaire et \u00e9tudiants en gr\u00e8ve ont bloqu\u00e9 durant trois heures, mercredi apr\u00e8s-midi, le pont de Branko, qui relie le centre aux quartiers de Novi Beograd. Ils ont observ\u00e9 19 minutes de silence en hommages aux victimes <a href=\"https:\/\/www.courrierdesbalkans.fr\/Serbie-apres-les-massacres-comment-soigner-la-violence\" target=\"_blank\" rel=\"noopener\">des tueries de l\u2019\u00e9cole Ribnikar de Belgrade et de Mali Ora\u0161je pr\u00e8s de Mladenovac<\/a>, en mai 2023.<\/p>\n<p>La CEDH somme Belgrade de s\u2019expliquer sur l\u2019usage d\u2019armes soniques<\/p>\n<p><strong>25 mars &#8211; 18h\u00a0:<\/strong> La Cour europ\u00e9enne des droits de l\u2019homme (CEDH) a demand\u00e9 des explications \u00e0 la Serbie sur l\u2019utilisation \u00e9ventuelle d\u2019armes soniques lors de la manifestation \u00e0 Belgrade le 15 mars 2025, selon une d\u00e9claration d\u2019organisations de la soci\u00e9t\u00e9 civile. \u00ab\u00a0Notre \u00c9tat a jusqu\u2019au 31 mars prochain pour indiquer si des moyens ill\u00e9gaux ont \u00e9t\u00e9 utilis\u00e9s contre les manifestants, sur quelle base l\u00e9gale repose l\u2019utilisation pr\u00e9sum\u00e9e de telles armes et quelles sont les mesures de protection contre l\u2019usage arbitraire de tels moyens. La date limite pour soumettre la r\u00e9ponse de l\u2019\u00c9tat serbe est fix\u00e9e au lundi 31 mars 2025\u00a0\u00bb, pr\u00e9cise le communiqu\u00e9 des ONG.<\/p>\n<p>En Turquie, les manifestants soutiennent aussi les \u00e9tudiants serbes<\/p>\n<p><strong>25 mars &#8211; 13h\u00a0:<\/strong> En Turquie aussi, les \u00e9tudiants sont en premi\u00e8re ligne de la vague de contestations qui secoue le pays depuis l\u2019arrestation et la mise en d\u00e9tention provisoire du maire d\u2019Istanbul, Ekrem \u0130mamo\u011flu, principal opposant au pr\u00e9sident Erdo\u011fan. Lundi 24 mars, lors d\u2019un rassemblement de protestation, un \u00e9tudiant affichait une pancarte en soutien \u00e0 la Serbie.<\/p>\n<p>\u00ab\u00a0Prenons l\u2019exemple de la Serbie. Tout le peuple est descendu dans la rue. Je consid\u00e8re vraiment leur r\u00e9sistance comme un exemple, un id\u00e9al. Nous leur adressons nos salutations\u00a0\u00bb, a-t-il d\u00e9clar\u00e9.<\/p>\n<p>Belgrade\u00a0: \u00ab\u00a0Manifestation pour le General\u0161tab\u00a0\u00bb<\/p>\n<p><strong>7h30\u00a0:<\/strong> Des milliers de personnes ont pris part \u00e0 la \u00ab\u00a0manifestation pour le General\u0161tab\u00a0\u00bb, organis\u00e9 lundi 24 mars, jour du vingt-sixi\u00e8me anniversaire du d\u00e9but <a href=\"https:\/\/www.courrierdesbalkans.fr\/+-20-ans-bombardements-OTAN-+\" target=\"_blank\" rel=\"noopener\">des bombardements de l\u2019Otan, le 24 mars 1999<\/a>, qui d\u00e9truisirent ce b\u00e2timent, si\u00e8ge de l\u2019\u00e9tat-major de l\u2019Arm\u00e9e yougoslave.<\/p>\n<p>En effet, le gouvernement veut c\u00e9der ce complexe \u00e0 <a href=\"https:\/\/www.courrierdesbalkans.fr\/Serbie-le-projet-pharaonique-de-Jared-Kushner-sous-le-feu-des-critiques\" target=\"_blank\" rel=\"noopener\">Jared Kushner, le gendre de Donald Trump<\/a>, qui souhaite y \u00e9difier un h\u00f4tel de luxe. Les \u00e9tudiants ont d\u00e9pos\u00e9 une initiative aupr\u00e8s de la Cour constitutionnelle pour \u00e9valuer la constitutionnalit\u00e9 de la d\u00e9cision du gouvernement serbe de r\u00e9voquer le statut de bien culturel prot\u00e9g\u00e9 de ce b\u00e2timent.<\/p>\n<p>Des milliers d\u2019intellectuels et une Prix Nobel en soutien aux \u00e9tudiants<\/p>\n<p><strong>24 mars &#8211; 15h30\u00a0:<\/strong> La prix Nobel de litt\u00e9rature Annie Ernaux et pr\u00e8s de 3000 intellectuels ont sign\u00e9 une p\u00e9tition appelant \u00e0 soutenir les \u00e9tudiants serbes qui manifestent depuis plus de quatre mois contre la corruption \u00e0 travers tout le pays.<\/p>\n<p>Le mouvement, qui secoue la Serbie comme rarement depuis les ann\u00e9es 1990, est n\u00e9 apr\u00e8s l\u2019accident de la gare de Novi Sad le 1er novembre, qui a fait 15 morts lorsque l\u2019auvent en b\u00e9ton du b\u00e2timent tout juste r\u00e9nov\u00e9 s\u2019est effondr\u00e9. \u00ab\u00a0Un d\u00e9sastre qui illustre les cons\u00e9quences de la corruption syst\u00e9mique, de l\u2019\u00e9chec institutionnel et du manque de responsabilit\u00e9\u00a0\u00bb, \u00e9crivent les 2850 signataires, dont l\u2019\u00e9crivaine Annie Ernaux, l\u2019\u00e9conomiste Thomas Piketty, le sociologue Wolfgang Streeck ou encore l\u2019astrophysicien Santiago Gonzalez-Gaitan.<\/p>\n<p>Les demandes des \u00e9tudiants \u00ab\u00a0pour l\u2019\u00c9tat de droit et des institutions fonctionnelles sont non seulement justifi\u00e9es mais essentielles\u00a0\u00bb, ajoutent-ils.<\/p>\n<p>Samedi, des centaines de milliers de personnes ont manifest\u00e9 \u00e0 Belgrade &#8211; 107.000 selon la police, plus de 300.000 selon un organisme de comptage ind\u00e9pendant &#8211; soit la plus grande manifestation de l\u2019histoire serbe. Tr\u00e8s largement pacifique, elle a \u00e9t\u00e9 perturb\u00e9e par un mouvement de foule peu apr\u00e8s 19h00\u00a0: l\u2019opposition et des manifestants accusent la police d\u2019avoir eu recours \u00e0 un canon \u00e0 son, un dispositif militaire utilis\u00e9 pour disperser les foules, ou \u00e0 un autre engin similaire.<\/p>\n<p>\u00ab\u00a0Nous exprimons notre profonde pr\u00e9occupation concernant les incidents violents lors des manifestations dirig\u00e9es par des \u00e9tudiants \u00e0 Belgrade, o\u00f9 des manifestants pacifiques, y compris des \u00e9tudiants et des professeurs, ont \u00e9t\u00e9 expos\u00e9s \u00e0 des armes non l\u00e9tales, entra\u00eenant des blessures et une d\u00e9tresse s\u00e9v\u00e8re\u00a0\u00bb, \u00e9crivent les signataires de la p\u00e9tition, demandant \u00ab\u00a0une enqu\u00eate imm\u00e9diate et transparente\u00a0\u00bb.<\/p>\n<p>Caisse de solidarit\u00e9 pour les enseignants gr\u00e9vistes<\/p>\n<p><strong>23 mars &#8211; 17h45\u00a0:<\/strong> Le Syndicat Ind\u00e9pendant des enseignants de Serbie lance un appel \u00e0 l\u2019aide. En effet, le gouvernement a annul\u00e9 ou r\u00e9duit ill\u00e9galement les salaires des employ\u00e9s en gr\u00e8ve. En effet, la loi locale interdit aux travailleurs de l\u2019\u00e9ducation de faire gr\u00e8ve par cessation de travail. Pourtant, le Syndicat se r\u00e9f\u00e9rait \u00e0 la loi sur la s\u00e9curit\u00e9 et la sant\u00e9 au travail, qui permet aux employ\u00e9s de refuser de travailler si leur s\u00e9curit\u00e9 est menac\u00e9e.<\/p>\n<p>Aucune proc\u00e9dure n\u2019a \u00e9t\u00e9 engag\u00e9e contre les employ\u00e9s, mais les directeurs ont \u00e9t\u00e9 contraints de r\u00e9duire les salaires de mani\u00e8re autonome et selon leur bon vouloir, sans crit\u00e8res. Face \u00e0 ces pressions, le syndicat a d\u00e9pos\u00e9 des plaintes contre les conseillers en gestion financi\u00e8re des administrations scolaires qui, sur directive du minist\u00e8re, ont refus\u00e9 de verser les salaires complets.<\/p>\n<p>Le syndicat n\u2019a pas de fonds pour aider les enseignants gr\u00e9vistes. C\u2019est pourquoi des repr\u00e9sentants du secteur IT, ainsi que des fondations, se sont organis\u00e9s pour fournir une aide aux employ\u00e9s qui en ont besoin. Le Syndicat \u00e9tablira des listes de salari\u00e9s prioritaires.<\/p>\n<p><strong>Pour apporter votre soutien, m\u00eame d\u2019un montant minime, <a href=\"https:\/\/fondacijaalekkavcic.org\/doniraj\/\" class=\"spip_out\" rel=\"external noopener\" target=\"_blank\">allez sur ce lien s\u00e9curis\u00e9<\/a><\/strong>.<br class=\"autobr\"\/><br \/>\n(La contribution sugg\u00e9r\u00e9e est de 1000 RSD, soit environ 9 euros.)<\/p>\n<p>Tensions \u00e0 Leskovac\u00a0: Vu\u010di\u0107 n\u2019est pas le bienvenu<\/p>\n<p><strong>22 mars &#8211; 13h15\u00a0:<\/strong> Emp\u00each\u00e9 d\u2019aller \u00e0 Ni\u0161, Aleksandar Vu\u010di\u0107 s\u2019est finalement rendu ce matin \u00e0 Leskovac, o\u00f9 il a rencontr\u00e9 des citoyens dans le th\u00e9\u00e2tre. Des centaines de citoyens se sont rassembl\u00e9s devant le b\u00e2timent, prot\u00e9g\u00e9 par un double cordon de police et de gendarmerie, scandant \u00ab\u00a0va\u00a0t\u2019en\u00a0!\u00a0\u00bb et \u00ab\u00a0pumpaj\u00a0!\u00a0\u00bb<\/p>\n<p>L\u2019entr\u00e9e au th\u00e9\u00e2tre est interdite aux personnes n\u2019ayant pas re\u00e7u d\u2019invitation, et un enseignant qui aurait tent\u00e9 de forcer le cordon pour aller s\u2019adresser au pr\u00e9sident, a \u00e9t\u00e9 interpel\u00e9 par la police. Dans son discours, Aleksandar Vu\u010di\u0107 a menac\u00e9 de licencier les policiers et les procureurs qui ne parviendraient pas \u00e0 \u00ab\u00a0prot\u00e9ger l\u2019ordre\u00a0\u00bb.<\/p>\n<p>Tensions \u00e0 Ni\u0161\u00a0: le maire bombard\u00e9 d\u2019\u0153ufs, le SNS annule un rassemblement<\/p>\n<p><strong>22 mars &#8211; 10h\u00a0:<\/strong>  En raison de tensions entre les citoyens et le SNS, la r\u00e9union du parti \u00e0 la Maison des officiers \u00e0 Ni\u0161 a \u00e9t\u00e9 annul\u00e9e. La police a bloqu\u00e9 la rue et la foule a jet\u00e9 des \u0153ufs sur les policiers. L\u2019\u00e9tudiant Mateja Nikoli\u0107 a \u00e9t\u00e9 arr\u00eat\u00e9 hier soir apr\u00e8s avoir publi\u00e9 sur les r\u00e9seaux sociaux une vid\u00e9o montrant le maire de Ni\u0161 asperg\u00e9 d\u2019eau. Des dizaines des personnes se sont ensuite rassembl\u00e9es devant le commissariat \u00e0 l\u2019invitation des \u00e9tudiants pour r\u00e9clamer sa lib\u00e9ration.<\/p>\n<p>Des dizaines de personnes se trouvent actuellement devant le commissariat, rassembl\u00e9es \u00e0 l\u2019invitation des \u00e9tudiants qui r\u00e9clament sa lib\u00e9ration.<\/p>\n<p>Un seizi\u00e8me d\u00e9c\u00e8s apr\u00e8s la trag\u00e9die de Novi Sad<\/p>\n<p><strong>21 mars &#8211; 12h40\u00a0:<\/strong> Vuka\u0161in Crn\u010devi\u0107, gri\u00e8vement bless\u00e9 dans l\u2019effondrement de l\u2019auvent de la gare de Novi Sad, est d\u00e9c\u00e9d\u00e9 ce vendredi \u00e0 l\u2019Acad\u00e9mie de m\u00e9decine militaire de Belgrade, ont annonc\u00e9 les \u00e9tudiants de l\u2019\u00c9cole d\u2019\u00e9conomie Svetozar Mileti\u0107, qu\u2019il fr\u00e9quentait. Un drapeau noir en berne a \u00e9t\u00e9 plac\u00e9 devant l\u2019\u00e9cole.<\/p>\n<p>Vuka\u0161in Crn\u010devi\u0107 est la seizi\u00e8me victime de cette trag\u00e9die survenue le 1er novembre 2024.<\/p>\n<p>Plusieurs centaines de personnes assi\u00e8gent la mairie de Bogati\u0107 <\/p>\n<p><strong>10h50\u00a0:<\/strong> Le rendez-vous \u00e9tait fix\u00e9 \u00e0 9h pour un Zbor, une assembl\u00e9e populaire devant la mairie de Bogati\u0107, petit bourg agricole de 5000 \u00e2mes, au coeur de la r\u00e9gion de la Ma\u010dva, tandis que se tenait le Conseil municipal. La foule, qui grossit rapidement, exige la d\u00e9mission imm\u00e9diate du maire et du Conseil.<\/p>\n<p>Les \u00e9lus d\u2019opposition, 8 sur 31, ont pris position dans la salle d\u2019honneur de la mairie, et ont accroch\u00e9 \u00e0 la fa\u00e7ade la banderole \u00ab\u00a0La Ma\u010dva n\u2019est pas \u00e0 vendre\u00a0\u00bb des opposants \u00e0 l\u2019exploitation du lithium. Ils indiquent \u00e0 la foule que la r\u00e9union du Conseil se tient dans une autre pi\u00e8ce. La foule, toujours plus nombreuses, se d\u00e9place vers l\u2019autre entre du b\u00e2timent. Le face-\u00e0-face se poursuit.<\/p>\n<p>Marta Kos cr\u00e9e le scandale en r\u00e9affirmant le soutien de l\u2019UE \u00e0 Vu\u010di\u0107<\/p>\n<p><strong>20 mars &#8211; 7h30\u00a0:<\/strong> Le pr\u00e9sident serbe Aleksandar Vu\u010di\u0107 s\u2019est rendu \u00e0 Bruxelles, o\u00f9 il a rencontr\u00e9 la commissaire europ\u00e9enne \u00e0 l\u2019\u00e9largissement, Marta Kos. Apr\u00e8s la r\u00e9union, Vu\u010di\u0107 a d\u00e9clar\u00e9 que la Serbie restait d\u00e9termin\u00e9e \u00e0 renforcer la coop\u00e9ration et la stabilit\u00e9 dans la r\u00e9gion, tandis que Marta Kos a qualifi\u00e9 sur le r\u00e9seau social X la r\u00e9union de \u00ab\u00a0constructive\u00a0\u00bb.<\/p>\n<p>Ces d\u00e9clarations lunaires ont suscit\u00e9 une vague de protestation en Serbie, o\u00f9 les manifestants et la soci\u00e9t\u00e9 civile se sentent en g\u00e9n\u00e9ral abandonn\u00e9s par Bruxelles et o\u00f9 l\u2019image de l\u2019Union europ\u00e9enne ne cesse de se d\u00e9grader.<\/p>\n<p>Les r\u00e9actions ont \u00e9galement \u00e9t\u00e9 tr\u00e8s vives en Slov\u00e9nie. \u00ab\u00a0Marta, tu repr\u00e9sentes l\u2019UE. Les citoyens serbes attendent compr\u00e9hension et aide, pas des d\u00e9clarations insens\u00e9es. Ressaisis-toi\u00a0\u00bb, a \u00e9crit un internaute. D\u2019autres ont \u00e9t\u00e9 encore plus directs\u00a0: \u00ab\u00a0Vous avez rencontr\u00e9 une personne qui, il y a moins d\u2019une semaine, a tent\u00e9 de tuer en masse des citoyens pacifiques avec une arme sonique interdite, et c\u2019est tout ce que vous avez \u00e0 dire\u00a0?\u00a0\u00bb<\/p>\n<p>La police a d\u00e9j\u00e0 utilis\u00e9 une arme sonique contre des r\u00e9fugi\u00e9s en 2023<\/p>\n<p><strong>19 mars &#8211; 19h\u00a0:<\/strong> Le 7 novembre 2023, environ 35 r\u00e9fugi\u00e9s ont paniqu\u00e9 et tent\u00e9 de fuir un campement \u00e0 Sombor apr\u00e8s l\u2019arriv\u00e9e de la police. Un bruit strident, plus aigu qu\u2019un coup de feu, a \u00e9t\u00e9 entendu et, selon <a href=\"https:\/\/birn.rs\/srpska-policija-zvucno-oruzje-migranti-sombor\/\" class=\"spip_out\" rel=\"external noopener\" target=\"_blank\">des informations de Birn<\/a>, une arme sonique a \u00e9t\u00e9 utilis\u00e9e par les policiers. Des rapports indiquent que cette arme pourrait \u00eatre un dispositif LRAD (Long Range Acoustic Device), un type de canon \u00e0 son utilis\u00e9 pour produire un bruit intense afin de contr\u00f4ler les foules.<\/p>\n<p>Cet incident fait \u00e9cho \u00e0 des all\u00e9gations similaires concernant l\u2019utilisation d\u2019armes soniques par la police serbe pour effrayer les r\u00e9fugi\u00e9s lors d\u2019expulsions et faciliter leur capture. En novembre 2024, un rapport du Border Violence Monitoring Group a bri\u00e8vement confirm\u00e9 l\u2019utilisation d\u2019un dispositif sonore pendant ces expulsions, ce qui a attir\u00e9 l\u2019attention sur les violations des droits des r\u00e9fugi\u00e9s.<\/p>\n<p>Des armes soniques \u00e9taient bien d\u00e9ploy\u00e9es \u00e0 Belgrade le 15 mars<\/p>\n<p><strong>11h50\u00a0:<\/strong> La pr\u00e9sidente du SSP, Marinika Tepi\u0107, a partag\u00e9 une photo sur X montrant un appareil ressemblant \u00e0 un canon \u00e0 son LRAD 450XL de la soci\u00e9t\u00e9 Genasys, install\u00e9 sur une jeep de la gendarmerie pr\u00e8s de l\u2019Assembl\u00e9e nationale, lors de la manifestation le 15 mars.<\/p>\n<p>Marinika Tepi\u0107 a pr\u00e9cis\u00e9 que des armes soniques avaient \u00e9t\u00e9 plac\u00e9es dans plusieurs zones de la ville, notamment autour du Parlement, et qu\u2019elles \u00e9taient utilis\u00e9es pour disperser la foule. Des photos circulent actuellement sur les r\u00e9seaux sociaux montrant un v\u00e9hicule de la gendarmerie \u00e9quip\u00e9 d\u2019un canon \u00e0 son.<\/p>\n<blockquote class=\"twitter-tweet\" data-media-max-width=\"560\">\n<p lang=\"und\" dir=\"ltr\">MO\u017dDA IZ OVOG UGLA MALO\u00a0? <a href=\"https:\/\/t.co\/mfVf16MNbv\">pic.twitter.com\/mfVf16MNbv<\/a><\/p>\n<p>\u2014 Kristal Met Dejmon (@good_neighbor) <a href=\"https:\/\/twitter.com\/good_neighbor\/status\/1902287524665401810?ref_src=twsrc%5Etfw\" target=\"_blank\" rel=\"noopener\">March 19, 2025<\/a><\/p>\n<\/blockquote>\n<p>Un gendarme d\u00e9ploy\u00e9 lors de la manifestation a \u00e9galement r\u00e9v\u00e9l\u00e9 \u00e0 Danas que plusieurs canons \u00e0 son avaient \u00e9t\u00e9 d\u00e9ploy\u00e9s pendant l\u2019\u00e9v\u00e9nement. Il a indiqu\u00e9 que chaque d\u00e9tachement de gendarmerie dans des villes comme Belgrade, Novi Sad, Kraljevo et Ni\u0161, poss\u00e9dait deux de ces appareils, mais qu\u2019ils n\u2019avaient jusqu\u2019\u00e0 pr\u00e9sent jamais \u00e9t\u00e9 utilis\u00e9s.<\/p>\n<p>Rassemblement \u00e0 Belgrade en hommage aux victimes de Ko\u010dani<\/p>\n<p><strong>18 mars &#8211; 14h\u00a0:<\/strong> Des \u00e9tudiants et des citoyens de Belgrade se sont rassembl\u00e9s aujourd\u2019hui devant l\u2019ambassade de Mac\u00e9doine du Nord, rue Gospodar Jevremova, pour rendre hommage aux victimes de l\u2019incendie de la discoth\u00e8que de Ko\u010dani. Les personnes rassembl\u00e9es ont d\u00e9pos\u00e9 des fleurs et allum\u00e9 des bougies.<\/p>\n<p>Manifestation \u00e9tudiante et r\u00e9pression polici\u00e8re devant l\u2019H\u00f4tel de Ville de Novi Sad<\/p>\n<p><strong>10h\u00a0:<\/strong> Les \u00e9tudiants de l\u2019Universit\u00e9 de Novi Sad ont occup\u00e9 hier soir le b\u00e2timent de l\u2019H\u00f4tel de Ville pour emp\u00eacher la s\u00e9ance de l\u2019Assembl\u00e9e municipale de ce jour, qui doit adopter le budget de la ville. La police et la gendarmerie sont intervenues vers 2h20 du matin, \u00e9vacuant les \u00e9tudiants \u00e0 coups de matraques. Miran Poga\u010dar, conseiller municipal du GP Bravo, a \u00e9t\u00e9 arr\u00eat\u00e9, mais sa localisation reste inconnue.<\/p>\n<p>Les \u00e9tudiants protestent contre la tenue de la session en ce jour de deuil national pour la trag\u00e9die en Mac\u00e9doine du Nord, estimant que cela est inappropri\u00e9 et une tentative d\u2019emp\u00eacher leur expression de solidarit\u00e9. Ils d\u00e9noncent les man\u0153uvres du gouvernement pour organiser des s\u00e9ances \u00e0 des moments sensibles, comme ce jour de deuil, et accusent les autorit\u00e9s de vouloir discr\u00e9diter la protestation.<\/p>\n<p>La s\u00e9ance de l\u2019Assembl\u00e9e de Novi Sad a \u00e9t\u00e9 convoqu\u00e9e en urgence, violant les pratiques habituelles d\u2019information pr\u00e9alable. L\u2019ordre du jour initial de 59 points a finalement \u00e9t\u00e9 modifi\u00e9, atteignant plus de 160 points.<\/p>\n<p>Des appels circulent actuellement sur les r\u00e9seaux sociaux pour encourager les habitants de Novi Sad \u00e0 rejoindre les \u00e9tudiants.<\/p>\n<p>L\u2019UE exige une enqu\u00eate transparente sur l\u2019usage d\u2019un canon \u00e0 son contre les manifestants<\/p>\n<p><strong>17 mars &#8211; 17h30\u00a0:<\/strong> La Commission europ\u00e9enne a exprim\u00e9 des pr\u00e9occupations concernant l\u2019utilisation pr\u00e9sum\u00e9e d\u2019un canons \u00e0 son contre des manifestants pacifiques en Serbie. Elle a appel\u00e9 les autorit\u00e9s serbes \u00e0 mener une enqu\u00eate rapide, transparente et cr\u00e9dible sur ces all\u00e9gations. Guillaume Mercier, porte-parole de la Commission, a soulign\u00e9 que les autorit\u00e9s doivent prot\u00e9ger les manifestants contre la violence, conform\u00e9ment aux droits de l\u2019homme de l\u2019UE.<\/p>\n<p>La Commission europ\u00e9enne n\u2019a pas voulu sp\u00e9culer sur les cons\u00e9quences que la situation actuelle pourrait avoir sur le parcours europ\u00e9en de la Serbie, mais a ajout\u00e9 qu\u2019elle suivait de pr\u00e8s la situation, ainsi que \u00ab\u00a0les manifestations en Serbie, o\u00f9 les gens r\u00e9clamaient l\u2019\u00c9tat de droit et des institutions d\u00e9mocratiques fortes et responsables\u00a0\u00bb.<\/p>\n<p>La Commission a \u00e9galement confirm\u00e9 que le pr\u00e9sident Aleksandar Vu\u010di\u0107 se rendra \u00e0 Bruxelles la semaine prochaine pour une r\u00e9union avec Ursula von der Leyen.<\/p>\n<p>Arrestations \u00e0 Obrenovac apr\u00e8s des une manifestation contre des fonctionnaires locaux<\/p>\n<p><strong>16h\u00a0:<\/strong> Apr\u00e8s une manifestation devant la maire d\u2019Obrenovac ce matin, la police a arr\u00eat\u00e9 six personnes, suite \u00e0 des incidents impliquant des jets d\u2019\u0153ufs, des chants et des altercations physiques. Des fonctionnaires de la mairie s\u2019\u00e9taient pr\u00e9sent\u00e9s comme des \u00ab\u00a0\u00e9tudiants\u00a0\u00bb pro-r\u00e9gime dans le Parc des pionniers \u00e0 Belgrade en marge de la manifestation du 15 mars, suscitant l\u2019indignation des citoyens. Lundi matin, ils ont \u00e9t\u00e9 accueillis par des jets d\u2019\u0153ufs alors qu\u2019ils se rendaient \u00e0 leur travail. Cinq hommes et une femme \u00e2g\u00e9e ont \u00e9t\u00e9 arr\u00eat\u00e9s.<\/p>\n<p>Manifestation contre des refus de soins apr\u00e8s l\u2019utilisation d\u2019un canon \u00e0 son<\/p>\n<p><strong>15h50\u00a0:<\/strong> Les \u00e9tudiants de la Facult\u00e9 de m\u00e9decine de l\u2019Universit\u00e9 de Belgrade ont organis\u00e9 \u00e0 13h une manifestation \u00ab\u00a0Urgence face aux urgences\u00a0\u00bb devant le b\u00e2timent du Centre d\u2019urgences de Belgrade (UKCS), apr\u00e8s que de nombreux participants \u00e0 la manifestation du 15 mars ont signal\u00e9 des sympt\u00f4mes tels que naus\u00e9es, vomissements et maux de t\u00eate \u00e0 la suite de l\u2019utilisation d\u2019un canon \u00e0 son, une arme interdite en Serbie en vertu de l\u2019article 106 de la loi sur la police.<\/p>\n<p>Le Centre d\u2019urgences a d\u00e9menti ces informations, les qualifiant de \u00ab\u00a0propagation de la panique\u00a0\u00bb. Les manifestants d\u00e9noncent le refus d\u2019assistance m\u00e9dicale \u00e0 certains patients. Ils exigent que des informations sur ces patients soient rendues publiques et demandent des sanctions contre les professionnels de sant\u00e9 responsables de ces actes.<\/p>\n<p>\u00ab\u00a0Nous exigeons de la Chambre m\u00e9dicale de Serbie que chaque professionnel de sant\u00e9 qui a particip\u00e9 au ciblage des patients, au refus de soins de sant\u00e9 et \u00e0 l\u2019\u00e9tiquetage politique d\u2019individus, ce qui a directement viol\u00e9 le serment d\u2019Hippocrate, soit tenu responsable de ces actes\u00a0\u00bb, ont d\u00e9clar\u00e9 les \u00e9tudiants.<\/p>\n<p>Le camp des \u00e9tudiants pro-r\u00e9gime a \u00e9t\u00e9 \u00e9vacu\u00e9<\/p>\n<p><strong>16 mars &#8211; 14h\u00a0:<\/strong> Le camp des \u00ab\u00a0\u00e9tudiants qui veulent \u00e9tudier\u00a0\u00bb a \u00e9t\u00e9 \u00e9vacu\u00e9 dans la matin\u00e9e ce dimanche, au lendemain de la grande manifestation \u00ab\u00a015 pour 15\u00a0\u00bb. Des vid\u00e9os ont \u00e9t\u00e9 publi\u00e9es sur les r\u00e9seaux sociaux montrant des groupes de personnes quittant le campement et montant dans des bus. L\u2019agence de presse Beta a rapport\u00e9 de son c\u00f4t\u00e9 que les tentes sont toujours pr\u00e9sentes, mais que presque toutes sont vides et seuls de petits groupes de policiers patrouillent aux abords du Pionirski Park, situ\u00e9 entre la Pr\u00e9sidence et le Parlement.<\/p>\n<p>Quelques incidents mineurs ont eu lieu devant le Parlement aux alentours de 19h alors que la plupart des manifestants se trouvaient place Slavija. Peu apr\u00e8s, les \u00ab\u00a0\u00e9tudiants en blocage\u00a0\u00bb ont annonc\u00e9 la fin du rassemblement pour \u00e9viter tout d\u00e9bordement plus s\u00e9rieux.<\/p>\n<p>Plus de 275\u00a0000 personnes dans les rues de Belgrade samedi<\/p>\n<p><strong>16 mars &#8211; 9h\u00a0:<\/strong> Selon le d\u00e9compte de l\u2019ONG ind\u00e9pendante Arhiv javnih skupova (Archive des rassemblements pubics), entre 275 et 325 000 personnes ont manifest\u00e9 samedi 15 mars dans les rues de Belgrade pour le rassemblement \u00ab\u00a015 pour 15\u00a0\u00bb. Arhiv javnih skupova pr\u00e9cise toutefois qu\u2019\u00ab\u00a0en raison de la taille exceptionnelle, du caract\u00e8re dynamique et de la structure du rassemblement, ainsi que de la situation floue dans certaines parties de la ville, en particulier \u00e0 Novi Beograd, une \u00e9valuation plus pr\u00e9cise n\u2019est pas possible\u00a0\u00bb.<\/p>\n<p>Les minist\u00e8res de l\u2019Int\u00e9rieur et de la D\u00e9fense ont compt\u00e9 entre 88\u00a0000 et 107\u00a0000 manifestants on particip\u00e9 au rassemblement, un chiffre repris par l\u2019AFP dans sa d\u00e9p\u00eache de la fin de journ\u00e9e, ce qui a suscit\u00e9 des critiques.<\/p>\n<p>Dans son discours public, le pr\u00e9sident Aleksandar Vu\u010di\u0107 a d\u00e9clar\u00e9 que le gouvernement \u00ab\u00a0a compris le message\u00a0\u00bb apr\u00e8s la manifestation, tout en remarquant \u00ab\u00a0l\u2019\u00e9norme \u00e9nergie n\u00e9gative, la col\u00e8re et la rage envers les autorit\u00e9s\u00a0\u00bb.<\/p>\n<p>Si la manifestation s\u2019est d\u00e9roul\u00e9e dans une ambiance pacifique et bon enfant, un incident a toutefois \u00e9clat\u00e9 peu apr\u00e8s 19h devant le Parlement, durant les quinze minutes de silence, quand un tir au canon \u00e0 son a \u00e9clat\u00e9 dans le centre-ville, provoquant un mouvement de panique parmi la foule.<\/p>\n<p>La police a utilis\u00e9 un canon \u00e0 son<\/p>\n<p><strong>15 mars &#8211; 21h45\u00a0:<\/strong> La forte explosion qui a interrompu le silence de quinze minutes observ\u00e9 sur la place Slavija, provoquant la panique parmi les personnes rassembl\u00e9es est un \u00ab\u00a0canon \u00e0 son\u00a0\u00bb qui appartient au syst\u00e8me de s\u00e9curit\u00e9 serbe, a d\u00e9clar\u00e9 \u00e0 N1 Aleksandar Radi\u0107, analyste militaire. Il pr\u00e9cise qu\u2019il s\u2019agit d\u2019une arme am\u00e9ricaine non l\u00e9tale, agressive et sonique, destin\u00e9e \u00e0 neutraliser une cible.<\/p>\n<p>Les \u00e9tudiants annoncent la fin du rassemblement<\/p>\n<p><strong>15 mars &#8211; 20h15\u00a0:<\/strong> En raison des violences qui ont \u00e9clat\u00e9 devant le Parlement, les \u00e9tudiants ont annonc\u00e9 la fin du rassemblement. \u00ab\u00a0Ce soir, nous avons une fois de plus d\u00e9montr\u00e9 la puissance de l\u2019unit\u00e9. Les \u00e9tudiants ont appel\u00e9 \u00e0 une manifestation pacifique \u00e0 Belgrade, et vous avez r\u00e9pondu\u00a0: toute la Serbie s\u2019est rassembl\u00e9e dans notre ville. Tout d\u2019abord, merci pour cela.<\/p>\n<p>En tant que personnes responsables, nous avons redirig\u00e9 la foule de l\u2019Assembl\u00e9e vers Slavija, d\u00e9termin\u00e9s \u00e0 \u00e9viter toute forme de violence. Cependant, alors que nous pr\u00e9sentions nos respects en silence et envoyions un message clair, un groupe inconnu, rassembl\u00e9 au Parc des Pionniers, a provoqu\u00e9 la violence, en lan\u00e7ant des pierres, des bouteilles et des p\u00e9tards.<\/p>\n<p>Pour votre s\u00e9curit\u00e9 et celle de toutes les personnes pr\u00e9sentes, nous avons pris une d\u00e9cision responsable\u00a0: nous avons appel\u00e9 \u00e0 une fin pacifique du rassemblement\u00a0\u00bb, pr\u00e9cise leur communiqu\u00e9.<\/p>\n<p>La situation se tend devant le Parlement<\/p>\n<p><strong>15 mars &#8211; 19h30\u00a0:<\/strong> Des gaz lacrymog\u00e8nes ont \u00e9t\u00e9 lanc\u00e9s devant le Parlement alors que des hommes en cagoules noires ont tent\u00e9 de s\u2019introduiredans le camp du Pionirski Park, o\u00f9 se trouvent les soi-disants \u00ab\u00a0\u00e9tudiants qui veulent \u00e9tudier\u00a0\u00bb. Le cordon form\u00e9 le service d\u2019ordre a \u00e9t\u00e9 bris\u00e9 devant le Parlement et la zone devant le Parlement, qui avait \u00e9t\u00e9 vid\u00e9e, est d\u00e9sormais \u00e0 nouveau parcourue par des individus non identifi\u00e9s. Des bruits de p\u00e9tards r\u00e9sonnent dans la zone.<\/p>\n<p>Sur la place Slavija, la foule est toujours aussi compacte et \u00e9coute les discours qui se succ\u00e8dent \u00e0 la tribune dans le calme apr\u00e8s avoir observ\u00e9 15 minutes de silence de 19h \u00e0 19h15 en hommage aux victimes de l\u2019effondrement de la gare de Novi Sad.<\/p>\n<p>Discours sur la place Slavija\u00a0: \u00ab\u00a0C\u2019est avant l\u2019aube que la nuit est la plus sombre\u00a0\u00bb<\/p>\n<p><strong>15 mars &#8211; 18h20\u00a0:<\/strong> Peu apr\u00e8s 17h, des repr\u00e9sentants \u00e9tudiants &#8211; qui tenaient \u00e0 rester anonymes &#8211; ont pris la parole sur la place Slavija. \u00ab\u00a0Ch\u00e8re Serbie, nous sommes ici parce que nous avons trop souffert, mais nous l\u2019accepterons plus\u00a0\u00bb, a d\u00e9clar\u00e9 une \u00e9tudiante. \u00ab\u00a0Nous sommes ici parce que nous ne vous permettrons plus de nous priver de notre libert\u00e9, parce que nous nous prot\u00e9geons les uns les autres\u00a0; (&#8230;) Nous sommes ici parce que nous ne permettrons plus aux responsables d\u2019aucun parti d\u2019attaquer les \u00e9tudiants de mani\u00e8re organis\u00e9e, comme ils ont attaqu\u00e9 les \u00e9tudiants de la Facult\u00e9 des Arts Dramatiques\u00a0\u00bb, a-t-elle d\u00e9clar\u00e9.<\/p>\n<p>Une autre \u00e9tudiante a rappel\u00e9 les mobilisations des derniers mois, notamment les grands rassemblements Novi Sad, Belgrade, Ni\u0161 et Kragujevac, en rappelant que \u00ab\u00a0c\u2019est avant l\u2019aube que la nuit est la plus sombre\u00a0\u00bb.<\/p>\n<p>Quelques incidents sur la place du Parlement<\/p>\n<p><strong>15 mars &#8211; 18h15\u00a0:<\/strong> Des incidents ont \u00e9clat\u00e9 devant le Parlement, o\u00f9 des jeunes gens s\u2019en sont pris aux tracteurs amen\u00e9s par les partisans du r\u00e9gime, mais la gendarmerie, massivement d\u00e9ploy\u00e9e dans le Parc des pionniers, n\u2019est pas intervenue. Les acc\u00e8s \u00e0 la place sont interdits par le service d\u2019ordre, tandis que la foule encore pr\u00e9sente est pouss\u00e9e \u00e0 \u00e9vacuer.<\/p>\n<p>La place du Parlement inaccessible, la foule se dirige vers Slavija<\/p>\n<p> <a href=\"https:\/\/www.courrierdesbalkans.fr\/IMG\/jpg\/parlement-6.jpg\" class=\"spip_doc_lien mediabox\" type=\"image\/jpeg\" target=\"_blank\" rel=\"noopener\"><\/p>\n<p><img decoding=\"async\" src=\"https:\/\/www.europesays.com\/fr\/wp-content\/uploads\/2025\/04\/parlement-6.jpg\" width=\"770\" height=\"513\" alt=\"\" class=\"adapt-img\"   loading=\"lazy\" onload=\"this.parentNode.className+=' loaded'\"\/><\/a><\/p>\n<p><strong>La manifestation g\u00e9ante du 15 mars \u00e0 Belgrade passe devant le Parlement.<br \/>\n<\/strong><\/p>\n<p>\u00a9 Tara Mirkovi\u0107 | Courrier des Balkans\n<\/p>\n<p><strong>15 mars &#8211; 16h40\u00a0:<\/strong> La foule est tellement dense qu\u2019il est d\u00e9sormais impossible d\u2019acc\u00e9der au Parlement de Serbie. Les \u00e9tudiants appellent les gens \u00e0 se diriger vers la place Slavija o\u00f9 doivent lieu les prises de parole \u00e0 17h. Celles-ci seront retransmises sur \u00e9cran g\u00e9ant devant le Parlement ainsi que sur la mini-tribune install\u00e9e place du Man\u00e8ge. A 18h, une chorale doit se produire. Quinze minutes de silence sont ensuite pr\u00e9vues \u00e0 19h.<\/p>\n<p>Tandis que la foule continue d\u2019arriver de Novi Beograd, le pont de Branko est lui aussi inaccessible, mais des manifestants traversent la Save en barque. Alors que le b\u00e2timent du Parlement est prot\u00e9g\u00e9 par la Gendarmerie, les v\u00e9t\u00e9rans de la 63e Brigade parachutiste se sont d\u00e9ploy\u00e9s pour prot\u00e9ger les \u00e9tudiants.<\/p>\n<p>Des journalistes \u00e9trangers interdits d\u2019entr\u00e9e en Serbie<\/p>\n<p><strong>15 mars &#8211; 16h30\u00a0:<\/strong> L\u2019entr\u00e9e en Serbie a \u00e9t\u00e9 refus\u00e9e \u00e0 des journalistes croates et slov\u00e8nes, ce qu\u2019ont vivement condamn\u00e9 les associations de journalistes, notamment l\u2019ANEM, NUNS et UNS, mais aussi par le rapporteur du Parlement europ\u00e9en sur la Serbie, Tonino Picula.<\/p>\n<p>Une foule immense investit tout le centre de Belgrade<\/p>\n<p><strong>15 mars &#8211; 14h30\u00a0:<\/strong> C\u2019est une foule immense qui converge vers le centre de Belgrade dans une ambiance de liesse m\u00eame si le soleil a laiss\u00e9 place \u00e0 la pluie. Des informations circulent sur les r\u00e9seaux sociaux pour identifier les potentiels fauteurs qui se seraient infiltr\u00e9s dans les cort\u00e8ges. Des rumeurs disent aussi que des sacs de pierre seraient pr\u00e9par\u00e9s sur les toits pour attaquer les rassemblements et certains m\u00e9dias ont rep\u00e9r\u00e9 la pr\u00e9sence de canons \u00e0 eau pour disperser les manifestants.<\/p>\n<p>Le m\u00e9tropolite de Belgrade a adress\u00e9 un message de soutien aux \u00e9tudiants pour cette manifestation. Jusqu\u2019\u00e0 pr\u00e9sent, l\u2019\u00c9glise orthodoxe se faisait tr\u00e8s discr\u00e8te vis-\u00e0-vis du mouvement. La solidarit\u00e9 s\u2019organise aussi sur le terrain avec de nombreuses collations offertes par les riverains. La place devant le Parlement, o\u00f9 tous les cort\u00e8ges doivent se rassembler \u00e0 16h, commence \u00e0 se remplir.<\/p>\n<p> <a href=\"https:\/\/www.courrierdesbalkans.fr\/IMG\/jpg\/1__foule.jpg\" class=\"spip_doc_lien mediabox\" type=\"image\/jpeg\" target=\"_blank\" rel=\"noopener\"><\/p>\n<p><img decoding=\"async\" src=\"https:\/\/www.europesays.com\/fr\/wp-content\/uploads\/2025\/04\/1__foule.jpg\" width=\"770\" height=\"513\" alt=\"\" class=\"adapt-img\"   loading=\"lazy\" onload=\"this.parentNode.className+=' loaded'\"\/><\/a><\/p>\n<p><strong>Vue de Terazije, au fond l\u2019h\u00f4tel Moskva.<br \/>\n<\/strong><\/p>\n<p>\u00a9 Tara Mirkovi\u0107 | Courrier des Balkans\n<\/p>\n<p> <a href=\"https:\/\/www.courrierdesbalkans.fr\/IMG\/jpg\/carnaval.jpg\" class=\"spip_doc_lien mediabox\" type=\"image\/jpeg\" target=\"_blank\" rel=\"noopener\"><\/p>\n<p><img decoding=\"async\" src=\"https:\/\/www.europesays.com\/fr\/wp-content\/uploads\/2025\/04\/carnaval.jpg\" width=\"770\" height=\"513\" alt=\"\" class=\"adapt-img\"   loading=\"lazy\" onload=\"this.parentNode.className+=' loaded'\"\/><\/a><\/p>\n<p><strong>Une ambiance carnavalesque r\u00e8gne en ce d\u00e9but d\u2019apr\u00e8s midi.<br \/>\n<\/strong><\/p>\n<p>\u00a9 Tara Mirkovi\u0107 | Courrier des Balkans\n<\/p>\n<p> <a href=\"https:\/\/www.courrierdesbalkans.fr\/IMG\/jpg\/tracteurs.jpg\" class=\"spip_doc_lien mediabox\" type=\"image\/jpeg\" target=\"_blank\" rel=\"noopener\"><\/p>\n<p><img decoding=\"async\" src=\"https:\/\/www.europesays.com\/fr\/wp-content\/uploads\/2025\/04\/tracteurs.jpg\" width=\"770\" height=\"514\" alt=\"\" class=\"adapt-img\"   loading=\"lazy\" onload=\"this.parentNode.className+=' loaded'\"\/><\/a><\/p>\n<p> <a href=\"https:\/\/www.courrierdesbalkans.fr\/IMG\/jpg\/whatsapp_image_2025-03-15_at_14.05_34.jpg\" class=\"spip_doc_lien mediabox\" type=\"image\/jpeg\" target=\"_blank\" rel=\"noopener\"><\/p>\n<p><img decoding=\"async\" src=\"https:\/\/www.europesays.com\/fr\/wp-content\/uploads\/2025\/04\/whatsapp_image_2025-03-15_at_14.05_34.jpg\" width=\"770\" height=\"513\" alt=\"\" class=\"adapt-img\"   loading=\"lazy\" onload=\"this.parentNode.className+=' loaded'\"\/><\/a><\/p>\n<p><strong>Les pneus des tracteurs prot\u00e9geant le camp des \u00ab\u00a0\u00e9tudiants\u00a0\u00bb pro-r\u00e9gime ont \u00e9t\u00e9 d\u00e9gonfl\u00e9s.<br \/>\n<\/strong><\/p>\n<p>\u00a9 Philippe Bertinchamps | CdB\n<\/p>\n<p> <a href=\"https:\/\/www.courrierdesbalkans.fr\/IMG\/jpg\/3cd0848d-0c09-4818-baa1-fb3cb33ac263.jpg\" class=\"spip_doc_lien mediabox\" type=\"image\/jpeg\" target=\"_blank\" rel=\"noopener\"><\/p>\n<p><img decoding=\"async\" src=\"https:\/\/www.europesays.com\/fr\/wp-content\/uploads\/2025\/04\/3cd0848d-0c09-4818-baa1-fb3cb33ac263.jpg\" width=\"770\" height=\"513\" alt=\"\" class=\"adapt-img\"   loading=\"lazy\" onload=\"this.parentNode.className+=' loaded'\"\/><\/a><\/p>\n<p><strong>La place devant le Parlement, o\u00f9 doivent se retrouver tous les cort\u00e8ges \u00e0 16h, commence \u00e0 se remplir.<br \/>\n<\/strong><\/p>\n<p>\u00a9 Tara Mirkovi\u0107 | Courrier des Balkans\n<\/p>\n<p><strong>15 mars &#8211; 13h30\u00a0:<\/strong> Les tracteurs de Vo\u00efvodine, apr\u00e8s avoir fait \u00e9tape \u00e0 Novi Beograd sont arriv\u00e9s \u00e0 Terazije et se dirigent vers le Parlement, un des deux points de rassemblement fix\u00e9s \u00e0 16h, avec la place Slavija.<\/p>\n<p>Une voiture rentre dans la foule, trois bless\u00e9s<\/p>\n<p><strong>15 mars &#8211; 12h25\u00a0:<\/strong> Une voiture est rentr\u00e9e dans la foule dans le quartier belgradois de \u017darkovo. Trois personnes ont \u00e9t\u00e9 bless\u00e9s et le conducteur a \u00e9t\u00e9 arr\u00eat\u00e9.<\/p>\n<p>Les rassemblements commencent \u00e0 se former dans Belgrade<\/p>\n<p><strong>15 mars &#8211; 11h52\u00a0:<\/strong> Alors que le transport urbain est interrompu dans Belgrade, les citoyens commencent \u00e0 se rassembler. Les motards ont ainsi pris position devant le Parlement, tandis que des paysans de la r\u00e9gion de la Ma\u010dva (Serbie occidentale) ont gar\u00e9 leurs tracteurs sur la Place des \u00e9tudiants, devant la Facult\u00e9 de philosophie.<\/p>\n<p>Un cort\u00e8ge parti de Zemun a rejoint la mairie de Novi Beograd, o\u00f9 des milliers de personnes sont rassembl\u00e9es. Le rond-point central de Novi Beograd est totalement bloqu\u00e9. A 11h52, des cercles de silence se forment devant les facult\u00e9s, ainsi qu\u2019au rond-point d\u2019Autokomanda, bloqu\u00e9 depuis 11h30.<\/p>\n<p>Alors qu\u2019une forte pr\u00e9sence polici\u00e8re est visible dans le centre, des hommes cagoul\u00e9s, qui avaient pris position devant l\u2019h\u00f4tel Moskva vers 9h, ont rejoint le camp du Parc des pionniers, o\u00f9 se trouvent <a href=\"https:\/\/www.courrierdesbalkans.fr\/Serbie-pseudo-etudiants-et-veterans-de-guerre-au-secours-de-Vucic\" target=\"_blank\" rel=\"noopener\">les partisans d\u2019Aleksandar Vu\u010di\u0107<\/a>.<\/p>\n<p>Quatre cort\u00e8ges vont converger vers le Parlement de Serbie<\/p>\n<p><strong>15 mars &#8211; 9h45\u00a0:<\/strong> Le grand rassemblement est pr\u00e9vu aujourd\u2019hui \u00e0 16h sur la place du Parlement de Serbie vers laquelle convergeront quatre cort\u00e8ges\u00a0: depuis Autokomanda, la place de la R\u00e9publique, le boulevard du Roi Aleksandar et Novi Beograd. Les rassemblements sont fix\u00e9s pr\u00e8s de la mairie de Novi Beograd est fix\u00e9 \u00e0 10, \u00e0 Autokomanda \u00e0 11h30, \u00e0 13h au monument \u00e0 Vuk, boulevard du Roi Aleksandar et place de la R\u00e9publique.<\/p>\n<p>Les \u00e9tudiants des facult\u00e9s de Vo\u017edovac ont annonc\u00e9 qu\u2019ils bloqueront Autokomanda \u00e0 partir de 11h52, en observant quinze minutes de silence pour les personnes tu\u00e9es dans l\u2019effondrement de l\u2019auvent de la gare de Novi Sad le 1er novembre. Le blocus durera jusqu\u2019\u00e0 13h, puis le cort\u00e8ge se dirigera vers le Parlement.<\/p>\n<p>Les \u00e9tudiants de la Facult\u00e9 d\u2019agriculture ont annonc\u00e9 qu\u2019ils se rassembleraient \u00e0 deux endroits \u00e0 10h devant la Facult\u00e9 d\u2019agriculture, puis au rond-point de la mairie de Novi Beograd. Il est pr\u00e9vu d\u2019observer les quinze minutes de silence \u00e0 cet endroit puis de se diriger vers le Parlement \u00e0 partir de 14h30.<\/p>\n<p>Des dizaines de milliers de personnes accueillent les \u00e9tudiants \u00e0 Belgrade<\/p>\n<p><strong>15 mars &#8211; 0h45\u00a0:<\/strong> D\u00e8s le d\u00e9but de soir\u00e9e, des colonnes venues de toute la Serbie ont converg\u00e9 dans Belgrade. A U\u0161\u0107e, des cyclistes se m\u00ealaient \u00e0 la foule qui, depuis Novi Beograd, gagnait le centre de la ville. D\u00e8s 20h, le pont de Branko, qui traverse la Save, envahi par la foule, \u00e9tait ferm\u00e9 \u00e0 la circulation automobile.<\/p>\n<p>L\u2019accueil \u00ab\u00a0officiel\u00a0\u00bb des colonnes de marcheurs \u00e9taient pr\u00e9vu sur la place Terazije. Les premiers arriv\u00e9s furent les marcheurs venus de Ni\u0161, dans le sud, qui ont parcouru 150 km en cinq jours. Ensuite, sont arriv\u00e9s les cyclistes venus de Kragujevac, en Serbie centrale, puis les bikers, et enfin les marcheurs de Vr\u0161ac, Novi Sad, Kragujevac&#8230; Vers minuit, les colonnes venus de Valjevo et de \u0160abac, en Serbie occidentale, ont enfin pu fouler le tapis rouge d\u00e9ploy\u00e9 sur la chauss\u00e9e. Ils \u00e9taient suivis d\u2019une trentaine de tracteurs de la Vall\u00e9e du Jadar, o\u00f9 la population s\u2019oppose \u00e0 l\u2019exploitation du lithium.<\/p>\n<p>Brandissant des drapeaux de leurs communes, de leurs facult\u00e9s voire de leurs lyc\u00e9es, certains jeunes marcheurs boitaient, en cons\u00e9quence des kilom\u00e8tres parcours, beaucoup pleuraient d\u2019\u00e9motion tandis que la foule \u00e9norme mass\u00e9e sur les trottoirs les applaudissaient.<\/p>\n<p>Aucune pr\u00e9sence polici\u00e8re n\u2019\u00e9tait visible dans le centre de Belgrade, o\u00f9 r\u00e9gnait une ambiance de liesse, sauf autour du Parc des pionniers, <a href=\"https:\/\/www.courrierdesbalkans.fr\/Serbie-pseudo-etudiants-et-veterans-de-guerre-au-secours-de-Vucic\" target=\"_blank\" rel=\"noopener\">o\u00f9 campent toujours quelques partisans du r\u00e9gime d\u2019Aleksandar Vu\u010di\u0107<\/a>.<\/p>\n<p>Les \u00e9tudiants arrivent ce soir \u00e0 Belgrade, rassemblement central samedi \u00e0 16h<\/p>\n<p><strong>14 mars &#8211; 13h45\u00a0:<\/strong> Les colonnes d\u2019\u00e9tudiants qui marchent vers Belgrade depuis plusieurs jours sont toutes tr\u00e8s proches de la capitale. Leur accueil est pr\u00e9vu ce soir \u00e0 partir 19h \u00e0 Terazije\u00a0: d\u2019abord les cyclistes \u00e0 19h30, puis les diff\u00e9rents groupes de marcheurs entre 21h45 et 22h45.<\/p>\n<p>Samedi, des points de rendez-vous sont fix\u00e9s en plusieurs endroits de Belgrade en fin de matin\u00e9e, puis les cort\u00e8ges convergeront vers le Parlement, o\u00f9 le rassemblement central est pr\u00e9vu \u00e0 16h.<\/p>\n<p>Le trafic ferroviaire interrompu ce vendredi<\/p>\n<p><strong>14 mars &#8211; 10h45\u00a0:<\/strong> La compagnie Srbijavoz a mis \u00e0 l\u2019arr\u00eat ce vendredi toutes les liaisons interurbaines, expliquant avoir re\u00e7u \u00e0 1h39 un appel lui indiquant que des charges explosives auraient \u00e9t\u00e9 plac\u00e9es dans des trains. On ignore quand le trafic sera r\u00e9tabli.<\/p>\n<p>Des dizaines de tracteurs positionn\u00e9s dans le centre de Belgrade<\/p>\n<p><strong>14 mars &#8211; 9h46\u00a0:<\/strong> Un grand nombre de tracteurs sont stationn\u00e9s autour du parc des Pionniers, dans le centre de Belgrade, o\u00f9 les \u00ab\u00a0\u00c9tudiants 2.0\u00a0\u00bb campent depuis le 6 mars, exigeant la fin de la suspension des blocus \u00e9tudiants des facult\u00e9s.<\/p>\n<p>Plusieurs dizaines de tracteurs sont arriv\u00e9s dans la nuit du 13 au 14 mars. Certains sont gar\u00e9s sur le trottoir, d\u2019autres sur la chauss\u00e9e. Certains tracteurs ont des plaques d\u2019immatriculation Kikinda. Quelques jours plus t\u00f4t, des vid\u00e9os et des photos de camions transportant des tracteurs en provenance de diff\u00e9rentes r\u00e9gions de Serbie avaient \u00e9t\u00e9 partag\u00e9es sur les r\u00e9seaux sociaux. Une vid\u00e9o de Kragujevac montre un camion avec les armoiries de la ville de Belgrade sur la porte et sans plaques d\u2019immatriculation transportant plusieurs tracteurs.<\/p>\n<p>D\u00e9sob\u00e9issance dans les rangs de la police avant la manifestation du 15 mars<\/p>\n<p><strong>13 mars &#8211; 10h30\u00a0:<\/strong> Avant la manifestation pr\u00e9vue \u00e0 Belgrade le samedi 15 mars, des sources polici\u00e8res ont affirm\u00e9 \u00e0 Vreme que certains membres du service avaient annonc\u00e9 leur intention de ne pas travailler, avec des stations de radio qui ne fonctionneront pas.<\/p>\n<p>Selon un colonel de la police, certains membres sont r\u00e9ticents \u00e0 intervenir contre les manifestants, alors que leurs enfants participent aux manifestations. La police a d\u2019ailleurs g\u00e9n\u00e9ralement adopt\u00e9 une approche plus \u00ab\u00a0amicale\u00a0\u00bb lors des r\u00e9centes manifestations dans diff\u00e9rentes villes, se contentant de repousser les manifestants en leur disant\u00a0: \u00ab\u00a0Allez, reculez, ne nous mettez pas dans une situation embarrassante\u00a0\u00bb.<\/p>\n<p>Certains policiers pourraient donc ignorer les instructions du commandement central, alors que d\u2019autres demandent des jours de cong\u00e9.<\/p>\n<p>Des anciens b\u00e9rets rouges campent au Pionirski Park<\/p>\n<p><strong>11 mars &#8211; 13h20\u00a0:<\/strong> Des dizaines d\u2019hommes en uniformes militaires, dont des membres de la JSO, une unit\u00e9 d\u2019op\u00e9rations sp\u00e9ciales qui instaura un climat de terreur dans les ann\u00e9es 1990 et qui porte <a href=\"https:\/\/www.courrierdesbalkans.fr\/serbie-enfin-la-verite-sur-les-berets-rouges-et-le-meurtre-de-zoran-\u0110indic\" target=\"_blank\" rel=\"noopener\">la responsabilit\u00e9 de l\u2019assassinat du Premier ministre Zoran \u0110in\u0111i\u0107<\/a> en 2003, avant d\u2019\u00eatre finalement dissoute lors de l\u2019op\u00e9ration polici\u00e8re \u00ab\u00a0Sabre\u00a0\u00bb, se sont rendus \u00e0 Pionirski Park o\u00f9 ils ont install\u00e9 des tentes.<\/p>\n<p>Des images circulant sur les r\u00e9seaux sociaux montrent ces hommes, portant des b\u00e9rets rouges, dans le parc o\u00f9 campent des \u00ab\u00a0\u00e9tudiants\u00a0\u00bb pro-Vu\u010di\u0107, en face du palais pr\u00e9sidentiel. Selon les m\u00e9dias pro-gouvernementaux, ces v\u00e9t\u00e9rans sont venus soutenir les \u00e9tudiants \u00ab\u00a0qui veulent apprendre\u00a0\u00bb. Un incident a \u00e9clat\u00e9 lorsqu\u2019un homme en uniforme a menac\u00e9 de \u00ab\u00a0tabasser\u00a0\u00bb des citoyens qui se trouvent de l\u2019autre c\u00f4t\u00e9 des barri\u00e8res, avant de frapper l\u2019un d\u2019eux avec une canne.<\/p>\n<p>Les \u00e9tudiants occupent toujours la RTS et la T\u00e9l\u00e9vision de Vo\u00efvodine<\/p>\n<p><strong>8h\u00a0:<\/strong> Peu apr\u00e8s 23h, la tension est vivement mont\u00e9e autour du si\u00e8ge de la RTS \u00e0 Belgrade, les forces de l\u2019ordre ayant tent\u00e9 de charger les \u00e9tudiants. Comme le montre <a href=\"https:\/\/x.com\/tombomn\/status\/1899224684941439388\" class=\"spip_out\" rel=\"external\">une vid\u00e9o sur X<\/a>, la gendarmerie a battu la charge \u00e0 coups de matraques contre les \u00e9tudiants qui bloquent le si\u00e8ge de la RTS. Un policier en civil a \u00e9t\u00e9 bless\u00e9. Le pr\u00e9sident Vu\u010di\u0107 d\u00e9nonce \u00ab\u00a0la violence bolch\u00e9vique inou\u00efe des pl\u00e9nums\u00a0\u00bb.<\/p>\n<p>Le si\u00e8ge de la t\u00e9l\u00e9vision nationale RTS et de la Radiot\u00e9l\u00e9vision de Vo\u00efvodine restent bloqu\u00e9s, l\u2019action \u00e9tant cens\u00e9e durant 22h, soit jusqu\u2019\u00e0 21h ce soir. De tr\u00e8s nombreux citoyens sont venus apporter leur soutien aux \u00e9tudiants malgr\u00e9 les cordons de police. La circulation a \u00e9t\u00e9 r\u00e9tablie vers 4h du matin dans la rue Takovska, o\u00f9 se trouve le si\u00e8ge de la RTS, dont les programmes du matin ont \u00e9t\u00e9 normalement diffus\u00e9s.<\/p>\n<p>Les \u00e9tudiants bloquent le si\u00e8ge de la RTS<\/p>\n<p><strong>23h\u00a0:<\/strong> Ce lundi \u00e0 23, les \u00e9tudiants ont commenc\u00e9 \u00e0 bloquer toutes les entr\u00e9es du b\u00e2timent de la Radiot\u00e9l\u00e9vision de Serbie (RTS) jusqu\u2019\u00e0 \u00ab\u00a0la lib\u00e9ration du service public d\u2019information\u00a0\u00bb. Le blocage doit durer 22h. Les \u00e9tudiants pr\u00e9cisent que les employ\u00e9s de la RTS pourront quitter le b\u00e2timent mais que personne ne pourra y p\u00e9n\u00e9trer.<\/p>\n<p>Les \u00e9tudiants appellent les citoyens \u00e0 organiser partout leurs pl\u00e9nums<\/p>\n<p><strong>10 mars &#8211; 19h30\u00a0:<\/strong> Depuis leurs facult\u00e9s occup\u00e9es, les \u00e9tudiants ont lanc\u00e9 un appel aux citoyens pour qu\u2019ils s\u2019auto-organisent. \u00ab\u00a0Tous les citoyens, d\u00e9tenteurs irr\u00e9vocables de la souverainet\u00e9 en vertu de la Constitution, doivent \u00eatre inclus dans la discussion et la prise de d\u00e9cision sur la crise actuelle. Nous vous invitons donc \u00e0 vous tourner vers les gouvernements locaux et \u00e0 vous organiser de mani\u00e8re ind\u00e9pendante selon le mod\u00e8le de la d\u00e9mocratie directe \u2013 par l\u2019interm\u00e9diaire de l\u2019organe l\u00e9galement pr\u00e9vu de l\u2019assembl\u00e9e citoyenne. Ceux qui sont concern\u00e9s sont ceux qui posent les questions et qui d\u00e9cident \u2013 \u200b\u200bet c\u2019est nous tous\u00a0\u00bb, ont-ils publi\u00e9 sur les r\u00e9seaux sociaux dimanche soir.<\/p>\n<p>Les \u00e9tudiants appellent aussi les citoyens \u00e0 \u00ab\u00a0illuminer la Serbie\u00a0\u00bb en mettant partout des lumi\u00e8res ou des signes de soutien \u00e0 la mobilisation, sur leurs maisons, leurs v\u00e9hicules, dans les moindres villages.<\/p>\n<p>Nouvelle manifestation \u00e0 Gen\u00e8ve<\/p>\n<p><strong>10 mars &#8211; 18h\u00a0: <\/strong> Dimanche 9 mars, la Place des Nations \u00e0 Gen\u00e8ve a accueilli la troisi\u00e8me manifestation de soutien aux \u00e9tudiants en Serbie, qui se mobilisent depuis plusieurs mois pour un \u00c9tat de droit, une soci\u00e9t\u00e9 lib\u00e9r\u00e9e de la corruption et une \u00e9ducation fond\u00e9e sur le m\u00e9rite plut\u00f4t que sur l\u2019appartenance politique. Une centaine de citoyens d\u2019origine serbe, r\u00e9sidant \u00e0 Gen\u00e8ve, dans les villes environnantes ainsi que dans les r\u00e9gions frontali\u00e8res de France, ont r\u00e9pondu \u00e0 l\u2019appel. Le rassemblement a d\u00e9but\u00e9 \u00e0 15h30.<\/p>\n<p>Dans une courte prise de parole, les organisateurs ont rappel\u00e9 que nous nous sommes rassembl\u00e9s non seulement pour soutenir les \u00e9tudiants, mais aussi pour notre propre conscience. Car notre conscience et le besoin de participer activement, par tous les moyens possibles, \u00e0 cette lutte pour les droits et la justice nous imposent d\u2019agir. Sachant que notre apport n\u2019est qu\u2019une goutte dans l\u2019oc\u00e9an, nous savons aussi que chaque goutte compte pour que cet oc\u00e9an puisse exister.<\/p>\n<p>Lors du pl\u00e9num citoyen qui a suivi, les participants ont discut\u00e9 des prochaines actions de soutien aux \u00e9tudiants en Serbie, notamment une conf\u00e9rence en pr\u00e9paration \u00e0 l\u2019Universit\u00e9 de Gen\u00e8ve\u00a0; une ascension du Mont Blanc comme acte symbolique de solidarit\u00e9\u00a0; d\u2019autres initiatives visant \u00e0 maintenir la mobilisation.<\/p>\n<p>La prochaine manifestation aura lieu le dimanche 16 mars \u00e0 Gen\u00e8ve, dans le cadre d\u2019une action coordonn\u00e9e qui se tiendra simultan\u00e9ment dans 16 villes en Suisse et en Allemagne durant le week-end du 15\/16 mars. Les d\u00e9tails de l\u2019\u00e9v\u00e9nement \u00e0 Gen\u00e8ve seront annonc\u00e9s d\u00e8s l\u2019obtention des autorisations officielles.<\/p>\n<p>Plusieurs colonnes s\u2019\u00e9branlent pour rejoindre Belgrade le 15 mars<\/p>\n<p><strong>9 mars &#8211; 15h30\u00a0: <\/strong> Plusieurs colonnes se sont mises en branle pour rejoindre Belgrade, o\u00f9 un grand rassemblement national est convoqu\u00e9 le 15 mars. Ce sont les \u00e9tudiants de Ni\u0161, dans le sud, qui ont la plus longue route \u00e0 faire\u00a0: 500 d\u2019entre eux sont partis ce dimanche matin du monast\u00e8re de Manasija. Ils ont effectu\u00e9 un premier arr\u00eat dans la petite ville voisine de Despotovac, o\u00f9 ils ont \u00e9t\u00e9 accueillis par la population en liesse. Ils comptent six jours de marche pour rejoindre Belgrade.<\/p>\n<p>D\u2019autres colonnes sont parties ce dimanche en direction de la capitale, notamment depuis Subotica (Vo\u00efvodine) et Loznica (ouest)<\/p>\n<p>Nouvelles manifestations de soutien \u00e0 Ljubljana et \u00e0 Zagreb<\/p>\n<p><strong>9 mars &#8211; 14h\u00a0:<\/strong> De nouvelles manifestations de soutien aux \u00e9tudiants serbes ont eu lieu samedi en Slov\u00e9nie et en Croatie. Derri\u00e8re des banderoles proclamant, en serbe et en slov\u00e8ne, \u00ab\u00a0un seul monde, un seul combat\u00a0\u00bb, les manifestants de Ljubljana exigent des excuses du maire de la ville, Zoran Jankovi\u0107, qui affirme son soutien \u00e0 Aleksandar Vu\u010di\u0107.<\/p>\n<p>8 mars \u00e0 Belgrade\u00a0: \u00e9tudiants et travailleurs, \u00ab\u00a0\u00e9paule contre \u00e9paule\u00a0\u00bb<\/p>\n<p><strong>8 mars &#8211; 18h50\u00a0:<\/strong> Sous le slogan \u00ab\u00a0\u00c9paule contre \u00e9paule, \u00e9tudiants et travailleurs\u00a0\u00bb, un foule consid\u00e9rable s\u2019est rassembl\u00e9e ce 8 mars place de la R\u00e9publique \u00e0 Belgrade. \u00ab\u00a0Nous sommes conscients du soutien d\u00e9sint\u00e9ress\u00e9, de la solidarit\u00e9 et du sacrifice que vous, les travailleurs, faites pour soutenir les revendications des \u00e9tudiants. Nous appelons tous les travailleurs et les citoyens \u00e0 se tenir ensemble, courageusement et avec dignit\u00e9\u00a0\u00bb, ont d\u00e9clar\u00e9 les \u00e9tudiants qui bloquent la Facult\u00e9 de philosophie.<\/p>\n<p>Des ouvriers, des \u00e9tudiants et d\u2019autres citoyens sont venus en colonnes de plusieurs endroits de la ville, apr\u00e8s s\u2019\u00eatre r\u00e9unis dans les b\u00e2timents des institutions d\u2019\u00c9tat responsables de secteurs individuels\u00a0: les minist\u00e8res de la Sant\u00e9, de l\u2019\u00c9ducation, de la Science, de la Culture et de l\u2019Information, l\u2019\u00c9tat-major g\u00e9n\u00e9ral de l\u2019arm\u00e9e serbe et la Cour constitutionnelle. Un cort\u00e8ge s\u2019est ensuite dirig\u00e9 vers Novi Beograd.<\/p>\n<p>8 mars \u00e0 Novi Sad\u00a0: \u00ab\u00a0nous voulons des fleurs et la r\u00e9volution\u00a0\u00bb<\/p>\n<p><strong>8 mars &#8211; 16h30\u00a0:<\/strong> La mairie de Novi Sad a \u00e9t\u00e9 bombard\u00e9e d\u2019\u0153ufs lors d\u2019une manifestation organis\u00e9e dans cette ville le 8 mars, Journ\u00e9e internationale des femmes, en r\u00e9action \u00e0 une d\u00e9claration sexiste du vice-Premier ministre Aleksandar Vulin.<\/p>\n<p>Lors de la s\u00e9ance de l\u2019Assembl\u00e9e nationale du 4 mars, r\u00e9agissant \u00e0 l\u2019action d\u2019une partie de l\u2019opposition qui a lanc\u00e9 des \u0153ufs et des fumig\u00e8nes sur des repr\u00e9sentants du gouvernement, il a d\u00e9clar\u00e9 qu\u2019il \u00e9tait \u00ab\u00a0heureux\u00a0\u00bb qu\u2019il y ait encore \u00ab\u00a0dans l\u2019opposition des femmes qui sachent quoi faire avec des \u0153ufs\u221e\u00a0\u00bb.<\/p>\n<p>Une \u00e9tudiante s\u2019est adress\u00e9e \u00e0 la foule, d\u00e9clarant qu\u2019elle ne voulait pas vivre dans une soci\u00e9t\u00e9 de sexisme et de violence contre les femmes\u00a0: \u00ab\u00a0nous voulons que le f\u00e9minicide soit un d\u00e9lit p\u00e9nal distinct, nous voulons des fleurs et la r\u00e9volution.\u00a0\u00bb<\/p>\n<p>Gr\u00e8ve g\u00e9n\u00e9rale\u00a0: immenses cort\u00e8ges \u00e0 Belgrade et Novi Sad<\/p>\n<p><strong>7 mars &#8211; 18h50\u00a0:<\/strong> D\u2019immenses rassemblements et d\u00e9fil\u00e9s ont eu lieu ce vendredi dans toute la Serbie, notamment \u00e0 Belgrade et \u00e0 Novi Sad. Dans la capitale, la foule s\u2019est rassembl\u00e9e \u00e0 15h30 place Slavija, avant de traverser le centre. A 18h30, un nouveau rassemblement a commenc\u00e9 devant le si\u00e8ge de la RTS \u00e0 Belgrade. Des salari\u00e9s de la t\u00e9l\u00e9vision publique se sont adress\u00e9s aux manifestants.<\/p>\n<p>A Novi Sad, la manifestation, qui a d\u00e9but \u00e0 11h52, a rassembl\u00e9 des \u00e9tudiants, des lyc\u00e9ens, des enseignants, des travailleurs de la tech et des citoyens. De nombreuses banderoles appelaient \u00e0 l\u2019unit\u00e9 des travailleurs.<\/p>\n<p>D\u2019imposants cort\u00e8ges ont \u00e9galement d\u00e9fil\u00e9 \u00e0 Ni\u0161, Kragujevac, U\u017eice, Valjevo, Kraljevo, Subotica, Sombor, Pan\u010devo, etc.<\/p>\n<p>La Serbie en gr\u00e8ve g\u00e9n\u00e9rale ce vendredi<\/p>\n<p><strong>7 mars &#8211; 12h30\u00a0:<\/strong> La Serbie est en gr\u00e8ve g\u00e9n\u00e9rale ce vendredi. Les \u00e9tudiants ont appel\u00e9 \u00e0 un arr\u00eat de travail d\u2019une journ\u00e9e, et l\u2019action comprend un boycott des magasins, des restaurants et de toutes les activit\u00e9s de consommation, ainsi que des transports publics.<\/p>\n<p>Les \u00e9tudiants de Novi Sad ont organis\u00e9 \u00e0 une marche de protestation, et une marche est \u00e9galement annonc\u00e9e \u00e0 Belgrade.<\/p>\n<p>Nouvelle manifestation pour que le maire de Ljubljana revienne sur son soutien \u00e0 Vu\u010di\u0107<\/p>\n<p><strong>6 mars &#8211; 17h30\u00a0:<\/strong> Plusieurs centaines de personnes ont \u00e0 nouveau manifest\u00e9 mercredi 5 mars \u00e0 Ljubljana, exigeant que le mairie de la capitale slov\u00e8ne, Zoran Jankovi\u0107, revienne sur le soutien qu\u2019il avait apport\u00e9 \u00e0 Aleksandar Vu\u010di\u0107. Les manifestants se sont rassembl\u00e9s devant l\u2019ambassade de Serbie, pr\u00e8s de la gare centrale, puis ont bloqu\u00e9 deux intersections principales alors qu\u2019ils se dirigeaient vers l\u2019h\u00f4tel de ville.<\/p>\n<p>Devant l\u2019ambassade, des \u00e9tudiants de l\u2019Acad\u00e9mie de th\u00e9\u00e2tre, de radio, de cin\u00e9ma et de t\u00e9l\u00e9vision de Ljubljana ont exprim\u00e9 leur soutien aux manifestations \u00e9tudiantes en cours en Serbie, d\u00e9clench\u00e9es par l\u2019effondrement de la verri\u00e8re d\u2019une gare de Novi Sad qui a fait 15 morts le 1er novembre dernier.<\/p>\n<p>Heurts entre citoyens et policiers devant la mairie de Belgrade<\/p>\n<p><strong>6 mars &#8211; 14h30\u00a0:<\/strong> Les manifestants ont bombard\u00e9 d\u2019\u0153ufs et de peinture rouge le b\u00e2timent de la mairie de Belgrade, o\u00f9 se tenait une s\u00e9ance au cours de laquelle ont \u00e9t\u00e9 adopt\u00e9s des r\u00e9visions budg\u00e9taires pour les soci\u00e9t\u00e9s de services publics de la ville et des plans d\u00e9taill\u00e9s de r\u00e9glementation de l\u2019urbanisme pour la ville.<\/p>\n<p>Des heurts ont \u00e9clat\u00e9 entre la police et les manifestants. \u0110or\u0111e Miketi\u0107, de l\u2019initiative \u00ab\u00a0Most ostaje\u00a0\u00bb, a d\u00e9clar\u00e9 que la police avait arr\u00eat\u00e9 cinq militants de l\u2019initiative.<\/p>\n<p>Le ministre de l\u2019Int\u00e9rieur, Ivica Da\u010di\u0107, a d\u00e9clar\u00e9 que la police \u00e9tait arriv\u00e9e devant le b\u00e2timent du Parlement de Belgrade \u00ab\u00a0lorsqu\u2019elle a \u00e9t\u00e9 appel\u00e9e par les employ\u00e9s de cette institution pour maintenir l\u2019ordre public et la paix\u00a0\u00bb.<\/p>\n<p>Il a assur\u00e9 devan le Parlement \u00ab\u00a0la police n\u2019a[vait] pas maltrait\u00e9 les citoyens et ne les a[vait] pas identifi\u00e9s\u00a0\u00bb. \u00ab\u00a0Nous sommes venus en tant que policiers, \u00e0 l\u2019appel de l\u2019Assembl\u00e9e municipale pour maintenir l\u2019ordre public et la paix. Nous ne d\u00e9cidons pas qui entre dans le b\u00e2timent. Je suppose qu\u2019un conseiller municipal peut entrer, mais personne n\u2019est autoris\u00e9 \u00e0 apporter des objets dangereux dans le b\u00e2timent.\u00a0\u00bb<\/p>\n<p>Gr\u00e8ve g\u00e9n\u00e9rale le 7 mars, rassemblement \u00e0 Belgrade le 8 mars<\/p>\n<p><strong>6 mars &#8211; 7h50\u00a0:<\/strong> Vendredi, un appel \u00e0 la gr\u00e8ve g\u00e9n\u00e9rale a \u00e9t\u00e9 lanc\u00e9. Les citoyens sont appel\u00e9s \u00e0 ne pas aller travailler, mais aussi \u00e0 ne pas se rendre dans les caf\u00e9s ou les commerces, dont beaucoup, du reste, devraient \u00eatre ferm\u00e9es.<\/p>\n<p>Le lendemain, samedi 8 mars, les \u00e9tudiants de Belgrade appellent \u00e9tudiants et travailleurs \u00e0 se rassembler \u00e0 Belgrade. Dix points de rendez-vous fix\u00e9s \u00e0 17h, d\u2019o\u00f9 des colonnes partiront vers la Place de la R\u00e9publique, o\u00f9 les quinze minutes de silence seront observ\u00e9es \u00e0 18h30.<\/p>\n<p>Fumig\u00e8nes et bagarres au Parlement<\/p>\n<p><strong>4 mars &#8211; 12h30\u00a0:<\/strong> Tensions au Parlement. En soutien aux manifestations, l\u2019opposition a lanc\u00e9 des fus\u00e9es \u00e9clairantes et tir\u00e9 des gaz lacrymog\u00e8nes lors du premier jour de la session l\u00e9gislative de printemps \u00e0 Belgrade. Certains membres de l\u2019opposition ont m\u00eame quitt\u00e9 leur si\u00e8ge pour courir en direction du pr\u00e9sident du parlement donannt lieu \u00e0 des bagarres avec les agents de s\u00e9curit\u00e9. La sc\u00e8ne avec le Parlement enfum\u00e9 de rose et noir \u00e9tait retransmise en direct sur la cha\u00eene officielle de celui-ci.<\/p>\n<p>Les incidents se sont produits alors que la majorit\u00e9 au pouvoir a adopt\u00e9 un programme comprenant des dizaines de propositions l\u00e9gislatives. L\u2019opposition s\u2019est oppos\u00e9e \u00e0 tout d\u00e9bat lors de la session, hormis l\u2019examen de la d\u00e9mission du Premier ministre, pr\u00e9sent\u00e9e le 28 janvier dernier, mais toujours pas act\u00e9e.<\/p>\n<p>Un festival de cin\u00e9ma \u00e9tudiant \u00e0 la place du Fest de Belgrade<\/p>\n<p><strong>3 mars &#8211; 17h30\u00a0:<\/strong> Les \u00e9tudiants vont organiser un festival de cin\u00e9ma du 9 au 16 mars \u00e0 Belgrade, sous l\u2019intitul\u00e9 Blokadnifest, alors que le Festival de Belgrade, le Fest, est report\u00e9 \u00e0 l\u2019automne, du fait de la gr\u00e8ve des travailleurs de la culture. Le Festival \u00e9tudiant aura dans plusieurs facult\u00e9s occup\u00e9es ainsi qu\u2019au SKC \u00ab\u00a0lib\u00e9r\u00e9\u00a0\u00bb et occup\u00e9 par les \u00e9tudiants.<\/p>\n<p>Nouvelle manifestation de soutien \u00e0 Lausanne, la premi\u00e8re \u00e0 Marseille<\/p>\n<p><strong>2 mars &#8211; 18h50\u00a0:<\/strong> Samedi 1er mars, quelque 150 citoyens serbes lausannois se sont r\u00e9unis Place des Pionni\u00e8res pour soutenir le mouvement \u00e9tudiant en Serbie.<\/p>\n<p>Les manifestants d\u00e9noncent la corruption, expriment leur sentiment d\u2019injustice et estiment que les concessions politiques restent insuffisantes. Trois mois apr\u00e8s le d\u00e9but du mouvement, les mobilisations ne faiblissent pas en Serbie, notamment \u00e0 Ni\u0161, o\u00f9 les \u00e9tudiants ont proclam\u00e9 l\u2019\u00c9dit des \u00c9tudiants. Inspir\u00e9s par l\u2019\u00c9dit de Milan de l\u2019empereur Constantin, originaire de Ni\u0161, ils d\u00e9fendent les valeurs de libert\u00e9, justice, dignit\u00e9, solidarit\u00e9 et un \u00c9tat de droit. Leur message est clair\u00a0: les institutions de la Serbie doivent servir le peuple et non \u00eatre un instrument de pouvoir.<\/p>\n<p>\u00c0 Lausanne, les manifestants brandissaient des pancartes avec des slogans tels que \u00ab\u00a0Nous sommes partis \u00e0 cause d\u2019eux (les politiques), nous sommes avec vous (les \u00e9tudiants)\u00a0\u00bb\u00a0; ou encore\u00a0: \u00ab\u00a0Quand l\u2019injustice devient loi, la r\u00e9sistance est un devoir\u00a0\u00bb.<\/p>\n<p>\u00c0 Marseille, le collectif local 1152 a tenu son premier rassemblement sous l\u2019ombri\u00e8re du Vieux port ce dimanche matin 2 mars. Une vingtaine de personnes ont observ\u00e9 15 minutes de silence en hommage aux victimes de la gare de Novi Sad. Sur les pancartes en fran\u00e7ais et en serbe on pouvait lire leur volont\u00e9 de sensibiliser l\u2019opinion publique \u00e0 la r\u00e9volte qui secoue la Serbie.<\/p>\n<p>Quelques badauds et touristes se sont arr\u00eat\u00e9s, certains pour cliquer sur les QR codes dispos\u00e9s au sol, renvoyant vers des infos sur le mouvement. \u00ab\u00a0Ils se battent contre la corruption, c\u2019est un probl\u00e8me mondial, \u00e7a\u00a0!\u00a0\u00bb, glissait discr\u00e8tement une Marseillaise.<\/p>\n<p>Les \u00e9tudiants ont pr\u00e9sent\u00e9 leur \u00ab\u00a0\u00e9dit\u00a0\u00bb<\/p>\n<p> <strong>1er mars &#8211; 19h\u00a0:<\/strong> \u00c0 17h52, les \u00e9tudiants ont lu leur \u00ab\u00a0\u00e9dit\u00a0\u00bb \u00e0 la foule rassembl\u00e9e \u00e0 Ni\u0161. Ce texte stipule que \u00ab\u00a0la Serbie est un pays de gens libres\u00a0\u00bb et que \u00ab\u00a0les institutions de la Serbie doivent servir le peuple et \u00eatre le fondement de la confiance, et non un instrument de pouvoir individuel\u00a0\u00bb. Et appelle \u00e0 l\u2019ind\u00e9pendance des universit\u00e9s, de la justice et de la libert\u00e9 des m\u00e9dias, au respect des libert\u00e9s humaines et \u00e0 la valorisation du savoir.<\/p>\n<p>Alors que la nuit est tomb\u00e9e, le rassemblement se poursuit, toujours dans une ambiance bon enfant. Sur la sc\u00e8ne se succ\u00e8dent de nombreux intervenants, qui saluent la lib\u00e9ration de la parole qu\u2019a permis le mouvement men\u00e9 inlassablement par les \u00e9tudiants depuis quatre mois.<\/p>\n<p>De son c\u00f4t\u00e9, le pr\u00e9sident Vu\u010di\u0107 a voulu se rassurer en expliquant que la mobilisation \u00e9tait moindre qu\u2019\u00e0 Kragujevac lors de la f\u00eate nationale, voil\u00e0 15 jours.<\/p>\n<p>Des milliers de citoyens accueillent les \u00e9tudiants \u00e0 Ni\u0161<\/p>\n<p><strong>1er mars &#8211; 15h10\u00a0:<\/strong> \u00ab\u00a0Majamo se po Ni\u0161u\u00a0\u00bb (baladons nous \u00e0 Ni\u0161). Bonne humeur et \u00e9nergie explosive \u00e0 Ni\u0161, o\u00f9 des milliers de personnes d\u00e9filent en continu dans le centre ville. L\u2019organisation des \u00e9tudiants est exemplaire comme \u00e0 son habitude, la discipline des manifestants au rendez-vous. Partout, des stands de nourriture et des drapeaux serbes, des coeurs gonfl\u00e9s \u00e0 l\u2019h\u00e9lium avec le slogan \u201cpumpaj\u201d survolent la foule, qui attend la d\u00e9claration de l\u2019\u00e9dit \u00e9tudiant\u00a0\u00e0\u00a017h52.<\/p>\n<p><strong>1er mars &#8211; 13h10\u00a0:<\/strong> Quinze minutes de silence ont \u00e9t\u00e9 observ\u00e9e \u00e0 11h52 place Kralja Milana par les nombreux \u00e9tudiants et citoyens pr\u00e9sents. Un hommage rendu aux quinze victimes de l\u2019effrondrement du auvent de la gare de Novi Sad le 1er novembre 2024, drame d\u00e9clencheur de la mobilisation. La 63e brigade de parachutistes a \u00e9galement particip\u00e9 \u00e0 cet hommage.<\/p>\n<p><strong>1er mars &#8211; 9h50\u00a0:<\/strong> Avec des ovations et des applaudissements, des milliers de citoyens ont accueilli dans le centre de Ni\u0161 les \u00e9tudiants arriv\u00e9s \u00e0 pied dans la grande ville du sud de la Serbie pour participer \u00e0 la manifestation \u00ab\u00a0\u00c9dit \u00e9tudiant\u00a0\u00bb du 1er mars. Acclam\u00e9s par des files de citoyens qui les ont embrass\u00e9s et salu\u00e9s, les \u00e9tudiants sont arriv\u00e9s sur la place du Th\u00e9\u00e2tre national, o\u00f9 ils ont \u00e9t\u00e9 accueillis par des c\u00e9l\u00e9brations, un tapis rouge et des feux d\u2019artifice.<\/p>\n<p>Le rassemblement a commenc\u00e9 ce matin \u00e0 9h et doit durer jusqu\u2019\u00e0 3 heures du matin. Dans les rues de Ni\u0161, des cuisines improvis\u00e9es servent le petit-d\u00e9jeuner, tandis qu\u2019un immense cercle de silence sera organis\u00e9 \u00e0 11h52 place Kralja Milana.<\/p>\n<p>Alors que le ramadan vient de commencer, les \u00e9tudiants de Ni\u0161 ont pr\u00e9vu des salles de pri\u00e8re (mesd\u017eid)pour leurs nombreux coll\u00e8gues de confession musulmane venus de Novi Pazar.<\/p>\n<p>Hommage des \u00e9tudiants serbes aux victimes de la catastrophe de Tempe en Gr\u00e8ce<\/p>\n<p><strong>1er mars &#8211; 0h30\u00a0:<\/strong> Ce vendredi 28 f\u00e9vrier, les \u00e9tudiants de Belgrade ont \u00e9galement honor\u00e9 la m\u00e9moire des 57 victimes de la trag\u00e9die de Tempe. Des \u00e9tudiants serbes ont d\u00e9fil\u00e9 de la Facult\u00e9 de philosophie jusqu\u2019\u00e0 l\u2019ambassade de Gr\u00e8ce.<\/p>\n<p>En t\u00eate de la marche se trouvait une grande banderole sur laquelle on pouvait lire\u00a0: \u00ab\u00a0Votre lutte est aussi notre lutte\u00a0!\u00a0\u00bb Les \u00e9tudiants brandissaient des drapeaux grecs et serbes ainsi que des pancartes portant des slogans contre la corruption et en faveur de la justice. Seize minutes de silence ont \u00e9t\u00e9 observ\u00e9 esen m\u00e9moire des 57 victimes de Tempe et des quinze morts de l\u2019effondrement de l\u2019auvent de la gare de Novi Sad le 1er novembre 2024.<\/p>\n<p>Les \u00e9tudiants de toute la Serbie convergent ce soir \u00e0 Ni\u0161<\/p>\n<p><strong>10h30\u00a0:<\/strong> Les \u00e9tudiants de toute la Serbie, qui viennent \u00e0 pied, en courant ou en v\u00e9lo pour la manifestation de 18 heures demain \u00e0 Ni\u0161, arriveront dans la ville ce soir, o\u00f9 leurs coll\u00e8gues leur r\u00e9serveront une c\u00e9r\u00e9monie de bienvenue devant le Th\u00e9\u00e2tre national de Ni\u0161 \u00e0 20 heures.<\/p>\n<p>Les \u00e9tudiants de Kragujevac, qui ont pass\u00e9 la nuit \u00e0 Aleksinac, passeront par \u017ditkovac, Te\u0161ice et Gornja Toponica pour ce quatri\u00e8me jour de la marche, et ils seront rejoints sur cet itin\u00e9raire par des \u00e9tudiants et des dipl\u00f4m\u00e9s du secondaire de \u010ca\u010dak et Kru\u0161evac.<\/p>\n<p>Les \u00e9tudiants de Novi Sad, Belgrade, Bor, Subotica et Kikinda, partis \u00e0 pied de Bor mardi, passent par Svrljig, Dole Zunicje, Vrelo et Mal\u010da lors du dernier jour de la marche de protestation \u00ab\u00a0Embrassons le Nord et le Sud\u00a0\u00bb.<\/p>\n<p>Les \u00e9tudiants de Novi Pazar et leurs coll\u00e8gues qui les ont rejoints lors de la manifestation et du blocage d\u2019hier \u00ab\u00a0D\u00e9p\u00eachez-vous vers Pazar\u00a0\u00bb se dirigent \u00e9galement vers Ni\u0161 pour participer \u00e0 la manifestation, et les \u00e9tudiants de Pirot arrivent \u00e9galement, en partant de Bela Palanka avec des marcheurs de cette ville, de Dimitrovgrad et de Babu\u0161nica.<\/p>\n<p>Les \u00e9tudiants de Bujanovac, Vranje et Surdulica se rassemblent devant la Facult\u00e9 de technologie de Leskovac ce cinqui\u00e8me jour de la marche et suivent un itin\u00e9raire de 45 kilom\u00e8tres \u00e0 travers \u017dikovo, Pe\u010denjevci, Brestovac, Ko\u010dane, Doljevac et Malo\u0161i\u0161te.<\/p>\n<p>Les \u00e9tudiants de Blace, partis hier, apr\u00e8s avoir pass\u00e9 la nuit \u00e0 Prokuplje, continuent leur marche vers Mero\u0161ina et Mramor.<\/p>\n<p>RSF appelle l\u2019UE \u00e0 condamner la descente de police de 28h dans les locaux du CRTA<\/p>\n<p><strong>28 f\u00e9vrier &#8211; 10h20\u00a0:<\/strong> Encourag\u00e9 par la rh\u00e9torique toxique de Donald Trump et le gel de l\u2019aide \u00e9trang\u00e8re am\u00e9ricaine, le gouvernement serbe exerce sur les m\u00e9dias une pression in\u00e9dite depuis les ann\u00e9es 1990. Reporters sans fronti\u00e8res (RSF) exhorte les institutions de l\u2019Union europ\u00e9enne (UE) \u2013 que la Serbie souhaite rejoindre \u2013 \u00e0 condamner fermement le ciblage d\u00e9lib\u00e9r\u00e9 et la criminalisation d\u2019une organisation qui fournit aux citoyens serbes des informations fiables.<\/p>\n<p>Une perquisition de 28 heures a boulevers\u00e9 les bureaux du Centre pour la recherche, la transparence et la responsabilit\u00e9 (CRTA), l\u2019ONG \u00e0 l\u2019origine du site de fact-checking <a href=\"https:\/\/www.istinomer.rs\" class=\"spip_out\" rel=\"external noopener\" target=\"_blank\">Istinomer.rs<\/a>. Cette op\u00e9ration de police, men\u00e9e les 25 et 26 f\u00e9vrier, visait au total quatre ONG \u00e0 la demande du D\u00e9partement sp\u00e9cial anti-corruption du parquet sup\u00e9rieur de Belgrade. Le procureur a justifi\u00e9 cette perquisition par des accusations formul\u00e9es par des membres du gouvernement am\u00e9ricain selon lesquelles certains b\u00e9n\u00e9ficiaires de l\u2019Agence des \u00c9tats-Unis pour le d\u00e9veloppement international (USAID) auraient \u00ab\u00a0d\u00e9tourn\u00e9 des fonds\u00a0\u00bb et \u00ab\u00a0blanchi de l\u2019argent\u00a0\u00bb.<\/p>\n<p>Bien que les activit\u00e9s du CRTA, dont l\u2019\u00e9dition d\u2019Istinomer.rs, aient \u00e9t\u00e9 soutenues par l\u2019USAID \u2013 suspendue par Donald Trump fin janvier \u2013 la descente de la police serbe repose sur des accusations infond\u00e9es et des bases juridiques fragiles. Les forces de l\u2019ordre l\u2019ont justifi\u00e9e par le Code de proc\u00e9dure p\u00e9nale, qui leur permet d\u2019identifier les auteurs d\u2019un crime, d\u2019emp\u00eacher leur fuite ou la poursuite de leurs activit\u00e9s, et de saisir les preuves. Pourtant, la police a perquisitionn\u00e9 les locaux d\u2019un m\u00e9dia certifi\u00e9 par la Journalism Trust Initiative (JTI) \u2013 une norme journalistique mondiale d\u00e9velopp\u00e9e par RSF \u2013 sans contr\u00f4le judiciaire ind\u00e9pendant ni garantie de la protection des sources journalistiques.<\/p>\n<p>Cette descente de police rappelle les techniques utilis\u00e9es pour intimider et discr\u00e9diter les journalistes sous l\u2019\u00e8re du dictateur yougoslave Slobodan Milo\u0161evi\u0107. Encourag\u00e9 par la rh\u00e9torique toxique de Donald Trump et le gel de l\u2019aide \u00e9trang\u00e8re (USAID), le niveau de pression exerc\u00e9 par le gouvernement serbe sur les m\u00e9dias atteint des sommets in\u00e9dits depuis les ann\u00e9es 1990. Nous appelons l\u2019Union europ\u00e9enne \u2013 que la Serbie souhaite rejoindre \u2013 \u00e0 condamner fermement cette tentative de criminalisation et de discr\u00e9ditation d\u2019une organisation qui fournit aux citoyens serbes des informations fiables.<\/p>\n<p>La descente visant les locaux du CRTA \u2013 dont les fact-checkeurs et experts critiquent souvent le gouvernement serbe et sont r\u00e9guli\u00e8rement cit\u00e9s dans le d\u00e9bat public \u2013 \u00e9tait une man\u0153uvre politique. Le 16 f\u00e9vrier, le pr\u00e9sident serbe Aleksandar Vu\u010di\u0107 a exprim\u00e9 la n\u00e9cessit\u00e9 de \u00ab\u00a0poursuivre\u00a0\u00bb les \u00ab\u00a0crimes\u00a0\u00bb pr\u00e9tendument commis par des ONG serbes. Une semaine plus tard, la pr\u00e9sidente du Parlement Ana Brnabi\u0107 a d\u00e9clar\u00e9 que \u00ab\u00a0CRTA fait partie des organisations faisant l\u2019objet d\u2019une enqu\u00eate pour avoir re\u00e7u de l\u2019argent de l\u2019USAID\u00a0\u00bb. La descente de police qui a suivi a \u00e9t\u00e9 relay\u00e9e par plusieurs m\u00e9dias pro-gouvernementaux 30 minutes avant son d\u00e9but, et leur couverture s\u2019est poursuivie tout au long de l\u2019op\u00e9ration.<\/p>\n<p>Le r\u00e9gime serbe a intensifi\u00e9 ses attaques politiques contre les m\u00e9dias ind\u00e9pendants, souvent suivies d\u2019actes de violence contre les journalistes. Quelques jours avant la descente de police, le si\u00e8ge de l\u2019Association des journalistes ind\u00e9pendants de Vo\u00efvodine a \u00e9t\u00e9 cambriol\u00e9, et des menaces de mort ont \u00e9t\u00e9 prof\u00e9r\u00e9es contre sa pr\u00e9sidente Ana Lali\u0107 ainsi que d\u2019autres journalistes. De surcro\u00eet, les associations de journalistes serbes se sont retir\u00e9es du Groupe de travail permanent pour la s\u00e9curit\u00e9 des journalistes, un organe consultatif gouvernemental.<\/p>\n<p>Les \u00e9tudiants de Belgrade, Novi Sad, Kragujevac et Ni\u0161 se retrouvent \u00e0 Novi Pazar<\/p>\n<p><strong>27 f\u00e9vrier &#8211; 9h\u00a0:<\/strong> Les \u00e9tudiants de l\u2019Universit\u00e9 publique de Novi Pazar, ainsi que ceux venus de Belgrade, Novi Sad, Kragujevac et Ni\u0161, ont rejoint une grande manifestation \u00e0 Novi Pazar, o\u00f9 ils ont d\u00e9fil\u00e9 ensemble avec les habitants, portant des drapeaux de leurs universit\u00e9s et de la r\u00e9gion. Ils se rendront ensuite \u00e0 Ni\u0161 pour la grande manifestation du 1er mars.<\/p>\n<p>Les \u00e9tudiants de l\u2019Universit\u00e9 publique de Novi Pazar, ville \u00e0 majorit\u00e9 bosniaque du sud de la Serbie, sont entr\u00e9s un peu plus tard que leurs coll\u00e8gues du reste du pays dans le mouvement, mais ils se retrouvent pour la premi\u00e8re fois \u00e0 la pointe de la mobilisation en Serbie.<\/p>\n<p>Descente de police dans plusieurs ONG \u00e0 Belgrade<\/p>\n<p><strong>25 f\u00e9vrier &#8211; 11h\u00a0:<\/strong> Le D\u00e9partement sp\u00e9cial de lutte contre la corruption du Parquet sup\u00e9rieur de Belgrade a ordonn\u00e9 des contr\u00f4les dans plusieurs ONG, soup\u00e7onn\u00e9es de d\u00e9tourner des fonds de l\u2019USAID, \u00e0 la suite des d\u00e9clarations du directeur du FBI. La police a perquisitionn\u00e9 les bureaux de plusieurs organisations, dont Trag, CRTA, Civic Initiatives et le Centre de politique pratique.<\/p>\n<p>\u00ab\u00a0Une d\u00e9monstration brutale de force et de pression sur la soci\u00e9t\u00e9 civile en Serbie.\u00a0\u00bb Maja Stojanovi\u0107, directrice de Civic Initiatives, a d\u00e9nonc\u00e9 un abus de pouvoir et une pression sur la soci\u00e9t\u00e9 civile, pr\u00e9cisant que la police \u00e9tait intervenue sans pr\u00e9senter de mandat. Elle a accus\u00e9 les autorit\u00e9s de vouloir criminaliser les organisations dissidentes, soulignant que les institutions agissaient sur des ordres politiques et non selon la loi, et a critiqu\u00e9 la propagande des m\u00e9dias proches du r\u00e9gime. Elle a affirm\u00e9 que Civic Initiatives continuerait son travail et a appel\u00e9 la communaut\u00e9 internationale \u00e0 r\u00e9agir.<\/p>\n<p>Affrontements entre la police et des manifestants \u00e0 Zaje\u010dar<\/p>\n<p><strong>10h30\u00a0:<\/strong> Les habitants de Zaje\u010dar ont tent\u00e9 de bloquer le travail de l\u2019Assembl\u00e9e municipale et d\u2019entrer dans le b\u00e2timent, mais un fort dispositif policier a emp\u00each\u00e9 leur acc\u00e8s. Une confrontation physique a \u00e9clat\u00e9, et des gaz lacrymog\u00e8nes ont \u00e9t\u00e9 utilis\u00e9s. La s\u00e9ance a \u00e9t\u00e9 report\u00e9e faute de quorum. Le conseiller Dejan Krsti\u0107 a expliqu\u00e9 que la s\u00e9ance serait reprogramm\u00e9e au 5 mars, avec le m\u00eame ordre du jour.<\/p>\n<p>Les manifestants ont exprim\u00e9 leur m\u00e9contentement envers des d\u00e9cisions qu\u2019ils jugent nuisibles pour la ville. Apr\u00e8s l\u2019incident, des affrontements verbaux ont \u00e9clat\u00e9 entre les citoyens et la s\u00e9curit\u00e9 priv\u00e9e du maire. Des \u0153ufs et de la peinture ont \u00e9t\u00e9 jet\u00e9s sur le b\u00e2timent, et la police a expuls\u00e9 les manifestants. Selon les t\u00e9moins, il y aurait des bless\u00e9s.<\/p>\n<p>Les \u00e9tudiants de Novi Sad appellent \u00e0 la gr\u00e8ve g\u00e9n\u00e9rale le 7 mars<\/p>\n<p><strong>9h30\u00a0:<\/strong> Les \u00e9tudiants qui occupent les facult\u00e9s de Novi Sad ont appel\u00e9 \u00e0 une nouvelle gr\u00e8ve g\u00e9n\u00e9rale le 7 mars.<\/p>\n<p>Ils invitent les citoyens \u00e0 prendre une journ\u00e9e de cong\u00e9 ou un cong\u00e9 maladie, \u00e0 cesser de travailler avec leurs coll\u00e8gues, \u00e0 ne pas faire de courses, \u00e0 \u00e9viter les services de restauration, les transports en commun, ainsi qu\u2019\u00e0 ne pas se rendre au cin\u00e9ma ou au th\u00e9\u00e2tre ce jour-l\u00e0, selon le site 021.rs.<\/p>\n<p>Au lieu de quoi, ils encouragent les citoyens \u00e0 les rejoindre dans la rue.<\/p>\n<p>La premi\u00e8re gr\u00e8ve g\u00e9n\u00e9rale organis\u00e9e par les \u00e9tudiants a eu lieu le 24 janvier. Un grand nombre de personnes et de services publics \u00e0 travers la Serbie y ont particip\u00e9, et, comme l\u2019a rapport\u00e9 021.rs, moins de factures ont \u00e9t\u00e9 \u00e9mises ce jour-l\u00e0 que lors des deux vendredis pr\u00e9c\u00e9dents.<\/p>\n<p>Novi Sad\u00a0: maire \u00e9lu et blocage de la ville<\/p>\n<p><strong>24 f\u00e9vrier &#8211; 13h50\u00a0:<\/strong> \u017darko Mi\u0107in, le candidat du SNS, a \u00e9t\u00e9 \u00e9lu maire de Novi Sad ce lundi matin, par 45 voix sur 78. L\u2019opposition avait appel\u00e9 les citoyens \u00e0 protester pour exprimer \u00ab\u00a0leur m\u00e9contentement face \u00e0 la tentative du SNS d\u2019\u00e9lire un nouveau maire contre la volont\u00e9 de la majorit\u00e9 des citoyens\u00a0\u00bb et pour montrer qu\u2019ils \u00ab\u00a0ne peuvent pas accepter que personne ne soit tenu responsable de la mort de quinze personnes\u00a0\u00bb dans l\u2019effondrement de l\u2019auvent de la gare le 1er novembre dernier. Avant et pendant la s\u00e9ance au cours de laquelle le nouveau maire a \u00e9t\u00e9 \u00e9lu, des heurts ont \u00e9clat\u00e9 entre la police et les citoyens rassembl\u00e9s devant l\u2019Assembl\u00e9e de Novi Sad.<\/p>\n<p>Dans le m\u00eame temps, les \u00e9tudiants bloqu\u00e9s ont commenc\u00e9 \u00e0 bloquer pendant dix heures deux carrefours importants \u00e0 Novi Sad. Le rond-point de Rumena\u010dki put, qui repr\u00e9sente l\u2019un des principaux points de sortie de l\u2019autoroute E75 reliant Novi Sad \u00e0 Belgrade et \u00e0 Subotica et au poste fronti\u00e8re de Horgo\u0161 vers la Hongrie, est bloqu\u00e9, tout comme Futo\u0161ki put, pr\u00e8s du si\u00e8ge de la Compagnie de transport public (GSP). Les agriculteurs sont venus avec leurs tracteurs renforcer les blocages \u00e9tudiants.<\/p>\n<p>Renfort policier et manifestation de l\u2019opposition pour l\u2019\u00e9lection du maire \u00e0 Novi Sad<\/p>\n<p><strong>9h30\u00a0:<\/strong> La police a \u00e9t\u00e9 d\u00e9ploy\u00e9e t\u00f4t ce lundi matin devant l\u2019Assembl\u00e9e municipale de Novi Sad, o\u00f9 une s\u00e9ance pour \u00e9lire un nouveau maire doit se tenir. Ce d\u00e9ploiement co\u00efncide avec une manifestation de l\u2019opposition. D\u00e8s 6h30, les policiers ont commenc\u00e9 \u00e0 arriver sur les lieux, portant un \u00e9quipement complet. Des voitures de police ont \u00e9t\u00e9 vues arriver devant la mairie \u00e0 partir de 7h, et d\u2019autres renforts sont arriv\u00e9s peu apr\u00e8s. La s\u00e9ance pour l\u2019\u00e9lection du maire est pr\u00e9vue \u00e0 10 heures.<\/p>\n<p>L\u2019\u00e9changeur de Po\u017eega sera bloqu\u00e9 jusqu\u2019\u00e0 20 heures<\/p>\n<p><strong>23 f\u00e9vrier &#8211; 18h30\u00a0:<\/strong> D\u2019U\u017eice, \u010ca\u010dak, Bajina Ba\u0161ta, Kosjeri\u0107, Lu\u010dani, Arilje, Gu\u010da, Ivanjica&#8230; Les citoyens sont venus de partout \u00e0 la manifestation de Po\u017eega, qui s\u2019appelait pr\u00e9cis\u00e9ment \u00ab\u00a0De tous les c\u00f4t\u00e9s, tous ensemble\u00a0\u00bb. L\u2019\u00e9changeur de Po\u017eega sera bloqu\u00e9 jusqu\u2019\u00e0 20 heures.<\/p>\n<p>Grand rassemblement \u00e0 Vr\u0161ac, dans le Banat (Vo\u00efvodine)<\/p>\n<p><strong>15h30\u00a0:<\/strong> Un grand nombre d\u2019\u00e9tudiants et de citoyens qui les soutiennent se sont rassembl\u00e9s \u00e0 Vr\u0161ac ce 23 f\u00e9vrier et vont bloquer l\u2019une des routes les plus fr\u00e9quent\u00e9es de cette ville du nord-est de la Serbie pendant plus de cinq heures.<\/p>\n<p>Les \u00e9tudiants de Zrenjanin sont arriv\u00e9s la veille \u00e0 Vr\u0161ac, apr\u00e8s avoir march\u00e9 une centaine de kilom\u00e8tres jusqu\u2019\u00e0 cette ville, et ils doivent \u00eatre rejoints par des marcheurs venus de Bela Crkva, d\u2019Alibunar et des cyclistes venus de Pan\u010devo pr\u00e8s de Belgrade.<\/p>\n<p>D\u2019autres marches sont pr\u00e9vues ce dimanche en Serbie\u00a0: une colonne est partie de Ba\u010dka Palanka (Vo\u00efvodine) vers Ba\u010d (22 kilom\u00e8tres), tandis que les \u00e9tudiants de Ni\u0161 sont partis en direction de Ni\u0161ka Banja. Un grand rassemblement national est pr\u00e9vu \u00e0 Ni\u0161 samedi prochain, le 1er mars.<\/p>\n<p>Le gouvernement baisse leurs salaires, les enseignants intensifient le mouvement<\/p>\n<p><strong>22 f\u00e9vrier &#8211; 11h\u00a0:<\/strong> La ministre de l\u2019\u00c9ducation du gouvernement d\u00e9missionnaire, Slavica \u0110uki\u0107 Dejanovi\u0107, a confirm\u00e9 que les salaires des enseignants en gr\u00e8ve seront r\u00e9duits en f\u00e9vrier. \u00ab\u00a0Chacun sera pay\u00e9 pour le travail qu\u2019il a effectu\u00e9\u00a0\u00bb, a-t-elle d\u00e9clar\u00e9. Une d\u00e9claration similaire a \u00e9t\u00e9 faite le 18 f\u00e9vrier par le Premier ministre d\u00e9missionnaire Milo\u0161 Vu\u010devi\u0107, qui avait lanc\u00e9 un \u00ab\u00a0dernier avertissement\u00a0\u00bb aux enseignants.<\/p>\n<p>Ana Dimitrijevi\u0107, vice-pr\u00e9sidente du Forum des lyc\u00e9es de Belgrade et professeur au IXe Lyc\u00e9e, a r\u00e9torqu\u00e9 que les menaces de r\u00e9duction de salaire ne pouvaient ni effrayer les enseignants ni les forcer \u00e0 aller en classe. \u00ab\u00a0Parce qu\u2019ici nous avons des choses que nous soutenons, qui sont plus importantes pour nous en ce moment que le revenu personnel.\u00a0\u00bb Elle ajoute que dans les lyc\u00e9es, la majorit\u00e9 des \u00e9l\u00e8ves bloquent les cours, et que les lyc\u00e9ens ont rejoint les manifestations \u00e9tudiantes. \u00ab\u00a0M\u00eame si nous retournions en classe, nous n\u2019aurions personne devant nous.\u00a0\u00bb<\/p>\n<p>Les enseignants appellent \u00e0 un arr\u00eat total des cours dans tous les \u00e9tablissements scolaires la semaine prochaine, du 24 au 28 f\u00e9vrier.<\/p>\n<p>Les habitants de cinq municipalit\u00e9s de Belgrade avec les \u00e9tudiants et les enseignants<\/p>\n<p><strong>20 f\u00e9vrier &#8211; 20h30\u00a0:<\/strong> Les habitants de cinq municipalit\u00e9s de Belgrade &#8211; Stari Grad, Savski Venac, Palilula, Zvezdara, Vra\u010dar &#8211; et l\u2019association de citoyens \u00ab\u00a0Ustala je Ustani\u010dka\u00a0\u00bb (La r\u00e9bellion monte) se sont lanc\u00e9s dans une marche de protestation, \u00ab\u00a0Sretnimo se kod Vuka\u00a0\u00bb (Rencontrons-nous \u00e0 Vuk) en soutien aux \u00e9tudiants et aux enseignants. En t\u00eate de la colonne, une grande banderole\u00a0: \u00ab\u00a0Parents de la vieille ville avec les \u00e9tudiants et les enseignants\u00a0\u00bb.<\/p>\n<p>Les \u00e9tudiants de Zrenjanin en marche vers Vr\u0161ac<\/p>\n<p><strong>13h30\u00a0:<\/strong> Les \u00e9tudiants de la Facult\u00e9 Technique Mihajlo Pupin de Zrenjanin ont entam\u00e9 une marche de protestation vers Vr\u0161ac, en soutien \u00e0 un rassemblement pr\u00e9vu dimanche 23 f\u00e9vrier. Ils parcourront pr\u00e8s de 100 kilom\u00e8tres \u00e0 pied en trois \u00e9tapes.<\/p>\n<p>Ce jeudi \u00e9galement, plusieurs municipalit\u00e9s de Belgrade et l\u2019association de citoyens \u00ab\u00a0Ustala je Ustani\u010dka\u00a0\u00bb ont annonc\u00e9 une marche de protestation intitul\u00e9e \u00ab\u00a0Rencontrons-nous chez Vuk\u00a0\u00bb. Le rassemblement au pied du monument est pr\u00e9vu \u00e0 20h.<\/p>\n<p>Les \u00e9tudiants de la Facult\u00e9 de g\u00e9nie \u00e9lectrique (ETF) ont rejoint le rassemblement de protestation des travailleurs de la Soci\u00e9t\u00e9 de transport urbain (GSP) et le rassemblement devant le b\u00e2timent de la Soci\u00e9t\u00e9 d\u2019\u00e9lectricit\u00e9 de Serbie \u00e0 Belgrade (EPS).<\/p>\n<p>Une nouvelle manifestation a \u00e9t\u00e9 annonc\u00e9e \u00e0 Kraljevo aujourd\u2019hui \u00e0 15h devant la mairie, avec des marches et le blocage de trois routes.<\/p>\n<p>80\u00a0% des citoyens soutiennent les revendications des \u00e9tudiants<\/p>\n<p><strong>19 f\u00e9vrier &#8211; 17h\u00a0:<\/strong> Selon une enqu\u00eate du Centre pour la recherche, la transparence et la responsabilit\u00e9 (CRTA), environ 80\u00a0% des citoyens serbes soutiennent la plupart des revendications des \u00e9tudiants, et un tiers d\u2019entre eux ont particip\u00e9 aux manifestations actuelles.<\/p>\n<p>Les r\u00e9sultats de l\u2019enqu\u00eate montrent que 64\u00a0% des citoyens soutiennent les manifestations \u00e9tudiantes, avec une forte augmentation, notamment parmi ceux qui soutiennent les partis au pouvoir. Ainsi, un citoyen sur cinq proche du gouvernement soutient d\u00e9sormais les manifestations, contre un sur dix \u00e0 la fin d\u00e9cembre.<\/p>\n<p>Parmi eux, 46\u00a0% estiment que la Serbie va dans la bonne direction, tandis que 38\u00a0% pensent le contraire. Environ 60\u00a0% des citoyens font confiance aux \u00e9tudiants, et le m\u00eame pourcentage juge que le pr\u00e9sident de la Serbie n\u2019est pas comp\u00e9tent pour r\u00e9pondre aux demandes des \u00e9tudiants.<\/p>\n<p>Plus de la moiti\u00e9 des citoyens (52\u00a0%) pensent que les revendications des \u00e9tudiants n\u2019ont pas \u00e9t\u00e9 satisfaites et estiment que seuls les \u00e9tudiants et les repr\u00e9sentants du corps enseignant peuvent \u00e9valuer si ces revendications ont \u00e9t\u00e9 remplies.<\/p>\n<p>La majorit\u00e9 des citoyens ne croient pas aux tentatives des m\u00e9dias et des acteurs politiques de discr\u00e9diter les \u00e9tudiants manifestants. Pour 72\u00a0% d\u2019entre eux, les manifestations sont dues \u00e0 la n\u00e9gligence et \u00e0 la corruption de l\u2019\u00c9tat, et non \u00e0 une \u00ab\u00a0r\u00e9volution color\u00e9e\u00a0\u00bb ou \u00e0 un \u00ab\u00a0s\u00e9paratisme en Vo\u00efvodine\u00a0\u00bb.<\/p>\n<p>La corruption est per\u00e7ue comme le principal probl\u00e8me en Serbie.<\/p>\n<p>L\u2019enqu\u00eate a \u00e9t\u00e9 r\u00e9alis\u00e9e par t\u00e9l\u00e9phone aupr\u00e8s de 1065 citoyens, du 8 au 13 f\u00e9vrier.<\/p>\n<p>Le conseil municipal de Kraljevo est bloqu\u00e9<\/p>\n<p><strong>16h\u00a0:<\/strong> Les d\u00e9put\u00e9s de l\u2019opposition ont interrompu la session du conseil municipal de Kraljevo et ont exig\u00e9 que le maire Predrag Terzi\u0107 se retire de la session et soit remplac\u00e9. Les d\u00e9put\u00e9s rappellent qu\u2019apr\u00e8s les annonces sur les r\u00e9seaux sociaux, dans lesquelles le maire a montr\u00e9 un doigt d\u2019honneur et trait\u00e9 les \u00e9tudiants d\u2019Oustachis, \u200b\u200bune \u00e9tudiante de Kraljevo, Sonja Ponjavi\u0107, a \u00e9t\u00e9 gri\u00e8vement bless\u00e9e \u00e0 Belgrade. L\u2019opposition a invit\u00e9 les citoyens \u00e0 les rejoindre \u00e0 partir de 15 heures devant la mairie.<\/p>\n<p>Marche de protestation en Vo\u00efvodine, \u00ab\u00a0l\u00e0 o\u00f9 le soleil embrasse la Ba\u010dka\u00a0\u00bb<\/p>\n<p><strong>13h45\u00a0:<\/strong> En Vo\u00efvodine, une colonne d\u2019\u00e9tudiants, ainsi que des citoyens qui ont r\u00e9pondu \u00e0 l\u2019appel \u00e0 se joindre \u00e0 la marche de protestation \u00ab\u00a0Studentskim koracima kroz ravnicu\u00a0\u00bb (Les \u00e9tudiants marchent dans la plaine), sont arriv\u00e9s \u00e0 Tavankut, <a href=\"https:\/\/www.facebook.com\/tavankutvojvodina\" class=\"spip_out\" rel=\"external noopener\" target=\"_blank\">\u00ab\u00a0l\u00e0 o\u00f9 le soleil embrasse la Ba\u010dka\u00a0\u00bb<\/a>.<\/p>\n<p>Artistes et \u00e9tudiants manifestent pour un meilleur financement de la culture<\/p>\n<p><strong>11h\u00a0:<\/strong> Des centaines d\u2019artistes et de travailleurs culturels ont manifest\u00e9 hier soir devant le minist\u00e8re de la Culture \u00e0 Belgrade contre le faible budget allou\u00e9 \u00e0 la culture et la gestion politique de ce secteur. La manifestation, intitul\u00e9e \u00ab\u00a00,67\u00a0% des revendications dans la culture\u00a0\u00bb, exige que le financement de la culture soit augment\u00e9 \u00e0 au moins 1,5\u00a0% du budget national et 6\u00a0% au niveau local. Les manifestants demandent \u00e9galement la d\u00e9politisation des institutions culturelles, la fin de la destruction du patrimoine culturel par les investisseurs, ainsi que des sanctions contre les m\u00e9dias diffusant des discours de haine. Ils appellent aussi la Radio T\u00e9l\u00e9vision de Serbie (RTS) \u00e0 fournir des informations objectives et \u00e0 soutenir les revendications des \u00e9tudiants suite \u00e0 la trag\u00e9die de Novi Sad.<\/p>\n<p>La manifestation a \u00e9t\u00e9 soutenue par les \u00e9tudiants, notamment de la Facult\u00e9 des Arts Dramatiques de Belgrade, mais aussi par de nombreux th\u00e9\u00e2tres\u00a0:  le Th\u00e9\u00e2tre national serbe de Novi Sad et le Th\u00e9\u00e2tre national de Sombor, les th\u00e9\u00e2tres de Belgrade Atelje 212, le Th\u00e9\u00e2tre national, le Th\u00e9\u00e2tre Zvezdara, le Th\u00e9\u00e2tre dramatique yougoslave (JDP), le Th\u00e9\u00e2tre Terazije, le Th\u00e9\u00e2tre Slavija, le Th\u00e9\u00e2tre dramatique de Belgrade, Bo\u0161ko Buha, le Petit Th\u00e9\u00e2tre Du\u0161ko Radovi\u0107, le Th\u00e9\u00e2tre national de Zrenjanin et le Th\u00e9\u00e2tre Puls de Lazarevac.<\/p>\n<p>Hausse des prix et fausses r\u00e9servations des appartements \u00e0 Ni\u0161<\/p>\n<p><strong>9h\u00a0:<\/strong> Une hausse vertigineuse et soudaine des prix des appartements \u00e0 Ni\u0161 a suscit\u00e9 des soup\u00e7ons selon lesquels cette op\u00e9ration viserait \u00e0 emp\u00eacher les gens de participer \u00e0 la manifestation pr\u00e9vue pour le 1er mars. Certains propri\u00e9taires d\u2019appartements ont drastiquement augment\u00e9 leurs prix la veille de l\u2019\u00e9v\u00e9nement, ce qui a aliment\u00e9 des accusations de manipulation des prix pour d\u00e9courager les visiteurs. Un ph\u00e9nom\u00e8ne qui n\u2019est pas isol\u00e9, d\u2019autres h\u00e9bergeurs ayant suivi cette tendance.<\/p>\n<p>En r\u00e9ponse, des habitants de Ni\u0161 ont lanc\u00e9 une initiative pour offrir un h\u00e9bergement gratuit aux participants de la manifestation. Cependant, certains organisateurs ont averti que des \u00ab\u00a0bots\u00a0\u00bb du gouvernement pourraient faussement r\u00e9server ces logements pour saboter l\u2019effort en annulant ces r\u00e9servations par la suite. Ce sabotage vise \u00e0 perturber les plans de ceux qui souhaitent r\u00e9ellement soutenir la manifestation. Les membres du groupe Facebook d\u00e9di\u00e9 \u00e0 l\u2019h\u00e9bergement gratuit ont donc \u00e9t\u00e9 invit\u00e9s \u00e0 \u00eatre vigilants et \u00e0 v\u00e9rifier les profils des personnes faisant des r\u00e9servations.<\/p>\n<p>Provocations lors des 15 minutes de silence \u00e0 Zemun<\/p>\n<p><strong>18 f\u00e9vrier &#8211; 15h20\u00a0:<\/strong> Le blocage de la circulation \u00e0 Zemun et les quinze minutes de silence pour les victimes de l\u2019effondrement de l\u2019auvent ont \u00e9t\u00e9 marqu\u00e9s ce mardi par l\u2019irruption de trois provocateurs, des hommes \u00e2g\u00e9s, tandis que la police &#8211; \u00e0 quelques m\u00e8tres de l\u00e0 &#8211; observait en silence, ne montrant aucune intention de v\u00e9rifier l\u2019identit\u00e9 de qui que ce soit ou de les expulser.<\/p>\n<p>Alors que deux d\u2019entre eux sont rapidement partis apr\u00e8s une avalanche d\u2019insultes et de jurons, le troisi\u00e8me s\u2019est montr\u00e9 persistant, prof\u00e9rant pendant dix minutes de menaces des mort, de fusillade, de massacre et de viol d\u2019enfants \u00ab\u00a0d\u00e8s que Vojislav \u0160e\u0161elj reviendra au pouvoir\u00a0\u00bb.<\/p>\n<p>Les agriculteurs bloquent la municipalit\u00e9 de Ra\u010da<\/p>\n<p><strong>18 f\u00e9vrier &#8211; 11h\u00a0:<\/strong> Des agriculteurs de Ra\u010da, dans le district de \u0160umadija, ont bloqu\u00e9 le b\u00e2timent de la municipalit\u00e9. Ils manifestent depuis le 30 janvier et r\u00e9clament le retour des imp\u00f4ts fonciers au niveau de 2024, les nouveau ayant \u00e9t\u00e9 augment\u00e9s de 60\u00a0%, ainsi que la d\u00e9mission de tous les dirigeants municipaux.<\/p>\n<p>\u00ab\u00a0Nous sommes rest\u00e9s devant la municipalit\u00e9 pendant quinze jours, nous avons maintenu Ra\u010da sous blocus pendant trois jours et nous ne voulons plus harceler nos citoyens. Ce n\u2019est pas dirig\u00e9 contre les citoyens ou les entrepreneurs, c\u2019est simplement d\u00fb \u00e0 la n\u00e9gligence des autorit\u00e9s municipales \u00e0 notre \u00e9gard\u00a0\u00bb, a d\u00e9clar\u00e9 un agriculteur, Milan Milo\u0161evi\u0107.<\/p>\n<p>Il a ajout\u00e9 a d\u00e9clar\u00e9 que les agriculteurs ne quitteraient pas le b\u00e2timent de la municipalit\u00e9. \u00ab\u00a0Nous restons ici, nous exigeons la d\u00e9mission de tous les dirigeants.\u00a0\u00bb<\/p>\n<p>\u00ab\u00a0Les tantes du Canada se retrouvent pour Sretenje\u00a0\u00bb<\/p>\n<p><strong>16 f\u00e9vrier &#8211; 18h\u00a0:<\/strong> La diaspora serbe au Canada a organis\u00e9 pour la premi\u00e8re fois une action commune de soutien aux \u00e9tudiants en Serbie intitul\u00e9e \u00ab\u00a0Les tantes du Canada se rencontrent pour Sretenje\u00a0\u00bb.<\/p>\n<p>Plusieurs centaines de personnes r\u00e9unies dans six villes canadiennes (Edmonton, Calgary, Ottawa, Montr\u00e9al, Toronto et Vancouver), sur trois fuseaux horaires, ont simultan\u00e9ment envoy\u00e9 un message de solidarit\u00e9 aux \u00e9tudiants et citoyens de Serbie qui s\u2019\u00e9taient rassembl\u00e9s \u00e0 Kragujevac le 15 f\u00e9vrier. Les slogans\u00a0: \u00ab\u00a0La Serbie est un peu \u00e0 nous aussi\u00a0\u00bb, \u00ab\u00a0Le Canada est avec les \u00e9tudiants\u00a0\u00bb, \u00ab\u00a0Les tantes aussi pompent\u00a0\u00bb&#8230;<\/p>\n<p>Un silence de quinze minutes en hommage aux victimes de l\u2019effondrement de l\u2019auvent \u00e0 Novi Sad a \u00e9t\u00e9 observ\u00e9 simultan\u00e9ment dans les six villes, afin que ce silence collectif r\u00e9sonne le plus fort possible.<\/p>\n<p>\u00c0 Vancouver, la c\u00e9r\u00e9monie s\u2019est termin\u00e9e par une interpr\u00e9tation des chansons \u00ab\u00a0Vostani Serbie\u00a0\u00bb et \u00ab\u00a0Tamo daleko\u00a0\u00bb interpr\u00e9t\u00e9es par la chanteuse d\u2019op\u00e9ra Martina Govednik, accompagn\u00e9e d\u2019un trompettiste et d\u2019un v\u00e9t\u00e9ran de la 63e Brigade de parachutistes qui, conform\u00e9ment aux principes de cette brigade, a souhait\u00e9 garder l\u2019anonymat.<\/p>\n<p>Les organisateurs ont annonc\u00e9 qu\u2019ils poursuivraient les rassemblements et apporteraient leur soutien \u00e0 la lutte \u00e9tudiante jusqu\u2019\u00e0 ce que les revendications soient satisfaites<\/p>\n<p>\u00c9tudiants, professeurs, citoyens manifestent devant la mairie de Subotica<\/p>\n<p><strong>17h30\u00a0:<\/strong> \u00c9tudiants, professeurs, citoyens se sont r\u00e9unis ce dimanche apr\u00e8s-midi \u00e0 Subotica, rejoints par les agriculteurs venus en tracteurs. Apr\u00e8s le discours des enseignants, un silence de quinze minutes a \u00e9t\u00e9 observ\u00e9. Les citoyens ont tenu des c\u0153urs en papier rouge, puis ont laiss\u00e9 des empreintes de mains rouges sur une toile noire, qui a \u00e9t\u00e9 accroch\u00e9e devant l\u2019entr\u00e9e de la mairie.<\/p>\n<p>D\u2019autres rassemblements ont eu lieu \u00e0 Po\u017earevac, \u010cukarica, Trstenika, Gornji Milanovac, Kovilj&#8230; et Sremska Mitrovica.<\/p>\n<p>L\u2019UNS condamne les insultes et menaces de mort contre l\u2019\u00e9quipe de N1 \u00e0 Sremska Mitrovica<\/p>\n<p><strong> 15h30\u00a0:<\/strong> L\u2019Association des journalistes de Serbie (UNS) a condamn\u00e9 les insultes et menaces de mort prof\u00e9r\u00e9es contre l\u2019\u00e9quipe de t\u00e9l\u00e9vision N1 qui couvrait hier \u00e0 Sremska Mitrovica le contre-meeting du Parti progressiste serbe (SNS) et a demand\u00e9 aux autorit\u00e9s de trouver et de punir les responsables le plus rapidement possible.<\/p>\n<p>La journaliste de N1, Ksenija Pavkov, a d\u00e9clar\u00e9 que l\u2019incident s\u2019est produit hier vers 15h dans le centre de Sremska Mitrovica\u00a0: \u00ab\u00a0J\u2019avais un micro avec la mousse bleue distinctive de TV N1. Des gens nous ont remarqu\u00e9s et ont commenc\u00e9 \u00e0 nous insulter, tandis qu\u2019un homme particuli\u00e8rement agressif a dit qu\u2019il avait h\u00e2te de nous tuer, tous ceux de N1&#8230; Il nous a \u00e9galement dit de venir en Republika Srpska et de voir ce qui nous arriverait. Il a dit des choses pires, des insultes que je ne voudrais pas r\u00e9p\u00e9ter.\u00a0\u00bb<\/p>\n<p>Deuxi\u00e8me manifestation de soutien aux \u00e9tudiants \u00e0 Gen\u00e8ve<\/p>\n<p><strong>14h\u00a0:<\/strong> Samedi apr\u00e8s-midi, la communaut\u00e9 serbe de Gen\u00e8ve a organis\u00e9 une deuxi\u00e8me manifestation de soutien aux \u00e9tudiants en Serbie, \u00e0 la Place des Nations. Le 15 f\u00e9vrier est une date marquante dans l\u2019histoire de l\u2019\u00c9tat serbe. Le 15 f\u00e9vrier 1804 marque le d\u00e9but de la Premi\u00e8re insurrection serbe contre l\u2019Empire ottoman, un soul\u00e8vement qui a pos\u00e9 les bases de l\u2019ind\u00e9pendance de la Serbie apr\u00e8s des si\u00e8cles de domination \u00e9trang\u00e8re. Le 15 f\u00e9vrier 1835, la Serbie adopte sa premi\u00e8re Constitution, consid\u00e9r\u00e9e comme l\u2019une des plus progressistes de son \u00e9poque en Europe, incarnant la modernisation et la souverainet\u00e9 du pays. Aujourd\u2019hui, \u00e0 Kragujevac, des milliers d\u2019\u00e9tudiants et de citoyens se sont rassembl\u00e9s encore une fois, pour r\u00e9clamer l\u2019\u00c9tat de droit, lutter contre la corruption et d\u00e9fendre une soci\u00e9t\u00e9 d\u00e9mocratique meilleure, tout en c\u00e9l\u00e9brant la F\u00eate nationale de la Serbie.<\/p>\n<p>\u00c0 Gen\u00e8ve, la communaut\u00e9 serbe s\u2019est engag\u00e9e depuis plusieurs semaines en organisant des manifestations de solidarit\u00e9 avec les \u00e9tudiants et citoyens serbes. Cette deuxi\u00e8me mobilisation a r\u00e9uni autour de 200 personnes \u00e0 la Place des Nations, venues c\u00e9l\u00e9brer la F\u00eate nationale serbe, tout en comm\u00e9morant les victimes de l\u2019effondrement de l\u2019auvent de la gare ferroviaire de Novi Sad et en montrant leur soutien aux \u00e9tudiants en Serbie.<\/p>\n<p>La manifestation a d\u00e9but\u00e9 par une prise de parole des organisateurs, suivie de la lecture des noms des victimes ayant perdu la vie \u00e0 Novi Sad. Ensuite, les manifestants ont observ\u00e9 quinze minutes de silence en leur m\u00e9moire, un hommage devenu un symbole des manifestations en Serbie et dans la diaspora serbe \u00e0 travers le monde. La prochaine manifestation  \u00e0 Gen\u00e8ve est pr\u00e9vue pour le 9 mars 2025.<\/p>\n<p>Retour triomphal \u00e0 Ni\u0161 des \u00e9tudiants qui ont march\u00e9 jusqu\u2019\u00e0 Kragujevac<\/p>\n<p><strong>13h30\u00a0:<\/strong> Les \u00e9tudiants qui ont march\u00e9 jusqu\u2019\u00e0 Kragujevac sont rentr\u00e9s \u00e0 Ni\u0161 o\u00f9 les citoyens ont organis\u00e9 une f\u00eate de bienvenue pour eux et leur ont remis des m\u00e9dailles.<\/p>\n<p>Les habitants de Ruma en route vers Sremska Mitrovica pour une manifestation de solidarit\u00e9<\/p>\n<p><strong>12h30\u00a0:<\/strong> Les habitants de Ruma se sont mis en route aujourd\u2019hui \u00e0 pied vers Sremska Mitrovica, o\u00f9 se tiendra la manifestation \u00ab\u00a0Srem en solidarit\u00e9\u00a0\u00bb. Plusieurs centaines de personnes, en majorit\u00e9 des jeunes, forment une colonne marchant lentement vers Sremska Mitrovica. Ils portent la banderole \u00ab\u00a0Ruma n\u2019est plus silencieuse\u00a0\u00bb.<\/p>\n<p>L\u2019annonce de ce rassemblement stipule que tous les habitants de Srem sont invit\u00e9s \u00e0 se rendre \u00e0 Sremska Mitrovica, afin de montrer ensemble leur d\u00e9termination et leur pers\u00e9v\u00e9rance dans la lutte pour la justice, la v\u00e9rit\u00e9 et une soci\u00e9t\u00e9 plus saine.<\/p>\n<p>\u00c0 Kragujevac, un cri de ralliement\u00a0: \u00ab\u00a0Pumpaj\u00a0!\u00a0\u00bb<\/p>\n<p><strong>15 f\u00e9vrier &#8211; 17h30\u00a0:<\/strong> Selon des informations, 160\u00a0000 personnes se seraient retrouv\u00e9es aujourd\u2019hui \u00e0 Kragujevac. Le centre-ville est noir de monde et les caf\u00e9s sont pleins. Partout, on entend les vuvuzelas et les sifflets, ainsi que ce qui est devenu le cri de ralliement\u00a0: \u00ab\u00a0Pumpaj\u00a0!\u00a0\u00bb.<\/p>\n<p>Des membres de l\u2019organisation ind\u00e9pendante \u00ab\u00a0Stop aux mines et soutien aux habitants de Kragujevac\u00a0\u00bb sont en train de pr\u00e9parer de la nourriture, dont 200 kg de viande, pour \u00ab\u00a0donner des forces aux \u00e9tudiants afin qu\u2019ils continuent leur combat\u00a0\u00bb.<\/p>\n<p>Vu\u010di\u0107\u00a0: \u00ab\u00a0La r\u00e9volution de couleur la plus sale de l\u2019histoire de l\u2019humanit\u00e9\u00a0\u00bb<\/p>\n<p><strong>17h\u00a0:<\/strong> Les manifestations \u00e9tudiantes \u00ab\u00a0resteront dans l\u2019histoire comme d\u00e9shonorantes\u00a0\u00bb et \u00ab\u00a0la r\u00e9volution de couleur la plus sale de l\u2019histoire de l\u2019humanit\u00e9\u00a0\u00bb, a d\u00e9clar\u00e9 le pr\u00e9sident Aleksandar Vu\u010di\u0107 aux journalistes lors d\u2019un voyage en train vers Sremska Mitrovica, \u00e0 l\u2019occasion d\u2019un rassemblement organis\u00e9 par le SNS.<\/p>\n<p>\u00ab\u00a0Nous n\u2019avons pas r\u00e9agi, m\u00eame si des dizaines de milliers d\u2019actions ill\u00e9gales ont \u00e9t\u00e9 commises au cours des deux derniers mois, pas un seul coup de matraque n\u2019a \u00e9t\u00e9 utilis\u00e9 contre les manifestants\u00a0\u00bb, a-t-il ajout\u00e9.<\/p>\n<p>\u00ab\u00a0Au moins, nous disons qui paie les sandwichs, mais eux ne disent pas qui paie les porcelets, les agneaux et les bus pour Kragujevac. C\u2019est pay\u00e9 par quelqu\u2019un de l\u2019ext\u00e9rieur, et c\u2019est une \u00e9norme somme d\u2019argent. Ils se sont vant\u00e9s eux-m\u00eames d\u2019avoir investi 3,1 milliards d\u2019euros dans ma destruction. Et ils ont perdu, ils ne voient pas comment la roue politique a d\u00e9j\u00e0 tourn\u00e9&#8230; \u00c0 moins qu\u2019ils ne me tuent\u00a0\u00bb, a-t-il conclu.<\/p>\n<p>Sur place, une journaliste de N1 a subi des insultes et des menaces de mort des partisans du pr\u00e9sident. Elle confirme \u00e9galement qu\u2019un grand nombre d\u2019autocars \u00e0 Sremska Mitrovica sont immatricul\u00e9s en  Bosnie-Herz\u00e9govine, certains \u00e9tant \u00e0 moiti\u00e9 vides.<\/p>\n<p>Deux femmes avec qui elle s\u2019est entretenue lui ont dit que l\u2019indemnit\u00e9 journali\u00e8re pour assister au meeting avait grimp\u00e9 \u00e0 5000 dinars ces derniers jours.<\/p>\n<p>Le rassemblement a officiellement d\u00e9but\u00e9 \u00e0 17h devant le Centre Pinki, en pr\u00e9sence de repr\u00e9sentants du gouvernement, du pr\u00e9sident Vu\u010di\u0107, du pr\u00e9sident la  Republika Srpska (RS), l\u2019entit\u00e9 serbe de Bosnie-Herz\u00e9govine, Milorad Dodik, ainsi que du pr\u00e9sident du Parti populaire d\u00e9mocratique du Mont\u00e9n\u00e9gro, Milan Kne\u017eevi\u0107.<\/p>\n<p>Des centaines de personnes rassembl\u00e9es devant l\u2019ambassade de Serbie \u00e0 Paris<\/p>\n<p><strong>15h30\u00a0:<\/strong> \u00ab\u00a0Libert\u00e9, \u00e9galit\u00e9, pumpajte\u00a0\u00bb (en r\u00e9f\u00e9rence au slogan devenu d\u00e9sormais culte des manifestations), \u00ab\u00a0De tout c\u0153ur avec Kragujevac\u00a0\u00bb, \u00ab\u00a0La diaspora est avec vous\u00a0\u00bb\u00a0: comme tous les weekends depuis plusieurs semaines maintenant, des centaines de personnes se sont retrouv\u00e9es avenue de Camo\u00ebns \u00e0 Paris, devant l\u2019ambassade de Serbie.<\/p>\n<p>Apr\u00e8s les quinze minutes de silence en hommage aux victimes, un ch\u0153ur se met \u00e0 chanter \u00ab\u00a0Vostani Srbije\u00a0\u00bb (\u00ab\u00a0L\u00e8ve-toi Serbie\u00a0\u00bb) accompagn\u00e9 d\u2019un concert de violons. La chanson, \u00e9galement connue sous le nom de Chant de l\u2019insurrection de Serbijanov (\u00ab\u00a0Ode au renouveau serbe\u00a0\u00bb) est depuis quelques mois devenue l\u2019hymne des manifestations. Le petit cort\u00e8ge s\u2019est ensuite dirig\u00e9 devant la r\u00e9sidence de l\u2019ambassadrice, o\u00f9 quinze c\u0153urs ont \u00e9t\u00e9 d\u00e9pos\u00e9s devant l\u2019entr\u00e9e du b\u00e2timent.<\/p>\n<p>Sifflements, chants, applaudissements\u00a0: la foule fait du bruit, brandit des mains gant\u00e9es rouges et scande \u00ab\u00a0vos mains sont ensanglant\u00e9es\u00a0!\u00a0\u00bb. La manifestation se termine dans la bonne humeur. \u00c0 force de se retrouver toutes les semaines, une petite communaut\u00e9 soud\u00e9e se cr\u00e9e. Poga\u010da, caf\u00e9 et vin, et musique\u00a0: l\u2019\u00e9motion a voyag\u00e9 de Kragujevac jusqu\u2019\u00e0 Paris.<\/p>\n<p>Une foule immense se presse \u00e0 Kragujevac<\/p>\n<p><strong>15 f\u00e9vrier &#8211; 13h30\u00a0:<\/strong> Kragujevac se remplit de monde pour c\u00e9l\u00e9brer Sretenje avec les \u00e9tudiants et, selon le correspondant de Danas, il est d\u00e9j\u00e0 devenu impossible de traverser le centre-ville. Au m\u00eame moment, des embouteillages sont \u00e0 signaler sur l\u2019autoroute, notamment entre Smederevo et Velika Plana.<\/p>\n<p>\u00c0 11h52, un premier rassemblement de quinze minutes de silence \u00e0 \u00e9t\u00e9 organis\u00e9 \u00e0 la m\u00e9moire des quinze victimes de Novi Sad. Le prochain hommage aura lieu de 23h52 \u00e0 00h07.<\/p>\n<p>Quinze chaises ont \u00e9t\u00e9 plac\u00e9es sur le boulevard Lepeni\u010dki avec le nom des victimes, leurs dates de naissance et de d\u00e9c\u00e8s. Les citoyens y ont laiss\u00e9 des roses blanches.<\/p>\n<p>Meeting de Vu\u010di\u0107 \u00e0 Sremska Mitrovica\u00a0: remplir des autocars \u00e0 tout prix<\/p>\n<p><strong>12h\u00a0:<\/strong> Alors qu\u2019un meeting du pr\u00e9sident Vu\u010di\u0107 est pr\u00e9vu \u00e0 17h \u00e0 Sremska Mitrovica, o\u00f9 une \u00ab\u00a0D\u00e9claration du peuple sur la Vo\u00efvodine\u00a0\u00bb sera approuv\u00e9e par acclamation, des colonnes d\u2019autocars immatricul\u00e9s en Bosnie-Herz\u00e9govine ont \u00e9t\u00e9 aper\u00e7ues \u00e0 proximit\u00e9 de la fronti\u00e8re en direction de la Serbie, mais aussi \u00e0 Novi Sad et \u00e0 Belgrade.<\/p>\n<p>En m\u00eame temps, le Centre pour l\u2019autonomie locale (CLS) a annonc\u00e9 que des employ\u00e9s de la Soci\u00e9t\u00e9 de transport de la Ville de Belgrade (GSP) l\u2019avaient contact\u00e9 pour se plaindre d\u2019\u00eatre contraints de se rendre \u00e0 ce meeting.<\/p>\n<p>\u00ab\u00a0Les travailleurs, tous membres du syndicat ind\u00e9pendant, ont d\u00e9clar\u00e9 que le quota de cette entreprise publique \u00e9tait de trois autocars pleins\u00a0\u00bb, a d\u00e9clar\u00e9 le directeur du CLS, Nikola Jovanovi\u0107, qui appelle les autorit\u00e9s \u00e0 \u00ab\u00a0enqu\u00eater sur ces all\u00e9gations et condamne fermement ce type de harc\u00e8lement et d\u2019humiliation des travailleurs du secteur municipal de la ville de Belgrade\u00a0\u00bb.<\/p>\n<p>\u00ab\u00a0Je promets aux employ\u00e9s de GSP et d\u2019autres entreprises de services publics que cette pratique prendra bient\u00f4t fin\u00a0\u00bb, a-t-il ajout\u00e9.<\/p>\n<p>Les responsables du SNS peinent en effet \u00e0 attirer du monde \u00e0 Sremska Mitrovica.  S\u2019ils esp\u00e8rent faire venir 80\u00a0000 personnes, ils ne pourront toutefois compter que sur 30\u00a0000 tout au plus. C\u2019est pourquoi, selon des informations de Danas, l\u2019indemnit\u00e9 vers\u00e9e pour assister \u00e0 ce meeting est pass\u00e9e hier de 4000 \u00e0 10\u00a0000 dinars.<\/p>\n<p>Meeting de Vu\u010di\u0107 \u00e0 Sremska Mitrovica\u00a0: le syndicat Routes de Serbie d\u00e9nonce des pressions sans pr\u00e9c\u00e9dent<\/p>\n<p><strong>10h\u00a0:<\/strong> \u00ab\u00a0Nous sommes t\u00e9moins d\u2019abus \u00e9normes, de chantage, de harc\u00e8lement\u00a0\u00bb\u00a0: le syndicat Puteva Srbije (\u00ab\u00a0Routes de Serbie\u00a0\u00bb) a annonc\u00e9 vendredi soir que les employ\u00e9s de cette entreprise publique \u00e9taient soumis \u00e0 des pressions, du chantage et des menaces de licenciement parce que \u00ab\u00a0les employ\u00e9s ont fait preuve de d\u00e9sob\u00e9issance\u00a0\u00bb et que le quota de personnes fix\u00e9 pour le rassemblement du Parti progressiste serbe (SNS) ce samedi \u00e0 Sremska Mitrovica n\u2019a pas \u00e9t\u00e9 atteint.<\/p>\n<p>Le syndicat souligne que depuis quelques jours l\u2019entreprise \u00ab\u00a0\u00e9tablit des listes d\u2019employ\u00e9s qui iront \u00e0 un rassemblement politique\u00a0\u00bb, et que cela n\u2019est \u00ab\u00a0pas surprenant\u00a0\u00bb, car elle est \u00ab\u00a0habitu\u00e9e\u00a0\u00bb \u00e0 de telles actions depuis des ann\u00e9es.<\/p>\n<p>\u00ab\u00a0Mais aujourd\u2019hui la situation a d\u00e9g\u00e9n\u00e9r\u00e9, les employ\u00e9s ont fait preuve de d\u00e9sob\u00e9issance et le nombre suffisant de personnes pr\u00e9vu par l\u2019organisateur n\u2019a pas \u00e9t\u00e9 atteint.\u00a0\u00bb Le communiqu\u00e9 d\u00e9nonce \u00e9galement \u00ab\u00a0une discrimination sans pr\u00e9c\u00e9dent, car certains se sont vu offrir une indemnit\u00e9 journali\u00e8re (le montant de 8000 dinars est \u00e9voqu\u00e9), et d\u2019autres ont \u00e9t\u00e9 pri\u00e9s de se rendre [au meeting] sans compensation (transport, sandwichs, boissons\u2026)\u00a0\u00bb.<\/p>\n<p>\u00ab\u00a0En tant qu\u2019organisation syndicale d\u2019une entreprise publique, nous avons la responsabilit\u00e9 d\u2019informer le public sur les \u00e9v\u00e9nements et les abus de certains dirigeants \u00e0 des fins politiques, ce qui n\u2019est que la pointe de l\u2019iceberg de tous les autres abus et ill\u00e9galit\u00e9s commis\u00a0\u00bb, souligne la d\u00e9claration.<\/p>\n<p>Ce soir, Kragujevac vibre d\u2019\u00e9motion<\/p>\n<p><strong>14 f\u00e9vrier &#8211; 21h\u00a0:<\/strong> Feux d\u2019artifice, sifflets, roulements de tambours, vuvuzelas, cris, chants, hourras&#8230; C\u2019est un bruit formidable qui s\u2019\u00e9l\u00e8ve de Kragujevac ce vendredi soir et monte vers le ciel alors que les \u00e9tudiants font leur entr\u00e9e dans la ville, drapeaux d\u00e9ploy\u00e9s, feux de Bengale roses et verts, soulevant une temp\u00eate d\u2019applaudissements.<\/p>\n<blockquote class=\"twitter-tweet\" data-media-max-width=\"560\">\n<p lang=\"und\" dir=\"ltr\">Kragujevac ve\u010deras sija kao nikada\u00a0! \ud83c\uddf7\ud83c\uddf8\ud83c\uddf7\ud83c\uddf8\ud83c\uddf7\ud83c\uddf8 <a href=\"https:\/\/t.co\/bHib6rWIhH\">pic.twitter.com\/bHib6rWIhH<\/a><\/p>\n<p>\u2014 Nikola Lakic (@NikolaLaki3) <a href=\"https:\/\/twitter.com\/NikolaLaki3\/status\/1890494405166932447?ref_src=twsrc%5Etfw\" target=\"_blank\" rel=\"noopener\">February 14, 2025<\/a><\/p>\n<\/blockquote>\n<p>Tapis rouge pour les \u00e9tudiants \u00e0 Kragujevac<\/p>\n<p><strong>20h30\u00a0:<\/strong> Des milliers de personnes se sont rassembl\u00e9es pour accueillir les \u00e9tudiants \u00e0 Kragujevac, o\u00f9 le tapis rouge a \u00e9t\u00e9 d\u00e9roul\u00e9 en leur honneur. Une manifestation de quinze heures aura lieu demain dans cette ville de Serbie centrale qui fut la premi\u00e8re capitale de la Principaut\u00e9 de Serbie, o\u00f9 la premi\u00e8re Constitution serbe a \u00e9t\u00e9 adopt\u00e9e le 15 f\u00e9vrier 1835.<\/p>\n<p>En plus du tapis rouge, les \u00e9tudiants, qui arrivent au fur et \u00e0 mesure de Belgrade, Novi Sad, Ni\u0161 et Novi Pazar, ont \u00e9t\u00e9 accueillis avec des poga\u010da (pains cuits au four), des m\u00e9dailles et de la nourriture \u00e0 foison, mais aussi par des chants et des roulements de tambours.<\/p>\n<p>Un grand rassemblement, Sretnimo se na Sretenj (\u00ab\u00a0Rencontrons-nous \u00e0 Sretenje\u00a0\u00bb), est pr\u00e9vu samedi boulevard Lepeni\u010dki, au pied de la tour Zastava.<\/p>\n<p>\u00c0 cause du grand nombre de personnes attendues, les \u00e9tudiants de l\u2019universit\u00e9 de Kragujevac ont publi\u00e9 un plan de la ville\u00a0: \u00ab\u00a0Pour vous orienter plus facilement lors de la manifestation, vous pouvez utiliser notre carte. Nous vous pr\u00e9sentons \u00e9galement les r\u00e8gles de manifestation, ce qu\u2019il faut faire et ce qu\u2019il faut apporter, afin que vous soyez aussi bien pr\u00e9par\u00e9s et \u00e9quip\u00e9s que possible\u00a0\u00bb, ont-ils communiqu\u00e9 sur Instagram.<\/p>\n<p>Les \u00e9tudiants arrivent \u00e0 Kragujevac<\/p>\n<p><strong>19h30\u00a0:<\/strong> Les \u00e9tudiants sont aux portes de Kragujevac, o\u00f9 une foule enthousiaste leur a r\u00e9serv\u00e9 un accueil digne de ce nom. Les cyclistes sont arriv\u00e9s en premier, suivis des marathoniens. Les habitants de Kragujevac leur ont pr\u00e9par\u00e9 beaucoup de nourriture et se pr\u00e9parent \u00e0 leur remettre des m\u00e9dailles.<\/p>\n<p>Des cort\u00e8ges lyc\u00e9ens convergent \u00e0 Belgrade<\/p>\n<p><strong>18h\u00a0:<\/strong> Des cort\u00e8ges partis de plusieurs lyc\u00e9es de Belgrade ont converg\u00e9 Place de la R\u00e9publique, en scandant\u00a0\u00ab\u00a0Nous voulons la v\u00e9rit\u00e9, nous voulons la justice\u00a0!\u00a0\u00bb. Enseignants et citoyens ont salu\u00e9 le rassemblement, appel\u00e9 sous le mot\u00a0: \u00ab\u00a0r\u00e9pandons l\u2019amour, r\u00e9pandons la justice\u00a0!\u00a0\u00bb<br class=\"autobr\"\/><br \/>\n\u00a0:<\/p>\n<p>Plusieurs colonnes convergent vers Kragujevac, \u00e0 pied et en v\u00e9lo<\/p>\n<p><strong>13 f\u00e9vrier &#8211; 21h30\u00a0:<\/strong> Plusieurs colonnes d\u2019\u00e9tudiant.e.s marchent vers Kragujevac. Ceux qui sont partis de Belgrade ont dormi mercredi soir \u00e0 Aran\u0111elovac, avant de reprendre, faisant une pause jeudi \u00e0 Topola, la route pour le village de \u010cumi\u0107, o\u00f9 ils vont passer la nuit.<\/p>\n<p>Une colonne de 250 \u00e9tudiants s\u2019est form\u00e9e \u00e0 Mr\u010dajevci, r\u00e9unissant des \u00e9tudiants de Novi Pazar, Kraljevo, \u010ca\u010dak, U\u017eice et Gornji Milanovac. Ils ont \u00e9t\u00e9 rejoints jeudi apr\u00e8s-midi par des paysans \u00e0 Bresnica et ils vont tous dormir \u00e0 Kni\u0107, o\u00f9 ils ont \u00e9t\u00e9 triomphalement accueillis par la population locale.<\/p>\n<p>La colonne partie de Ni\u0161 a \u00e9t\u00e9 accueillie par des foules enthousiastes \u00e0 Para\u0107in et \u00e0 \u0106uprija. L\u2019\u00e9tape est pr\u00e9vue \u00e0 Jagodina, o\u00f9 les \u00e9tudiants dormiront dans le b\u00e2timent de la Facult\u00e9 p\u00e9dagogique.<\/p>\n<p>Enfin, la colonne partie \u00e0 v\u00e9lo de Novi Sad a \u00e9t\u00e9 accueille \u00e0 Smederevo, o\u00f9 les lyc\u00e9ens leur ont remis les cl\u00e9s de la ville.<\/p>\n<p>Des centaines de personnes se rassemblent \u00e0 Mitrovica-Nord<\/p>\n<p><strong>13h30\u00a0:<\/strong> \u00c0 Mitrovica-Nord, <a href=\"https:\/\/www.courrierdesbalkans.fr\/+-Tensions-Nord-Kosovo-+\" target=\"_blank\" rel=\"noopener\">dans le nord du Kosovo<\/a>, les \u00e9tudiants r\u00e9pondent \u00e0 leurs concitoyens qui les accusent d\u2019\u00eatre des \u00ab\u00a0mercenaires \u00e9trangers\u00a0\u00bb.<\/p>\n<p>Une centaine de personnes se sont rassembl\u00e9es sur la place centrale de la ville, le plus grand rassemblement \u00e0 ce jour. Des personnes de tous les \u00e2ges se sont jointes aux \u00e9tudiants. Apr\u00e8s les quinze minutes de silence en hommage aux victimes de la trag\u00e9die de Novi Sad, la place est devenue le th\u00e9\u00e2tre d\u2019un d\u00e9bat, principalement entre personnes \u00e2g\u00e9es, venues exprimer leurs points de vue sur les soul\u00e8vements \u00e9tudiants en Serbie et la politique de la Serbie \u00e0 l\u2019\u00e9gard du Kosovo. Un homme a appel\u00e9 ses concitoyens \u00e0 \u00ab\u00a0prendre ses distances avec les \u00e9tudiants soudoy\u00e9s par des mercenaires \u00e9trangers qui veulent faire tomber la Serbie\u00a0\u00bb. Devant les cam\u00e9ras, une \u00e9tudiante a r\u00e9torqu\u00e9 en rappelant les exigences de justice des \u00e9tudiants. \u00ab\u00a0Merci, \u00e9tudiants, de nous avoir au moins redonn\u00e9 espoir. Vos professeurs devraient avoir honte, ils n\u2019ont plus rien \u00e0 vous apprendre\u00a0\u00bb, a d\u00e9clar\u00e9 un autre retrait\u00e9.<\/p>\n<p>Les \u00e9tudiants lib\u00e8rent le SKC \u00e0 Belgrade<\/p>\n<p><strong>12 f\u00e9vrier &#8211; 21h30\u00a0:<\/strong> Les \u00e9tudiants de la Facult\u00e9 d\u2019Arts dramatiques (FDU) occupent le le Centre culturel \u00e9tudiant (SKC) de Belgrade. Ils ont annonc\u00e9 un pl\u00e9num  \u00e0 22h dans la grande salle.<\/p>\n<p>Janko Baljak, professeur \u00e0 la FDU, a d\u00e9clar\u00e9 \u00e0 N1 qu\u2019il \u00e9tait venu soutenir les \u00e9tudiants \u00ab\u00a0qui ont lib\u00e9r\u00e9 SKC, un point culturel et historique-cl\u00e9 sur la carte de cette ville. [&#8230;] Ils ont men\u00e9 cette action en secret et de mani\u00e8re conspiratrice. [&#8230;] Cet endroit m\u00e9rite de faire ce qu\u2019il fait depuis 40 ans, d\u2019\u00eatre un cri de ralliement \u00e9tudiant dans la culture et l\u2019art, et non pas d\u2019\u00eatre sous le contr\u00f4le des institutions de l\u2019\u00c9tat.\u00a0\u00bb<\/p>\n<p>\u00ab\u00a0Je pense que c\u2019est tr\u00e8s important, car c\u2019est un lieu culte au c\u0153ur de cette ville, o\u00f9 nous avons tous puis\u00e9 des id\u00e9es, assist\u00e9 \u00e0 des concerts et \u00e0 des forums. [&#8230;] Ce qui a \u00e9t\u00e9 vol\u00e9 \u00e0 tous les citoyens est de retour entre les mains des bonnes personnes\u00a0\u00bb, a-t-il ajout\u00e9.<\/p>\n<blockquote class=\"instagram-media\" data-instgrm-captioned=\"\" data-instgrm-permalink=\"https:\/\/www.instagram.com\/reel\/DF_EO3uA76l\/?utm_source=ig_embed&amp;utm_campaign=loading\" data-instgrm-version=\"14\" style=\" background:#FFF; border:0; border-radius:3px; box-shadow:0 0 1px 0 rgba(0,0,0,0.5),0 1px 10px 0 rgba(0,0,0,0.15); margin: 1px; max-width:540px; min-width:326px; padding:0; width:99.375%; width:-webkit-calc(100% - 2px); width:calc(100% - 2px);\"\/>\n<p>Les \u00e9tudiants ont envoy\u00e9 une d\u00e9claration \u00ab\u00a0SKC sous blocus\u00a0\u00bb indiquant qu\u2019un groupe auto-organis\u00e9 avait occup\u00e9 le SKC. Ils ont invit\u00e9 tout le monde \u00e0 se joindre au pl\u00e9num \u00e0 22h. \u00ab\u00a0Nous invitons les citoyens \u00e0 se rassembler devant le b\u00e2timent du SKC pour nous montrer leur soutien. Nous avons besoin d\u2019une aide ext\u00e9rieure pour garder le b\u00e2timent et nous prot\u00e9ger des menaces potentielles. Nous appr\u00e9cierions \u00e9galement des dons &#8211; sacs de couchage, couvertures, tapis, nourriture, radiateurs, lampes, rallonges&#8230; Pour l\u2019instant, seuls les \u00e9tudiants peuvent entrer dans le b\u00e2timent du SKC, mais nous esp\u00e9rons que nous pourrons bient\u00f4t ouvrir les portes \u00e0 tout le monde\u00a0\u00bb, ont-ils d\u00e9clar\u00e9 dans le communiqu\u00e9.<\/p>\n<p>\u00ab\u00a0Le SKC, qui \u00e9tait autrefois le c\u0153ur de la vie culturelle de Belgrade, est d\u00e9sormais lou\u00e9 \u00e0 des soci\u00e9t\u00e9s priv\u00e9es et ce n\u2019est qu\u2019une question de temps avant qu\u2019il ne disparaisse compl\u00e8tement\u00a0\u00bb, ont-il soulign\u00e9. Les \u00e9tudiants ont \u00e9galement expliqu\u00e9 qu\u2019ils \u00e9taient l\u00e0 pour insuffler une nouvelle vie au SKC. \u00ab\u00a0Nous voulons offrir un programme culturel gratuit et de qualit\u00e9, lib\u00e9rer de l\u2019espace pour la pens\u00e9e critique et l\u2019auto-\u00e9ducation, cr\u00e9er un lieu de nouvelles rencontres et d\u2019\u00e9change d\u2019id\u00e9es, un lieu o\u00f9 nous revenons volontiers et qui fait partie int\u00e9grante de notre vie.\u00a0\u00bb<\/p>\n<p>Les travailleurs de l\u2019IT rejoignent les \u00e9tudiants<\/p>\n<p><strong>16h20\u00a0:<\/strong> Les travailleurs de l\u2019IT \u00e9taient en gr\u00e8ve ce mercredi, ils ont rejoint les \u00e9tudiants \u00e0 Novi Sad et \u00e0 Belgrade, o\u00f9 ils ont d\u00e9fil\u00e9 dans les rues de Novi Beograd jusqu\u2019au Palais de Serbie, o\u00f9 ils ont observ\u00e9 les rituelles quinze minutes de silence.<\/p>\n<p>Les manifestations \u00e9tudiantes paralysent-elles l\u2019\u00e9conomie\u00a0?<\/p>\n<p><strong>10h30\u00a0:<\/strong> Les blocus prendront bient\u00f4t fin, car ils \u00ab\u00a0d\u00e9truisent notre \u00e9conomie\u00a0\u00bb et affectent les salaires et les retraites, a d\u00e9clar\u00e9 le pr\u00e9sident Vu\u010di\u0107 sur Pink TV. Ce n\u2019est pas la premi\u00e8re fois que le gouvernement tente de bl\u00e2mer les \u00e9tudiants pour l\u2019impact n\u00e9gatif sur la situation \u00e9conomique du pays.<\/p>\n<p>Les \u00e9conomistes affirment cependant que le pr\u00e9sident n\u2019a pr\u00e9sent\u00e9 aucune preuve de ces accusations. Selon l\u2019analyste \u00e9conomique Bogdan Petrovi\u0107, celles-ci visent \u00e0 d\u00e9tourner l\u2019attention du public des vrais probl\u00e8mes\u00a0: \u00ab\u00a0Je pense que tout cela fait partie d\u2019une campagne visant \u00e0 convaincre la population que les blocus sont nocifs\u00a0\u00bb.<\/p>\n<p>Pour Bo\u017eo Dra\u0161kovi\u0107, professeur d\u2019\u00e9conomie \u00e0 la retraite, le pr\u00e9sident devrait avant tout r\u00e9pondre aux demandes des \u00e9tudiants. Selon lui, il est normal que dans de telles circonstances il y ait certains obstacles au fonctionnement de l\u2019\u00e9conomie, mais ils sont mineurs.<\/p>\n<p>\u00ab\u00a0Il serait pr\u00e9f\u00e9rable qu\u2019il arr\u00eate de d\u00e9penser de l\u2019argent comme un milliardaire ivre dans des investissements improductifs comme le Stade national, ou qu\u2019il explique pourquoi il a fait don de milliards d\u2019euros de terrains municipaux, en faisant passer une loi selon laquelle aucune compensation n\u2019est vers\u00e9e pour la conversion de ces terrains en propri\u00e9t\u00e9s priv\u00e9es. Qu\u2019il explique cela aux retrait\u00e9s et aux autres citoyens\u00a0\u00bb, a-t-il d\u00e9clar\u00e9 \u00e0 Vreme.<\/p>\n<p>En route pour Kragujevac, les \u00e9tudiants de Ni\u0161 font \u00e9tape \u00e0 Aleksinac<\/p>\n<p><strong>11 f\u00e9vrier &#8211; 19h15\u00a0:<\/strong> Partis \u00e0 pied ce matin de Ni\u0161, 170 \u00e9tudiants sont arriv\u00e9s en d\u00e9but de soir\u00e9e dans la petite ville d\u2019Aleksinac, \u00e0 une trentaine de kilom\u00e8tres de distance, o\u00f9 ils passeront la nuit et o\u00f9 ils ont \u00e9t\u00e9 accueillis par une foule en liesse. De nombreux habitants de la ville avaient pr\u00e9par\u00e9 de la nourriture \u00e0 leur intention.<\/p>\n<p>\u00ab\u00a0Th\u00e9\u00e2tre ambulant\u00a0\u00bb des travailleurs de la culture dans les rues de Belgrade<\/p>\n<p><strong>11 f\u00e9vrier &#8211; 16h15\u00a0:<\/strong> De th\u00e9\u00e2tre en th\u00e9\u00e2tre jusqu\u2019au minist\u00e8re du Travail, de l\u2019Emploi, des Anciens Combattants et des Affaires sociales &#8211; c\u2019est ainsi que s\u2019est d\u00e9roul\u00e9e la marche de protestation des artistes de th\u00e9\u00e2tre, des \u00e9tudiants et des citoyens de Belgrade.<\/p>\n<p>Devant le b\u00e2timent du minist\u00e8re, rue Nemanjina, les personnes rassembl\u00e9es ont rendu un hommage de 15 minutes aux victimes de l\u2019effondrement de la verri\u00e8re \u00e0 Novi Sad. La colonne \u00ab\u00a0Th\u00e9\u00e2tre ambulant\u00a0\u00bb est partie de la basilique Saint-Sava pour passer par les th\u00e9\u00e2tres de Belgrade ferm\u00e9s depuis sept jours en soutien aux revendications \u00e9tudiantes.<\/p>\n<p>Lausanne\u00a0: \u00ab\u00a0Nous sommes au-del\u00e0 des fronti\u00e8res, mais du juste c\u00f4t\u00e9\u00a0\u00bb<\/p>\n<p><strong>11 f\u00e9vrier &#8211; 15h\u00a0:<\/strong> Environ 200 membres de la communaut\u00e9 serbe se sont rassembl\u00e9s Samedi 8 f\u00e9vrier \u00e0 11h sur la place Saint-Laurent \u00e0 Lausanne, afin d\u2019exprimer leur soutien aux revendications \u00e9tudiantes en Serbie.<\/p>\n<p>L\u2019\u00e9v\u00e9nement a d\u00e9but\u00e9 par le port de banderoles portant divers messages, tels que \u00ab\u00a0Quand je serai grand, je serai \u00e9tudiant\u00a0\u00bb, \u00ab\u00a0Nous sommes au-del\u00e0 des fronti\u00e8res, mais du juste c\u00f4t\u00e9\u00a0\u00bb, \u00ab\u00a0\u00a0La corruption tue\u00a0\u00bb et \u00ab\u00a0Pas de dialogue tant que nos m\u00e2choires sont disloqu\u00e9es\u00a0\u00bb. Ensuite, les participants ont chant\u00e9 l\u2019hymne national \u00ab\u00a0Bo\u017ee pravde\u00a0\u00bb (Dieu de la justice), ainsi que les chansons de soutien aux \u00e9tudiants. Cette partie cr\u00e9ative s\u2019est termin\u00e9e par la r\u00e9citation du po\u00e8me du po\u00e8te Vasko Popa, \u00ab\u00a0Hommage au loup boiteux\u00a0\u00bb.<\/p>\n<p>\u00c0 la fin de l\u2019\u00e9v\u00e9nement, les noms des 15 victimes du tragique accident ont \u00e9t\u00e9 lus, suivis de quinze minutes de silence \u00e0 11h52, l\u2019heure exacte de l\u2019effondrement de l\u2019auvent de la gare de Novi Sad. Ce moment a \u00e9t\u00e9 particuli\u00e8rement \u00e9mouvant pour les participants, car une proche d\u2019Anja Radonji\u0107, l\u2019une des victimes, \u00e9tait pr\u00e9sente. Anja avait \u00e9t\u00e9 gri\u00e8vement bless\u00e9e lors de l\u2019effondrement de la structure et est d\u00e9c\u00e9d\u00e9e \u00e0 l\u2019h\u00f4pital apr\u00e8s 17 jours de lutte.<\/p>\n<p>Des rassemblements similaires ont d\u00e9j\u00e0 eu lieu \u00e0 Gen\u00e8ve, Berne, B\u00e2le et Zurich, et d\u2019autres manifestations sont pr\u00e9vues dans les semaines \u00e0 venir, notamment \u00e0 Gen\u00e8ve et \u00e0 Lucerne, le 15 f\u00e9vrier 2025.<\/p>\n<p>Depuis Ni\u0161 et Belgrade, les \u00e9tudiants prennent la route de Kragujevac<\/p>\n<p><strong>11 f\u00e9vrier &#8211; 10h20\u00a0:<\/strong> Alors que 170 \u00e9tudiants de Belgrade et de Novi Sad ont pris ce matin \u00e0 pied la route de Kragujevac, emmenant apportant avec eux de la nourriture, de l\u2019eau, des tentes et le drapeau de la Serbie, 200 \u00e9tudiants de Ni\u0161 ont \u00e9galement pris la route de Kragujevac &#8211; soit 151 kilom\u00e8tres. Tous doivent se retrouver vendredi soir, \u00e0 la veille de la grande manifestation de samedi.<\/p>\n<p>La \u0161tafeta de Novi Sad est arriv\u00e9e \u00e0 Belgrade, les \u00e9tudiants partent \u00e0 pied pour Kragujevac<\/p>\n<p><strong>11 f\u00e9vrier &#8211; 7h30\u00a0:<\/strong> Les \u00e9tudiants de l\u2019Universit\u00e9 de Novi Sad sont arriv\u00e9s sur la Place des \u00e9tudiants \u00e0 Belgrade mardi soir. Un tapis rouge a \u00e9t\u00e9 d\u00e9roul\u00e9 en leur honneur et des m\u00e9dailles symboliques leur ont \u00e9t\u00e9 d\u00e9cern\u00e9es.<\/p>\n<p>Les \u00e9tudiants de Novi Sad et de Belgrade vont partir \u00e0 pied pour Kragujevac, esp\u00e9rant y arriver vendredi soir, veille de la grande manifestation pr\u00e9vue samedi 15 f\u00e9vrier, jour anniversaire du premier soul\u00e8vement serbe de 1804.<\/p>\n<p>Par ailleurs, des cyclistes de Novi Sad partiront mercredi matin du Rectorat de l\u2019Universit\u00e9 en direction de Belgrade, o\u00f9 ils arriveront dans l\u2019apr\u00e8s-midi. Ils seront rejoints le lendemain par des cyclistes venus de Belgrade et se rendront ensemble \u00e0 Kragujevac.<\/p>\n<p>Les \u00e9tudiants de Novi Sad entament une course-relais vers Belgrade<\/p>\n<p><strong>10 f\u00e9vrier &#8211; 10h15\u00a0:<\/strong> Les \u00e9tudiants de Novi Sad ont annonc\u00e9 dimanche soir qu\u2019ils se joindraient \u00e0 la manifestation \u00e0 Kragujevac le 15 f\u00e9vrier, et qu\u2019ils organiseraient une course-relais jusqu\u2019\u00e0 Belgrade.<\/p>\n<p>\u00ab\u00a0Notre plan est de rendre hommage aux victimes demain de 11h52 \u00e0 12h07 devant la gare de notre ville, apr\u00e8s quoi commencera la course de relais vers Belgrade\u00a0\u00bb, ont-ils indiqu\u00e9 dans un communiqu\u00e9 de presse. L\u2019arriv\u00e9e est pr\u00e9vue entre minuit et 2 heures du matin, mardi 11 f\u00e9vrier.<\/p>\n<p>Th\u00e9\u00e2tres en gr\u00e8ve<\/p>\n<p><strong>10h\u00a0:<\/strong> Les troupes dramatiques des th\u00e9\u00e2tres de Belgrade, Novi Sad, Sombor et Zrenjanin se sont mis en gr\u00e8ve pour une dur\u00e9e de sept jours. Le Th\u00e9\u00e2tre national, Atelje 212, le Th\u00e9\u00e2tre dramatique de Belgrade, le Th\u00e9\u00e2tre Bo\u0161ko Buha, le Petit Th\u00e9\u00e2tre Du\u0161ko Radovi\u0107, le Th\u00e9\u00e2tre Terazije et le Th\u00e9\u00e2tre dramatique yougoslave ne suspendront leurs repr\u00e9sentations, tout comme Th\u00e9\u00e2tre national serbe, le Th\u00e9\u00e2tre de la Jeunesse, la plupart des collectifs du Th\u00e9\u00e2tre de Novi Sad\/\u00dajvid\u00e9ki Sz\u00ednh\u00e1z, ainsi que le Th\u00e9\u00e2tre national de Sombor et le Th\u00e9\u00e2tre To\u0161a Jovanovi\u0107 de Zrenjanin.<\/p>\n<p>La \u0161tafeta des \u00e9tudiants est arriv\u00e9e \u00e0 Belgrade<\/p>\n<p><strong>9 f\u00e9vrier &#8211; 20h45\u00a0:<\/strong> Les \u00e9tudiants marathoniens qui ont parcouru une course-relais de Kragujevac \u00e0 Belgrade (115km) sont arriv\u00e9s plus t\u00f4t que pr\u00e9vu ce soir dans la capitale serbe, dans le quartier de Vo\u017edovac, alors que les citoyens sont descendus dans les rues pour les accueillir. La foule se rassemble \u00e0 la basilique Saint-Sava.<\/p>\n<p>\u00ab\u00a0100 jours qu\u2019on fait du bruit &#8211; 100 jours qu\u2019ils se taisent\u00a0\u00bb<\/p>\n<p><strong>20h30\u00a0:<\/strong> C\u2019\u00e9tait le slogan de ce dimanche, 100 jours apr\u00e8s la chute de l\u2019auvent de la gare de Novi Sad, qui a fait quinze morts et deux bless\u00e9s graves. \u00c0 Belgrade, les \u00e9tudiants de la Facult\u00e9 d\u2019agriculture, avec le soutien des citoyens et des agriculteurs, ont bloqu\u00e9 le pont Gazela de 11h \u00e0 18h. \u00c0 Novi Sad, trois carrefours importants ont \u00e9t\u00e9 bloqu\u00e9s jusqu\u2019\u00e0 14h, et \u00e0 Ni\u0161, la station de p\u00e9age Ni\u0161-sever a \u00e9t\u00e9 bloqu\u00e9e \u00e0 partir de 13 heures, une action qui devrait durer jusqu\u2019\u00e0 21h, voire plus.<\/p>\n<p>D\u2019autres manifestations ont eu lieu \u00e0 Smederevo, Po\u017earevac, Subotica, Brus, Ruma, Zaje\u010dar, Vladimirci, Selen\u010da, Vr\u0161ac, Lov\u0107ena, Zrenjanin, \u010ca\u010dak, Gornji Milanovac&#8230;<\/p>\n<p>Toronto avec les \u00e9tudiants<\/p>\n<p><strong>20h\u00a0:<\/strong> \u00ab\u00a0Les trottoirs de Toronto avec les \u00e9tudiants\u00a0\u00bb\u00a0: un rassemblement de soutien aux \u00e9tudiants en Serbie a eu lieu devant le consulat g\u00e9n\u00e9ral de Serbie \u00e0 Toronto. L\u2019\u00e9v\u00e9nement a r\u00e9uni environ 200 membres de la diaspora serbe, et a commenc\u00e9 symboliquement \u00e0 11h52. Les manifestants ont observ\u00e9 quinze minutes de silence.<\/p>\n<p>Il s\u2019agissait de la troisi\u00e8me manifestation cons\u00e9cutive \u00e0 Toronto. D\u2019autres manifestations ont eu lieu dans la monde, en Su\u00e8de, en Allemagne, en Belgique, etc.<\/p>\n<p>Les \u00e9tudiants organisent une course-relais de Kragujevac \u00e0 Belgrade<\/p>\n<p><strong>9h\u00a0:<\/strong> Cinq \u00e9tudiants de l\u2019Universit\u00e9 de Kragujevac commenceront ce dimanche une course-relais jusqu\u2019\u00e0 Belgrade pour inviter leurs coll\u00e8gues de Novi Sad, Ni\u0161 et Belgrade \u00e0 la grande manifestation pr\u00e9vue \u00e0 Kragujevac le 15 f\u00e9vrier, reprenant la tradition yougoslave de \u0161tafeta. La course a d\u00e9marr\u00e9 \u00e0 9h du matin devant la Facult\u00e9 des Sciences m\u00e9dicales et se terminera devant le temple de Saint-Sava \u00e0 Belgrade vers 22 heures. Les \u00e9tudiants parcourront 115 kilom\u00e8tres en environ 13 heures.<\/p>\n<p>Ce dimanche \u00e9galement, de 11h \u00e0 14h, trois carrefours de Novi Sad seront bloqu\u00e9s, emp\u00eachant l\u2019entr\u00e9e dans la ville. Ces blocus sont organis\u00e9s \u00e0 l\u2019occasion des 100 jours depuis la trag\u00e9die \u00e0 la gare. D\u2019autres manifestations sont pr\u00e9vues partout ailleurs dans le pays. A Ni\u0161, les p\u00e9ages de l\u2019autoroute de Belgrade seront bloqu\u00e9s durant douze heures.<\/p>\n<p>\u00c0 Belgrade, les \u00e9tudiants de la Facult\u00e9 d\u2019Agriculture ont annonc\u00e9 sur lInstagram qu\u2019ils organiseraient aujourd\u2019hui un blocus du pont Gazela. \u00ab\u00a0Cela fait 100 jours que la trag\u00e9die de Novi Sad s\u2019est produite et personne n\u2019a encore \u00e9t\u00e9 tenu responsable des quinze vies perdues.\u00a0\u00bb \u00ab\u00a0Nous insistons pour que les institutions concern\u00e9es assument leurs responsabilit\u00e9s\u00a0\u00bb, ont d\u00e9clar\u00e9 les \u00e9tudiants dans le message. Comme annonc\u00e9, le pont sera bloqu\u00e9 de 11h \u00e0 18h.<\/p>\n<p>Slov\u00e9nie\u00a0: les manifestants d\u00e9noncent les propos du maire de Ljubljana<\/p>\n<p><strong>9 f\u00e9vrier &#8211; 8h\u00a0:<\/strong> Samedi, plusieurs milliers de manifestants ont r\u00e9clam\u00e9 que le maire de Ljubljana, Zoran Jankovi\u0107, d\u2019origine serbe, pr\u00e9sente des excuses apr\u00e8s ses propos de soutien \u00e0 Aleksandar Vu\u010di\u0107. Le rassemblement avait commenc\u00e9 \u00e0 11h52 aux abords de l\u2019ambassade de Serbie par quinze minutes de silence, avant de se diriger vers la mairie de la capitale slov\u00e8ne.<\/p>\n<p>Ponts et routes bloqu\u00e9s \u00e0 Belgrade et U\u017eice<\/p>\n<p><strong>7 f\u00e9vrier &#8211; 17h20\u00a0:<\/strong> Ce vendredi, des dizaines de rassemblements ont eu lieu \u00e0 travers toute la Serbie, notamment \u00e0 Belgrade, o\u00f9 le pont de Pupin, sur le Danube, a \u00e9t\u00e9 bloqu\u00e9 par plusieurs centaines d\u2019\u00e9tudiants et de lyc\u00e9ens. De m\u00eame, apr\u00e8s un rassemblements dans le centre d\u2019U\u017eice, \u00e9tudianst et citoyens de cette ville ont bloqu\u00e9 pendant deux heures et demi la route nationale U\u017eice-Zlatibor.<\/p>\n<p>Les travailleurs de la sant\u00e9 de Ni\u0161 se sont rassembl\u00e9s pour exprimer leur soutien aux \u00e9tudiants. Des rassemblements ont \u00e9galement eu lieu pour la premi\u00e8re \u00e0 Bujanovac, Crna Trava et d\u2019autres petites villes du sud de la Serbie.<\/p>\n<p>Les \u00e9tudiants et les lyc\u00e9ens de Subotica ont appel\u00e9 \u00e0 un blocage total des \u00e9coles.<\/p>\n<p>Divis\u00e9e, l\u2019Union europ\u00e9enne ne veut pas s\u2019engager<\/p>\n<p><strong>7 f\u00e9vrier &#8211; 9h\u00a0:<\/strong> Dans un interview accord\u00e9e \u00e0 <a href=\"https:\/\/www.slobodnaevropa.org\/a\/picula-eu-srbija-studenti-gradjani-protesti-blokade\/33305930.html\" class=\"spip_out\" rel=\"external noopener\" target=\"_blank\">Radio Slobodna Evropa<\/a>, l\u2019eurod\u00e9put\u00e9 croate Tonino Picula (S&amp;D), rapporteur du Parlement europ\u00e9en sur la Serbie, estime que l\u2019Union europ\u00e9enne est divis\u00e9e face au mouvement de protestation, et choisit la politique du \u00ab\u00a0wait and see\u00a0\u00bb, pour savoir comment \u00e9voluera le mouvement.<\/p>\n<p>Les retrait\u00e9s rejoignent les \u00e9tudiants<\/p>\n<p><strong>5 f\u00e9vrier &#8211; 16h\u00a0:<\/strong> Des centaines de retrait\u00e9s se sont rassembl\u00e9s mercredi matin sur la Place de la R\u00e9publique, dans le centre de Belgrade. Ils ont rejoint en cort\u00e8ge les \u00e9tudiants de la Facult\u00e9 de Philologie, avec qui ils ont observ\u00e9 les quinze minutes de silence de 11h52, avant de d\u00e9filer dans le centre de la capitale derri\u00e8re une grande banderole proclamant\u00a0: \u00ab\u00a0les enfants, en avant\u00a0!\u00a0\u00bb.Ils portaient des pancartes proclamant\u00a0: \u00ab\u00a0les retrait\u00e9s avec les \u00e9tudiants, les \u00e9tudiants \u00e9crivent l\u2019histoire\u00a0!\u00a0\u00bb<\/p>\n<p>Les \u00e9l\u00e8ves votent l\u2019occupation de l\u2019\u00e9cole de m\u00e9decine de Subotica<\/p>\n<p><strong>3 f\u00e9vrier &#8211; 17h\u00a0:<\/strong> Les \u00e9tudiants de l\u2019\u00e9cole secondaire de m\u00e9decine de Subotica, dans le nord de la Serbie, ont vot\u00e9 \u00e0 la majorit\u00e9 pour bloquer l\u2019\u00e9cole, lors d\u2019un pl\u00e9num ce 4 f\u00e9vrier. L\u2019\u00e9cole est par ailleurs d\u00e9j\u00e0 en gr\u00e8ve, avec des cours r\u00e9duits \u00e0 30 minutes.<\/p>\n<p>La directrice de l\u2019\u00c9cole secondaire de m\u00e9decine de Subotica, Natalija Trbovi\u0107 Toljagi\u0107, ne reconna\u00eet pas la d\u00e9cision du pl\u00e9num des \u00e9tudiants. Les professeurs de la facult\u00e9 de m\u00e9decine n\u2019ont pas encore comment\u00e9 le blocage des \u00e9tudiants. L\u2019une des enseignantes, Gordana Ba\u0161i\u0107, qui travaille dans cette \u00e9cole depuis plus de trois d\u00e9cennies, a d\u00e9clar\u00e9 lors d\u2019une r\u00e9union le 4 f\u00e9vrier que \u00ab\u00a0les enseignants re\u00e7oivent des informations contradictoires de la part de la directrice\u00a0\u00bb, car elle leur annonce que les cours vont se poursuivre, malgr\u00e9 la d\u00e9cision des \u00e9tudiants de bloquer l\u2019\u00e9cole. .<\/p>\n<p>\u00ab\u00a0Journal libre\u00a0\u00bb de la t\u00e9l\u00e9vision de Vo\u00efvodine<\/p>\n<p><strong>3 f\u00e9vrier &#8211; 15h\u00a0:<\/strong> Des employ\u00e9s de la Radiot\u00e9l\u00e9vision de Vo\u00efvodine (RTV) se sont rassembl\u00e9s le 3 f\u00e9vrier devant le b\u00e2timent de l\u2019institution \u00e0 Novi Sad, critiquant les reportages du service public provincial sur les manifestations \u00e9tudiantes et civiques en Serbie. A 17 heures, alors que RTV diffusait son principal programme d\u2019information, ils ont organis\u00e9 une lecture en plein air d\u2019un \u00ab\u00a0Journal libre\u00a0\u00bb (\u00ab\u00a0Slobodni Dnevniuk\u00a0\u00bb), en signe de protestation contre la censure de l\u2019information.<\/p>\n<p>Serbie\u00a0: les travailleurs de la Culture bloquent le minist\u00e8re<\/p>\n<p><strong>3 f\u00e9vrier &#8211; 15h\u00a0:<\/strong> A l\u2019appel du groupe \u00ab\u00a0Culture bloqu\u00e9e\u00a0\u00bb, des travailleurs de la culture ont occup\u00e9 leur minist\u00e8re de tutelle jusqu\u2019\u00e0 15h30, apr\u00e8s avoir observ\u00e9 quinze minutes de silence en l\u2019honneur des victimes de Novi Sad. Ils affirment leur soutien aux \u00e9tudiants, tout en affirmant leurs propres revendications, concernant notamment la baisse des financements publics de la culture. Sur la porte principale du minist\u00e8re, une banderole proclame \u00ab\u00a0tout le pouvoir aux pl\u00e9nums\u00a0\u00bb.<\/p>\n<p>Mercredi, ce sont les employ\u00e9s dde compagnie de transport de la ville de Belgrade (GSP) organiseront une manifestation devant le si\u00e8ge du GSP \u00e0 Dor\u0107ol le mercredi 5 f\u00e9vrier \u00e0 9 heures du matin, puis soumettront leurs revendications \u00e0 l\u2019Assembl\u00e9e de la ville de Belgrade, selon un communiqu\u00e9 du syndicat du GSP.<\/p>\n<p>Quatre cort\u00e8ges convergent vers le centre de Ni\u0161<\/p>\n<p><strong>2 f\u00e9vrier &#8211; 17h\u00a0:<\/strong> \u00c9tudiants et citoyens s\u2019\u00e9taient donn\u00e9s rendez \u00ab\u00a0\u00e0 quatre heures sur les quatre\u00a0\u00bb, bloquant les quatre ponts de la ville \u00e0 16h, avant de s\u2019\u00e9branler en quatre cort\u00e8ges en direction du centre de la ville, place Kralja Milana, ainsi que le rapportent les <a href=\"https:\/\/www.juznevesti.com\/drustvo\/protest-u-nisu-studenti-i-gradjani-se-okupili-na-4-mosta-krenuli-ka-trgu-kralja-milana\/\" class=\"spip_out\" rel=\"external noopener\" target=\"_blank\">Ju\u017ene vesti<\/a>.<\/p>\n<p>\u00c0 Belgrade, le faubourg de \u010cukarica a \u00e9t\u00e9 bloqu\u00e9 ce dimanche apr\u00e8s-midi, avant que des milliers de personnes ne partent en cort\u00e8ge vers la Foire de Belgrade. Des milliers de citoyens bloquent \u00e9galement le pont de \u0160abac.<\/p>\n<p>Les ponts de Novi Sad restent bloqu\u00e9s jusqu\u2019\u00e0 18 heures<\/p>\n<p><strong>2 f\u00e9vrier &#8211; 17h\u00a0:<\/strong> Les \u00e9tudiants et les citoyens ont d\u00e9cid\u00e9 de poursuivre le blocage des ponts jusqu\u2019\u00e0 18 heures.<\/p>\n<p><strong>2 f\u00e9vrier &#8211; 14h\u00a0:<\/strong> Apr\u00e8s l\u2019\u00e9norme manifestation de samedi, les trois ponts sur le Danube de Novi Sad sont rest\u00e9s bloqu\u00e9s pour 24h. Sur les ponts et \u00e0 leurs abords, on cuisine, on joue aux cartes, aux football ou au basket. Un coiffeur a m\u00eame install\u00e9 un fautenil en proposant des coupes gratuites pour les \u00e9tudiants. De nombreux citoyens sont aussi venus apporter leur soutien. Une exposition de photo a \u00e9t\u00e9 install\u00e9 dans un parc, tandis que s\u2019affichent aussi des messages de soutien.<\/p>\n<p>Madona et Marina Abramovi\u0107 soutiennent le mouvement<\/p>\n<p><strong>2 f\u00e9vrier &#8211; 13h\u00a0: <\/strong>  La star pop Madonna a apport\u00e9 son soutien en postant sur Instagram une vid\u00e9o de l\u2019occupation des ponts de Novi Sad, avec le message \u00ab\u00a0power of unity\u00a0\u00bb, tandis que la plasticienne Marina Abramovi\u0107, originaire du Mont\u00e9n\u00e9gro, apportait aussi son soutien, en \u00e9crivant\u00a0: \u00ab\u00a0les \u00e9tudiants de Serbie sont les h\u00e9ros d\u2019aujourd\u2019hui.\u00a0\u00bb<\/p>\n<p>Manifestations \u00e0 travers toute la Serbie<\/p>\n<p><strong>2 f\u00e9vrier &#8211; 11h\u00a0: <\/strong> Des dizaines de rassemblements ont \u00e9t\u00e9 organis\u00e9s samedi \u00e0 travers tout la Serbie, pas seulement \u00e0 Novi Sad, mais aussi dans de petites communes comme \u00e0 Gad\u017ein Han, Ra\u017eanj, Brestovac, Vu\u010dje et Trgovi\u0161te.<\/p>\n<blockquote class=\"twitter-tweet\">\n<p lang=\"und\" dir=\"ltr\">Protesti u Gad\u017einom Hanu, Ra\u017enju, Brestovcu, Vu\u010dju i Trgovi\u0161tu \u2013 \u201csvedo\u010dimo ra\u0111anju slobode\u201d<a href=\"https:\/\/t.co\/46mN6tDX97\">https:\/\/t.co\/46mN6tDX97<\/a><\/p>\n<p>\u2014 Ju\u017ene vesti (@juznevesti) <a href=\"https:\/\/twitter.com\/juznevesti\/status\/1886023888481439754?ref_src=twsrc%5Etfw\" target=\"_blank\" rel=\"noopener\">February 2, 2025<\/a><\/p>\n<\/blockquote>\n<p>Marina Abramovi\u0107<\/p>\n<p>Des dizaines de milliers de citoyens bloquent les ponts de Novi Sad<\/p>\n<p><strong>1er f\u00e9vrier &#8211; 17h\u00a0:<\/strong> Toutes g\u00e9n\u00e9rations confondues, \u00e9tudiants et citoyens ont bloqu\u00e9 les trois ponts de Novi Sad. Pour \u00e9viter des risques de surcharge, ils se concentrent davantage sur les routes d\u2019acc\u00e8s plut\u00f4t que sur les ponts eux-m\u00eames. \u00c0 partir de 18 heures, les manifestants se rassembleront sur le Pont de la Libert\u00e9, o\u00f9 le blocage durera 24 heures. Le d\u00e9roulement en sera d\u00e9cid\u00e9 lors d\u2019un pl\u00e9num citoyen.<\/p>\n<p>Pendant ce temps, la diaspora serbe a organis\u00e9 des rassemblements un peu partout en Europe, \u00e0 Paris, Vienne, Londres, Berlin, Stockholm, Malm\u00f6 ou encore Zurich&#8230; Les \u00e9tudiants de Koper, en Slov\u00e9nie, r\u00e9unis en plenum, ont aussi apport\u00e9 \u00e0 leurs coll\u00e8gues de Serbie.<\/p>\n<p>Les \u00e9tudiants se pr\u00e9parent \u00e0 bloquer les trois ponts de Novi Sad<\/p>\n<p><strong>13h30\u00a0:<\/strong> Plusieurs centaines de motards se sont rendus de Belgrade \u00e0 Novi Sad, o\u00f9 les \u00e9tudiants pr\u00e9voient de bloquer les trois ponts &#8211; le pont de la Libert\u00e9, le pont \u017de\u017eelj et le pont Varadin &#8211; sur le Danube \u00e0 partir de 15 heures jusqu\u2019\u00e0 18 heures, trois heures de blocage pour comm\u00e9morer les trois mois \u00e9coul\u00e9s depuis l\u2019effondrement de l\u2019auvent de la gare de Novi Sad. Les manifestants se rassembleront ensuite sur le pont de la Libert\u00e9, qu\u2019ils bloqueront jusqu\u2019\u00e0 dimanche 15 heures.<\/p>\n<p>En plus des motards, les agriculteurs ont rejoint les \u00e9tudiants de l\u2019universit\u00e9 de Novi Sad avec des tracteurs pour les prot\u00e9ger des attaques auxquelles ils sont expos\u00e9s lors des blocus. De nombreux citoyens ont en outre pris la route de Belgrade \u00e0 Novi Sad, provoquant d\u2019importants embouteillages ce samedi matin.<\/p>\n<p>\u00c0 Gen\u00e8ve, des citoyens serbes se rassembleront \u00e9galement cet apr\u00e8s-midi pour soutenir. Le rassemblement est pr\u00e9vu \u00e0 15h30 sur la Promenade Wilson, au bord du lac L\u00e9man, non loin du Palais Wilson, qui abrite le si\u00e8ge du Haut-Commissariat des Nations unies aux droits de l\u2019homme. Le rassemblement devrait durer jusqu\u2019\u00e0 18 heures.<\/p>\n<p>En Croatie, des rassemblements \u00e0 Zagreb, Split et Osijek sont aussi pr\u00e9vus en soutien aux manifestations \u00e9tudiantes en Serbie.<\/p>\n<p>Des dizaines de milliers de personnes ont accueilli les \u00e9tudiants \u00e0 Novi Sad<\/p>\n<p><strong>31 janvier &#8211; 22h\u00a0:<\/strong> Des dizaines de milliers de personnes ont accueilli vendredi soir \u00e0 Novi Sad les \u00e9tudiants partis \u00e0 pied la veille de Belgrade. Sur le pont Duga, ils ont \u00e9t\u00e9 accueilli par leurs coll\u00e8gues de Novi Sad, avec lesquels ils ont \u00e9chang\u00e9 les drapeaux des deux villes et des universit\u00e9s de Belgrade et de Novi Sad.<\/p>\n<p>De l\u00e0, ils ont march\u00e9 ensemble jusqu\u2019\u00e0 la gare, o\u00f9 ils ont observ\u00e9 un silence de quinze minutes pour rendre hommage aux personnes tu\u00e9es dans l\u2019effondrement de l\u2019auvent. Samedi, un blocage des trois ponts sur le Danube de Novi Sad est pr\u00e9vue, trois mois apr\u00e8s cette trag\u00e9die qui a provoqu\u00e9 la mort de quinze personnes.<\/p>\n<p>Les \u00e9tudiants poursuivent leur marche vers Novi Sad<\/p>\n<p><strong>31 janvier &#8211; 8h30\u00a0:<\/strong> Apr\u00e8s avoir pass\u00e9 la nuit dans la petite ville d\u2019In\u0111ija, \u00e0 une quarantaine de kilom\u00e8tres de Belgrade, les \u00e9tudiants poursuivent ce vendredi leur marche vers Novi Sad, o\u00f9 une grande manifestation est pr\u00e9vue samedi. Ils ont dormi en plein air, sur les terrains de sport, la mairie ayant refus\u00e9 de leur ouvrir les b\u00e2timents du centre sportif.<\/p>\n<p> RSF demande la justice pour l\u2019agression d\u2019au moins douze journalistes <\/p>\n<p><strong>30 janvier &#8211; 15h\u00a0:<\/strong> Les journalistes, r\u00e9guli\u00e8rement cibles d\u2019attaques physiques, sont en premi\u00e8re ligne de la violence des forces de l\u2019ordre et des sympathisants du pr\u00e9sident de la R\u00e9publique, Vu\u010di\u0107, en marge des manifestations contre la corruption embrasant la Serbie depuis novembre. Dans <a href=\"https:\/\/rsf.org\/fr\/manifestations-anti-corruption-en-serbie-rsf-demande-la-justice-pour-l-agression-d-au-moins-12\" class=\"spip_out\" rel=\"external noopener\" target=\"_blank\">un communiqu\u00e9<\/a>, Reporters sans fronti\u00e8res (RSF) exhorte les autorit\u00e9s \u00e0 mettre fin aux violences et \u00e0 punir leurs auteurs.<\/p>\n<p>Des centaines d\u2019\u00e9tudiants partent \u00e0 pied de Belgrade vers Novi Sad<\/p>\n<p><strong>30 janvier &#8211; 10h45\u00a0:<\/strong> Des centaines d\u2019\u00e9tudiants sont partis \u00e0 pied ce jeudi matin de Belgrade en direction de Novi Sad, sous le mot d\u2019ordre \u00ab\u00a0un pas pour la justice\u00a0\u00bb (\u00ab\u00a0na korak do pravde\u00a0\u00bb). Au terme d\u2019une marche de 70 km, ils doivent rejoindre samedi 1er f\u00e9vrier les \u00e9tudiants de Novi Sad pour une grande op\u00e9ration de blocage des trois ponts de la ville sur le Danube. Cette manifestation aura lieu trois mois apr\u00e8s la catastrophe de la gare de Novi Sad, le 1er novembre 2024.<\/p>\n<p>Le mouvement se poursuit malgr\u00e9 les d\u00e9missions<\/p>\n<p><strong>29 janvier &#8211; 8h30\u00a0:<\/strong> Le mouvement se poursuit, malgr\u00e9 la d\u00e9mission du Premier ministre et du maire de Novi Sad. Mardi soir, des rassemblements ont eu lieu dans des dizaines de villes de Serbie, notamment \u00e0 Novi Sad, o\u00f9 des milliers de personnes se sont retrouv\u00e9s Boulevard de la Lib\u00e9ration, o\u00f9 les \u00e9tudiants ont \u00e9t\u00e9 attaqu\u00e9s dans la nuit de lundi \u00e0 mardi.<\/p>\n<p>\u00ab\u00a0Les d\u00e9missions n\u2019ont aucun rapport avec nos revendications qui ne sont toujours pas satisfaites\u00a0\u00bb, ont expliqu\u00e9 les \u00e9tudiants, qui occupent toujours une soixantaine de facult\u00e9s \u00e0 travers tout le pays. Demain, les \u00e9tudiants de Belgrade doivent s\u2019engager dans une marche de 90 kilom\u00e8tres jusqu\u2019\u00e0 Novi Sad.<\/p>\n<p><strong>Samedi 1er f\u00e9vrier, 17h <br class=\"autobr\"\/><br \/>\n<a href=\"https:\/\/www.courrierdesbalkans.fr\/Sixiemes-Rencontres-litteraires-du-Courrier-des-Balkans\" target=\"_blank\" rel=\"noopener\">Rencontres du Courrier des Balkans (Arcueil)<\/a><br class=\"autobr\"\/><br \/>\nTable-ronde exceptionnelle\u00a0: \u00ab\u00a0Vos mains sont ensanglant\u00e9es\u00a0!\u00a0\u00bb<br class=\"autobr\"\/><br \/>\nAvec celles et ceux qui se soul\u00e8vent en Serbie.<\/strong><\/p>\n<p>Depuis la trag\u00e9die de la gare de Novi Sad, le 1er novembre, des dizaines de facult\u00e9s et d\u2019\u00e9coles sup\u00e9rieures sont occup\u00e9es \u00e0 travers toute la Serbie, chaque jour, des dizaines de milliers de citoyens manifestent contre la corruption, r\u00e9clamant justice et v\u00e9rit\u00e9. Le Courrier des Balkans invite deux \u00e9tudiants de Novi Sad, Milica Dokmanovi\u0107 et Aleksa Nikoli\u0107.<\/p>\n<p>Le Premier ministre et le maire de Novi Sad ont d\u00e9missionn\u00e9<\/p>\n<p><strong>28 janvier &#8211; 14h\u00a0:<\/strong> Le Premier ministre serbe a d\u00e9missionn\u00e9 mardi matin, au lendemain de l\u2019allocution du pr\u00e9sident Vu\u010di\u0107 sur TV Pink promettant un remaniement minist\u00e9riel. Milo\u0161 Vu\u010devi\u0107 a invoqu\u00e9 le souci de \u00ab\u00a0haute responsabilit\u00e9\u00a0\u00bb de son parti, le SNS, pour justifier son d\u00e9part.<\/p>\n<p>Avant lui, deux ministres avaient d\u00e9missionn\u00e9 \u00e0 la suite de la catastrophe mortelle de la gare de Novi Sad, quand l\u2019auvent, tout juste r\u00e9nov\u00e9, s\u2019est effondr\u00e9, tuant quinze personnes. D\u2019abord, le ministre de la Construction, des Transports et des Infrastructures Goran Vesi\u0107, puis le ministre du Commerce, Tomislav Momirovi\u0107. Milo\u0161 Vu\u010devi\u0107 a d\u00e9clar\u00e9 que sa d\u00e9cision avait \u00e9t\u00e9 motiv\u00e9e par de violentes attaques contre des groupes d\u2019\u00e9tudiants \u00e0 Novi Sad lundi soir.<\/p>\n<p>Ancien maire de Novi Sad, Milo\u0161 Vu\u010devi\u0107 est un homme-cl\u00e9 du r\u00e9gime Vu\u010di\u0107, lui qui a pr\u00e9c\u00e9demment \u00e9t\u00e9 nomm\u00e9 pr\u00e9sident du SNS en mai 2023. Son successeur \u00e0 la mairie de Novi Sad, Milan \u0110uri\u0107, a d\u00e9missionn\u00e9 de son poste dans la foul\u00e9e.<\/p>\n<p>Les promesses de Vu\u010di\u0107 tombent \u00e0 plat<\/p>\n<p><strong>28 janvier &#8211; 10h\u00a0:<\/strong> Aleksandar Vu\u010di\u0107 s\u2019est adress\u00e9 \u00e0 la nation lundi soir sur la t\u00e9l\u00e9vision priv\u00e9e Pink, flanqu\u00e9 du Premier ministre Vu\u010devi\u0107 et de la pr\u00e9sidente du Parlement, Ana Brnabi\u0107. \u00ab\u00a0Nous voulons le dialogue\u00a0\u00bb, a-t-il affirm\u00e9. \u00ab\u00a0La situation actuelle ne convient \u00e0 personne. Elle commence a avoir des cons\u00e9quences sur la stabilit\u00e9 de l\u2019\u00c9tat, sur l\u2019\u00e9conomie et les investissement \u00e9trangers.\u00a0\u00bb Pour tenter de prouver sa bonne foi, il a fait une pr\u00e9sentation powerpoint des r\u00e9ponses apport\u00e9es aux revendications \u00e9tudiantes en quatre points.<\/p>\n<p>Il promet ainsi que toute la documentation sur la reconstruction de la gare de Novi Sad sera rendue publique dans les prochains jours, comme le r\u00e9clament les \u00e9tudiants. Pour lui, le fait que treize personnes ont \u00e9t\u00e9 mises en examen pour l\u2019effondrement de l\u2019auvent de cette gare d\u00e9montrerait que la justice suit son cours. De m\u00eame, \u00ab\u00a037 personnes sont mises en examen et ont \u00e9t\u00e9 entendues par la justice\u00a0\u00bb pour avoir attaqu\u00e9 et bless\u00e9 des \u00e9tudiants. Enfin, \u00e0 propos de la quatri\u00e8me demande \u00e9tudiante, l\u2019augmentation du budget de l\u2019\u00e9ducation de 20%, l\u2019\u00c9tat, a-t-il assur\u00e9, \u00ab\u00a0r\u00e8glera cela\u00a0: cela co\u00fbtera 5,3 millions d\u2019euros.\u00a0\u00bb Il a aussi promis de gracier les \u00e9tudiants et les enseignants arr\u00eat\u00e9s durant les protestations.<\/p>\n<blockquote class=\"spip\">\n<p>Le r\u00e9gime est d\u00e9j\u00e0 tomb\u00e9, mais il n\u2019en est pas encore inform\u00e9.<\/p>\n<\/blockquote>\n<p>\u00ab\u00a0J\u2019exige un remaniement du gouvernement le plus large et le plus rapide possible\u00a0\u00bb, a aussi lanc\u00e9 le chef de l\u2019\u00c9tat. \u00ab\u00a0Plus de la moiti\u00e9 des ministres seront remplac\u00e9s\u00a0\u00bb. De son c\u00f4t\u00e9, le Premier ministre Vu\u010devi\u0107 a convi\u00e9 les doyens, recteurs, professeurs et \u00e9tudiants \u00e0 des pourparlers au gouvernement. Par contre, Ana Brnabi\u0107, la pr\u00e9sidente du Parlement, a soulign\u00e9 qu\u2019elle ne permettrait pas un blocage de cette institution, annonc\u00e9 par le Parti d\u00e9mocrate (DS).<\/p>\n<p>Au moment de l\u2019intervention, les \u00e9tudiants et des milliers de citoyens venus les soutenir bloquaient l\u2019un des principaux carrefours de la capitale, Autokomanda. Ce qu\u2019ils ont joyeusement continu\u00e9 \u00e0 faire jusqu\u2019\u00e0 10h ce matin, sans r\u00e9agir aux proposition de celui qu\u2019ils ont plac\u00e9 sur la touche \u00ab\u00a0ignore\u00a0\u00bb. Prochaine date cl\u00e9\u00a0: le 1er f\u00e9vrier, avec le blocage pr\u00e9vu des trois ponts de Novi Sad. Pour le sociologue Jovo Baki\u0107, \u00ab\u00a0le r\u00e9gime est d\u00e9j\u00e0 tomb\u00e9, mais il n\u2019en est pas encore inform\u00e9.\u00a0\u00bb<\/p>\n<p>Ambiance festive au rond-point occup\u00e9 d\u2019Autokomanda<\/p>\n<p><strong>28 janvier &#8211; 7h45\u00a0:<\/strong> Tournois de volley g\u00e9ants, tentes, jeux de soci\u00e9t\u00e9, pr\u00e9paration et distribution de nourriture\u00a0: au rond-point d\u2019Autokomanda, la bonne humeur \u00e9tait toujours au rendez-vous au soir d\u2019une journ\u00e9e d\u2019occupation. Les \u00e9tudiants sifflent, brandissent des banni\u00e8res g\u00e9antes et applaudissent les voitures qui les klaxonnent pour montrer leur soutien, avec autant d\u2019entrain qu\u2019\u00e0 11h du matin.<\/p>\n<p>On se croirait presque \u00e0 un festival. Ce soir, tout Belgrade semble s\u2019\u00eatre donn\u00e9 rendez-vous sur ce rond-point o\u00f9 les routes se croisent au-dessus de l\u2019autoroute. Familles, enfants en bas \u00e2ges, personnes \u00e2g\u00e9es, tous sont venus soutenir les \u00e9tudiants et pr\u00eater un coup de main en apportant de quoi manger et tenir toute la nuit. En d\u00e9but de soir\u00e9e, les Belgradois affluent de tous les c\u00f4t\u00e9s du croisement, on peut \u00e0 peine se frayer un chemin dans la foule. Heureusement, l\u2019organisation des \u00e9tudiants est exemplaire, comme \u00e0 chaque fois. Gilets fluo, talkies walkies ou m\u00e9gaphones \u00e0 la main, ils veillent \u00e0 la s\u00e9curit\u00e9 des manifestants, se relaient de mani\u00e8re efficace pour faire passer les ambulances ou encore les motards charg\u00e9s de ramener des donations. Les agriculteurs veillent avec toujours autant de d\u00e9votion sur eux, leurs tracteurs en travers de la route, bloquant les acc\u00e8s au rond-point pour d\u00e9courager les chauffards malveillants.<\/p>\n<p>\u00c0 20h, chacun l\u00e8ve son t\u00e9l\u00e9phone en l\u2019air, flash allum\u00e9, sifflet dans la bouche. Un vacarme assourdissant au-dessus d\u2019une v\u00e9ritable mer de lucioles qui s\u2019\u00e9tend \u00e0 perte de vue. Il semblerait qu\u2019il y ait autant de monde qu\u2019au rassemblement \u00e0 Slavija, le 23 d\u00e9cembre dernier. A l\u2019approche de minuit, la foule commence \u00e0 se dissiper, mais l\u2019\u00e9nergie des \u00e9tudiants ne faiblit pas. La nuit promet d\u2019\u00eatre longue.<\/p>\n<p>Belgrade\u00a0: le blocage du rond-point d\u2019Autokomanda a commenc\u00e9<\/p>\n<p><strong>27 janvier &#8211; 11h30\u00a0:<\/strong> Des milliers d\u2019\u00e9tudiants ont commenc\u00e9 le blocage de l\u2019immense rond-point d\u2019Autokomanda, qui doit durer 24 heures. Des colonnes convergent depuis la place Slavija. Des convois d\u2019agriculteurs en tracteurs convergent aussi vers Autokomanda, ainsi que des cort\u00e8ges de motards. Sur place, des r\u00e9serves d\u2019eau et des toilettes mobiles ont \u00e9t\u00e9 install\u00e9es. La police d\u00e9tourne le trafic routier avant l\u2019arriv\u00e9e \u00e0 Autokomanda.<\/p>\n<p>Richard Grenell \u00e0 la rescousse de Vu\u010di\u0107<\/p>\n<p><strong>27 janvier &#8211; 10h30\u00a0:<\/strong> L\u2019envoy\u00e9 sp\u00e9cial du pr\u00e9sident am\u00e9ricain Donald Trump pour les missions sp\u00e9ciales, Richard Grenell, a partag\u00e9 sur les r\u00e9seaux sociaux une vid\u00e9o des manifestations \u00e9tudiantes en Serbie, avec le commentaire suivant\u00a0: \u00ab\u00a0Il est toujours important de pouvoir \u00e9lever la voix et d\u2019\u00eatre entendu. Mais tout le monde doit condamner la violence et s\u2019en tenir aux manifestations pacifiques. Le processus d\u00e9mocratique doit \u00eatre respect\u00e9. Nous ne soutenons pas ceux qui portent atteinte \u00e0 l\u2019\u00c9tat de droit et occupent de force les institutions de l\u2019\u00c9tat.\u00a0\u00bb<\/p>\n<blockquote class=\"twitter-tweet\">\n<p lang=\"en\" dir=\"ltr\">It is always important to raise your voice and to be heard.<\/p>\n<p>But everyone must condemn violence and stick to peaceful demonstrations. The democratic process must be respected.<\/p>\n<p>We do not support those who undermine the rule of law or who forcefully take over government\u2026 <a href=\"https:\/\/t.co\/phI5QhCSAr\">https:\/\/t.co\/phI5QhCSAr<\/a><\/p>\n<p>\u2014 Richard Grenell (@RichardGrenell) <a href=\"https:\/\/twitter.com\/RichardGrenell\/status\/1883258888629403765?ref_src=twsrc%5Etfw\" target=\"_blank\" rel=\"noopener\">January 25, 2025<\/a><\/p>\n<\/blockquote>\n<p>Novi Pazar\u00a0: l\u2019Universit\u00e9 publique veut sanctionner les \u00e9tudiants<\/p>\n<p><strong>27 janvier &#8211; 8h30\u00a0:<\/strong> L\u2019Universit\u00e9 d\u2019\u00c9tat de Novi Pazar a d\u00e9cid\u00e9 le 26 janvier de \u00ab\u00a0suspendre toutes les activit\u00e9s et obligations des \u00e9tudiants et des employ\u00e9s jusqu\u2019\u00e0 nouvel ordre en raison de l\u2019incapacit\u00e9 temporaire de travailler en raison du blocus et de l\u2019intrusion violente d\u2019un groupe d\u2019\u00e9tudiants dans les locaux de l\u2019Universit\u00e9\u00a0\u00bb.<\/p>\n<p>\u00ab\u00a0Nous tenons \u00e0 souligner que des poursuites p\u00e9nales seront engag\u00e9es et des proc\u00e9dures disciplinaires seront engag\u00e9es contre les auteurs qui ont violemment bris\u00e9 la porte d\u2019entr\u00e9e de l\u2019Universit\u00e9 ainsi que les portes des locaux officiels et des bureaux de diverses unit\u00e9s, en raison de l\u2019inviolabilit\u00e9 de l\u2019espace acad\u00e9mique\u00a0\u00bb, pr\u00e9cise le Conseil rectoral.<\/p>\n<p>Des dizaines de milliers de personnes d\u00e9filent \u00e0 Ni\u0161<\/p>\n<p><strong>26 janvier &#8211; 19h\u00a0:<\/strong> Plusieurs dizaines de milliers de personnes ont d\u00e9fil\u00e9 dimanche \u00e0 Ni\u0161, \u00e0 l\u2019appel des \u00e9tudiants qui occupent toujours l\u2019Universit\u00e9. Plusieurs cort\u00e8ges ont converg\u00e9 vers le centre de la ville. Dimanche, une manifestation a aussi r\u00e9uni plusieurs milliers de personnes \u00e0 \u010ca\u010dak. Accompagn\u00e9 par des fanfares, les manifestants se sont rassembl\u00e9s sur la place du lyc\u00e9e pour observer quinze minutes de silence.<\/p>\n<p>Les agriculteurs arrivent \u00e0 Novi Sad<\/p>\n<p><strong>26 janvier &#8211; 8h30\u00a0:<\/strong>  \u00c0 Novi Sad, la police a emp\u00each\u00e9 les agriculteurs qui venaient apporter leur soutien aux \u00e9tudiants de p\u00e9n\u00e9trer en ville, mais ils sont pass\u00e9s par les champs et ont finalement pu garer leurs tracteurs pr\u00e8s du campus universitaire. \u00ab\u00a0Nous ne sommes pas venus pour cr\u00e9er des probl\u00e8mes, mais pour prot\u00e9ger les \u00e9tudiants\u00a0\u00bb, explique Goran Filipovi\u0107, de l\u2019Initiative pour la survie de l\u2019agriculture. \u00ab\u00a0Nos tracteurs resteront sur le campus aussi longtemps qu\u2019il y aura besoin.\u00a0\u00bb<\/p>\n<p>Rassemblements dans tout le pays<\/p>\n<p><strong>26 janvier &#8211; 8h00\u00a0:<\/strong> Samedi, des rassemblements ont eu lieu dans toute la Serbie, notamment \u00e0 Zrenjanin, Mladenovac, Kikinda, Novi Be\u010dej, Kru\u0161evac, Vrnja\u010dka Banja, Para\u0107in, Prijepolje, Ruma, Vr\u0161ac, Pan\u010devo, Smederevo, Smederevska Palanka, \u0106uprija, Sombor, Sokobanja, Velika Plana et bien d\u2019autres villes. Plusieurs milliers de personnes ont d\u00e9fil\u00e9 \u00e0 Zrenjanin. Dans deux incidents techniques, des voitures ont encore fonc\u00e9 dans la foule, blessant des \u00e9tudiants.<\/p>\n<p>Une carte des communes de Serbie (en rouge) o\u00f9 au moins un rassemblement a d\u00e9j\u00e0 eu lieu a \u00e9t\u00e9 \u00e9tablie\u00a0:<\/p>\n<p>Les bikers soutiennent les \u00e9tudiants<\/p>\n<p><strong>25 janvier &#8211; 15h\u00a0:<\/strong> Plusieurs centaines de motards ont particip\u00e9 \u00e0 un rally de soutien aux \u00e9tudiants bloquant les universit\u00e9s, ce samedi \u00e0 Belgrade. \u00ab\u00a0Nous sommes ici pour soutenir les \u00e9tudiants dans ce qu\u2019ils font depuis un certain temps. Nous sommes ici pour lutter pour une Serbie s\u00fbre et libre\u00a0\u00bb, d\u00e9clare l\u2019un des motards, cit\u00e9 par RSE. Ils ont manifest\u00e9 un soutien particulier aux \u00e9tudiantes bless\u00e9es lors des pr\u00e9c\u00e9dentes manifestations \u00e9tudiantes.<\/p>\n<p>Gr\u00e8ve g\u00e9n\u00e9rale\u00a0: manifestations-monstres \u00e0 Belgrade et dans le pays<\/p>\n<p><strong>24 janvier &#8211; 13h30\u00a0:<\/strong> C\u2019est une mar\u00e9e humaine qui a envahi les rues de Belgrade d\u00e8s ce vendredi matin sous la pluie, alors que des dizaines de milliers de manifestants convergent de plusieurs directions de la capitale serbe vers le rond-point U\u0161\u0107e sous les banni\u00e8res \u00ab\u00a0Gr\u00e8ve g\u00e9n\u00e9rale\u00a0\u00bb, \u00ab\u00a0Nous mourrons \u00e0 cause de vos mensonges\u00a0\u00bb, \u00ab\u00a0\u010cove\u010de, naljuti se\u00a0\u00bb (Mec, mets-toi en col\u00e8re).<\/p>\n<p>D\u2019autres manifestations ont lieu en m\u00eame temps dans plusieurs ville de Serbie, notamment \u00e0 Novi Sad, Ni\u0161, Valjevo, \u010ca\u010dak, Pan\u010devo, Kragujevac&#8230; Pour la premi\u00e8re fois, des Serbes du Kosovo ont \u00e9galement observ\u00e9 quinze minutes de silence \u00e0 Mitrovica-Nord en hommage aux personnes tu\u00e9es dans l\u2019effondrement de l\u2019auvent de la gare de Novi Sad. L\u2019action a \u00e9t\u00e9 initi\u00e9e par Sr\u0111an \u0110or\u0111evi\u0107, qui a exprim\u00e9 publiquement son soutien aux \u00e9tudiants qui protestent \u00e0 travers la Serbie.<\/p>\n<p>Jeudi soir, plusieurs manifestations ont eu lieu dans le pays. \u00c0 Kraljevo, des manifestants ont lanc\u00e9 des \u0153ufs sur le maire SNS et des membres du parti qui les avaient insult\u00e9s, tandis qu\u2019\u00e0 Jagodina, o\u00f9 le pr\u00e9sident Vu\u010di\u0107 a pr\u00e9vu d\u2019organiser un meeting ce vendredi apr\u00e8s-midi, des citoyens se sont rassembl\u00e9s en chantant \u00ab\u00a0Vous n\u2019\u00eates pas les bienvenus\u00a0\u00bb.<\/p>\n<p>Blocages et gr\u00e8ve g\u00e9n\u00e9rale ce vendredi<\/p>\n<p><strong>12h\u00a0:<\/strong> Ce vendredi matin, dans toute la Serbie, de tr\u00e8s nombreux commerces avaient tir\u00e9 le rideau, s\u2019associant au mot d\u2019ordre de gr\u00e8ve g\u00e9n\u00e9rale. De m\u00eame, alors que les avocats sont d\u00e9j\u00e0 en gr\u00e8ve, le syndicat de la Culture a appel\u00e9 \u00e0 la gr\u00e8ve et la plupart des institutions culturelles devraient rester ferm\u00e9es.<\/p>\n<p>Les agriculteurs en col\u00e8re manifestent \u00e0 \u010ca\u010dak<\/p>\n<p><strong>23 janvier &#8211; 14h\u00a0:<\/strong> Plusieurs dizaines d\u2019agriculteurs ont bloqu\u00e9 aujourd\u2019hui le carrefour du village de Mr\u010dajevci pr\u00e8s de \u010ca\u010dak, en raison de la \u00ab\u00a0situation catastrophique de l\u2019agriculture\u00a0\u00bb et du non-respect des revendications des agriculteurs des districts de Ra\u0161ka, \u0160umadija et Moravi\u010dka adress\u00e9es au minist\u00e8re de l\u2019Agriculture.<\/p>\n<p>Les agriculteurs se sont rassembl\u00e9s plus t\u00f4t dans la journ\u00e9e dans le village de Bresnica, pr\u00e8s de \u010ca\u010dak, et ont organis\u00e9 une manifestation avec des tracteurs, des camions et des voitures jusqu\u2019au village de Mr\u010dajevci.<\/p>\n<p>Ils exigent que les revendications des \u00e9tudiants soient satisfaites, la stabilisation urgente des prix d\u2019achat du lait cru et des porcs, le r\u00e8glement de toutes les dettes de l\u2019\u00c9tat envers les agriculteurs, ainsi que le limogeage du ministre Aleksandar Martinovi\u0107.<\/p>\n<p>Pressions et menaces pour mobiliser des citoyens au meeting de Vu\u010di\u0107 \u00e0 Jagodina<\/p>\n<p><strong>13h30\u00a0:<\/strong> Alors que le Parti progressiste de Serbie (SNS) pr\u00e9voit d\u2019organiser un grand meeting \u00e0 Jagodina vendredi 24 janvier, des informations circulent selon lesquelles les membres du parti ont recours \u00e0 des menaces pour mobiliser les citoyens.<\/p>\n<p>Un habitant de la ville voisine de Kragujevac, interview\u00e9 par Vreme et qui a souhait\u00e9 rester anonyme, a d\u00e9clar\u00e9 avoir re\u00e7u une invitation \u00e0 assister au rassemblement du SNS. \u00ab\u00a0Ils ont commenc\u00e9 \u00e0 conditionner les gens pour aller \u00e0 Jagodina. Mon entreprise parle depuis plusieurs jours du fait que vendredi, \u00e0 14 heures, plusieurs bus partiront pour Jagodina. Ils m\u2019ont aussi invit\u00e9, mais je n\u2019irai certainement pas.\u00a0\u00bb<\/p>\n<p>Des all\u00e9gations partag\u00e9es dans la d\u00e9claration du Mouvement pour le tournant (PzP)\u00a0: \u00ab\u00a0Les menaces de licenciement, le non-renouvellement des contrats, l\u2019obligation d\u2019interrompre les vacances annuelles sont des moyens de coercition de plus en plus utilis\u00e9s par les responsables locaux du SNS pour faire pression sur les gens afin qu\u2019ils soutiennent le pr\u00e9sident\u00a0\u00bb, peut-on lire dans le communiqu\u00e9.<\/p>\n<p>Chaque comit\u00e9 local du SNS dispose d\u2019un certain quota de personnes qu\u2019il doit amener au rassemblement, affirme le PzP. \u00ab\u00a0Il s\u2019agit d\u2019une pratique bien \u00e9tablie du parti au pouvoir, \u00e0 laquelle il recourt chaque fois que le besoin d\u2019auto-promotion de Vu\u010di\u0107 doit \u00eatre satisfait. La question se pose\u00a0: pouvons-nous nous attendre \u00e0 ce qu\u2019ils encerclent les gens avec des barbel\u00e9s pour que personne ne parvienne \u00e0 s\u2019\u00e9chapper d\u2019un rassemblement \u2019volontaire\u2019 en soutien au pr\u00e9sident\u00a0?\u00a0\u00bb<\/p>\n<p>Sur les r\u00e9seaux sociaux, plusieurs utilisateurs ont indiqu\u00e9 que les citoyens et les employ\u00e9s des entreprises publiques se voyaient offrir 15\u00a0000 dinars pour assister au rassemblement.<\/p>\n<p>\u00ab\u00a0Les \u00e9tudiants avec les ouvriers\u00a0\u00bb\u00a0: manifestation des travailleurs d\u2019EPS, les \u00e9tudiants leur apportent leur soutien<\/p>\n<p><strong>13h\u00a0:<\/strong> Une manifestation a eu lieu ce matin \u00e0 Belgrade devant le b\u00e2timent de l\u2019Industrie \u00e9lectrique de Serbie (EPS). Des \u00e9tudiants des facult\u00e9s de g\u00e9nie \u00e9lectrique, de droit, d\u2019architecture, de g\u00e9nie m\u00e9canique, de g\u00e9nie civil et de technologie et de m\u00e9tallurgie de Belgrade ont organis\u00e9 une marche collective de soutien.<\/p>\n<p>Les travailleurs du syndicat Jodinstvo Kolubara ont remerci\u00e9 les \u00e9tudiants d\u2019\u00eatre venus et ont soulign\u00e9 qu\u2019ils b\u00e9n\u00e9ficieraient \u00e9galement de leur soutien. \u00ab\u00a0Je voudrais que vous pers\u00e9v\u00e9riez dans vos revendications, et vous aurez un soutien croissant\u00a0\u00bb, ont-ils d\u00e9clar\u00e9. \u00ab\u00a0Ne les laissez pas discuter avec vous ou vous manipuler.\u00a0\u00bb<\/p>\n<p>Le syndicat de la t\u00e9l\u00e9vision publique exige une couverture ad\u00e9quate des manifestations<\/p>\n<p><strong>22 janvier &#8211; 18h30\u00a0:<\/strong> Le Syndicat des travailleurs de la production et des techniques de la Radio T\u00e9l\u00e9vision de Serbie (RTS) a envoy\u00e9 une lettre au directeur Nenad Lj. Stefanovi\u0107 pour demander que soient diffus\u00e9s des reportages ad\u00e9quats sur les manifestations des \u00e9tudiants dans les programmes d\u2019information et que des repr\u00e9sentants des manifestations soient invit\u00e9s aux programmes de service public.<\/p>\n<p>Le syndicat pr\u00e9cise qu\u2019en cas de non-satisfaction de ces revendications, \u00ab\u00a0qui sont extr\u00eamement simples \u00e0 r\u00e9soudre tant sur le plan organisationnel que technique\u00a0\u00bb, il s\u2019attend \u00e0 la d\u00e9mission du r\u00e9dacteur en chef du Programme d\u2019informations, demain jeudi 23 janvier.<\/p>\n<p>Les \u00e9tudiants lancent un appel \u00e0 la gr\u00e8ve g\u00e9n\u00e9rale<\/p>\n<p><strong>13h30\u00a0:<\/strong> Les \u00e9tudiants ont lanc\u00e9 un appel \u00e0 la gr\u00e8ve g\u00e9n\u00e9rale, ou \u00e0 la d\u00e9sob\u00e9issance civile g\u00e9n\u00e9rale, pour vendredi 24 janvier. \u00ab\u00a0Nous n\u2019allons pas travailler, nous n\u2019allons pas assister aux cours, nous n\u2019accomplirons pas nos t\u00e2ches quotidiennes. Nous prenons notre libert\u00e9 en main. Votre participation fait la diff\u00e9rence\u00a0\u00bb, ont-ils d\u00e9clar\u00e9. \u00ab\u00a0Discutez avec vos coll\u00e8gues pour organiser un arr\u00eat de travail. Et si vous avez peur de votre employeur, prenez un jour de cong\u00e9, un arr\u00eat maladie, donnez votre sang\u00a0\u00bb, peut-on lire dans leur communiqu\u00e9.<\/p>\n<p>Les \u00e9tudiants ont demand\u00e9 aux employeurs d\u2019accorder un jour de cong\u00e9 \u00e0 leurs employ\u00e9s, d\u2019annuler toutes les r\u00e9unions pr\u00e9vues et d\u2019informer les clients des raisons pour lesquelles ils ne travailleront pas ce jour-l\u00e0. \u00ab\u00a0N\u2019allez pas dans les magasins, les march\u00e9s, les centres commerciaux, les cin\u00e9mas et les th\u00e9\u00e2tres. C\u2019est vendredi, mais n\u2019allez pas aux f\u00eates et aux concerts.\u00a0\u00bb<\/p>\n<p>Le minist\u00e8re lance des inspections dans les \u00e9coles en gr\u00e8ve<\/p>\n<p><strong>10h15\u00a0:<\/strong>Les inspections scolaires qui ont eu lieu dans les \u00e9coles de Serbie en raison de la suspension des cours ont rencontr\u00e9 la r\u00e9sistance des employ\u00e9s, des \u00e9l\u00e8ves et de leurs parents dans certaines \u00e9coles.<\/p>\n<p>Comme l\u2019annonce le Syndicat ind\u00e9pendant des enseignants serbes (NSPRS), dans un grand nombre d\u2019\u00e9coles \u00e0 travers le pays, il n\u2019y a pas de cours ou la dur\u00e9e des cours a \u00e9t\u00e9 r\u00e9duite de 45 \u00e0 30 minutes. \u00ab\u00a0Il n\u2019y a pas une seule ville en Serbie o\u00f9 au moins une \u00e9cole ne soit pas en gr\u00e8ve. Dans certaines villes, toutes les \u00e9coles sont en gr\u00e8ve\u00a0\u00bb, a d\u00e9clar\u00e9 Du\u0161an Kokot, pr\u00e9sident du NSPRS.<\/p>\n<p>Le syndicat reconnait qu\u2019il ne dispose pas de donn\u00e9es pr\u00e9cises sur le nombre d\u2019\u00e9coles en gr\u00e8ve, mais qu\u2019il est \u00e9vident que le plus grand nombre d\u2019\u00e9coles et de lyc\u00e9es de Belgrade sont ferm\u00e9s.<\/p>\n<p>Les enseignants en gr\u00e8ve en Serbie r\u00e9clament des salaires plus \u00e9lev\u00e9s et de meilleures conditions de travail dans l\u2019\u00e9ducation. Ils soutiennent les \u00e9tudiants qui bloquent les facult\u00e9s depuis deux mois, exigeant que les autorit\u00e9s prennent leurs responsabilit\u00e9s pour la mort de quinze personnes dans l\u2019effondrement de l\u2019auvent en b\u00e9ton de la gare reconstruite de Novi Sad le 1er novembre.<\/p>\n<p>\u00c9coles en gr\u00e8ve et manifestations des enseignants<\/p>\n<p><strong>20 janvier &#8211; 15h30\u00a0:<\/strong> Les enseignants en gr\u00e8ve ont \u00e9t\u00e9 rejoints lors d\u2019une manifestation devant la Facult\u00e9 de Philosophie de Belgrade par des \u00e9l\u00e8ves, des \u00e9tudiants et des citoyens qui les soutiennent. Selon le pr\u00e9sident du syndicat enseignant, Du\u0161an Kokot, 50\u00a0% des \u00e9coles en Serbie ont suspendu le travail, alors que dans les grandes villes, entre 80 et 90\u00a0%  des \u00e9coles sont en gr\u00e8ve.<\/p>\n<p>\u00ab\u00a0Nous d\u00e9clarons ce rassemblement comme un pl\u00e9num d\u2019\u00e9ducateurs et je demande que nous d\u00e9clarions tous ensemble la gr\u00e8ve g\u00e9n\u00e9rale\u00a0\u00bb, a lanc\u00e9 Du\u0161an Kokot, qui a affirm\u00e9 que son syndicat n\u2019acceptait pas \u00ab\u00a0les cadeaux du gouvernement\u00a0\u00bb sous forme d\u2019augmentations de salaire et qu\u2019il se battait pour \u00ab\u00a0l\u2019int\u00e9r\u00eat g\u00e9n\u00e9ral\u00a0\u00bb. Les manifestants ont ensuite observ\u00e9 quinze minutes de silence.<\/p>\n<p>Une manifestation d\u2019enseignants a notamment \u00e9t\u00e9 organis\u00e9e \u00e0 Ni\u0161 sous le slogan \u00ab\u00a0Les professeurs de Ni\u0161 ne se taisent pas\u00a0\u00bb, ainsi qu\u2019\u00e0 Novi Sad. \u00c0 U\u017eice, \u00e0 l\u2019ouest de la Serbie, toutes les \u00e9coles primaires et secondaires ont suspendu leurs activit\u00e9s jusqu\u2019\u00e0 ce que les revendications des \u00e9tudiants soient satisfaites.<\/p>\n<p>Le Premier ministre serbe Milo\u0161 Vu\u010devi\u0107 a d\u00e9clar\u00e9 qu\u2019\u00e0 partir du 21 janvier, l\u2019inspection de l\u2019\u00e9ducation commencerait \u00e0 visiter les \u00e9coles qui ont suspendu les cours. Mais les doyens des Facult\u00e9s de l\u2019Universit\u00e9 de Belgrade, o\u00f9 sont form\u00e9s les futurs enseignants, ont demand\u00e9 au minist\u00e8re de l\u2019\u00c9ducation de faire en sorte que l\u2019inspection \u00ab\u00a0cesse imm\u00e9diatement la pers\u00e9cution des enseignants et des \u00e9coles qui suspendent le travail\u00a0\u00bb.<\/p>\n<p>\u00ab\u00a0Derni\u00e8re heure de classe\u00a0\u00bb avant la gr\u00e8ve g\u00e9n\u00e9rale de l\u2019\u00c9ducation<\/p>\n<p><strong>8h\u00a0:<\/strong> Ce lundi 20 janvier, premier jour du second semestre dans l\u2019enseignement secondaire, les enseignants se mettent en gr\u00e8ve et les \u00e9coles n\u2019ouvriront pas leurs portes. Dimanche, des rassemblements de soutien sur le th\u00e8me de la \u00ab\u00a0derni\u00e8re heure de classe\u00a0\u00bb ont eu lieu dans toute la Serbie, r\u00e9unissant enseignants, mais aussi \u00e9tudiants et citoyens solidaires. Il s\u2019agissait de se rassembler durant 45 minutes, comme une heure de classe, tout en observant 15 minutes de silence pour les victimes de Novi Sad.<\/p>\n<p>Ces rassemblements ont eu lieu \u00e0 Subotica, Kragujevac, Ni\u0161, Valjevo, U\u017eice et bien d\u2019autres villes. A Belgrade, le rassemblement aurait r\u00e9uni au moins 20\u00a0000 personnes, selon l\u2019Archive des mouvements sociaux\u00a0; \u00e0 \u010ca\u010dak, ils \u00e9taient 10\u00a0000.<\/p>\n<p>M\u00eame au Kosovo, 370 enseignants de l\u2019Universit\u00e9 (serbe) de Pristina \u00e0 Mitrovica ont sign\u00e9 une p\u00e9tition de soutien aux \u00e9tudiants de Serbie, m\u00eame si ceux de cette Universit\u00e9 n\u2019ont pas encore rejoint le mouvement.<\/p>\n<p>New York, Londres, Milan, Bruxelles, Madrid solidaires avec les \u00e9tudiants de Serbie<\/p>\n<p><strong>19 janvier &#8211; 19h\u00a0:<\/strong> \u00ab\u00a0NYC est avec vous\u00a0\u00bb, pouvait-on lire sur une banderole d\u00e9ploy\u00e9e par les manifestants <a href=\"https:\/\/x.com\/MiraPantic\/status\/1881019588579922366\" class=\"spip_out\" rel=\"external\">ce dimanche \u00e0 New York<\/a>. Des manifestants qui ont \u00e9galement repris le slogan scand\u00e9 en Serbie\u00a0: \u00ab\u00a0Il y a du sang sur vos mains\u00a0\u00bb. En m\u00eame temps, d\u2019autres rassemblements de solidarit\u00e9 ont eu lieu dans plusieurs villes europ\u00e9ennes, \u00e0 <a href=\"https:\/\/x.com\/KPromeni\/status\/1880965824347029690\" class=\"spip_out\" rel=\"external\">Londres<\/a>, Milan, Bruxelles ou encore Madrid.<\/p>\n<p>En Serbie, des dizaines de milliers de citoyens ont d\u00e9fil\u00e9 dans de nombreuses villes, dont Belgrade, Novi Sad, Valjevo, Ni\u0161, Loznica, Kragujevac, \u010ca\u010dak, Vranje, In\u0111ija, \u0106i\u0107evac, Zaje\u010dar&#8230; Parmi eux, une majorit\u00e9 d\u2019\u00e9l\u00e8ves, de professeurs et de parents, alors qu\u2019un appel \u00e0 la gr\u00e8ve des enseignants a \u00e9t\u00e9 lanc\u00e9 \u00e0 la veille de la rentr\u00e9e scolaire, lundi 20 janvier.<\/p>\n<p>Rassemblements de solidarit\u00e9 samedi \u00e0 Paris et \u00e0 Amsterdam, et dimanche \u00e0 New York<\/p>\n<p><strong>15h\u00a0:<\/strong> Pr\u00e8s d\u2019une centaine de personnes se sont rassembl\u00e9es samedi \u00e0 11h52 \u00e0 Paris, place Edmond Michelet, non loin du Centre culturel de Serbie, dans le quartier des Halles, brandissant des pancartes \u00ab\u00a0Pariz 11:52\u00a0\u00bb, ils ont observ\u00e9 quinze minutes de silence \u00ab\u00a0pour les quinze victimes de la corruption en Serbie\u00a0\u00bb. Outre des \u00e9tudiants serbes install\u00e9s en France, des touristes serbes de passages ont rejoint le rassemblement.<\/p>\n<p>Un rassemblement a \u00e9galement eu lieu ce samedi \u00e0 Amsterdam. Les manifestants ont lu les revendications des \u00e9tudiants serbes, puis observ\u00e9 quinze minutes de silence en m\u00e9moire des victimes de Novi Sad. L\u2019\u00e9v\u00e9nement a r\u00e9uni \u00ab\u00a0des membres des communaut\u00e9s serbe et balkanique, ainsi que des sympathisants des Pays-Bas, de Slovaquie, de Croatie, de France, d\u2019Angleterre, d\u2019Allemagne et m\u00eame d\u2019Australie\u00a0\u00bb, selon un communiqu\u00e9 des manifestants.<\/p>\n<p>Les organisateurs du rassemblement ont \u00e9galement fait r\u00e9f\u00e9rence \u00e0 l\u2019\u00e9tudiante heurt\u00e9e par une voiture qui a fonc\u00e9 dans la foule. \u00ab\u00a0Ce n\u2019est pas la premi\u00e8re fois qu\u2019une voiture est utilis\u00e9e pour attaquer des manifestants pacifiques. De tels incidents mettent en \u00e9vidence les dangers croissants auxquels sont confront\u00e9s ceux qui luttent pour la justice en Serbie. Nous voulons attirer l\u2019attention sur les probl\u00e8mes syst\u00e9miques qui permettent \u00e0 de tels actes de rester impunis\u00a0\u00bb, indique le communiqu\u00e9.<\/p>\n<p>Il s\u2019agissait de la deuxi\u00e8me manifestation aux Pays-Bas en soutien aux \u00e9tudiants serbes.<\/p>\n<p>Une manifestation est \u00e9galement pr\u00e9vue ce dimanche \u00e0 New York.<\/p>\n<p>Les d\u00e9put\u00e9s du Parti d\u00e9mocratique se mettent en gr\u00e8ve<\/p>\n<p><strong>18 janvier &#8211; 21h20\u00a0:<\/strong> La pr\u00e9sidence du Parti d\u00e9mocratique (DS, opposition) a annonc\u00e9 ce 18 janvier avoir d\u00e9cid\u00e9 que les d\u00e9put\u00e9s du parti se mettaient en gr\u00e8ve \u00e0 l\u2019Assembl\u00e9e nationale jusqu\u2019\u00e0 ce que les revendications des \u00e9tudiants soient satisfaites. \u00ab\u00a0A partir d\u2019aujourd\u2019hui, les d\u00e9put\u00e9s du Parti d\u00e9mocrate sont en gr\u00e8ve et ne participeront pas aux travaux des organes de travail, des commissions parlementaires et des s\u00e9ances pl\u00e9ni\u00e8res\u00a0\u00bb, indique un communiqu\u00e9.<\/p>\n<p>Les d\u00e9put\u00e9s expliquent qu\u2019en \u00ab\u00a0bloquant activement le travail de l\u2019Assembl\u00e9e, nous faisons obstacle \u00e0 ceux qui incitent \u00e0 la violence, \u00e0 la haine et provoquent des attaques brutales contre les \u00e9tudiants. Nous appelons les autres partis et mouvements parlementaires d\u2019opposition \u00e0 se joindre \u00e0 cette d\u00e9cision. De cette mani\u00e8re, nous nous joignons \u00e0 l\u2019initiative \u00e9tudiante maintes fois exprim\u00e9e de d\u00e9clarer une gr\u00e8ve g\u00e9n\u00e9rale.\u00a0\u00bb<\/p>\n<p>Novi Sad\u00a0: \u00ab\u00a04000 enseignants, 4000 pas\u00a0\u00bb<\/p>\n<p><strong>18 janvier &#8211; 16h30\u00a0:<\/strong> \u00c0 Novi Sad, des professeurs, des citoyens et des \u00e9tudiants ont manifest\u00e9 sous la banni\u00e8re \u00ab\u00a04000 enseignants, 4000 pas\u00a0\u00bb en soutien aux \u00e9tudiants, tandis qu\u2019\u00e0 Belgrade, alors que se tenait la session du barreau serbe, les avocats ont d\u00e9cid\u00e9 \u00e0 l\u2019unanimit\u00e9 de suspendre le travail pendant sept jours, \u00e9galement en soutien au mouvement de protestation des \u00e9tudiants.<\/p>\n<p>Un grand nombre d\u2019\u00e9coles en Serbie ont de leur c\u00f4t\u00e9 annonc\u00e9 qu\u2019elles marqueraient le d\u00e9but du deuxi\u00e8me semestre par une suspension des cours lundi 20 janvier.<\/p>\n<p><strong>9h\u00a0:<\/strong> Plusieurs dizaines de milliers de personnes se sont rassembl\u00e9es vendredi soir dans le centre de Belgrade, devant le si\u00e8ge de la radio-t\u00e9l\u00e9vision publique (RTS) pour demander un traitement journaliste objectif de la r\u00e9volte citoyenne apr\u00e8s la catastrophe mortelle de la gare de Novi Sad le 1er novembre dernier. Le mot d\u2019ordre\u00a0: \u00ab\u00a0Notre droit de tout savoir\u00a0\u00bb, d\u00e9tournement du slogan de la RTS \u00ab\u00a0Votre droit de tout savoir\u00a0\u00bb.<\/p>\n<p>Les \u00e9tudiants ont lu leurs revendications, parmi lesquelles l\u2019identification et la sanction de tous ceux qui ont agress\u00e9 les manifestations, une revendication tr\u00e8s symbolique apr\u00e8s l\u2019accident de la veille au c\u0153ur de la capitale quand un chauffard a d\u00e9lib\u00e9r\u00e9ment fonc\u00e9 sur un blocus. Autour, la foule scandait \u00ab\u00a0gr\u00e8ve g\u00e9n\u00e9rale\u00a0!\u00a0\u00bb.<\/p>\n<p>Des manifestations en soutien \u00e0 l\u2019\u00e9tudiante bless\u00e9e ont aussi eu lieu \u00e9tudiants \u00e0 Novi Sad, Ni\u0161, Kraljevo, Kragujevac, Zrenjanin, Prokuplje, Subotica, Valjevo, U\u017eice, Ruma et Kru\u0161evac.<\/p>\n<p>L\u2019identit\u00e9 de l\u2019homme qui a renvers\u00e9 une \u00e9tudiante de 20 ans \u00e0 Belgrade n\u2019a pas \u00e9t\u00e9 r\u00e9v\u00e9l\u00e9. Accus\u00e9 de tentative de meurtre aggrav\u00e9, \u00ab\u00a0M.P.\u00a0\u00bb a \u00e9t\u00e9 plac\u00e9 en garde \u00e0 vue et son audition pourrait durer jusqu\u2019\u00e0 48 heures. Le Centre clinique universitaire de Serbie a d\u00e9clar\u00e9 que la jeune victime avait \u00e9t\u00e9 admise \u00ab\u00a0dans un \u00e9tat conscient\u00a0\u00bb et qu\u2019elle \u00e9tait \u00ab\u00a0communicative et dans un \u00e9tat g\u00e9n\u00e9ral stable\u00a0\u00bb.<\/p>\n<p>Les faits se sont produits peu avant 11h52, quand un groupe d\u2019\u00e9tudiant s\u2019appr\u00eatait,  comme chaque jour, \u00e0 bloquer une rue du centre de Belgrade et \u00e0 observer quinze minutes de silence en hommage aux quinze victimes de la catastrophe de la gare de Novi Sad le 1er novembre dernier.<\/p>\n<p>Une vid\u00e9o montre la voiture roulant \u00e0 grande vitesse, percutant la jeune femme puis la transportant sur le toit sans ralentir. La victime est ensuite tomb\u00e9e et le conducteur a r\u00e9ussi \u00e0 s\u2019\u00e9chapper. Pas pour longtemps, selon le ministre de l\u2019Int\u00e9rieur Ivica Da\u010di\u0107, la police l\u2019ayant interpell\u00e9 dix minutes plus tard. L\u2019homme n\u2019en est pas \u00e0 sa premi\u00e8re infraction, a-t-il poursuivi, expliquant que ce trentenaire a d\u00e9j\u00e0 \u00e9t\u00e9 condamn\u00e9 \u00e0 sept reprises pour divers faits criminels.<\/p>\n<p>Dans l\u2019apr\u00e8s-midi, des milliers de manifestants ont protest\u00e9 dans les rues de Belgrade. Le cort\u00e8ge spontan\u00e9 s\u2019est dirig\u00e9 vers le gouvernement et le bureau du procureur aux cris de \u00ab\u00a0Vous ne nous \u00e9craserez pas\u00a0\u00bb et \u00ab\u00a0d\u00e9mission\u00a0\u00bb.<\/p>\n<p>Ce n\u2019est pas la premi\u00e8re attaque ayant vis\u00e9 ceux qui protestent quotidiennement pour demander justice apr\u00e8s l\u2019effondrement de l\u2019auvent de la gare de Novi Sad. Plusieurs conducteurs ont d\u00e9j\u00e0 fonc\u00e9 sur des cort\u00e8ges, mais le pr\u00e9sident serbe et les m\u00e9dias \u00e0 sa botte ont toujours tent\u00e9 de minimiser ces incidents.<\/p>\n<p>Appel \u00e0 la gr\u00e8ve g\u00e9n\u00e9rale<\/p>\n<p>Aleksandar Vu\u010di\u0107 avait m\u00eame d\u00e9clar\u00e9 que le conducteur ayant fonc\u00e9 dans un groupe de manifestants \u00e0 Po\u017earevac le 1er d\u00e9cembre dernier ne devait pas \u00eatre poursuivi. \u00ab\u00a0Comment peut-on arr\u00eater un homme qui n\u2019a pas enfreint la loi\u00a0? Cet homme a simplement suivi son chemin\u00a0\u00bb, expliquait-il alors, en rejetant la faute sur les manifestants, accus\u00e9s d\u2019avoir \u00ab\u00a0perdu la t\u00eate\u00a0\u00bb.<\/p>\n<p>Cette fois, le gouvernement a r\u00e9agi bien diff\u00e9remment, alors que la col\u00e8re ne cesse de prendre de l\u2019ampleur en Serbie et qu\u2019une majorit\u00e9 de la population soutient les \u00e9tudiants. \u00ab\u00a0Je suis tr\u00e8s satisfaite de l\u2019action rapide de la police, car je n\u2019approuve aucune violence, quelle qu\u2019elle soit, contre qui que ce soit\u00a0\u00bb, a d\u00e9clar\u00e9 la ministre de l\u2019\u00c9ducation, Slavica \u0110uki\u0107 Dejanovi\u0107, en esp\u00e9rant que l\u2019\u00e9tudiante serait vite sur pied.<\/p>\n<p>Alors que les partis d\u2019opposition sont mont\u00e9s au cr\u00e9neau pour d\u00e9noncer l\u2019attitude des autorit\u00e9s, qui serait responsable de tels comportements, l\u2019Union europ\u00e9enne s\u2019est enfin d\u00e9cid\u00e9e \u00e0 r\u00e9agir. \u00ab\u00a0Nous sommes tr\u00e8s pr\u00e9occup\u00e9s par l\u2019incident d\u2019aujourd\u2019hui contre les manifestants. Nous attendons une enqu\u00eate rapide et souhaitons \u00e0 l\u2019\u00e9tudiante bless\u00e9e un r\u00e9tablissement complet. Le droit de r\u00e9union est un droit fondamental qui doit \u00eatre prot\u00e9g\u00e9 lorsqu\u2019il est exerc\u00e9 pacifiquement\u00a0\u00bb, a \u00e9crit sur son compte X la d\u00e9l\u00e9gation de l\u2019UE en Serbie.<\/p>\n<p>Un appel \u00e0 la gr\u00e8ve g\u00e9n\u00e9rale a \u00e9t\u00e9 lanc\u00e9e pour la semaine prochaine. De son c\u00f4t\u00e9, le pr\u00e9sident serbe a lanc\u00e9 l\u2019hypoth\u00e8se de la tenue d\u2019un r\u00e9f\u00e9rendum sur sa destitution. Une sortie qui ressemble avant tout \u00e0 une tentative de diversion.<\/p>\n<p><script async src=\"https:\/\/platform.twitter.com\/widgets.js\" charset=\"utf-8\"><\/script><script async src=\"\/\/www.instagram.com\/embed.js\"><\/script><\/p>\n","protected":false},"excerpt":{"rendered":"Par la r\u00e9daction Le Courrier des Balkans informe jour apr\u00e8s jour, depuis le 1er novembre 2024, sur la&hellip;\n","protected":false},"author":2,"featured_media":554611,"comment_status":"","ping_status":"","sticky":false,"template":"","format":"standard","meta":{"footnotes":""},"categories":[1586],"tags":[11,1777,674,1779,1011,27,12,25,1778,364],"class_list":{"0":"post-554610","1":"post","2":"type-post","3":"status-publish","4":"format-standard","5":"has-post-thumbnail","7":"category-europe","8":"tag-actualites","9":"tag-eu","10":"tag-europe","11":"tag-european-union","12":"tag-fr","13":"tag-france","14":"tag-news","15":"tag-republique-francaise","16":"tag-ue","17":"tag-union-europeenne"},"share_on_mastodon":{"url":"https:\/\/pubeurope.com\/@fr\/115602607486119905","error":""},"_links":{"self":[{"href":"https:\/\/www.europesays.com\/fr\/wp-json\/wp\/v2\/posts\/554610","targetHints":{"allow":["GET"]}}],"collection":[{"href":"https:\/\/www.europesays.com\/fr\/wp-json\/wp\/v2\/posts"}],"about":[{"href":"https:\/\/www.europesays.com\/fr\/wp-json\/wp\/v2\/types\/post"}],"author":[{"embeddable":true,"href":"https:\/\/www.europesays.com\/fr\/wp-json\/wp\/v2\/users\/2"}],"replies":[{"embeddable":true,"href":"https:\/\/www.europesays.com\/fr\/wp-json\/wp\/v2\/comments?post=554610"}],"version-history":[{"count":0,"href":"https:\/\/www.europesays.com\/fr\/wp-json\/wp\/v2\/posts\/554610\/revisions"}],"wp:featuredmedia":[{"embeddable":true,"href":"https:\/\/www.europesays.com\/fr\/wp-json\/wp\/v2\/media\/554611"}],"wp:attachment":[{"href":"https:\/\/www.europesays.com\/fr\/wp-json\/wp\/v2\/media?parent=554610"}],"wp:term":[{"taxonomy":"category","embeddable":true,"href":"https:\/\/www.europesays.com\/fr\/wp-json\/wp\/v2\/categories?post=554610"},{"taxonomy":"post_tag","embeddable":true,"href":"https:\/\/www.europesays.com\/fr\/wp-json\/wp\/v2\/tags?post=554610"}],"curies":[{"name":"wp","href":"https:\/\/api.w.org\/{rel}","templated":true}]}}