{"id":554612,"date":"2025-11-24T03:42:22","date_gmt":"2025-11-24T03:42:22","guid":{"rendered":"https:\/\/www.europesays.com\/fr\/554612\/"},"modified":"2025-11-24T03:42:22","modified_gmt":"2025-11-24T03:42:22","slug":"la-fin-de-saison-est-elle-vraiment-relancee-apres-lincroyable-disqualification-des-mclaren-a-las-vegas","status":"publish","type":"post","link":"https:\/\/www.europesays.com\/fr\/554612\/","title":{"rendered":"La fin de saison est-elle vraiment relanc\u00e9e apr\u00e8s l\u2019incroyable disqualification des McLaren \u00e0 Las Vegas\u00a0?"},"content":{"rendered":"<p>\u00c7a fait quatre ans que les accros \u00e0 la <a href=\"https:\/\/www.20minutes.fr\/sport\/f1\/\" class=\"c-link c-link--is-underlined\" target=\"_blank\" rel=\"noopener\">Formule 1<\/a> attendent une fin de saison accroch\u00e9e pour le championnat du monde des pilotes. Apr\u00e8s trois sacres cons\u00e9cutifs d\u2019un f\u00e9roce ennui de <a href=\"https:\/\/www.20minutes.fr\/sport\/max-verstappen\/\" class=\"c-link c-link--is-underlined\" target=\"_blank\" rel=\"noopener\">Max Verstappen<\/a>, \u00e0 des ann\u00e9es-lumi\u00e8re de son \u00e9pique bataille avec Lewis Hamilton en\u00a02021 (395,5 points \u00e0 387,5 alors), ils se pr\u00e9paraient depuis de longues semaines \u00e0 un changement d\u2019\u00e8re sans plus de suspense.<\/p>\n<p class=\"mb-xxl@xs color-ultramarine font-weight-semi-bold@xs font-source-serif-pro heading-s@xs\">L\u2019acc\u00e8s \u00e0 ce contenu a \u00e9t\u00e9 bloqu\u00e9 afin de respecter votre choix de consentement<\/p>\n<p class=\"mb-m@xs text-l@xs\">En cliquant sur\u00ab J\u2019accepte \u00bb, vous acceptez le d\u00e9p\u00f4t de cookies par des services externes et aurez ainsi acc\u00e8s aux contenus de nos partenaires.<\/p>\n<p class=\"mb-xl@xs text-s@xs\">Plus d\u2019informations sur la page<a href=\"https:\/\/www.20minutes.fr\/gestion-cookies\" class=\"mx-xxs@xs color-ultramarine\" target=\"_blank\" rel=\"noopener\">Politique de gestion des cookies<\/a><\/p>\n<p>J\u2019accepte<\/p>\n<p>Confirmation samedi soir au Grand Prix de <a href=\"https:\/\/www.20minutes.fr\/dossier\/las_vegas\" class=\"c-link c-link--is-underlined\" target=\"_blank\" rel=\"noopener\">Las Vegas<\/a>, puisque Lando Norris et Oscar Piastri (1er et 2e au g\u00e9n\u00e9ral avec <a href=\"https:\/\/www.20minutes.fr\/dossier\/mclaren\" class=\"c-link c-link--is-underlined\" target=\"_blank\" rel=\"noopener\">McLaren<\/a>), bien que battus par \u00ab\u00a0Mad Max\u00a0\u00bb, avaient fait le boulot en se classant 2e et 4e. Avec alors 42 points d\u2019avance sur son \u00ab\u00a0rival\u00a0\u00bb n\u00e9erlandais, Lando Norris \u00e9tait en effet quasiment assur\u00e9 de remporter son premier sacre supr\u00eame au terme des deux derniers GP de la saison.<\/p>\n<p>Max Verstappen n\u2019y croyait plus d\u00e9but novembre<\/p>\n<p>\u00ab\u00a0Je peux oublier ce titre mondial\u00a0\u00bb, avait d\u2019ailleurs <a href=\"https:\/\/www.20minutes.fr\/sport\/f1\/4184510-20251109-f1-quadruple-champion-monde-verstappen-croit-plus-titre-saison\" class=\"c-link c-link--is-underlined\" target=\"_blank\" rel=\"noopener\">convenu Max Verstappen il y a deux semaines<\/a>, sans que cela ne semble \u00eatre un coup de bluff, au vu de sa d\u00e9cevante saison avec <a href=\"https:\/\/www.20minutes.fr\/dossier\/red_bull\" class=\"c-link c-link--is-underlined\" target=\"_blank\" rel=\"noopener\">Red Bull<\/a>. Mais \u00e7a, c\u2019\u00e9tait avant une d\u00e9cision de la F\u00e9d\u00e9ration internationale d\u2019automobile (<a href=\"https:\/\/www.20minutes.fr\/dossier\/fia\" class=\"c-link c-link--is-underlined\" target=\"_blank\" rel=\"noopener\">FIA<\/a>) aux allures de coup de tonnerre. Bien apr\u00e8s la c\u00e9r\u00e9monie du soir, les deux pilotes McLaren ont en effet \u00e9t\u00e9 disqualifi\u00e9s \u00e0 Las Vegas en raison d\u2019une ill\u00e9galit\u00e9 technique.<\/p>\n<\/p>\n<p>Ils perdent du m\u00eame coup tous leurs pr\u00e9cieux points engrang\u00e9s dans le Nevada, ce qui permet \u00e0 Max Verstappen de revenir \u00e0 \u00e9galit\u00e9 avec Oscar Piastri (2e), mais surtout \u00e0 seulement 24 points du leader Lando Norris. Autant dire que cette sanction relativement fr\u00e9quente, li\u00e9e \u00e0 une usure trop prononc\u00e9e de la planche situ\u00e9e sous la monoplace, chamboule tout. Elle pourrait d\u00e9sormais nous offrir un finish de maboulos, dimanche prochain au <a href=\"https:\/\/www.20minutes.fr\/dossier\/qatar\" class=\"c-link c-link--is-underlined\" target=\"_blank\" rel=\"noopener\">Qatar<\/a> puis le 7\u00a0d\u00e9cembre \u00e0 <a href=\"https:\/\/www.20minutes.fr\/dossier\/abou_dhabi\" class=\"c-link c-link--is-underlined\" target=\"_blank\" rel=\"noopener\">Abou Dhabi<\/a> (encore 58 points \u00e0 gratter au maximum).<\/p>\n<p><a href=\"https:\/\/www.20minutes.fr\/sport\/f1\/\" class=\"c-link c-btn c-btn--primary\" target=\"_blank\" rel=\"noopener\">Notre dossier sur la Formule 1<\/a><\/p>\n<p>Jusque-l\u00e0 tr\u00e8s r\u00e9gulier, le Britannique de 26 ans aura-t-il les \u00e9paules assez solides pour acc\u00e9der \u00e0 un Graal subitement mis en p\u00e9ril par l\u2019incontournable quadruple champion du monde en titre\u00a0? De m\u00eame, toute l\u2019\u00e9curie McLaren, qui court apr\u00e8s le titre individuel depuis dix-sept ans (avec <a href=\"https:\/\/www.20minutes.fr\/sport\/lewis_hamilton\/\" class=\"c-link c-link--is-underlined\" target=\"_blank\" rel=\"noopener\">Lewis Hamilton<\/a>) aura une pression terrible sur ses \u00e9paules apr\u00e8s le couac de Vegas. La hype F1\/Drive to survive est de retour au meilleur moment, qu\u2019on se le dise.<\/p>\n","protected":false},"excerpt":{"rendered":"\u00c7a fait quatre ans que les accros \u00e0 la Formule 1 attendent une fin de saison accroch\u00e9e pour&hellip;\n","protected":false},"author":2,"featured_media":554613,"comment_status":"","ping_status":"","sticky":false,"template":"","format":"standard","meta":{"footnotes":""},"categories":[2],"tags":[11,5088,7842,1011,27,7843,192,2236,4475,12,2255,25,517],"class_list":{"0":"post-554612","1":"post","2":"type-post","3":"status-publish","4":"format-standard","5":"has-post-thumbnail","7":"category-actualites","8":"tag-actualites","9":"tag-fia","10":"tag-formule-1-f1","11":"tag-fr","12":"tag-france","13":"tag-grand-prix-f1","14":"tag-las-vegas","15":"tag-max-verstappen","16":"tag-mclaren","17":"tag-news","18":"tag-red-bull","19":"tag-republique-francaise","20":"tag-sport"},"share_on_mastodon":{"url":"https:\/\/pubeurope.com\/@fr\/115602610163882290","error":""},"_links":{"self":[{"href":"https:\/\/www.europesays.com\/fr\/wp-json\/wp\/v2\/posts\/554612","targetHints":{"allow":["GET"]}}],"collection":[{"href":"https:\/\/www.europesays.com\/fr\/wp-json\/wp\/v2\/posts"}],"about":[{"href":"https:\/\/www.europesays.com\/fr\/wp-json\/wp\/v2\/types\/post"}],"author":[{"embeddable":true,"href":"https:\/\/www.europesays.com\/fr\/wp-json\/wp\/v2\/users\/2"}],"replies":[{"embeddable":true,"href":"https:\/\/www.europesays.com\/fr\/wp-json\/wp\/v2\/comments?post=554612"}],"version-history":[{"count":0,"href":"https:\/\/www.europesays.com\/fr\/wp-json\/wp\/v2\/posts\/554612\/revisions"}],"wp:featuredmedia":[{"embeddable":true,"href":"https:\/\/www.europesays.com\/fr\/wp-json\/wp\/v2\/media\/554613"}],"wp:attachment":[{"href":"https:\/\/www.europesays.com\/fr\/wp-json\/wp\/v2\/media?parent=554612"}],"wp:term":[{"taxonomy":"category","embeddable":true,"href":"https:\/\/www.europesays.com\/fr\/wp-json\/wp\/v2\/categories?post=554612"},{"taxonomy":"post_tag","embeddable":true,"href":"https:\/\/www.europesays.com\/fr\/wp-json\/wp\/v2\/tags?post=554612"}],"curies":[{"name":"wp","href":"https:\/\/api.w.org\/{rel}","templated":true}]}}