{"id":554614,"date":"2025-11-24T03:43:14","date_gmt":"2025-11-24T03:43:14","guid":{"rendered":"https:\/\/www.europesays.com\/fr\/554614\/"},"modified":"2025-11-24T03:43:14","modified_gmt":"2025-11-24T03:43:14","slug":"fabien-galthie-semble-avoir-du-mal-a-trancher","status":"publish","type":"post","link":"https:\/\/www.europesays.com\/fr\/554614\/","title":{"rendered":"\u00ab\u00a0Fabien Galthi\u00e9 semble avoir du mal \u00e0 trancher\u00a0\u00bb"},"content":{"rendered":"<p>\u00ab\u00a0En d\u00e9fense, d\u2019abord. Depuis que Fabien Galthi\u00e9 est s\u00e9lectionneur, on a rarement vu cette \u00e9quipe prendre autant d\u2019essais. C\u2019\u00e9tait un point crucial par le pass\u00e9, elle est d\u00e9sormais poreuse.\u00a0\u00bb<\/p>\n<p>\u00ab\u00a0Offensivement, les Bleus ne proposent pas grand-chose. Ils mettent tr\u00e8s peu la main sur le ballon \u2013\u00a0parce qu\u2019ils le laissent \u00e0 l\u2019adversaire ou alors parce qu\u2019ils ont du mal \u00e0 le conqu\u00e9rir. Donc automatiquement, puisqu\u2019ils passent beaucoup de temps \u00e0 d\u00e9fendre, ils prennent beaucoup de p\u00e9nalit\u00e9s.\u00a0\u00bb<\/p>\n<p>\u00ab\u00a0Cette indiscipline serait \u00e0 mon sens facile \u00e0 corriger en s\u2019assurant plus de possession. On l\u2019a notamment vu en seconde p\u00e9riode face \u00e0 l\u2019Australie lorsque les Fran\u00e7ais, plus conqu\u00e9rants, ont \u00e9t\u00e9 plus disciplin\u00e9s. Mais pour l\u2019heure, il n\u2019y a pas v\u00e9ritablement de fond de jeu.\u00a0\u00bb<\/p>\n<p>La solution de la jeunesse<\/p>\n<p>\u00ab\u00a0Il y a probablement des raisons \u00e0 cela. Sur ces trois matchs, j\u2019ai eu l\u2019impression que les Bleus manquaient un peu de gaz physiquement\u00a0: ils ont donn\u00e9 l\u2019impression d\u2019avoir du mal \u00e0 acc\u00e9l\u00e9rer. Les organismes ne semblaient pas plein d\u2019\u00e9nergie. Il y a \u00e9galement beaucoup d\u2019absents\u00a0: les retours des (Peato) Mauvaka, (Fran\u00e7ois) Cros, (Antoine) Dupont ou (Yoram) Moefana feront forc\u00e9ment du bien.\u00a0\u00bb<\/p>\n<p>\u00ab\u00a0Heureusement, il y a aussi des points positifs. La touche a \u00e9t\u00e9 tr\u00e8s bonne. La m\u00eal\u00e9e, hormis face aux Sud-Africains, a \u00e9t\u00e9 relativement solide\u00a0: mais qui ne souffre pas face aux Boks\u00a0? Le v\u00e9ritable point fort de cette \u00e9quipe, en revanche, c\u2019est la jeunesse de certains joueurs derri\u00e8re\u00a0: ils ont des qualit\u00e9s techniques et physiques qui aident \u00e0 faire les diff\u00e9rences.\u00a0\u00bb<\/p>\n<p>\u00ab\u00a0Avec des joueurs comme Louis Bielle-Biarrey, Nicolas Depoortere ou Kalvin Gourgues, qui ont envie de se faire plaisir avec de la vitesse, il y a de quoi faire\u00a0! Ils ont montr\u00e9 qu\u2019ils pouvaient \u00eatre une solution.\u00a0\u00bb<\/p>\n","protected":false},"excerpt":{"rendered":"\u00ab\u00a0En d\u00e9fense, d\u2019abord. Depuis que Fabien Galthi\u00e9 est s\u00e9lectionneur, on a rarement vu cette \u00e9quipe prendre autant d\u2019essais.&hellip;\n","protected":false},"author":2,"featured_media":554615,"comment_status":"","ping_status":"","sticky":false,"template":"","format":"standard","meta":{"footnotes":""},"categories":[2],"tags":[11,1011,27,12,25],"class_list":{"0":"post-554614","1":"post","2":"type-post","3":"status-publish","4":"format-standard","5":"has-post-thumbnail","7":"category-actualites","8":"tag-actualites","9":"tag-fr","10":"tag-france","11":"tag-news","12":"tag-republique-francaise"},"share_on_mastodon":{"url":"","error":""},"_links":{"self":[{"href":"https:\/\/www.europesays.com\/fr\/wp-json\/wp\/v2\/posts\/554614","targetHints":{"allow":["GET"]}}],"collection":[{"href":"https:\/\/www.europesays.com\/fr\/wp-json\/wp\/v2\/posts"}],"about":[{"href":"https:\/\/www.europesays.com\/fr\/wp-json\/wp\/v2\/types\/post"}],"author":[{"embeddable":true,"href":"https:\/\/www.europesays.com\/fr\/wp-json\/wp\/v2\/users\/2"}],"replies":[{"embeddable":true,"href":"https:\/\/www.europesays.com\/fr\/wp-json\/wp\/v2\/comments?post=554614"}],"version-history":[{"count":0,"href":"https:\/\/www.europesays.com\/fr\/wp-json\/wp\/v2\/posts\/554614\/revisions"}],"wp:featuredmedia":[{"embeddable":true,"href":"https:\/\/www.europesays.com\/fr\/wp-json\/wp\/v2\/media\/554615"}],"wp:attachment":[{"href":"https:\/\/www.europesays.com\/fr\/wp-json\/wp\/v2\/media?parent=554614"}],"wp:term":[{"taxonomy":"category","embeddable":true,"href":"https:\/\/www.europesays.com\/fr\/wp-json\/wp\/v2\/categories?post=554614"},{"taxonomy":"post_tag","embeddable":true,"href":"https:\/\/www.europesays.com\/fr\/wp-json\/wp\/v2\/tags?post=554614"}],"curies":[{"name":"wp","href":"https:\/\/api.w.org\/{rel}","templated":true}]}}