{"id":554636,"date":"2025-11-24T04:00:32","date_gmt":"2025-11-24T04:00:32","guid":{"rendered":"https:\/\/www.europesays.com\/fr\/554636\/"},"modified":"2025-11-24T04:00:32","modified_gmt":"2025-11-24T04:00:32","slug":"lampes-intelligentes-simulateurs-daube-la-luminotherapie-une-pratique-quotidienne-pour-soigner-les-maux-de-lhiver","status":"publish","type":"post","link":"https:\/\/www.europesays.com\/fr\/554636\/","title":{"rendered":"Lampes intelligentes, simulateurs d\u2019aube&#8230; La luminoth\u00e9rapie, une pratique quotidienne pour soigner les maux de l\u2019hiver"},"content":{"rendered":"<p>\n    <strong>NOS CONSEILS<\/strong> &#8211; Cette m\u00e9thode a \u00e9t\u00e9 reconnue officiellement en 2006 par l\u2019Association am\u00e9ricaine de psychiatrie comme un traitement efficace contre la d\u00e9pression saisonni\u00e8re et certains troubles du sommeil.<\/p>\n<p class=\"fig-paragraph\">Comme chaque ann\u00e9e \u00e0 la m\u00eame \u00e9poque, \u00e0 partir du changement d\u2019heure de la fin octobre, quand les jours raccourcissent drastiquement et que la luminosit\u00e9 se r\u00e9duit comme peau de chagrin, nous sommes pris d\u2019une\u00a0<a href=\"http:\/\/sante.lefigaro.fr\/social\/sante-publique\/syndrome-de-fatigue-chronique-une-etude-revele-l-existence-de-predispositions-genetiques-20250814\" data-fig-type=\"Article\" data-gtm-custom-categorie=\"navigation\" data-gtm-custom-action=\"crossclick\" data-gtm-custom-label=\"Contextuel\" data-gtm-event=\"customEventSPE\" data-fig-domain=\"SANTE\" target=\"_blank\" rel=\"noopener\">fatigue chronique<\/a>\u00a0et d\u2019un profond d\u00e9couragement. Le ph\u00e9nom\u00e8ne est connu depuis l\u2019Antiquit\u00e9\u00a0: la\u00a0<a href=\"http:\/\/madame.lefigaro.fr\/bien-etre\/psycho\/le-dr-saldmann-devoile-une-astuce-lumineuse-pour-lutter-contre-la-depression-saisonniere-20241015\" data-fig-type=\"Article\" data-gtm-custom-categorie=\"navigation\" data-gtm-custom-action=\"crossclick\" data-gtm-custom-label=\"Contextuel\" data-gtm-event=\"customEventSPE\" data-fig-domain=\"MADAME\" target=\"_blank\" rel=\"noopener\">d\u00e9pression saisonni\u00e8re<\/a>. Elle est li\u00e9e au manque de stimuli lumineux dans la journ\u00e9e et au d\u00e9r\u00e8glement induit de nos rythmes circadiens. Bonne nouvelle\u00a0: cette manifestation est \u00e9vitable gr\u00e2ce aux technologies d\u2019\u00e9clairage modernes. Cette pratique se nomme la luminoth\u00e9rapie. Elle est m\u00eame capable de r\u00e9duire les probl\u00e8mes cutan\u00e9s et de rendre une seconde jeunesse \u00e0 la peau. Suivez le guide.<\/p>\n<p class=\"fig-paragraph\">Chaque hiver, les journ\u00e9es raccourcissent et le corps doit s\u2019accommoder d\u2019une intensit\u00e9 lumineuse moyenne de 3\u00a0500\u00a0lux contre des pics \u00e0 130\u00a0000\u00a0lux en \u00e9t\u00e9. La carence en lumi\u00e8re produit alors des effets d\u00e9l\u00e9t\u00e8res, notamment une hausse anormale de la\u00a0<a href=\"http:\/\/sante.lefigaro.fr\/social\/sante-publique\/musicotherapie-omega-3-melatonine-les-therapies-alternatives-sont-elles-efficaces-dans-l-autisme-20250909\" data-fig-type=\"Article\" data-gtm-custom-categorie=\"navigation\" data-gtm-custom-action=\"crossclick\" data-gtm-custom-label=\"Contextuel\" data-gtm-event=\"customEventSPE\" data-fig-domain=\"SANTE\" target=\"_blank\" rel=\"noopener\">m\u00e9latonine\u00a0<\/a>(l\u2019hormone du sommeil) en journ\u00e9e\u2026<\/p>\n<p class=\"fig-premium-paywall__infos\">\n        Cet article est r\u00e9serv\u00e9 aux abonn\u00e9s.        Il vous reste 87% \u00e0 d\u00e9couvrir.\n    <\/p>\n<p>                <img  data- alt=\"Le Figaro\" class=\"fig-img--complete fig-img\"\/><\/p>\n<p class=\"fig-premium-paywall__title\">Black Friday<\/p>\n<p class=\"fig-premium-paywall__subtitle\">-70% sur l&rsquo;abonnement num\u00e9rique<\/p>\n<p class=\"fig-premium-paywall__connect\">\n                D\u00e9j\u00e0 abonn\u00e9\u00a0?                <a class=\"fig-premium-paywall__connect-link\" href=\"https:\/\/connect.lefigaro.fr\/login?client=horizon_web&amp;type=main&amp;redirect_uri=https%3A%2F%2Fwww.lefigaro.fr%2Ff-art-de-vivre%2Flampes-intelligentes-simulateurs-d-aube-la-luminotherapie-une-pratique-quotidienne-pour-soigner-les-maux-de-l-hiver-20251123\" data-js-gtm=\"{&quot;customCategorie&quot;: &quot;conversion&quot;, &quot;customAction&quot;: &quot;before_Landing_Connexion_paywall_auto&quot;, &quot;customLabel&quot;: &quot;bGVmaWdhcm8uZnJfXzFmMGMwMGFkLTk5YzMtNmJjOC1hNjYzLTA1ZTUyZTcxZGEzYV9fQXJ0aWNsZQ==_Lampes intelligentes, simulateurs d\u2019aube... La luminoth\u00e9rapie, une pratique quotidienne pour soigner les maux de l\u2019hiver_295&quot;, &quot;customIDSPE&quot;: &quot;bGVmaWdhcm8uZnJfXzFmMGMwMGFkLTk5YzMtNmJjOC1hNjYzLTA1ZTUyZTcxZGEzYV9fQXJ0aWNsZQ==&quot;, &quot;event&quot;: &quot;customEventSPE&quot;}\" target=\"_blank\" rel=\"noopener\"><br \/>\n                    Connectez-vous<br \/>\n                <\/a>\n            <\/p>\n","protected":false},"excerpt":{"rendered":"NOS CONSEILS &#8211; Cette m\u00e9thode a \u00e9t\u00e9 reconnue officiellement en 2006 par l\u2019Association am\u00e9ricaine de psychiatrie comme un&hellip;\n","protected":false},"author":2,"featured_media":554637,"comment_status":"","ping_status":"","sticky":false,"template":"","format":"standard","meta":{"footnotes":""},"categories":[10],"tags":[2073,1011,27,72,23981,15926,962,9854,71],"class_list":{"0":"post-554636","1":"post","2":"type-post","3":"status-publish","4":"format-standard","5":"has-post-thumbnail","7":"category-sante","8":"tag-depression","9":"tag-fr","10":"tag-france","11":"tag-health","12":"tag-humeur","13":"tag-lumiere","14":"tag-nouvelles-technologies","15":"tag-peau","16":"tag-sante"},"share_on_mastodon":{"url":"https:\/\/pubeurope.com\/@fr\/115602680929478242","error":""},"_links":{"self":[{"href":"https:\/\/www.europesays.com\/fr\/wp-json\/wp\/v2\/posts\/554636","targetHints":{"allow":["GET"]}}],"collection":[{"href":"https:\/\/www.europesays.com\/fr\/wp-json\/wp\/v2\/posts"}],"about":[{"href":"https:\/\/www.europesays.com\/fr\/wp-json\/wp\/v2\/types\/post"}],"author":[{"embeddable":true,"href":"https:\/\/www.europesays.com\/fr\/wp-json\/wp\/v2\/users\/2"}],"replies":[{"embeddable":true,"href":"https:\/\/www.europesays.com\/fr\/wp-json\/wp\/v2\/comments?post=554636"}],"version-history":[{"count":0,"href":"https:\/\/www.europesays.com\/fr\/wp-json\/wp\/v2\/posts\/554636\/revisions"}],"wp:featuredmedia":[{"embeddable":true,"href":"https:\/\/www.europesays.com\/fr\/wp-json\/wp\/v2\/media\/554637"}],"wp:attachment":[{"href":"https:\/\/www.europesays.com\/fr\/wp-json\/wp\/v2\/media?parent=554636"}],"wp:term":[{"taxonomy":"category","embeddable":true,"href":"https:\/\/www.europesays.com\/fr\/wp-json\/wp\/v2\/categories?post=554636"},{"taxonomy":"post_tag","embeddable":true,"href":"https:\/\/www.europesays.com\/fr\/wp-json\/wp\/v2\/tags?post=554636"}],"curies":[{"name":"wp","href":"https:\/\/api.w.org\/{rel}","templated":true}]}}