{"id":554650,"date":"2025-11-24T04:10:20","date_gmt":"2025-11-24T04:10:20","guid":{"rendered":"https:\/\/www.europesays.com\/fr\/554650\/"},"modified":"2025-11-24T04:10:20","modified_gmt":"2025-11-24T04:10:20","slug":"un-trentenaire-decede-des-suites-de-ses-blessures-apres-une-rixe-a-saint-etienne-lauteur-des-coups-mortels-activement-recherche-2","status":"publish","type":"post","link":"https:\/\/www.europesays.com\/fr\/554650\/","title":{"rendered":"Un trentenaire d\u00e9c\u00e8de des suites de ses blessures apr\u00e8s une rixe \u00e0 Saint-\u00c9tienne, l&rsquo;auteur des coups mortels activement recherch\u00e9"},"content":{"rendered":"<p class=\"mb-4 text-lg md:leading-8 break-words\">Un homme de 34 ans est d\u00e9c\u00e9d\u00e9 samedi 22 novembre au soir apr\u00e8s avoir \u00e9t\u00e9 bless\u00e9 lors d&rsquo;une bagarre devant un after club de <a href=\"https:\/\/rmcsport.bfmtv.com\/rmc-running\/ca-me-met-hors-de-moi-soupcons-de-triche-dans-un-trail-en-plein-saint-etienne-un-coureur-crie-au-scandale_AV-202511040638.html\" rel=\"nofollow noopener\" target=\"_blank\" data-ylk=\"slk:Saint-\u00c9tienne;elm:context_link;itc:0;sec:content-canvas\" class=\"link \">Saint-\u00c9tienne<\/a>. La victime avait \u00e9t\u00e9 prise en charge par les pompiers au petit matin et transport\u00e9e en urgence absolue \u00e0 l&rsquo;h\u00f4pital. L&rsquo;auteur pr\u00e9sum\u00e9 du coup mortel est en fuite, et activement recherch\u00e9, a appris l&rsquo;AFP dimanche de source judiciaire.<\/p>\n<p class=\"mb-4 text-lg md:leading-8 break-words\">Ce p\u00e8re de trois enfants est \u00ab\u00a0d\u00e9c\u00e9d\u00e9 des suites de ses blessures au CHU de Saint-\u00c9tienne o\u00f9 il avait \u00e9t\u00e9 transport\u00e9 dans un \u00e9tat grave en tout d\u00e9but de journ\u00e9e\u00a0\u00bb samedi, a d\u00e9clar\u00e9 \u00e0 l\u2019AFP le parquet de Saint-\u00c9tienne, confirmant une information du quotidien r\u00e9gional <a href=\"https:\/\/www.leprogres.fr\/faits-divers-justice\/2025\/11\/23\/bagarre-en-centre-ville-la-victime-est-decedee\" rel=\"nofollow noopener\" target=\"_blank\" data-ylk=\"slk:Le Progr\u00e8s;elm:context_link;itc:0;sec:content-canvas\" class=\"link \">Le Progr\u00e8s<\/a>.<\/p>\n<p>Une enqu\u00eate pour \u00ab\u00a0violences volontaires ayant entra\u00een\u00e9 la mort sans intention de la donner\u00a0\u00bb a \u00e9t\u00e9 ouverte<\/p>\n<p class=\"mb-4 text-lg md:leading-8 break-words\">L\u2019homme qui a port\u00e9 les coups mortels \u00e0 ce client d\u2019un after club du centre de <a href=\"https:\/\/fr.news.yahoo.com\/proc%C3%A8s-chantage-%C3%A0-sextape-%C3%A0-144652957.html\" data-ylk=\"slk:Saint-\u00c9tienne;elm:context_link;itc:0;sec:content-canvas;outcm:mb_qualified_link;_E:mb_qualified_link;ct:story;\" class=\"link  yahoo-link\" target=\"_blank\" rel=\"noopener\">Saint-\u00c9tienne<\/a> \u00e9tait \u00ab\u00a0toujours recherch\u00e9\u00a0\u00bb dimanche en d\u00e9but d\u2019apr\u00e8s-midi, a indiqu\u00e9 \u00e0 l&rsquo;AFP le procureur adjoint Aur\u00e9lien Buffart.<\/p>\n<p>Publicit\u00e9<\/p>\n<p>Publicit\u00e9<\/p>\n<p>Publicit\u00e9<\/p>\n<p>Publicit\u00e9<\/p>\n<p class=\"mb-4 text-lg md:leading-8 break-words\">Une enqu\u00eate pour \u00ab\u00a0violences volontaires ayant entra\u00een\u00e9 la mort sans intention de la donner\u00a0\u00bb a \u00e9t\u00e9 ouverte. Selon les premiers \u00e9l\u00e9ments, la victime aurait notamment re\u00e7u un violent coup de pied \u00e0 la t\u00eate.<\/p>\n<p class=\"mb-4 text-lg md:leading-8 break-words\"><a href=\"https:\/\/www.bfmtv.com\/police-justice\/un-trentenaire-decede-des-suites-de-ses-blessures-apres-une-rixe-a-saint-etienne-l-auteur-des-coups-mortels-activement-recherche_AD-202511230312.html#xtor=AL-68\" rel=\"nofollow noopener\" target=\"_blank\" data-ylk=\"slk:Article original publi\u00e9 sur BFMTV.com;elm:context_link;itc:0;sec:content-canvas\" class=\"link \">Article original publi\u00e9 sur BFMTV.com<\/a><\/p>\n","protected":false},"excerpt":{"rendered":"Un homme de 34 ans est d\u00e9c\u00e9d\u00e9 samedi 22 novembre au soir apr\u00e8s avoir \u00e9t\u00e9 bless\u00e9 lors d&rsquo;une&hellip;\n","protected":false},"author":2,"featured_media":554651,"comment_status":"","ping_status":"","sticky":false,"template":"","format":"standard","meta":{"footnotes":""},"categories":[9653],"tags":[1111,11,2430,67237,1777,674,1011,27,60768,12,25,4001],"class_list":{"0":"post-554650","1":"post","2":"type-post","3":"status-publish","4":"format-standard","5":"has-post-thumbnail","7":"category-saint-etienne","8":"tag-actu","9":"tag-actualites","10":"tag-auvergne-rhone-alpes","11":"tag-chu-de-saint-etienne","12":"tag-eu","13":"tag-europe","14":"tag-fr","15":"tag-france","16":"tag-le-progres","17":"tag-news","18":"tag-republique-francaise","19":"tag-saint-etienne"},"share_on_mastodon":{"url":"https:\/\/pubeurope.com\/@fr\/115602720211235580","error":""},"_links":{"self":[{"href":"https:\/\/www.europesays.com\/fr\/wp-json\/wp\/v2\/posts\/554650","targetHints":{"allow":["GET"]}}],"collection":[{"href":"https:\/\/www.europesays.com\/fr\/wp-json\/wp\/v2\/posts"}],"about":[{"href":"https:\/\/www.europesays.com\/fr\/wp-json\/wp\/v2\/types\/post"}],"author":[{"embeddable":true,"href":"https:\/\/www.europesays.com\/fr\/wp-json\/wp\/v2\/users\/2"}],"replies":[{"embeddable":true,"href":"https:\/\/www.europesays.com\/fr\/wp-json\/wp\/v2\/comments?post=554650"}],"version-history":[{"count":0,"href":"https:\/\/www.europesays.com\/fr\/wp-json\/wp\/v2\/posts\/554650\/revisions"}],"wp:featuredmedia":[{"embeddable":true,"href":"https:\/\/www.europesays.com\/fr\/wp-json\/wp\/v2\/media\/554651"}],"wp:attachment":[{"href":"https:\/\/www.europesays.com\/fr\/wp-json\/wp\/v2\/media?parent=554650"}],"wp:term":[{"taxonomy":"category","embeddable":true,"href":"https:\/\/www.europesays.com\/fr\/wp-json\/wp\/v2\/categories?post=554650"},{"taxonomy":"post_tag","embeddable":true,"href":"https:\/\/www.europesays.com\/fr\/wp-json\/wp\/v2\/tags?post=554650"}],"curies":[{"name":"wp","href":"https:\/\/api.w.org\/{rel}","templated":true}]}}