{"id":554652,"date":"2025-11-24T04:13:05","date_gmt":"2025-11-24T04:13:05","guid":{"rendered":"https:\/\/www.europesays.com\/fr\/554652\/"},"modified":"2025-11-24T04:13:05","modified_gmt":"2025-11-24T04:13:05","slug":"photos-saint-nicolas-saffiche-en-pixels-sur-lhotel-de-ville-de-nancy","status":"publish","type":"post","link":"https:\/\/www.europesays.com\/fr\/554652\/","title":{"rendered":"Photos. Saint Nicolas s&rsquo;affiche en pixels sur l&rsquo;h\u00f4tel de ville de Nancy"},"content":{"rendered":"<p>La l\u00e9gende de Saint-Nicolas prend vie sur les fa\u00e7ades de l\u2019h\u00f4tel de ville gr\u00e2ce au nouveau vid\u00e9o\u2011mapping \u00ab\u00a0Pixels de l\u00e9gende\u00a0\u00bb sign\u00e9 AV Extended. Le spectacle troque le dessin traditionnel pour un univers pix\u00e9lis\u00e9, clin d\u2019\u0153il aux jeux vid\u00e9o des ann\u00e9es 1980 et au c\u00e9l\u00e8bre jeu Minecraft ador\u00e9 des enfants d\u2019aujourd\u2019hui. Le boucher n\u2019a qu\u2019\u00e0 bien se tenir : tous les spectateurs sont en haleine devant ce magnifique spectacle immersif et attendent avec impatience la venue du saint patron sauveur des enfants.\u00a0<\/p>\n","protected":false},"excerpt":{"rendered":"La l\u00e9gende de Saint-Nicolas prend vie sur les fa\u00e7ades de l\u2019h\u00f4tel de ville gr\u00e2ce au nouveau vid\u00e9o\u2011mapping \u00ab\u00a0Pixels&hellip;\n","protected":false},"author":2,"featured_media":554653,"comment_status":"","ping_status":"","sticky":false,"template":"","format":"standard","meta":{"footnotes":""},"categories":[9635],"tags":[1111,11,7782,1687,33,1704,1777,674,17649,1011,27,2798,775,1702,12,15830,25,14334,104,3140],"class_list":{"0":"post-554652","1":"post","2":"type-post","3":"status-publish","4":"format-standard","5":"has-post-thumbnail","7":"category-nancy","8":"tag-actu","9":"tag-actualites","10":"tag-balades-et-randonnees","11":"tag-culture-loisirs","12":"tag-economie","13":"tag-edition-nancy-et-agglomeration","14":"tag-eu","15":"tag-europe","16":"tag-fil-print","17":"tag-fr","18":"tag-france","19":"tag-galerie-photo","20":"tag-grand-est","21":"tag-nancy","22":"tag-news","23":"tag-noel","24":"tag-republique-francaise","25":"tag-saint-nicolas","26":"tag-societe","27":"tag-spectacle"},"share_on_mastodon":{"url":"https:\/\/pubeurope.com\/@fr\/115602732210839360","error":""},"_links":{"self":[{"href":"https:\/\/www.europesays.com\/fr\/wp-json\/wp\/v2\/posts\/554652","targetHints":{"allow":["GET"]}}],"collection":[{"href":"https:\/\/www.europesays.com\/fr\/wp-json\/wp\/v2\/posts"}],"about":[{"href":"https:\/\/www.europesays.com\/fr\/wp-json\/wp\/v2\/types\/post"}],"author":[{"embeddable":true,"href":"https:\/\/www.europesays.com\/fr\/wp-json\/wp\/v2\/users\/2"}],"replies":[{"embeddable":true,"href":"https:\/\/www.europesays.com\/fr\/wp-json\/wp\/v2\/comments?post=554652"}],"version-history":[{"count":0,"href":"https:\/\/www.europesays.com\/fr\/wp-json\/wp\/v2\/posts\/554652\/revisions"}],"wp:featuredmedia":[{"embeddable":true,"href":"https:\/\/www.europesays.com\/fr\/wp-json\/wp\/v2\/media\/554653"}],"wp:attachment":[{"href":"https:\/\/www.europesays.com\/fr\/wp-json\/wp\/v2\/media?parent=554652"}],"wp:term":[{"taxonomy":"category","embeddable":true,"href":"https:\/\/www.europesays.com\/fr\/wp-json\/wp\/v2\/categories?post=554652"},{"taxonomy":"post_tag","embeddable":true,"href":"https:\/\/www.europesays.com\/fr\/wp-json\/wp\/v2\/tags?post=554652"}],"curies":[{"name":"wp","href":"https:\/\/api.w.org\/{rel}","templated":true}]}}