{"id":554676,"date":"2025-11-24T04:35:26","date_gmt":"2025-11-24T04:35:26","guid":{"rendered":"https:\/\/www.europesays.com\/fr\/554676\/"},"modified":"2025-11-24T04:35:26","modified_gmt":"2025-11-24T04:35:26","slug":"avec-chante-nwel-on-revit-les-traditions-de-noel-de-martinique-au-coeur-de-nantes","status":"publish","type":"post","link":"https:\/\/www.europesays.com\/fr\/554676\/","title":{"rendered":"Avec Chant\u00e9 Nwel, \u00ab\u00a0on revit les traditions de No\u00ebl\u00a0\u00bb de Martinique au c\u0153ur de Nantes"},"content":{"rendered":"<p><strong>\u00ab\u00a0Quand on \u00e9tait enfants, en Martinique, la f\u00eate de No\u00ebl \u00e9tait la plus populaire de l\u2019ann\u00e9e. Nantais aujourd\u2019hui, on revit la tradition ici, tous les ans, depuis un quart de si\u00e8cle\u00a0\u00bb,<\/strong> expliquent C\u00e9line, Marie-\u00c9lisabeth, Marie-Claude et Patricia, membres de <a href=\"https:\/\/nantes.maville.com\/actu\/actudet_-metisse-a-nantes-invite-a-une-fin-d-annee-antillaise-et-festive-_52716-6456233_actu.Htm\" target=\"_blank\" rel=\"noopener\">M\u00e9tiss\u00e9 \u00e0 Nantes,<\/a> ainsi que Nicolas Ch\u00e9ti-Z\u00e9cot\u00e9, son pr\u00e9sident. C\u2019est en tout cas l\u2019un des objectifs de l\u2019association, <strong>\u00ab\u00a0promouvoir la culture antillaise et favoriser le bien vivre ensemble\u00a0\u00bb.<\/strong><\/p>\n<p><strong>\u00ab\u00a0Chez nous, <\/strong>pr\u00e9cisent-ils<strong>, les f\u00eates de fin d\u2019ann\u00e9e \u00e9taient plac\u00e9es sous le signe du partage. Aujourd\u2019hui, l\u2019esprit n\u2019a pas chang\u00e9, ni l\u00e0-bas ni ici. Notre culture s\u2019est transmise de g\u00e9n\u00e9ration en g\u00e9n\u00e9ration. \u00c0 Nantes, on confectionne toujours le boudin \u00e0 notre fa\u00e7on et on organise tous les ans une f\u00eate collective, <a href=\"https:\/\/nantes.maville.com\/actu\/actudet_-aux-dervallieres-a-nantes-on-va-chanter-noel-comme-en-martinique-_52716-6580612_actu.Htm\" target=\"_blank\" rel=\"noopener\">intitul\u00e9e Chant\u00e9 Nwel, qui r\u00e9unit \u00e0 chaque fois plus de 300\u00a0participants.\u00a0\u00bb<\/a> <\/strong><\/p>\n<p>\u00ab\u00a0Tout le monde chantera\u00a0\u00bb<\/p>\n<p>Cette ann\u00e9e, le rendez-vous est donn\u00e9 samedi 6\u00a0d\u00e9cembre. Elle sera <strong>\u00ab\u00a0encore plus prestigieuse\u00a0\u00bb,<\/strong> assurent C\u00e9line et Patricia, implant\u00e9es \u00e0 Nantes de longue date. La f\u00eate sera anim\u00e9e par le groupe B\u00f4kannwel de B\u00f4kannal, qui se d\u00e9placera sp\u00e9cialement de la Martinique. Leur r\u00e9pertoire, lui, reprend ses classiques\u00a0: des cantiques populaires de No\u00ebl, pas de folklore. <strong>\u00ab\u00a0Tout le monde chantera,<\/strong> mentionnent les organisateurs. <strong>Les textes seront fournis aux personnes qui ne les connaissent pas par c\u0153ur.\u00a0\u00bb<\/strong><\/p>\n<p><strong>Samedi 6\u00a0d\u00e9cembre,<\/strong> \u00e0 20\u00a0h\u00a030, accueil \u00e0 partir de 19\u00a0h\u00a030, \u00e0 la salle festive Quartier nord, 73, avenue du Bout-des-Landes, \u00e0 Nantes. Deux heures et demie, plus soir\u00e9e dansante. Tarifs\u00a0: 15\u00a0\u20ac, 5\u00a0\u20ac pour les moins de 12\u00a0ans. R\u00e9servation obligatoire. Contact. T\u00e9l. 06\u00a098\u00a024\u00a097\u00a002.<\/p>\n<p>\u00a0<\/p>\n","protected":false},"excerpt":{"rendered":"\u00ab\u00a0Quand on \u00e9tait enfants, en Martinique, la f\u00eate de No\u00ebl \u00e9tait la plus populaire de l\u2019ann\u00e9e. Nantais aujourd\u2019hui,&hellip;\n","protected":false},"author":2,"featured_media":554677,"comment_status":"","ping_status":"","sticky":false,"template":"","format":"standard","meta":{"footnotes":""},"categories":[2818],"tags":[1111,11,41746,1777,674,1011,27,20470,766,12,15830,67240,2636,25,67241,54694,11489],"class_list":{"0":"post-554676","1":"post","2":"type-post","3":"status-publish","4":"format-standard","5":"has-post-thumbnail","7":"category-nantes","8":"tag-actu","9":"tag-actualites","10":"tag-chante","11":"tag-eu","12":"tag-europe","13":"tag-fr","14":"tag-france","15":"tag-martinique","16":"tag-nantes","17":"tag-news","18":"tag-noel","19":"tag-nwel","20":"tag-pays-de-la-loire","21":"tag-republique-francaise","22":"tag-revit","23":"tag-traditions","24":"tag-ur"},"share_on_mastodon":{"url":"https:\/\/pubeurope.com\/@fr\/115602818540776442","error":""},"_links":{"self":[{"href":"https:\/\/www.europesays.com\/fr\/wp-json\/wp\/v2\/posts\/554676","targetHints":{"allow":["GET"]}}],"collection":[{"href":"https:\/\/www.europesays.com\/fr\/wp-json\/wp\/v2\/posts"}],"about":[{"href":"https:\/\/www.europesays.com\/fr\/wp-json\/wp\/v2\/types\/post"}],"author":[{"embeddable":true,"href":"https:\/\/www.europesays.com\/fr\/wp-json\/wp\/v2\/users\/2"}],"replies":[{"embeddable":true,"href":"https:\/\/www.europesays.com\/fr\/wp-json\/wp\/v2\/comments?post=554676"}],"version-history":[{"count":0,"href":"https:\/\/www.europesays.com\/fr\/wp-json\/wp\/v2\/posts\/554676\/revisions"}],"wp:featuredmedia":[{"embeddable":true,"href":"https:\/\/www.europesays.com\/fr\/wp-json\/wp\/v2\/media\/554677"}],"wp:attachment":[{"href":"https:\/\/www.europesays.com\/fr\/wp-json\/wp\/v2\/media?parent=554676"}],"wp:term":[{"taxonomy":"category","embeddable":true,"href":"https:\/\/www.europesays.com\/fr\/wp-json\/wp\/v2\/categories?post=554676"},{"taxonomy":"post_tag","embeddable":true,"href":"https:\/\/www.europesays.com\/fr\/wp-json\/wp\/v2\/tags?post=554676"}],"curies":[{"name":"wp","href":"https:\/\/api.w.org\/{rel}","templated":true}]}}