{"id":554680,"date":"2025-11-24T04:37:24","date_gmt":"2025-11-24T04:37:24","guid":{"rendered":"https:\/\/www.europesays.com\/fr\/554680\/"},"modified":"2025-11-24T04:37:24","modified_gmt":"2025-11-24T04:37:24","slug":"la-droite-veut-eviter-une-guerre-des-egos-inutile-a-bordeaux-pour-reconquerir-la-metropole","status":"publish","type":"post","link":"https:\/\/www.europesays.com\/fr\/554680\/","title":{"rendered":"La droite veut \u00e9viter une \u00ab\u00a0guerre des \u00e9gos inutile\u00a0\u00bb \u00e0 Bordeaux pour reconqu\u00e9rir la m\u00e9tropole"},"content":{"rendered":"<p class=\"wp-block-post-excerpt__excerpt\">Les t\u00e9nors de la droite m\u00e9tropolitaine ont lanc\u00e9 leur offensive contre le tandem PS\u2013Verts \u00e0 la t\u00eate de Bordeaux M\u00e9tropole et esp\u00e8re la reconqu\u00eate en 2026. Que ce soit Nathalie Delattre ou Thomas Cazenave \u00e0 Bordeaux, \u00ab\u00a0tous les sc\u00e9narios sont envisageables\u00a0\u00bb pour le groupe d\u2019opposition M\u00e9tropole Commune(s). <\/p>\n<p><a href=\"https:\/\/rue89bordeaux.com\/category\/analyse\/\" rel=\"tag noopener\" target=\"_blank\">Analyse<\/a>, <a href=\"https:\/\/rue89bordeaux.com\/category\/kiosque-abonne\/\" rel=\"tag noopener\" target=\"_blank\">\u00c9dition abonn\u00e9s<\/a><\/p>\n<p>Walid Salem<\/p>\n<p>Publi\u00e9 le 22 novembre 2025\u00a0\u00a0\u00b7\u00a0\u00a0<\/p>\n<p>Imprim\u00e9 le 24 novembre 2025 \u00e0 05h37\u00a0\u00a0\u00b7\u00a0\u00a0<\/p>\n<p>\t\t\t\t\t5\u00a0minutes\n<\/p>\n<p>Le rendez-vous n\u2019a pas d\u00fb \u00eatre simple \u00e0 caler. Pour ce point presse du vendredi 21 novembre, quasiment tous les t\u00e9nors de la droite m\u00e9tropolitaine avaient fait le d\u00e9placement. Patrick Bobet, conseiller m\u00e9tropolitain et maire LR du Bouscat, m\u00e8ne la conf\u00e9rence en chef d\u2019orchestre pour pr\u00e9senter les intentions du groupe M\u00e9tropole Commune(s).<\/p>\n<p>\u00c0 sa droite, la candidate \u00e0 Bordeaux Nathalie Delattre ; autour d\u2019eux, Emmanuel Sallabery (maire de Talence), Michel Labardin (maire de Gradignan), Christophe Duprat (maire LR de Saint-Aubin) et Fabien Robert (Modem dans l\u2019opposition bordelaise). Epaul\u00e9, en arri\u00e8re-plan, par d\u2019autres \u00e9lu\u00b7es et candidat\u00b7es venus des 28 communes de la m\u00e9tropole.<\/p>\n<p>\t\tReconqu\u00e9rir la m\u00e9tropole<\/p>\n<p>Plus que la pr\u00e9sentation de ses \u00ab\u00a07 grandes priorit\u00e9s\u00a0\u00bb, le groupe d\u2019opposition veut surtout montrer sa ferme intention de reconqu\u00e9rir Bordeaux M\u00e9tropole, \u00ab\u00a0dans l\u2019int\u00e9r\u00eat g\u00e9n\u00e9ral, de Bordeaux et de la m\u00e9tropole\u00a0\u00bb, rappelle Patrick Bobet. Celui qui ne se repr\u00e9sente pas \u00e0 sa propre succession ajoute :<\/p>\n<blockquote class=\"wp-block-quote is-layout-flow wp-block-quote-is-layout-flow\">\n<p>\u00ab\u00a0Je serais encore une fois tr\u00e8s malheureux si on ne r\u00e9cup\u00e8re pas la ville et la m\u00e9tropole parce que ce serait repartir pour un mandat et pourquoi pas deux [avec l\u2019alliance PS-Verts]. Ce serait dramatique pour la m\u00e9tropole bordelaise. \u00bb<\/p>\n<\/blockquote>\n<p>Reste que pour gagner la m\u00e9tropole, il faut d\u2019abord remporter les municipales \u00e0 Bordeaux. Le rendez-vous du jour s\u2019est trouv\u00e9 t\u00e9l\u00e9scop\u00e9 <a href=\"https:\/\/www.sudouest.fr\/elections\/municipales\/gironde\/bordeaux\/municipales-a-bordeaux-on-peut-battre-le-maire-cazenave-installe-le-match-avec-un-sondage-favorable-26793932.php\" target=\"_blank\" rel=\"noreferrer noopener\">avec un sondage command\u00e9 par Renaissance!<\/a> et publi\u00e9 par Sud Ouest, lequel \u2013 selon plusieurs hypoth\u00e8ses \u2013 donnerait plus de chances \u00e0 Thomas Cazenave face \u00e0 Pierre Hurmic.<\/p>\n<p><img loading=\"lazy\" decoding=\"async\" width=\"480\" height=\"480\" src=\"https:\/\/www.europesays.com\/fr\/wp-content\/uploads\/2025\/04\/23-paywall.png\" alt=\"Abonnez-vous\" class=\"wp-image-128439\" style=\"aspect-ratio:1;width:210px;height:auto\"  \/><\/p>\n<p>Cet article fait partie de l\u2019\u00e9dition abonn\u00e9s. Pour lire la suite, profitez d\u2019une offre d\u00e9couverte \u00e0 1\u20ac.<\/p>\n<p class=\"has-gray-700-color has-text-color has-medium-font-size\">Contribuez \u00e0 consolider un m\u00e9dia ind\u00e9pendant \u00e0 Bordeaux, en capacit\u00e9 d\u2019enqu\u00eater sur les enjeux locaux.<\/p>\n<p>\t\t\t<a href=\"https:\/\/rue89bordeaux.com\/\" class=\"custom-logo-link\" rel=\"home noopener\" target=\"_blank\"><img loading=\"lazy\" decoding=\"async\" width=\"290\" height=\"49\" src=\"https:\/\/www.europesays.com\/fr\/wp-content\/uploads\/2025\/04\/logo.png\" class=\"custom-logo\" alt=\"Rue89Bordeaux Enqu\u00eates et informations de proximit\u00e9\"  \/><\/a><\/p>\n<p>\n\t\t\t\tAbonnez-vous maintenant pour suivre l\u2019actualit\u00e9 locale.\t\t\t<\/p>\n<p class=\"font-bold font-serif-heading mb-2 text-4xl\">\n\t\t\t\t\t\tL\u2019investigation locale \u00e0 port\u00e9e de main.\n\t\t\t\t\t<\/p>\n<p>\n\t\t\t\t\t\tAbonnez-vous et profitez d\u2019un acc\u00e8s illimit\u00e9 \u00e0 Rue89Bordeaux. Annulez quand vous voulez.\n\t\t\t\t\t<\/p>\n<p class=\"xl:text-sm\">\n\t\t\t\t\tD\u00e9j\u00e0 abonn\u00e9\u00a0?<br \/>\n\t\t\t\t\t<a class=\"border border-transparent text-center transition-colors duration-instant focus:border-info focus:rounded focus:shadow-focus cursor-pointer text-black hover:text-gray-700 active:bg-black-700 font-semibold inline-block\" href=\"https:\/\/rue89bordeaux.com\/user\/login\/?redirect=\/2025\/11\/la-droite-veut-eviter-une-guerre-des-egos-inutile-a-bordeaux-pour-reconquerir-la-metropole\/\" target=\"_blank\" rel=\"noopener\">Connectez-vous<\/a>\t\t\t\t<\/p>\n<p>\n\t\t\t\tChoisissez votre formule\u00a0:\n\t\t\t<\/p>\n<p>\t\t\t\tFermer<\/p>\n","protected":false},"excerpt":{"rendered":"Les t\u00e9nors de la droite m\u00e9tropolitaine ont lanc\u00e9 leur offensive contre le tandem PS\u2013Verts \u00e0 la t\u00eate de&hellip;\n","protected":false},"author":2,"featured_media":554681,"comment_status":"","ping_status":"","sticky":false,"template":"","format":"standard","meta":{"footnotes":""},"categories":[2817],"tags":[1111,11,1997,2904,1777,674,1011,27,67242,3434,12,2219,25],"class_list":{"0":"post-554680","1":"post","2":"type-post","3":"status-publish","4":"format-standard","5":"has-post-thumbnail","7":"category-bordeaux","8":"tag-actu","9":"tag-actualites","10":"tag-bordeaux","11":"tag-bordeaux-metropole","12":"tag-eu","13":"tag-europe","14":"tag-fr","15":"tag-france","16":"tag-metropole-communes","17":"tag-municipales-2026","18":"tag-news","19":"tag-nouvelle-aquitaine","20":"tag-republique-francaise"},"share_on_mastodon":{"url":"https:\/\/pubeurope.com\/@fr\/115602827558538359","error":""},"_links":{"self":[{"href":"https:\/\/www.europesays.com\/fr\/wp-json\/wp\/v2\/posts\/554680","targetHints":{"allow":["GET"]}}],"collection":[{"href":"https:\/\/www.europesays.com\/fr\/wp-json\/wp\/v2\/posts"}],"about":[{"href":"https:\/\/www.europesays.com\/fr\/wp-json\/wp\/v2\/types\/post"}],"author":[{"embeddable":true,"href":"https:\/\/www.europesays.com\/fr\/wp-json\/wp\/v2\/users\/2"}],"replies":[{"embeddable":true,"href":"https:\/\/www.europesays.com\/fr\/wp-json\/wp\/v2\/comments?post=554680"}],"version-history":[{"count":0,"href":"https:\/\/www.europesays.com\/fr\/wp-json\/wp\/v2\/posts\/554680\/revisions"}],"wp:featuredmedia":[{"embeddable":true,"href":"https:\/\/www.europesays.com\/fr\/wp-json\/wp\/v2\/media\/554681"}],"wp:attachment":[{"href":"https:\/\/www.europesays.com\/fr\/wp-json\/wp\/v2\/media?parent=554680"}],"wp:term":[{"taxonomy":"category","embeddable":true,"href":"https:\/\/www.europesays.com\/fr\/wp-json\/wp\/v2\/categories?post=554680"},{"taxonomy":"post_tag","embeddable":true,"href":"https:\/\/www.europesays.com\/fr\/wp-json\/wp\/v2\/tags?post=554680"}],"curies":[{"name":"wp","href":"https:\/\/api.w.org\/{rel}","templated":true}]}}