{"id":554682,"date":"2025-11-24T04:38:23","date_gmt":"2025-11-24T04:38:23","guid":{"rendered":"https:\/\/www.europesays.com\/fr\/554682\/"},"modified":"2025-11-24T04:38:23","modified_gmt":"2025-11-24T04:38:23","slug":"protoxyde-dazote-une-ville-pres-de-bordeaux-sensibilise-sa-population-sur-les-risques","status":"publish","type":"post","link":"https:\/\/www.europesays.com\/fr\/554682\/","title":{"rendered":"Protoxyde d&rsquo;azote\u00a0: une ville pr\u00e8s de Bordeaux sensibilise sa population sur les risques"},"content":{"rendered":"<p>Lormont, une ville pr\u00e8s de Bordeaux, voit de plus en plus de bouteilles de protoxyde d&rsquo;azote dans ses rues et m\u00eame sous les balcons des immeubles. La mairie veut donc sensibiliser sa population  la consommation du gaz hilarant, dangereuse pour la sant\u00e9.<\/p>\n<p>Le gaz hilarant, ce n&rsquo;est pas dr\u00f4le\u00a0! Et pourtant, la consommation de protoxyde d&rsquo;azote\u00a0<strong>s\u00e9duit surtout la jeune g\u00e9n\u00e9ration<\/strong>.\u00a0Notamment \u00e0 Lormont, dans la m\u00e9tropole bordelaise, o\u00f9 les habitants signalent de plus en plus de bonbonnes dans les rues ou encore dans les buissons.<\/p>\n<p>Initialement, ce sont des\u00a0petites cartouches qu&rsquo;on peut retrouver dans sa cuisine et qui servent \u00e0 faire de la cr\u00e8me chantilly. Qu&rsquo;on peut aussi voir en format XXL\u00a0dans les centres m\u00e9dicaux, o\u00f9 elles sont utilis\u00e9es pour endormir des patients avant une op\u00e9ration. <strong>Les adolescents d\u00e9tournent ces capsules<\/strong> pour une overdose de rire, sans prendre conscience des risques.<\/p>\n<p>Des affiches et des ateliers pour informer<\/p>\n<p>D\u00e8s ce lundi 24 novembre, Lormont lance une <strong>campagne de sensibilisation dans toute la ville<\/strong>. A commencer par des affiches placard\u00e9es partout. \u00ab\u00a0Sur les abribus, dans les centres m\u00e9dicaux, dans les commerces, sur le mobilier urbain\u00a0: le but est que tout le monde les voit\u00a0\u00bb, d\u00e9taille Magali Foroni, coordinatrice du Conseil local de la s\u00e9curit\u00e9 et de la pr\u00e9vention de la d\u00e9linquance.<\/p>\n<p>En plus des visuels, la Ville \u00e9voque des <strong>ateliers<\/strong> de sensibilisation. \u00ab\u00a0On va organiser des caf\u00e9s des parents pour expliquer ce qu&rsquo;est le protoxyde d&rsquo;azote parce qu&rsquo;<strong>il y a des parents qui ne connaissent pas<\/strong> encore ce produit, et il y aura aussi des ateliers dans les coll\u00e8ges et les lyc\u00e9es de Lormont\u00a0\u00bb, pr\u00e9cise Jannick Mora, adjointe au mairie charg\u00e9e de la s\u00e9curit\u00e9.<\/p>\n<p>loading<\/p>\n<p>Des habitants d\u00e9pass\u00e9s<\/p>\n<p>Carole a justement vu <strong>des bouteilles de gaz hilarant en bas de chez elle<\/strong> il y a quelques jours. \u00ab\u00a0J&rsquo;\u00e9tais avec ma fille de 6 ans, on faisait du v\u00e9lo et tout d&rsquo;un coup elle me dit \u00ab\u00a0Maman, c&rsquo;est quoi \u00e7a l\u00e0-bas dans les buissons\u00a0\u00bb et c&rsquo;\u00e9tait deux bouteilles de protoxyde d&rsquo;azote sous les balcons du premier \u00e9tage\u00a0\u00bb, raconte-elle.<\/p>\n<p>Des personnes qui ont consomm\u00e9 du gaz hilarant, <strong>Jeanne, aide soignante, en a vu<\/strong> passer dans sa clinique. Mais \u00e7a n&rsquo;a pas emp\u00each\u00e9 son propre fils, maintenant \u00e2g\u00e9 de 25 ans, de s&rsquo;enfiler des cartouches. \u00ab\u00a0En bo\u00eete, avec des amis, il trouvait \u00e7a dr\u00f4le et puis c&rsquo;est \u00e0 la mode&#8230; Mais j&rsquo;avais beau lui dire, il n&rsquo;arr\u00eatait pas\u00a0\u00bb, sourit-elle.<\/p>\n<p>Finalement, c&rsquo;est seulement apr\u00e8s avoir vu les <strong>cons\u00e9quences que pouvait avoir une surconsommation de gaz hilarant<\/strong> (allant de la naus\u00e9e \u00e0 des pertes d&rsquo;\u00e9quilibre, voire arr\u00eat respiratoire et troubles neurologiques, selon l&rsquo;<a target=\"_blank\" rel=\"nofollow noopener noreferrer\" class=\"IciLink ici-link IciArticleLink g-ici-body-regular-1 underline brand svelte-1chfe2s\" href=\"https:\/\/www.ofdt.fr\/protoxyde-d-azote-synthese-des-connaissances-1735\">observatoire fran\u00e7ais des drogues et des tendances addictives<\/a>) que le jeune homme a arr\u00eat\u00e9.<\/p>\n<p>\u00c0 \u00e9couter aussi   <img decoding=\"async\" src=\"https:\/\/www.europesays.com\/fr\/wp-content\/uploads\/2025\/11\/1763959103_425_400x400\" alt=\"\" style=\"--_image-preview:url('data:image\/jpeg;base64,data:image\/jpeg;base64,\/9j\/2wBDACgcHiMeGSgjISMtKygwPGRBPDc3PHtYXUlkkYCZlo+AjIqgtObDoKrarYqMyP\/L2u71\/\/\/\/m8H\/\/\/\/6\/+b9\/\/j\/2wBDASstLTw1PHZBQXb4pYyl+Pj4+Pj4+Pj4+Pj4+Pj4+Pj4+Pj4+Pj4+Pj4+Pj4+Pj4+Pj4+Pj4+Pj4+Pj4+Pj4+Pj\/wAARCAAXACoDASIAAhEBAxEB\/8QAGAAAAwEBAAAAAAAAAAAAAAAAAAIDAQT\/xAAXEAEBAQEAAAAAAAAAAAAAAAAAAQIR\/8QAFgEBAQEAAAAAAAAAAAAAAAAAAQAC\/8QAFBEBAAAAAAAAAAAAAAAAAAAAAP\/aAAwDAQACEQMRAD8A5utlI2FKSnicUygeG4zMPwhwNgDLR8q5ASVzFOANB\/\/Z');\" loading=\"lazy\" fetchpriority=\"low\" aria-hidden=\"true\" class=\"svelte-1cksh76 rounded\" onload=\"this.__e=event\" onerror=\"this.__e=event\"\/><\/p>\n","protected":false},"excerpt":{"rendered":"Lormont, une ville pr\u00e8s de Bordeaux, voit de plus en plus de bouteilles de protoxyde d&rsquo;azote dans ses&hellip;\n","protected":false},"author":2,"featured_media":554683,"comment_status":"","ping_status":"","sticky":false,"template":"","format":"standard","meta":{"footnotes":""},"categories":[2817],"tags":[1111,11,1997,1777,674,1011,27,12,2219,25],"class_list":{"0":"post-554682","1":"post","2":"type-post","3":"status-publish","4":"format-standard","5":"has-post-thumbnail","7":"category-bordeaux","8":"tag-actu","9":"tag-actualites","10":"tag-bordeaux","11":"tag-eu","12":"tag-europe","13":"tag-fr","14":"tag-france","15":"tag-news","16":"tag-nouvelle-aquitaine","17":"tag-republique-francaise"},"share_on_mastodon":{"url":"https:\/\/pubeurope.com\/@fr\/115602830642019006","error":""},"_links":{"self":[{"href":"https:\/\/www.europesays.com\/fr\/wp-json\/wp\/v2\/posts\/554682","targetHints":{"allow":["GET"]}}],"collection":[{"href":"https:\/\/www.europesays.com\/fr\/wp-json\/wp\/v2\/posts"}],"about":[{"href":"https:\/\/www.europesays.com\/fr\/wp-json\/wp\/v2\/types\/post"}],"author":[{"embeddable":true,"href":"https:\/\/www.europesays.com\/fr\/wp-json\/wp\/v2\/users\/2"}],"replies":[{"embeddable":true,"href":"https:\/\/www.europesays.com\/fr\/wp-json\/wp\/v2\/comments?post=554682"}],"version-history":[{"count":0,"href":"https:\/\/www.europesays.com\/fr\/wp-json\/wp\/v2\/posts\/554682\/revisions"}],"wp:featuredmedia":[{"embeddable":true,"href":"https:\/\/www.europesays.com\/fr\/wp-json\/wp\/v2\/media\/554683"}],"wp:attachment":[{"href":"https:\/\/www.europesays.com\/fr\/wp-json\/wp\/v2\/media?parent=554682"}],"wp:term":[{"taxonomy":"category","embeddable":true,"href":"https:\/\/www.europesays.com\/fr\/wp-json\/wp\/v2\/categories?post=554682"},{"taxonomy":"post_tag","embeddable":true,"href":"https:\/\/www.europesays.com\/fr\/wp-json\/wp\/v2\/tags?post=554682"}],"curies":[{"name":"wp","href":"https:\/\/api.w.org\/{rel}","templated":true}]}}