{"id":554692,"date":"2025-11-24T04:46:47","date_gmt":"2025-11-24T04:46:47","guid":{"rendered":"https:\/\/www.europesays.com\/fr\/554692\/"},"modified":"2025-11-24T04:46:47","modified_gmt":"2025-11-24T04:46:47","slug":"239-kg-de-cocaine-saisis-a-marseille-dans-un-conteneur-venant-des-antilles","status":"publish","type":"post","link":"https:\/\/www.europesays.com\/fr\/554692\/","title":{"rendered":"239 kg de coca\u00efne saisis \u00e0 Marseille dans un conteneur venant des Antilles"},"content":{"rendered":"<p style=\"margin-bottom:11px\">\u00a0<\/p>\n<p>C\u2019est une information de nos confr\u00e8res de <a href=\"https:\/\/www.laprovence.com\/article\/faits-divers-justice\/3766239972120814\/loffice-anti-stupefiants-de-marseille-intercepte-239-kilos-de-cocaine-a-la-sortie-du-port-de-marseille\" target=\"_blank\" rel=\"noopener\">la Provence.<\/a><\/p>\n<p>Dans leurs colonnes ce vendredi (21 novembre), ils d\u00e9voilaient une nouvelle saisie record de coca\u00efne par les policiers de l\u2019office anti-stup\u00e9fiants (OFAST) de Marseille.<\/p>\n<p>239 kilos de coca\u00efne ont \u00e9t\u00e9 saisis, il y a quelques jours, dans un conteneur en provenance des Antilles.<\/p>\n<p>La \u00ab\u00a0bo\u00eete\u00a0\u00bb avait \u00e9t\u00e9 d\u00e9barqu\u00e9e dans le Grand port maritime de la cit\u00e9 phoc\u00e9enne et charg\u00e9e sur une remorque de poids-lourd.<\/p>\n<p>Les trafiquants ont \u00e9t\u00e9 interpell\u00e9 en flagrant d\u00e9lit alors qu\u2019ils transbordaient le contenu du container dans une camionnette apr\u00e8s sa sortie du port.<\/p>\n<p>13 interpellations<\/p>\n<p>Au total, 13 personnes ont \u00e9t\u00e9 interpell\u00e9es le 18 novembre et cinq d\u2019entre elles ont \u00e9t\u00e9 pr\u00e9sent\u00e9es \u00e0 un juge d\u2019instruction de Marseille.<\/p>\n<p>Elles devaient \u00eatre mises en examen pour \u00ab\u00a0importation de stup\u00e9fiants en bande organis\u00e9e\u00a0\u00bb.<\/p>\n<p>Cette saisie fait suite \u00e0 l\u2019interception d\u2019une autre cargaison en f\u00e9vrier dernier, \u00e0 Aix-en-Provence. 145 kg de coca\u00efne avait alors \u00e9t\u00e9 intercept\u00e9s.<\/p>\n<p>C\u2019est en poursuivant leurs investigations sur ce r\u00e9seau que les policiers de l\u2019OFAST sont parvenus \u00e0 cette nouvelle saisie record et \u00e0 ce coup de filet.<\/p>\n","protected":false},"excerpt":{"rendered":"\u00a0 C\u2019est une information de nos confr\u00e8res de la Provence. Dans leurs colonnes ce vendredi (21 novembre), ils&hellip;\n","protected":false},"author":2,"featured_media":554693,"comment_status":"","ping_status":"","sticky":false,"template":"","format":"standard","meta":{"footnotes":""},"categories":[2814],"tags":[1111,11,1777,674,1011,27,884,12,882,25],"class_list":{"0":"post-554692","1":"post","2":"type-post","3":"status-publish","4":"format-standard","5":"has-post-thumbnail","7":"category-marseille","8":"tag-actu","9":"tag-actualites","10":"tag-eu","11":"tag-europe","12":"tag-fr","13":"tag-france","14":"tag-marseille","15":"tag-news","16":"tag-provence-alpes-cote-dazur","17":"tag-republique-francaise"},"share_on_mastodon":{"url":"https:\/\/pubeurope.com\/@fr\/115602865735969422","error":""},"_links":{"self":[{"href":"https:\/\/www.europesays.com\/fr\/wp-json\/wp\/v2\/posts\/554692","targetHints":{"allow":["GET"]}}],"collection":[{"href":"https:\/\/www.europesays.com\/fr\/wp-json\/wp\/v2\/posts"}],"about":[{"href":"https:\/\/www.europesays.com\/fr\/wp-json\/wp\/v2\/types\/post"}],"author":[{"embeddable":true,"href":"https:\/\/www.europesays.com\/fr\/wp-json\/wp\/v2\/users\/2"}],"replies":[{"embeddable":true,"href":"https:\/\/www.europesays.com\/fr\/wp-json\/wp\/v2\/comments?post=554692"}],"version-history":[{"count":0,"href":"https:\/\/www.europesays.com\/fr\/wp-json\/wp\/v2\/posts\/554692\/revisions"}],"wp:featuredmedia":[{"embeddable":true,"href":"https:\/\/www.europesays.com\/fr\/wp-json\/wp\/v2\/media\/554693"}],"wp:attachment":[{"href":"https:\/\/www.europesays.com\/fr\/wp-json\/wp\/v2\/media?parent=554692"}],"wp:term":[{"taxonomy":"category","embeddable":true,"href":"https:\/\/www.europesays.com\/fr\/wp-json\/wp\/v2\/categories?post=554692"},{"taxonomy":"post_tag","embeddable":true,"href":"https:\/\/www.europesays.com\/fr\/wp-json\/wp\/v2\/tags?post=554692"}],"curies":[{"name":"wp","href":"https:\/\/api.w.org\/{rel}","templated":true}]}}