{"id":554694,"date":"2025-11-24T04:48:39","date_gmt":"2025-11-24T04:48:39","guid":{"rendered":"https:\/\/www.europesays.com\/fr\/554694\/"},"modified":"2025-11-24T04:48:39","modified_gmt":"2025-11-24T04:48:39","slug":"dispensaire-spa-a-la-part-dieu-leur-animal-cest-toute-leur-vie","status":"publish","type":"post","link":"https:\/\/www.europesays.com\/fr\/554694\/","title":{"rendered":"Dispensaire SPA \u00e0 la Part-Dieu : \u00ab\u00a0Leur animal, c&rsquo;est toute leur vie\u00a0\u00bb"},"content":{"rendered":"<p>Le dispensaire SPA de Lyon fait peau neuve. Le centre de soin d\u00e9m\u00e9nage au 77 rue Etienne Richerrand dans le 3\u00e8me arrondissement \u00e0 quelques encablures de la gare PartDieu. Nous \u00e9tions pr\u00e9sents \u00e0 l\u2019inauguration ce lundi 17 novembre en compagnie des employ\u00e9es, ravies de pouvoir s\u2019installer dans ce nouveau lieu, et du pr\u00e9sident national de la SPA, Jacques-Charles Fombonne.<\/p>\n<p>C\u2019est avec une joie non dissimul\u00e9e que s\u2019est tenue ce lundi 17 novembre l\u2019inauguration du <strong>nouveau dispensaire SPA \u00e0 Lyon<\/strong>, au 77 rue Etienne Richerand. L\u2019association de<strong> protection des animaux<\/strong>, qui rassemble plus de <strong>6 000 b\u00e9n\u00e9voles \u00e0 travers la France<\/strong>, a ouvert son douzi\u00e8me <strong><a href=\"https:\/\/www.la-spa.fr\/articles\/la-spa-inaugure-son-nouveau-dispensaire-de-lyon\/\" target=\"_blank\" rel=\"noreferrer noopener\">centre de soins<\/a><\/strong>. Ces <strong>dispensaires<\/strong> s\u2019adressent aux petites retraites, aux minimas sociaux et aux SDF, qui ne peuvent pas toujours subvenir aux besoins de leurs<strong> animaux de compagnie<\/strong>.<\/p>\n<p>Ecoutez le podcast<\/p>\n<p>Dispensaire SPA de Lyon<\/p>\n<p>Celui de Lyon a quitt\u00e9 ses anciens locaux de la rue Saint Maximin pour s\u2019installer dans des locaux neufs, fonctionnels et plus de deux fois plus grands que les anciens (200m2 contre 90m2 auparavant). Il est parfaitement \u00e9quip\u00e9 pour l\u2019<strong>accueil<\/strong>, la <strong>consultation<\/strong> et le <strong>soin des animaux<\/strong>. Comme nous le dit <strong>Marie-Anne Nil<\/strong>, <strong>v\u00e9t\u00e9rinaire<\/strong> : \u00ab On a deux salles de consultation, une salle avec <strong>deux tables de chirurgie<\/strong>. On peut donc op\u00e9rer plus et mieux. Une grande <strong>salle d\u2019attente<\/strong> pour que les animaux ne soient pas les uns sur les autres. Les gens ne sont pas les uns sur les autres. \u00bb\u00a0<\/p>\n<p>Ecoutez aussi : <a href=\"https:\/\/www.lyondemain.fr\/hirondelle-centre-soins-animaux-canicule\/\" target=\"_blank\" rel=\"noreferrer noopener\">L\u2019Hirondelle : la canicule fragilise aussi les animaux sauvages<\/a><\/p>\n<p><img loading=\"lazy\" decoding=\"async\" width=\"1200\" height=\"675\" src=\"https:\/\/www.europesays.com\/fr\/wp-content\/uploads\/2025\/11\/Dispensaire-SPA-Marie-Anne-Nil-veterinaire.jpg\" alt=\"Marie-Anne Nil v\u00e9t\u00e9rinaire\" class=\"wp-image-252538\"  \/>Marie-Anne Nil <\/p>\n<p>La st\u00e9rilisation des chats en premi\u00e8re urgence\u2026<\/p>\n<p>L\u2019inauguration s\u2019est faite en la pr\u00e9sence du <strong>pr\u00e9sident de la SPA<\/strong>,<strong> Jacques-Charles Fombonne<\/strong>, en poste depuis 2019. L\u2019occasion pour lui de rappeler le fl\u00e9au de l\u2019<strong>abandon<\/strong>. Pr\u00e8s de 45 000 l\u2019an dernier en France. Mais aussi la n\u00e9cessit\u00e9 de ces <strong>dispensaires<\/strong>, dont celui de Lyon qui a lui seul a soign\u00e9 <strong>8955 animaux en 2024<\/strong>. Il en a aussi profit\u00e9 pour passer un message portant sur la <strong>st\u00e9rilisation<\/strong>.<\/p>\n<p>\u00ab La n\u00e9cessaire, l\u2019indispensable <strong>st\u00e9rilisation des chats errants<\/strong>\u2026 un couple de chats en libert\u00e9 peut avoir jusqu\u2019\u00e0 20 000 descendants en 4 ans, c\u2019est un vrai probl\u00e8me pour les chats eux-m\u00eames qui vivent dans de tr\u00e8s mauvaises conditions. Et puis c\u2019est un gros probl\u00e8me en termes de <strong>biodiversit\u00e9<\/strong> \u00bb<\/p>\n<p>Ecoutez aussi : <a href=\"https:\/\/www.lyondemain.fr\/gamelles-pleines-lyon-creer-du-lien-grace-aux-animaux\/\" target=\"_blank\" rel=\"noreferrer noopener\">Gamelles Pleines Lyon : cr\u00e9er du lien gr\u00e2ce aux animaux<\/a><\/p>\n<p><img loading=\"lazy\" decoding=\"async\" width=\"1200\" height=\"675\" src=\"https:\/\/www.europesays.com\/fr\/wp-content\/uploads\/2025\/11\/Dispensaire-SPA-president-SPA-Jacques-Charles-Fombonne.jpg\" alt=\"Dispensaire SPA\" class=\"wp-image-252533\"  \/>Jacques-Charles Fombonne<\/p>\n<p>Un dispensaire SPA financ\u00e9 par les dons<\/p>\n<p>L\u2019accueil de ces animaux ne pourrait se faire sans l\u2019\u00e9quipe. Des <strong>v\u00e9t\u00e9rinaires<\/strong> et des assistant.e.s qui s\u2019occupent de la plupart des soins qu\u2019un animal peut recevoir. Des soins ainsi pris en charge par la <strong>SPA et ses adh\u00e9rents<\/strong>. Via les <strong>dons<\/strong> que n\u2019importe qui peut r\u00e9aliser, et m\u00eame dans le <strong>dispensaire<\/strong>. La responsable des lieux, <strong>St\u00e9phanie Arlenson<\/strong>, nous d\u00e9taille l\u2019\u00e9tendue des missions du dispensaire et sa vocation \u00e0 aider les plus d\u00e9munis.<\/p>\n<p>\u00ab Il [le dispensaire] sert \u00e0 <strong>soigner les animaux des personnes d\u00e9favoris\u00e9es<\/strong>. Donc on a essentiellement un <strong>public avec de tr\u00e8s faibles ressources<\/strong>, on re\u00e7oit des personnes qui sont non imposables. \u00bb<\/p>\n<p>Ecoutez aussi : <a href=\"https:\/\/www.lyondemain.fr\/moustachu-abandons-animaux-nac\/\" target=\"_blank\" rel=\"noreferrer noopener\">Moustachu : des familles d\u2019accueil pour animaux abandonn\u00e9s<\/a><\/p>\n<p><img loading=\"lazy\" decoding=\"async\" width=\"1200\" height=\"675\" src=\"https:\/\/www.europesays.com\/fr\/wp-content\/uploads\/2025\/11\/Dispensaire-SPA-directrice-Stephanie-Arlenson.jpg\" alt=\"Dispensaire SPA\" class=\"wp-image-252537\"  \/>St\u00e9phanie Arlenson<\/p>\n<p>Un \u00e9quipement neuf  pour un public en ropture sociale<\/p>\n<p>\u00ab On a souvent des personnes qui peuvent \u00eatre <strong>en\u00a0rupture sociale<\/strong>. Et pour qui l\u2019animal est le dernier lien, le dernier compagnon. Donc c\u2019est vrai qu\u2019il y a une connexion qui peut \u00eatre un peu plus forte avec l\u2019animal parce que c\u2019est toute leur vie \u00bb<\/p>\n<p>Un <strong>dispensaire neuf<\/strong> essentiel \u00e0 la vie des animaux des personnes en difficult\u00e9s, qui tombe \u00e0 pic. A l\u2019heure o\u00f9 la <strong>SPA<\/strong> a re\u00e7u <strong>23% d\u2019animaux de plus en 2024<\/strong> par rapport \u00e0 l\u2019ann\u00e9e 2023.<\/p>\n<blockquote class=\"instagram-media\" data-instgrm-captioned=\"\" data-instgrm-permalink=\"https:\/\/www.instagram.com\/reel\/DRUVUB7DDWb\/?utm_source=ig_embed&amp;utm_campaign=loading\" data-instgrm-version=\"14\" style=\" background:#FFF; border:0; border-radius:3px; box-shadow:0 0 1px 0 rgba(0,0,0,0.5),0 1px 10px 0 rgba(0,0,0,0.15); margin: 1px; max-width:540px; min-width:326px; padding:0; width:99.375%; width:-webkit-calc(100% - 2px); width:calc(100% - 2px);\"\/>\n<p>Ecoutez aussi : <a href=\"https:\/\/www.lyondemain.fr\/ronrhone-animaux-abandons\/\" target=\"_blank\" rel=\"noreferrer noopener\">Ron\u2019Rh\u00f4ne : des animaux abandonn\u00e9s plac\u00e9s en familles d\u2019accueil<\/a><\/p>\n<p>J\u2019aime \u00e7a\u00a0:<\/p>\n<p>J\u2019aime chargement\u2026<\/p>\n<p><a class=\"sd-link-color\"\/><\/p>\n<p>\n\tArticles similaires\n<\/p>\n<p>\t\t\t\t<img decoding=\"async\" src=\"https:\/\/www.europesays.com\/fr\/wp-content\/uploads\/2025\/11\/1763959719_124_7866158698e17e8ed633c05e8f8e7fe5d9e057ad78661c4dc34e413abb6b9f19\" alt=\"G\u00e9rald Bouchon\"\/><\/p>\n<p>Pionnier des radios libres, passionn\u00e9 de radio, journaliste et dirigeant de m\u00e9dias \u00e9co-responsables..<\/p>\n<p>\t\t\t<script async src=\"\/\/www.instagram.com\/embed.js\"><\/script><\/p>\n","protected":false},"excerpt":{"rendered":"Le dispensaire SPA de Lyon fait peau neuve. Le centre de soin d\u00e9m\u00e9nage au 77 rue Etienne Richerrand&hellip;\n","protected":false},"author":2,"featured_media":554695,"comment_status":"","ping_status":"","sticky":false,"template":"","format":"standard","meta":{"footnotes":""},"categories":[1889],"tags":[1111,11,11577,2430,5873,67244,1777,674,1011,27,67245,2428,12,67246,25,18730,67247,20463],"class_list":{"0":"post-554694","1":"post","2":"type-post","3":"status-publish","4":"format-standard","5":"has-post-thumbnail","7":"category-lyon","8":"tag-actu","9":"tag-actualites","10":"tag-animaux-de-compagnie","11":"tag-auvergne-rhone-alpes","12":"tag-centre-de-soins","13":"tag-dispensaire","14":"tag-eu","15":"tag-europe","16":"tag-fr","17":"tag-france","18":"tag-jacques-charles-fombonne","19":"tag-lyon","20":"tag-news","21":"tag-nouveaux-animaux-de-compagnie","22":"tag-republique-francaise","23":"tag-spa","24":"tag-stephanie-arlenson","25":"tag-veterinaire"},"share_on_mastodon":{"url":"https:\/\/pubeurope.com\/@fr\/115602871615403640","error":""},"_links":{"self":[{"href":"https:\/\/www.europesays.com\/fr\/wp-json\/wp\/v2\/posts\/554694","targetHints":{"allow":["GET"]}}],"collection":[{"href":"https:\/\/www.europesays.com\/fr\/wp-json\/wp\/v2\/posts"}],"about":[{"href":"https:\/\/www.europesays.com\/fr\/wp-json\/wp\/v2\/types\/post"}],"author":[{"embeddable":true,"href":"https:\/\/www.europesays.com\/fr\/wp-json\/wp\/v2\/users\/2"}],"replies":[{"embeddable":true,"href":"https:\/\/www.europesays.com\/fr\/wp-json\/wp\/v2\/comments?post=554694"}],"version-history":[{"count":0,"href":"https:\/\/www.europesays.com\/fr\/wp-json\/wp\/v2\/posts\/554694\/revisions"}],"wp:featuredmedia":[{"embeddable":true,"href":"https:\/\/www.europesays.com\/fr\/wp-json\/wp\/v2\/media\/554695"}],"wp:attachment":[{"href":"https:\/\/www.europesays.com\/fr\/wp-json\/wp\/v2\/media?parent=554694"}],"wp:term":[{"taxonomy":"category","embeddable":true,"href":"https:\/\/www.europesays.com\/fr\/wp-json\/wp\/v2\/categories?post=554694"},{"taxonomy":"post_tag","embeddable":true,"href":"https:\/\/www.europesays.com\/fr\/wp-json\/wp\/v2\/tags?post=554694"}],"curies":[{"name":"wp","href":"https:\/\/api.w.org\/{rel}","templated":true}]}}