{"id":554704,"date":"2025-11-24T04:57:24","date_gmt":"2025-11-24T04:57:24","guid":{"rendered":"https:\/\/www.europesays.com\/fr\/554704\/"},"modified":"2025-11-24T04:57:24","modified_gmt":"2025-11-24T04:57:24","slug":"entre-tradition-et-modernite-le-nouveau-cirque-zavatta-sinstalle-a-blois","status":"publish","type":"post","link":"https:\/\/www.europesays.com\/fr\/554704\/","title":{"rendered":"Entre \u00ab\u00a0tradition et modernit\u00e9\u00a0\u00bb, le Nouveau cirque Zavatta s\u2019installe \u00e0 Blois"},"content":{"rendered":"<p>\u00ab\u00a0Venez au Nouveau cirque Zavatta\u00a0!\u00a0\u00bb ont pu entendre les Bl\u00e9sois ce vendredi matin, se tournant vers la voiturette \u00e0 la musique \u00e9gayante. \u00c0 peine le chapiteau dress\u00e9 au Parc des expositions, le cirque paradait pour annoncer sa venue dans la ville. Du 21\u00a0au 26\u00a0novembre, il se produira neuf fois (1). Un rythme soutenu mais auxquels \u00ab\u00a0sont habitu\u00e9s la quinzaine d\u2019artistes\u00a0\u00bb, remarque Antoine Cartier \u00e0 la fois diaboliste, charg\u00e9 de presse ou encore derri\u00e8re le stand de barbe \u00e0 papa. \u00ab\u00a0Il faut savoir \u00eatre multicasquette dans un cirque&#8230;. <\/p>\n<p>    Cet article a \u00e9t\u00e9 tronqu\u00e9. Abonnez-vous pour lire l&rsquo;article complet sur notre site.<\/p>\n<p>\u00a0\u00bb<\/p>\n<p style=\"margin: 0 !important; padding: 0 !important; font-size: 12px !important;\">Cet article a \u00e9t\u00e9 tronqu\u00e9. Abonnez-vous pour lire l&rsquo;article complet.<\/p>\n<p>    <a href=\"https:\/\/www.lanouvellerepublique.fr\/abonnements\" style=\"display: inline-block; margin-top: 5px !important; padding: 6px 12px !important; background: #cb1c27; color: white; text-decoration: none; border-radius: 4px; font-size: 12px !important;\" target=\"_blank\" rel=\"noopener\"><br \/>\n      S&rsquo;abonner<br \/>\n    <\/a><\/p>\n","protected":false},"excerpt":{"rendered":"\u00ab\u00a0Venez au Nouveau cirque Zavatta\u00a0!\u00a0\u00bb ont pu entendre les Bl\u00e9sois ce vendredi matin, se tournant vers la voiturette&hellip;\n","protected":false},"author":2,"featured_media":554705,"comment_status":"","ping_status":"","sticky":false,"template":"","format":"standard","meta":{"footnotes":""},"categories":[1888],"tags":[1392,11,3469,5398,1777,674,1011,27,4368,1393,12,626,25],"class_list":{"0":"post-554704","1":"post","2":"type-post","3":"status-publish","4":"format-standard","5":"has-post-thumbnail","7":"category-paris","8":"tag-a-la-une-local","9":"tag-actualites","10":"tag-blois","11":"tag-cirque","12":"tag-eu","13":"tag-europe","14":"tag-fr","15":"tag-france","16":"tag-loir-et-cher","17":"tag-loisirs","18":"tag-news","19":"tag-paris","20":"tag-republique-francaise"},"share_on_mastodon":{"url":"https:\/\/pubeurope.com\/@fr\/115602905196387209","error":""},"_links":{"self":[{"href":"https:\/\/www.europesays.com\/fr\/wp-json\/wp\/v2\/posts\/554704","targetHints":{"allow":["GET"]}}],"collection":[{"href":"https:\/\/www.europesays.com\/fr\/wp-json\/wp\/v2\/posts"}],"about":[{"href":"https:\/\/www.europesays.com\/fr\/wp-json\/wp\/v2\/types\/post"}],"author":[{"embeddable":true,"href":"https:\/\/www.europesays.com\/fr\/wp-json\/wp\/v2\/users\/2"}],"replies":[{"embeddable":true,"href":"https:\/\/www.europesays.com\/fr\/wp-json\/wp\/v2\/comments?post=554704"}],"version-history":[{"count":0,"href":"https:\/\/www.europesays.com\/fr\/wp-json\/wp\/v2\/posts\/554704\/revisions"}],"wp:featuredmedia":[{"embeddable":true,"href":"https:\/\/www.europesays.com\/fr\/wp-json\/wp\/v2\/media\/554705"}],"wp:attachment":[{"href":"https:\/\/www.europesays.com\/fr\/wp-json\/wp\/v2\/media?parent=554704"}],"wp:term":[{"taxonomy":"category","embeddable":true,"href":"https:\/\/www.europesays.com\/fr\/wp-json\/wp\/v2\/categories?post=554704"},{"taxonomy":"post_tag","embeddable":true,"href":"https:\/\/www.europesays.com\/fr\/wp-json\/wp\/v2\/tags?post=554704"}],"curies":[{"name":"wp","href":"https:\/\/api.w.org\/{rel}","templated":true}]}}