{"id":554709,"date":"2025-11-24T05:00:25","date_gmt":"2025-11-24T05:00:25","guid":{"rendered":"https:\/\/www.europesays.com\/fr\/554709\/"},"modified":"2025-11-24T05:00:25","modified_gmt":"2025-11-24T05:00:25","slug":"4-morts-et-17-blesses-dans-une-attaque-russe-contre-kharkiv","status":"publish","type":"post","link":"https:\/\/www.europesays.com\/fr\/554709\/","title":{"rendered":"4 morts et 17 bless\u00e9s dans une attaque russe contre Kharkiv"},"content":{"rendered":"<p>\n    La Russie cible quasi quotidiennement le pays au moyen de drones ou de missiles. Les infrastructures \u00e9nerg\u00e9tiques sont particuli\u00e8rement vis\u00e9es, faisant craindre un rude hiver en Ukraine.<\/p>\n<p class=\"fig-paragraph\">Une attaque russe nocturne sur la ville ukrainienne de\u00a0<a href=\"https:\/\/video.lefigaro.fr\/figaro\/international\/nuit-meurtriere-en-ukraine-19-morts-a-ternopil-et-au-moins-37-blesses-a-kharkiv-20251119\" data-fig-type=\"Video\" data-gtm-custom-categorie=\"navigation\" data-gtm-custom-action=\"crossclick\" data-gtm-custom-label=\"Contextuel\" data-gtm-event=\"customEventSPE\" data-fig-domain=\"LEFIGARO\" target=\"_blank\" rel=\"noopener\">Kharkiv<\/a>, la deuxi\u00e8me plus peupl\u00e9e du pays avant l&rsquo;invasion lanc\u00e9e par Moscou en f\u00e9vrier 2022, a fait quatre morts et 17 bless\u00e9s, a annonc\u00e9 son maire dans la nuit de dimanche \u00e0 lundi.<\/p>\n<p class=\"fig-paragraph\">\u00abOn d\u00e9nombre 17 bless\u00e9s. Quatre personnes ont trouv\u00e9 la mort\u00bb, a d\u00e9clar\u00e9 Igor Terekhov, maire de cette ville proche de la fronti\u00e8re russe. \u00abMalgr\u00e9 les n\u00e9gociations\u00bb de paix concernant l&rsquo;Ukraine, \u00ables troupes russes ont attaqu\u00e9 (&#8230;) des immeubles d&rsquo;habitation\u00bb, a-t-il ajout\u00e9. D&rsquo;apr\u00e8s les services d&rsquo;urgence, les frappes ont \u00e9t\u00e9 conduites au moyen de drones, ont d\u00e9truit des b\u00e2timents et provoqu\u00e9 des incendies dans trois immeubles r\u00e9sidentiels et une infrastructure civile.<\/p>\n<p>                                    <a class=\"fig-a11y-skip a11y-hidden\" href=\"#fig-a11y-skip-main-inarticle\"><br \/>\n        Passer la publicit\u00e9<br \/>\n    <\/a><\/p>\n<p class=\"fig-paragraph\">La Russie cible quasi quotidiennement le pays au moyen de drones ou de missiles. Les infrastructures \u00e9nerg\u00e9tiques sont particuli\u00e8rement vis\u00e9es, faisant craindre un rude hiver en Ukraine. Kiev vise de son c\u00f4t\u00e9 r\u00e9guli\u00e8rement des d\u00e9p\u00f4ts et raffineries de p\u00e9trole et d&rsquo;autres installations c\u00f4t\u00e9 russe.<\/p>\n<p class=\"fig-paragraph\">Des responsables ukrainiens, am\u00e9ricains et europ\u00e9ens se sont retrouv\u00e9s dimanche en Suisse pour discuter du plan de Donald Trump pour mettre fin au conflit en Ukraine. La version initiale du document avait suscit\u00e9 l&rsquo;opposition de Kiev et de ses alli\u00e9s europ\u00e9ens. Mais le secr\u00e9taire d&rsquo;\u00c9tat am\u00e9ricain Marco Rubio s&rsquo;est dit \u00abtr\u00e8s optimiste\u00bb sur la possibilit\u00e9 de conclure \u00abtr\u00e8s vite\u00bb un accord, mentionnant d&rsquo;\u00ab\u00e9normes progr\u00e8s\u00bb lors des n\u00e9gociations en Suisse.<\/p>\n","protected":false},"excerpt":{"rendered":"La Russie cible quasi quotidiennement le pays au moyen de drones ou de missiles. Les infrastructures \u00e9nerg\u00e9tiques sont&hellip;\n","protected":false},"author":2,"featured_media":554710,"comment_status":"","ping_status":"","sticky":false,"template":"","format":"standard","meta":{"footnotes":""},"categories":[1590],"tags":[11,1777,674,131,3482,12,220],"class_list":{"0":"post-554709","1":"post","2":"type-post","3":"status-publish","4":"format-standard","5":"has-post-thumbnail","7":"category-ukraine","8":"tag-actualites","9":"tag-eu","10":"tag-europe","11":"tag-guerre-en-ukraine","12":"tag-guerre-russie-ukraine","13":"tag-news","14":"tag-ukraine"},"share_on_mastodon":{"url":"https:\/\/pubeurope.com\/@fr\/115602916966110284","error":""},"_links":{"self":[{"href":"https:\/\/www.europesays.com\/fr\/wp-json\/wp\/v2\/posts\/554709","targetHints":{"allow":["GET"]}}],"collection":[{"href":"https:\/\/www.europesays.com\/fr\/wp-json\/wp\/v2\/posts"}],"about":[{"href":"https:\/\/www.europesays.com\/fr\/wp-json\/wp\/v2\/types\/post"}],"author":[{"embeddable":true,"href":"https:\/\/www.europesays.com\/fr\/wp-json\/wp\/v2\/users\/2"}],"replies":[{"embeddable":true,"href":"https:\/\/www.europesays.com\/fr\/wp-json\/wp\/v2\/comments?post=554709"}],"version-history":[{"count":0,"href":"https:\/\/www.europesays.com\/fr\/wp-json\/wp\/v2\/posts\/554709\/revisions"}],"wp:featuredmedia":[{"embeddable":true,"href":"https:\/\/www.europesays.com\/fr\/wp-json\/wp\/v2\/media\/554710"}],"wp:attachment":[{"href":"https:\/\/www.europesays.com\/fr\/wp-json\/wp\/v2\/media?parent=554709"}],"wp:term":[{"taxonomy":"category","embeddable":true,"href":"https:\/\/www.europesays.com\/fr\/wp-json\/wp\/v2\/categories?post=554709"},{"taxonomy":"post_tag","embeddable":true,"href":"https:\/\/www.europesays.com\/fr\/wp-json\/wp\/v2\/tags?post=554709"}],"curies":[{"name":"wp","href":"https:\/\/api.w.org\/{rel}","templated":true}]}}