{"id":554718,"date":"2025-11-24T05:07:28","date_gmt":"2025-11-24T05:07:28","guid":{"rendered":"https:\/\/www.europesays.com\/fr\/554718\/"},"modified":"2025-11-24T05:07:28","modified_gmt":"2025-11-24T05:07:28","slug":"on-a-eu-la-chance-de-faire-de-la-musique-toute-notre-vie","status":"publish","type":"post","link":"https:\/\/www.europesays.com\/fr\/554718\/","title":{"rendered":"On a eu la chance de faire de la musique toute notre vie"},"content":{"rendered":"<p class=\"article-p mdl\">Au micro de <strong>Waxx<\/strong> dans Foudre, les deux membres de <strong>FFF<\/strong> partagent leurs premiers \u00e9mois musicaux, des souvenirs qui ont profond\u00e9ment marqu\u00e9 leur parcours. <strong>Marco Prince<\/strong> \u00e9voque une enfance rythm\u00e9e par la musique afro-carib\u00e9enne, h\u00e9rit\u00e9e de ses parents \u00e9migr\u00e9s du Togo et du B\u00e9nin. Il se rem\u00e9more des moments de danse et de f\u00eate en famille, o\u00f9 la musique \u00e9tait un vecteur de joie et de coh\u00e9sion. Pour <strong>Yarol Poupot<\/strong>, les influences viennent de sa m\u00e8re, grande fan de <strong>Bob Dylan<\/strong> et des <strong>Beatles<\/strong>. Il raconte son admiration pour les musiques de western et sa r\u00e9v\u00e9lation pour <strong>Elvis Presley<\/strong>, des influences qui l&rsquo;ont pouss\u00e9 \u00e0 embrasser la carri\u00e8re musicale. Ces souvenirs, empreints d&rsquo;\u00e9motion, ont forg\u00e9 l&rsquo;identit\u00e9 musicale du groupe.<\/p>\n<p>            Un processus cr\u00e9atif unique<\/p>\n<p class=\"article-p mdl\">FFF d\u00e9voile \u00e9galement sa m\u00e9thode de cr\u00e9ation musicale, <strong>un processus bas\u00e9 sur l&rsquo;improvisation et l&rsquo;exp\u00e9rimentation<\/strong>. Le groupe se r\u00e9unit pour des sessions de jam, o\u00f9 chacun apporte ses id\u00e9es et laisse libre cours \u00e0 sa cr\u00e9ativit\u00e9. Cette alchimie collective permet de donner naissance \u00e0 des morceaux uniques, comme D\u00e9riVe SentimentAle, leur dernier titre. Pour FFF, <strong>la musique est une qu\u00eate d&rsquo;osmose et de vibrations align\u00e9es<\/strong>, un travail d&rsquo;alignement cosmique. Ils expliquent que c&rsquo;est en jouant ensemble, en explorant de nouvelles id\u00e9es, qu&rsquo;ils parviennent \u00e0 cr\u00e9er des morceaux qui leur ressemblent. Cette m\u00e9thode, qui n&rsquo;a pas chang\u00e9 depuis leurs d\u00e9buts, est au c\u0153ur de leur identit\u00e9 musicale.<\/p>\n<p>            Des influences et des coups de c\u0153ur<\/p>\n<p class=\"article-p mdl\">Au fil de l&rsquo;interview, les deux musiciens partagent leurs influences musicales, des artistes qui ont marqu\u00e9 leur parcours et nourri leur cr\u00e9ativit\u00e9. Ils \u00e9voquent <strong>James Brown<\/strong>, dont l&rsquo;\u00e9nergie et la mise en sc\u00e8ne les ont profond\u00e9ment inspir\u00e9s. Les <strong>Red Hot Chili Peppers<\/strong>, avec leur style unique et leur audace sc\u00e9nique, sont \u00e9galement une r\u00e9f\u00e9rence majeure pour le groupe. FFF se rem\u00e9more des moments marquants de sa carri\u00e8re, comme le concert au Parc des Princes avec <strong>Rage Against the Machine<\/strong> et le <strong>Wu-Tang Clan<\/strong>, des exp\u00e9riences qui ont renforc\u00e9 leur passion pour la musique. Pour FFF, la musique est une source d&rsquo;\u00e9motion et de puissance, capable de les \u00e9lectriser et de les \u00e9mouvoir.<\/p>\n<p>            Sessions acoustiques et reprises<\/p>\n<p class=\"article-p mdl\">L&rsquo;\u00e9mission se conclut par des sessions acoustiques in\u00e9dites, o\u00f9 FFF interpr\u00e8te\u00a0D\u00e9riVe SentimentAle\u00a0et une reprise de Ain&rsquo;t No Sunshine\u00a0de <strong>Bill Withers<\/strong>. Deux performances, o\u00f9 <strong>Yarol Poupot<\/strong> et <strong>Marco Prince<\/strong>, accompagn\u00e9s par <strong>Waxx<\/strong> \u00e0 la guitare, offrent aux auditeurs des moments de pure \u00e9motion, reflet de l&rsquo;\u00e2me musicale de FFF, un groupe qui a su traverser les \u00e9poques tout en restant fid\u00e8le \u00e0 ses valeurs et \u00e0 son identit\u00e9.<\/p>\n<p>    L&rsquo;\u00e9quipe de l&rsquo;\u00e9mission vous recommande<\/p>\n<p>\n                                    Lire la suite\n                                <\/p>\n","protected":false},"excerpt":{"rendered":"Au micro de Waxx dans Foudre, les deux membres de FFF partagent leurs premiers \u00e9mois musicaux, des souvenirs&hellip;\n","protected":false},"author":2,"featured_media":554719,"comment_status":"","ping_status":"","sticky":false,"template":"","format":"standard","meta":{"footnotes":""},"categories":[1586],"tags":[11,1777,674,1779,3696,85,1106,1011,27,2173,873,12,362,360,25,58310,58309,1778,364,2955],"class_list":{"0":"post-554718","1":"post","2":"type-post","3":"status-publish","4":"format-standard","5":"has-post-thumbnail","7":"category-europe","8":"tag-actualites","9":"tag-eu","10":"tag-europe","11":"tag-european-union","12":"tag-evenements","13":"tag-fff","14":"tag-flash","15":"tag-fr","16":"tag-france","17":"tag-interview","18":"tag-musique","19":"tag-news","20":"tag-replay","21":"tag-replay-integral","22":"tag-republique-francaise","23":"tag-rtl2-pop-rock-session","24":"tag-session-acoustique","25":"tag-ue","26":"tag-union-europeenne","27":"tag-videos"},"share_on_mastodon":{"url":"https:\/\/pubeurope.com\/@fr\/115602944502286318","error":""},"_links":{"self":[{"href":"https:\/\/www.europesays.com\/fr\/wp-json\/wp\/v2\/posts\/554718","targetHints":{"allow":["GET"]}}],"collection":[{"href":"https:\/\/www.europesays.com\/fr\/wp-json\/wp\/v2\/posts"}],"about":[{"href":"https:\/\/www.europesays.com\/fr\/wp-json\/wp\/v2\/types\/post"}],"author":[{"embeddable":true,"href":"https:\/\/www.europesays.com\/fr\/wp-json\/wp\/v2\/users\/2"}],"replies":[{"embeddable":true,"href":"https:\/\/www.europesays.com\/fr\/wp-json\/wp\/v2\/comments?post=554718"}],"version-history":[{"count":0,"href":"https:\/\/www.europesays.com\/fr\/wp-json\/wp\/v2\/posts\/554718\/revisions"}],"wp:featuredmedia":[{"embeddable":true,"href":"https:\/\/www.europesays.com\/fr\/wp-json\/wp\/v2\/media\/554719"}],"wp:attachment":[{"href":"https:\/\/www.europesays.com\/fr\/wp-json\/wp\/v2\/media?parent=554718"}],"wp:term":[{"taxonomy":"category","embeddable":true,"href":"https:\/\/www.europesays.com\/fr\/wp-json\/wp\/v2\/categories?post=554718"},{"taxonomy":"post_tag","embeddable":true,"href":"https:\/\/www.europesays.com\/fr\/wp-json\/wp\/v2\/tags?post=554718"}],"curies":[{"name":"wp","href":"https:\/\/api.w.org\/{rel}","templated":true}]}}