{"id":554720,"date":"2025-11-24T05:08:14","date_gmt":"2025-11-24T05:08:14","guid":{"rendered":"https:\/\/www.europesays.com\/fr\/554720\/"},"modified":"2025-11-24T05:08:14","modified_gmt":"2025-11-24T05:08:14","slug":"mikel-arteta-encense-eberechi-eze-apres-son-triple-avec-arsenal-face-a-tottenham-quand-un-joueur-a-un-tel-talent-lequipe","status":"publish","type":"post","link":"https:\/\/www.europesays.com\/fr\/554720\/","title":{"rendered":"Mikel Arteta encense Eberechi Eze apr\u00e8s son tripl\u00e9 avec Arsenal face \u00e0 Tottenham : \u00ab Quand un joueur a un tel talent&#8230; \u00bb &#8211; L&#039;\u00c9quipe"},"content":{"rendered":"<ol>\n<li><a href=\"https:\/\/news.google.com\/rss\/articles\/CBMi9gFBVV95cUxQTC1zOHNHc1ZiYjUzLUVQcExJcmpGUU5zMFd6ODUyTWhjWmk3TnlodHJSbk9yWDByS21PeFI1YTR6bFAxZFBzTEZaMVMxelVQaERRWG9rZjREMFNiTkJFMWZyVmswdGJfclp6TUVJN0VFWWlBYTRWQ1dKSDk0Q3Y3Zm85a0o0blZqWW1KUDdCVGxST1RDck1yZ3hmcl95RC1nejlXbFVYUmZOQ0V1VzNuNmUwNHBnWGhtZXpzSFpBVWNndkRST0pPS2ZkVk0wRjdHUzY3eUQ2NWtneEtDdnBld0t1MTlvZ1dqbG1qMkNDOVRPRDFrV2c?oc=5\" target=\"_blank\" rel=\"noopener\">Mikel Arteta encense Eberechi Eze apr\u00e8s son tripl\u00e9 avec Arsenal face \u00e0 Tottenham : \u00ab Quand un joueur a un tel talent&#8230; \u00bb<\/a>&nbsp;&nbsp;L&rsquo;\u00c9quipe<\/li>\n<li><a href=\"https:\/\/news.google.com\/rss\/articles\/CBMinAFBVV95cUxORU4zcTNuT0I1NkxUSnItWU9ObjBsanhOb0NTbTZTZEZoZk90ZkJpMEwtOWZwZF9pMl9HQnhzdEhZRmNYMnZFenYtTUtmMC1aTlJiY2V2YklrVFgyVGR5RmFmNnBsZC1mNDZ2YnV1d0lHalE5dXZSVXFDdXZ0R3g1TjhJaHhYLVFSbmctRTl5b0ZNMnI4aDdxb2ZKdjg?oc=5\" target=\"_blank\" rel=\"noopener\">Arsenal \u00e9crase Tottenham en Premier League avec un tripl\u00e9 d&rsquo;Eberechi Eze, malgr\u00e9 un but somptueux de Richarlison<\/a>&nbsp;&nbsp;L&rsquo;\u00c9quipe<\/li>\n<li><a href=\"https:\/\/news.google.com\/rss\/articles\/CBMi0gFBVV95cUxQU2VISkE1V1ota1FpR3dRUE1MVjEzal9BdGZjWmlETGVqRXNuWS1zZ3dkdE9MM2RCQ0c0YVJDRGRqcEc4bmlKWDV3cGtUVHQ4SkNpZm9heFpZb1l3ME84bkZ5ZGxTMmRNTXRjQ1o0V2NJQmk0VW9UUnR1dTFXTzNXSEd3OVczRG1yTF8wZUJVSHJnbWxlZ2ZGSkV2YWpIVDRmZXZLUGRWYlNOLWExSlRIRWNLdFFEWTRKdUJTMEtWM3Z1QXd4LUV1ZnlLUHA2RjZkTEHSAdABQVVfeXFMTVRoNnJPOUFlamxDakR4MlhBSXNyQlAwU0pUemFLUDNubUtvN1pTdVRRZ2U1ZmJlS3NYZk1WMk84bW5zMFd6ZVJEMkp4YXZWVDdRUXhTUmpzZXVhZHdHVlN4Mnk0bzJqdVdSUTBtRGQ4RHcyVHN0VHNaMWpUNm1hb0hTRFpXRWVEZTdMZDNXWk1vN041ZkRhdUxzSzhWUWt5bll2dHRtNXFlaU44Nmt1WjVZMzhWWnBXN3NQQkFaT3pxLTF2OGIxcEsxWERUMXBaWA?oc=5\" target=\"_blank\" rel=\"noopener\">Premier League (J12) : Arsenal \u00e9crase Tottenham et s&rsquo;envole en t\u00eate : Sports &#8211; Orange<\/a>&nbsp;&nbsp;Sports &#8211; Orange<\/li>\n<li><a href=\"https:\/\/news.google.com\/rss\/articles\/CBMiyAFBVV95cUxNWU1NUnEwdU9ESmJWVXdfcldtd2d1eDZkMXhVZl9OLW1zWlFOQ280dHhkUmhpeXN5cUFFWFBVSTF2Z0tvTHhhV1hnMk1ac2U1SV9NdTcwZWJsRGlDMVN0VDVuMWhMaHl2VzhneVhXZ1FNa25xemRUVHJpU2NqYmh6cEgzT3lXaF9YdVU2SzcwY3JxWnp5ZzI1cHZIS1RfaXlTenVvWlQ3R1NudjBRVDFZNVdIUE9qOVByQXd6UlAteWJPOUEycVItdg?oc=5\" target=\"_blank\" rel=\"noopener\">Football. Arsenal se prom\u00e8ne, le Bayern et Olise font le show&#8230; ce qu&rsquo;il faut retenir du week-end europ\u00e9en<\/a>&nbsp;&nbsp;DNA<\/li>\n<li><a href=\"https:\/\/news.google.com\/rss\/articles\/CBMivAFBVV95cUxNQzFCRWZtMFRoc0ZtSExUUE5KTWFEbXZrTE4zUDF1akg1VFpNUXpDZmZPZ2tXRFlnVkhUdnBHSDBTY0JLQUd5S3FlNzZ0SEJPcHM1LVJBc1RiVVViQ1JQdHZaREZPU1Q5RFRXeVVBcmJmSFg1dmhxMkJXbTRIZEtOSDJ4RUdSckhtSVVfUk9RM04zd1VZLXQ1Z3NEYWZZbTNraVROVGl1andVX2M1SFoxVmlfaGprTHM0dEppYQ?oc=5\" target=\"_blank\" rel=\"noopener\">Tottenham : la r\u00e9ponse cash de Thomas Frank apr\u00e8s la d\u00e9b\u00e2cle contre Arsenal<\/a>&nbsp;&nbsp;Foot Mercato<\/li>\n<\/ol>\n","protected":false},"excerpt":{"rendered":"Mikel Arteta encense Eberechi Eze apr\u00e8s son tripl\u00e9 avec Arsenal face \u00e0 Tottenham : \u00ab Quand un joueur&hellip;\n","protected":false},"author":2,"featured_media":554721,"comment_status":"","ping_status":"","sticky":false,"template":"","format":"standard","meta":{"footnotes":""},"categories":[2],"tags":[11,1011,27,12,25],"class_list":{"0":"post-554720","1":"post","2":"type-post","3":"status-publish","4":"format-standard","5":"has-post-thumbnail","7":"category-actualites","8":"tag-actualites","9":"tag-fr","10":"tag-france","11":"tag-news","12":"tag-republique-francaise"},"share_on_mastodon":{"url":"https:\/\/pubeurope.com\/@fr\/115602948350249718","error":""},"_links":{"self":[{"href":"https:\/\/www.europesays.com\/fr\/wp-json\/wp\/v2\/posts\/554720","targetHints":{"allow":["GET"]}}],"collection":[{"href":"https:\/\/www.europesays.com\/fr\/wp-json\/wp\/v2\/posts"}],"about":[{"href":"https:\/\/www.europesays.com\/fr\/wp-json\/wp\/v2\/types\/post"}],"author":[{"embeddable":true,"href":"https:\/\/www.europesays.com\/fr\/wp-json\/wp\/v2\/users\/2"}],"replies":[{"embeddable":true,"href":"https:\/\/www.europesays.com\/fr\/wp-json\/wp\/v2\/comments?post=554720"}],"version-history":[{"count":0,"href":"https:\/\/www.europesays.com\/fr\/wp-json\/wp\/v2\/posts\/554720\/revisions"}],"wp:featuredmedia":[{"embeddable":true,"href":"https:\/\/www.europesays.com\/fr\/wp-json\/wp\/v2\/media\/554721"}],"wp:attachment":[{"href":"https:\/\/www.europesays.com\/fr\/wp-json\/wp\/v2\/media?parent=554720"}],"wp:term":[{"taxonomy":"category","embeddable":true,"href":"https:\/\/www.europesays.com\/fr\/wp-json\/wp\/v2\/categories?post=554720"},{"taxonomy":"post_tag","embeddable":true,"href":"https:\/\/www.europesays.com\/fr\/wp-json\/wp\/v2\/tags?post=554720"}],"curies":[{"name":"wp","href":"https:\/\/api.w.org\/{rel}","templated":true}]}}