{"id":554722,"date":"2025-11-24T05:09:18","date_gmt":"2025-11-24T05:09:18","guid":{"rendered":"https:\/\/www.europesays.com\/fr\/554722\/"},"modified":"2025-11-24T05:09:18","modified_gmt":"2025-11-24T05:09:18","slug":"les-notes-dauxerre-ol-leon-et-greif-les-gardiens-ont-brille-lequipe","status":"publish","type":"post","link":"https:\/\/www.europesays.com\/fr\/554722\/","title":{"rendered":"Les notes d&#039;Auxerre-OL : L\u00e9on et Greif, les gardiens ont brill\u00e9 &#8211; L&#039;\u00c9quipe"},"content":{"rendered":"<ol>\n<li><a href=\"https:\/\/news.google.com\/rss\/articles\/CBMirAFBVV95cUxObFhWQm8wWDIzekdzMmVDdlBXbUR4LXV4QWpiYklZZ1hXRW5lQWRZZGRVb0FxTlIySGZoMFBORDMyOFgzbnZwWndPTXVxTTJaNXRWMkVEMGVLbEM3emVfV0ZaQ2NTaTlBTzlmbDA5b0g3Wk9nZWVneGdIY1BPR0JTcHdlX2hMbEhLVV9rN081aWVYTUtvVnJJaFBVbzcxUzE1UEJrR2d0MThuWE40?oc=5\" target=\"_blank\" rel=\"noopener\">Les notes d&rsquo;Auxerre-OL : L\u00e9on et Greif, les gardiens ont brill\u00e9<\/a>&nbsp;&nbsp;L&rsquo;\u00c9quipe<\/li>\n<li><a href=\"https:\/\/news.google.com\/rss\/articles\/CBMi4AFBVV95cUxNWXBKWlFUQ0tRSTZPamJySzNselZXX1hlYS1rTGJOei1CcUJGMVVPZmx5SXdQaGt2bFB0WUJYSHNGVWFjVm1yaE9vZHFmbmVQQVlMZnRCZ0t1VHdkMlJQTHV1RFkyekFfRW5qWVpDU012a1FBcHBBNlA5Y09kcEtvT0ZQbUhyRGNoUXFZZ0Q1R1kwSmhSQzhPNHpEX29lZ3pJTjFCMWRPT1JNbnRtWUR4ZUt2SkJrVnVnZUdVN00xUXNzSU5YMm9YWlNCNTZJdHlCTkhRY0xQOGNpa2FGTVpWeQ?oc=5\" target=\"_blank\" rel=\"noopener\">Ligue 1 : quatri\u00e8me match d&rsquo;affil\u00e9e sans victoire pour l&rsquo;OL, accroch\u00e9 par la lanterne rouge Auxerre<\/a>&nbsp;&nbsp;L&rsquo;\u00c9quipe<\/li>\n<li><a href=\"https:\/\/news.google.com\/rss\/articles\/CBMi9AFBVV95cUxOeEpiTXFtZDZTVzFveVlvQ2hKVWVDSHRXdEdXUnZ3bTFzejV4WkZQS01yTm01NTNWOTlnaXJpQW9VUXFuTVJCY3lpZl9PeGhFSmRVOVpmdUNEalhfclo3YUhqUmNVQ1k1ZlFUUE01S2dQNmN3VTBCZU5aN2R0aVBab3JNX0ZTbVlaYTZKeXF6NmFmckMxTGNkZWV4WGcyeUkzZWxSTnQxQ3hidndxcmRJSHRCSVdJZDJMYngxQnJoeTF0a0dTT3RZYzdsaHk3Si1nM3A4Zkdia0JxNnJndWVfZGRIbjZpa29Wd01LREZIWG44dTZa?oc=5\" target=\"_blank\" rel=\"noopener\">\u00ab\u00a0Des erreurs b\u00eates\u00a0\u00bb, \u00ab\u00a0trop passifs\u00a0\u00bb : Lyon s&rsquo;endort et le podium s&rsquo;envole<\/a>&nbsp;&nbsp;Eurosport<\/li>\n<li><a href=\"https:\/\/news.google.com\/rss\/articles\/CBMiuAFBVV95cUxNVlJMOVAzdGc3RlZ0ZXo2c3NGQTdsY0pJYWVySkk2QXRqOWZkdV8zLTZCZUxFTmJpMlMxMFE5eU9NMjhLU0FIcGNrMFp5dFkxcU1ZTFhHV3hRUzJWYjJMb1Z3dkV0cVJrN25QQ1hTbmh2ZW5yNmdpUjN1cVI0Q0hzbHhVMVNNRU9qVmVKUHhvdkpmSXM2NE8wLTl5S0xNcTZieVpXOTRJNGI3dE5TRUE1Umd5aFJvTU1y0gG3AUFVX3lxTE4yaVRhTFpMYTVuamgzdzhFbmFERkRfMVRJOEVjbEk0TGZMNkloLWNDekJyY2ZDLU1iNDdzM3VBR01NOXpDWDdoWTYwVS1sRWFZUU8wZmN1VkFEOFFtRjRTY0p6VzgxTXpZZ1F1bW1GZTJlSFNQUWRBbEtzU2ozaDczSHYxc29fTVJycE40bGtzb3U5RDEtQlJ6ZEhjeHhSNzJDQ184MndDY2xIUFpwMDFFOVJsLVp6OA?oc=5\" target=\"_blank\" rel=\"noopener\">Ligue 1 (J13) : Auxerre rate un penalty, Lyon d\u00e9\u00e7oit : Sports &#8211; Orange<\/a>&nbsp;&nbsp;Sports &#8211; Orange<\/li>\n<li><a href=\"https:\/\/news.google.com\/rss\/articles\/CBMioAFBVV95cUxNeXhIZk1GbDBwV0hTVnA3TXlVRjVlWkZqT0JMYTBqcDJUYkpJN0g5TkNWSlgxMFRQTDRUNHBEdDdUaUJucUJDMTh5TjhoeFJ6TDRXbS1oMGJJa0F4TVM0RTgwS3EtZTVpZXVVT0VaXzZYY1RoNkYyTjRrQ3RfWGFtbXZiZUNmOVJjeEVpS1lfbDVITUxFdmpQRmUzeW5ZbWdE?oc=5\" target=\"_blank\" rel=\"noopener\">OL : Dominik Greif repousse le penalty de Lassine Sinayoko<\/a>&nbsp;&nbsp;Foot Mercato<\/li>\n<\/ol>\n","protected":false},"excerpt":{"rendered":"Les notes d&rsquo;Auxerre-OL : L\u00e9on et Greif, les gardiens ont brill\u00e9&nbsp;&nbsp;L&rsquo;\u00c9quipe Ligue 1 : quatri\u00e8me match d&rsquo;affil\u00e9e sans&hellip;\n","protected":false},"author":2,"featured_media":554723,"comment_status":"","ping_status":"","sticky":false,"template":"","format":"standard","meta":{"footnotes":""},"categories":[2],"tags":[11,1011,27,12,25],"class_list":{"0":"post-554722","1":"post","2":"type-post","3":"status-publish","4":"format-standard","5":"has-post-thumbnail","7":"category-actualites","8":"tag-actualites","9":"tag-fr","10":"tag-france","11":"tag-news","12":"tag-republique-francaise"},"share_on_mastodon":{"url":"https:\/\/pubeurope.com\/@fr\/115602952275883298","error":""},"_links":{"self":[{"href":"https:\/\/www.europesays.com\/fr\/wp-json\/wp\/v2\/posts\/554722","targetHints":{"allow":["GET"]}}],"collection":[{"href":"https:\/\/www.europesays.com\/fr\/wp-json\/wp\/v2\/posts"}],"about":[{"href":"https:\/\/www.europesays.com\/fr\/wp-json\/wp\/v2\/types\/post"}],"author":[{"embeddable":true,"href":"https:\/\/www.europesays.com\/fr\/wp-json\/wp\/v2\/users\/2"}],"replies":[{"embeddable":true,"href":"https:\/\/www.europesays.com\/fr\/wp-json\/wp\/v2\/comments?post=554722"}],"version-history":[{"count":0,"href":"https:\/\/www.europesays.com\/fr\/wp-json\/wp\/v2\/posts\/554722\/revisions"}],"wp:featuredmedia":[{"embeddable":true,"href":"https:\/\/www.europesays.com\/fr\/wp-json\/wp\/v2\/media\/554723"}],"wp:attachment":[{"href":"https:\/\/www.europesays.com\/fr\/wp-json\/wp\/v2\/media?parent=554722"}],"wp:term":[{"taxonomy":"category","embeddable":true,"href":"https:\/\/www.europesays.com\/fr\/wp-json\/wp\/v2\/categories?post=554722"},{"taxonomy":"post_tag","embeddable":true,"href":"https:\/\/www.europesays.com\/fr\/wp-json\/wp\/v2\/tags?post=554722"}],"curies":[{"name":"wp","href":"https:\/\/api.w.org\/{rel}","templated":true}]}}