{"id":554726,"date":"2025-11-24T05:13:13","date_gmt":"2025-11-24T05:13:13","guid":{"rendered":"https:\/\/www.europesays.com\/fr\/554726\/"},"modified":"2025-11-24T05:13:13","modified_gmt":"2025-11-24T05:13:13","slug":"plus-de-peur-que-de-mal-pour-melvyn-jaminet","status":"publish","type":"post","link":"https:\/\/www.europesays.com\/fr\/554726\/","title":{"rendered":"Plus de peur que de mal pour Melvyn Jaminet ?"},"content":{"rendered":"<p>L\u2019arri\u00e8re international Fran\u00e7ais Melvyn Jaminet \u00e9tait titulaire contre le Stade-Fran\u00e7ais Paris, ce dimanche soir \u00e0 l\u2019occasion de la 10\u00e8me journ\u00e9e du Top 14.<\/p>\n<p>Malheureusement, le joueur Varois a \u00e9t\u00e9 contraint de c\u00e9der sa place \u00e0 la 18\u00e8me minute de jeu pour un contact \u00e0 la t\u00eate avec le Parisien Jeremy Ward.<\/p>\n<p>Ce-dernier n\u2019a malheureusement pas obtenu le feu vert m\u00e9dical pour revenir sur le terrain apr\u00e8s avoir pass\u00e9 le protocole commotion.<\/p>\n<p>C\u2019est forc\u00e9ment un coup dur pour le RCT qui perd encore l\u2019un de ses joueurs cadres.<\/p>\n<p>Mais selon les informations de Canal +, ce serait plus de peur que de mal pour Melvyn Jaminet.<\/p>\n<p>Ce-dernier a d\u2019ores et d\u00e9j\u00e0 annonc\u00e9 se sentir bien et ne pas avoir de s\u00e9quelle.<\/p>\n<p>Pourra-t-il postuler pour le match contre Montauban, programm\u00e9 samedi prochain au Stade Mayol ?<\/p>\n<p>Ce n\u2019est pas \u00e0 exclure.<\/p>\n<p><strong>Affaire \u00e0 suivre\u2026<\/strong><\/p>\n","protected":false},"excerpt":{"rendered":"L\u2019arri\u00e8re international Fran\u00e7ais Melvyn Jaminet \u00e9tait titulaire contre le Stade-Fran\u00e7ais Paris, ce dimanche soir \u00e0 l\u2019occasion de la&hellip;\n","protected":false},"author":2,"featured_media":232019,"comment_status":"","ping_status":"","sticky":false,"template":"","format":"standard","meta":{"footnotes":""},"categories":[1416],"tags":[1011,27,479,1468,60],"class_list":{"0":"post-554726","1":"post","2":"type-post","3":"status-publish","4":"format-standard","5":"has-post-thumbnail","7":"category-rugby","8":"tag-fr","9":"tag-france","10":"tag-rugby","11":"tag-rugby-football","12":"tag-sports"},"share_on_mastodon":{"url":"https:\/\/pubeurope.com\/@fr\/115602968149878200","error":""},"_links":{"self":[{"href":"https:\/\/www.europesays.com\/fr\/wp-json\/wp\/v2\/posts\/554726","targetHints":{"allow":["GET"]}}],"collection":[{"href":"https:\/\/www.europesays.com\/fr\/wp-json\/wp\/v2\/posts"}],"about":[{"href":"https:\/\/www.europesays.com\/fr\/wp-json\/wp\/v2\/types\/post"}],"author":[{"embeddable":true,"href":"https:\/\/www.europesays.com\/fr\/wp-json\/wp\/v2\/users\/2"}],"replies":[{"embeddable":true,"href":"https:\/\/www.europesays.com\/fr\/wp-json\/wp\/v2\/comments?post=554726"}],"version-history":[{"count":0,"href":"https:\/\/www.europesays.com\/fr\/wp-json\/wp\/v2\/posts\/554726\/revisions"}],"wp:featuredmedia":[{"embeddable":true,"href":"https:\/\/www.europesays.com\/fr\/wp-json\/wp\/v2\/media\/232019"}],"wp:attachment":[{"href":"https:\/\/www.europesays.com\/fr\/wp-json\/wp\/v2\/media?parent=554726"}],"wp:term":[{"taxonomy":"category","embeddable":true,"href":"https:\/\/www.europesays.com\/fr\/wp-json\/wp\/v2\/categories?post=554726"},{"taxonomy":"post_tag","embeddable":true,"href":"https:\/\/www.europesays.com\/fr\/wp-json\/wp\/v2\/tags?post=554726"}],"curies":[{"name":"wp","href":"https:\/\/api.w.org\/{rel}","templated":true}]}}