{"id":554734,"date":"2025-11-24T05:21:34","date_gmt":"2025-11-24T05:21:34","guid":{"rendered":"https:\/\/www.europesays.com\/fr\/554734\/"},"modified":"2025-11-24T05:21:34","modified_gmt":"2025-11-24T05:21:34","slug":"en-images-les-iles-du-desirs-4-4-le-voleur-diles-du-photographe-richard-pak-liberation","status":"publish","type":"post","link":"https:\/\/www.europesays.com\/fr\/554734\/","title":{"rendered":"EN IMAGES &#8211; Les Iles du d\u00e9sirs\u00a0(4\/4) : \u00abLe Voleur d\u2019\u00eeles\u201d du photographe Richard Pak \u2013 Lib\u00e9ration"},"content":{"rendered":"<p>Dans l&rsquo;\u0153il de Lib\u00e9En 2016, l\u2019artiste entame son cycle \u00ables Iles du d\u00e9sir\u00bb avec un premier volet sur Tristan Da Cunha, l\u2019\u00eele habit\u00e9e la plus isol\u00e9e de la plan\u00e8te. Un dernier est expos\u00e9 jusqu\u2019au 23\u00a0novembre \u00e0 Paris, pour la Biennale de l\u2019image tangible.<\/p>\n<p>publi\u00e9 le 22 novembre 2025 \u00e0 12h29<\/p>\n<p>\u00ab\u00a0Jersey II\u00a0\u00bb (2024)<\/p>\n<p>Richard Pak<\/p>\n<p>\u00abEtretat\u00bb (2024). Pour cette \u0153uvre po\u00e9tique, l&rsquo;artiste a travaill\u00e9 avec une paire de ciseaux. Cela correspond \u00e0 son envie de rajouter du volume \u00e0 ses photos. Pour lui, \u00ables bouleversements climatiques r\u00e9cents et le risque av\u00e9r\u00e9 de la mont\u00e9e des eaux font de certaines \u00eeles des esp\u00e8ces en voie d&rsquo;extinction. En les soustrayant au paysage, je rends manifeste cette disparition. Plut\u00f4t que de les remplacer num\u00e9riquement par une mer synth\u00e9tique, je pr\u00e9f\u00e8re la violence du geste qui tranche le support photographique\u00bb.<\/p>\n<p>Richard Pak<\/p>\n<p>\u00abGuernsey II\u00bb (2024). Le travail de Pak a trouv\u00e9 sa gen\u00e8se dans les lectures de l&rsquo;artiste. Il s&rsquo;est attach\u00e9 d&rsquo;abord \u00e0 l&rsquo;\u00e9tymologie du mot \u00abisoler\u00bb qui renvoie \u00e0 \u00abs\u00e9parer comme une \u00eele (isola)\u00bb.<\/p>\n<p>Richard Pak<\/p>\n<p>\u00abJersey I\u00bb (2024). L&rsquo;artiste a ensuite d\u00e9couvert le g\u00e9ographe Guy Mercier qui propose cette d\u00e9finition de l&rsquo;\u00eele : \u00abLa seule mani\u00e8re serait d&rsquo;en faire un concept limite. R\u00e9duire l&rsquo;\u00eele \u00e0 son degr\u00e9 z\u00e9ro en la consid\u00e9rant comme un isolat total, une unit\u00e9 g\u00e9ographique compl\u00e8tement coup\u00e9 du monde qui l&rsquo;entoure.\u00bb<\/p>\n<p>Richard Pak<\/p>\n<p>\u00abPortelet\u00bb (2024). Finalement, c&rsquo;est l&rsquo;historien Daniel Arasse qui lui donne le dispositif de sa s\u00e9rie. Dans son ouvrage \u00able D\u00e9tail. Pour une histoire rapproch\u00e9e de la peinture\u00bb, Arasse cite la fascination qu&rsquo;exer\u00e7ait sur un artiste flamand du XVIIe si\u00e8cle une \u00eele, simple d\u00e9tail dans \u00abla chute d&rsquo;Icare\u00bb d&rsquo;Hans Bol, avant de d\u00e9velopper l&rsquo;id\u00e9e que \u00abde la fascination, le spectateur peut passer au d\u00e9sir, finalement, de d\u00e9couper l&rsquo;\u0153uvre\u00bb.<\/p>\n<p>Richard Pak<\/p>\n<p>\u00abGuernsey I\u00bb (2024). La s\u00e9rie \u00able voleur d&rsquo;\u00eeles\u00bb revisite cette pratique de la d\u00e9coupe jouissive.<\/p>\n<p>Richard Pak<\/p>\n<p>\u00abLa Hague II\u00bb (2024). Richard Pak photographie les \u00eeles depuis la mer ou depuis le continent. Elles peuvent \u00eatre le motif principal ou un simple \u00e9l\u00e9ment du paysage. En les extrayant de leur contexte, l&rsquo;artiste obtient deux images. Comme il le dit : \u00abUne mer amput\u00e9e de son Atlantide est une \u00eele orpheline de sa mer\u00bb.<\/p>\n<p>Richard Pak<\/p>\n<p>\u00abGrande mar\u00e9e\u00bb (2024). L&rsquo;islomane, terme cr\u00e9\u00e9 par l&rsquo;\u00e9crivain Lawrence Durell, qualifie celui pour qui \u00ables \u00eeles sont en quelques sorte irr\u00e9sistibles\u00bb. Richard Pak, le voleur d&rsquo;\u00eeles, en souffre (en souffre-t-il vraiment ?) certainement.<\/p>\n<p>Richard Pak<\/p>\n<p>Les \u00eeles vol\u00e9es correspondent aux photos pr\u00e9c\u00e9dentes de la premi\u00e8re jusqu&rsquo;\u00e0 la huiti\u00e8me, \u00e0 regarder de gauche \u00e0 droite et de haut en bas : \u00abJersey II\u00bb, \u00abEtretat\u00bb, \u00abGuernsey II\u00bb, \u00abJersey I\u00bb, \u00abPortelet\u00bb, \u00abGuernsey I\u00bb, \u00abLa Hague II\u00bb, \u00abGrande mar\u00e9e\u00bb.<\/p>\n<p>Richard Pak<\/p>\n","protected":false},"excerpt":{"rendered":"Dans l&rsquo;\u0153il de Lib\u00e9En 2016, l\u2019artiste entame son cycle \u00ables Iles du d\u00e9sir\u00bb avec un premier volet sur&hellip;\n","protected":false},"author":2,"featured_media":554735,"comment_status":"","ping_status":"","sticky":false,"template":"","format":"standard","meta":{"footnotes":""},"categories":[1358],"tags":[1348,1384,1385,1386,58,59,1011,27],"class_list":{"0":"post-554734","1":"post","2":"type-post","3":"status-publish","4":"format-standard","5":"has-post-thumbnail","7":"category-arts-et-design","8":"tag-arts","9":"tag-arts-and-design","10":"tag-arts-et-design","11":"tag-design","12":"tag-divertissement","13":"tag-entertainment","14":"tag-fr","15":"tag-france"},"share_on_mastodon":{"url":"https:\/\/pubeurope.com\/@fr\/115602999455400011","error":""},"_links":{"self":[{"href":"https:\/\/www.europesays.com\/fr\/wp-json\/wp\/v2\/posts\/554734","targetHints":{"allow":["GET"]}}],"collection":[{"href":"https:\/\/www.europesays.com\/fr\/wp-json\/wp\/v2\/posts"}],"about":[{"href":"https:\/\/www.europesays.com\/fr\/wp-json\/wp\/v2\/types\/post"}],"author":[{"embeddable":true,"href":"https:\/\/www.europesays.com\/fr\/wp-json\/wp\/v2\/users\/2"}],"replies":[{"embeddable":true,"href":"https:\/\/www.europesays.com\/fr\/wp-json\/wp\/v2\/comments?post=554734"}],"version-history":[{"count":0,"href":"https:\/\/www.europesays.com\/fr\/wp-json\/wp\/v2\/posts\/554734\/revisions"}],"wp:featuredmedia":[{"embeddable":true,"href":"https:\/\/www.europesays.com\/fr\/wp-json\/wp\/v2\/media\/554735"}],"wp:attachment":[{"href":"https:\/\/www.europesays.com\/fr\/wp-json\/wp\/v2\/media?parent=554734"}],"wp:term":[{"taxonomy":"category","embeddable":true,"href":"https:\/\/www.europesays.com\/fr\/wp-json\/wp\/v2\/categories?post=554734"},{"taxonomy":"post_tag","embeddable":true,"href":"https:\/\/www.europesays.com\/fr\/wp-json\/wp\/v2\/tags?post=554734"}],"curies":[{"name":"wp","href":"https:\/\/api.w.org\/{rel}","templated":true}]}}