{"id":554740,"date":"2025-11-24T05:25:31","date_gmt":"2025-11-24T05:25:31","guid":{"rendered":"https:\/\/www.europesays.com\/fr\/554740\/"},"modified":"2025-11-24T05:25:31","modified_gmt":"2025-11-24T05:25:31","slug":"dans-les-coulisses-du-surprenant-predator-badlands","status":"publish","type":"post","link":"https:\/\/www.europesays.com\/fr\/554740\/","title":{"rendered":"Dans les coulisses du surprenant Predator : Badlands"},"content":{"rendered":"<p>\n    <strong>INTERVIEW &#8211; <\/strong>Succ\u00e8s surprise au box-office, le septi\u00e8me film de la saga horrifique fait du m\u00e9chant un chasseur h\u00e9ro\u00efque. Rencontre avec l\u2019artisan de ce d\u00e9fi le r\u00e9alisateur Dan Trachtenberg.<\/p>\n<p class=\"fig-paragraph\">L\u2019arriv\u00e9e sur les \u00e9crans am\u00e9ricains, ce week-end, de\u00a0<a href=\"http:\/\/www.lefigaro.fr\/cinema\/notre-critique-de-wicked-ii-les-sorcieres-du-pays-d-oz-au-pied-du-mur-20251118\" data-fig-type=\"Article\" data-gtm-custom-categorie=\"navigation\" data-gtm-custom-action=\"crossclick\" data-gtm-custom-label=\"Contextuel\" data-gtm-event=\"customEventSPE\" data-fig-domain=\"LEFIGARO\" target=\"_blank\" rel=\"noopener\">Wicked For Good<\/a> \u00a0a chang\u00e9 la donne. Mais jusqu\u2019\u00e0 pr\u00e9sent les bonnes surprises outre-Atlantique au box-office \u00e9taient rares. Plusieurs films grand spectacle, tel\u00a0<a href=\"http:\/\/www.lefigaro.fr\/cinema\/notre-critique-de-tron-ares-une-suite-visionnaire-et-inspiree-qui-voit-rouge-20251007\" data-fig-type=\"Article\" data-gtm-custom-categorie=\"navigation\" data-gtm-custom-action=\"crossclick\" data-gtm-custom-label=\"Contextuel\" data-gtm-event=\"customEventSPE\" data-fig-domain=\"LEFIGARO\" target=\"_blank\" rel=\"noopener\">Tron\u00a0: Ares<\/a>, ont \u00e9chou\u00e9 \u00e0 trouver leur public. Seule exception de\u00a0<a href=\"http:\/\/www.lefigaro.fr\/cinema\/notre-critique-de-predator-badlands-un-safari-saignant-qui-offre-du-sang-neuf-a-la-saga-20251106\" data-fig-type=\"Article\" data-gtm-custom-categorie=\"navigation\" data-gtm-custom-action=\"crossclick\" data-gtm-custom-label=\"Contextuel\" data-gtm-event=\"customEventSPE\" data-fig-domain=\"LEFIGARO\" target=\"_blank\" rel=\"noopener\">Predator\u00a0: Badlands<\/a> . Sorti d\u00e9but novembre le septi\u00e8me film de la saga horrifique a invers\u00e9 la proposition originelle, faisant du m\u00e9chant un chasseur h\u00e9ro\u00efque. Predator\u00a0: Badlands a surpass\u00e9 les attentes, amassant dans le monde plus de 140 millions de dollars de recettes. Le record de la franchise. De quoi, aussi, rentrer dans les frais de son budget de 105 millions. Un succ\u00e8s \u00e0 mettre au cr\u00e9dit du r\u00e9alisateur Dan Trachtenberg. D\u00e9j\u00e0 \u00e0 la barre de\u00a0<a href=\"http:\/\/www.lefigaro.fr\/cinema\/notre-critique-de-prey-le-nouveau-predator-sur-la-piste-des-westerns-20220805\" data-fig-type=\"Article\" data-gtm-custom-categorie=\"navigation\" data-gtm-custom-action=\"crossclick\" data-gtm-custom-label=\"Contextuel\" data-gtm-event=\"customEventSPE\" data-fig-domain=\"LEFIGARO\" target=\"_blank\" rel=\"noopener\">Predator\u00a0: Prey<\/a> \u00a0et du film d\u2019animation Killer of Killers, le cin\u00e9aste de 44 ans a revitalis\u00e9 l\u2019univers.<\/p>\n<p class=\"fig-paragraph\">Signe de cette popularit\u00e9, il faisait salle comble d\u00e9but octobre au Comic Con de Malaga (d\u00e9clinaison europ\u00e9enne du fameux Comic Con de San Diego) o\u00f9 il \u00e9tait venu pr\u00e9senter en compagnie d\u2019Elle Fanning, piquante andro\u00efde, les 20 premi\u00e8res minutes de Badlands, qui brouille les lignes entre horreur, aventure et com\u00e9die des contraires. Pour Le Figaro, il \u00e9tait revenu sur la gen\u00e8se de Badlands, dont les partis pris ont parfois divis\u00e9 les fans.<\/p>\n<p>                                    <a class=\"fig-a11y-skip a11y-hidden\" href=\"#fig-a11y-skip-main-inarticle\"><br \/>\n        Passer la publicit\u00e9<br \/>\n    <\/a><\/p>\n<p class=\"fig-paragraph\"><strong>LE FIGARO \u2013 <\/strong><strong>Predators\u00a0: Badlands<\/strong> <strong>change le principe de la franchise en nous faisant entrer dans l\u2019esprit d\u2019un Predator. Comment vous est venue cette id\u00e9e inattendue\u00a0?<\/strong><\/p>\n<p class=\"fig-paragraph\">Dan Trachtenberg. Je venais de terminer mon premier film Predator\u00a0: Prey. Je m\u2019interrogeais\u00a0: y avait-il encore quelque chose \u00e0 faire dans la franchise Predator\u00a0? J\u2019ai repens\u00e9 \u00e0 cette question qui agite les fans\u00a0: pourquoi le Predator ne gagne pas\u00a0? Le Predator est un chasseur le plus redoutable de l\u2019univers. Pourtant, lorsqu\u2019il d\u00e9barque sur terre, \u00e7a ne marche jamais. Au d\u00e9part, j\u2019ai \u00e9t\u00e9 tent\u00e9 de r\u00e9aliser un film sur la victoire d\u2019un Predator. Mais je ne voulais pas \u00eatre nihiliste et livrer un \u00e9ni\u00e8me slasher. Une autre intuition s\u2019est impos\u00e9e\u00a0: et si je signais un r\u00e9cit o\u00f9 le public est en empathie avec le Predator et le soutient\u00a0?<\/p>\n<p class=\"fig-paragraph\"><strong>Vous l\u2019avez transform\u00e9 en marginal.<\/strong><\/p>\n<p class=\"fig-paragraph\">Ce que traverse Dek est une exp\u00e9rience \u00e9motionnelle universelle \u00e0 laquelle nous pouvons tous nous identifier.<\/p>\n<p class=\"fig-paragraph\"><strong>Quelles ont \u00e9t\u00e9 vos inspirations pour imaginer la flore et la faune mortelle de la plan\u00e8te hostile Genna\u00a0?<\/strong><\/p>\n<p>                                    <a class=\"fig-a11y-skip a11y-hidden\" href=\"#fig-a11y-skip-main-inarticle_mtf\"><br \/>\n        Passer la publicit\u00e9<br \/>\n    <\/a><\/p>\n<p class=\"fig-paragraph\">Il fallait fa\u00e7onner une plan\u00e8te qui essaierait de tuer Dek de toutes les mani\u00e8res possibles. Ce ne sont pas uniquement les animaux et les cr\u00e9atures qui en ont apr\u00e8s lui. L\u2019herbe, les fleurs, les arbres, les paysages veulent aussi sa peau. On a beaucoup planch\u00e9 sur la conception artistique. Au d\u00e9part, nous avions imagin\u00e9 de la neige tranchante mais ce dessin me faisait penser \u00e0 des hautes herbes et c\u2019est comme cela que nous sommes arriv\u00e9s sur cette herbe rasoir. L\u2019univers de Terrence Malick, son naturalisme ont \u00e9t\u00e9 une de nos r\u00e9f\u00e9rences. Tout comme les com\u00e9dies d\u2019action de potes comme la com\u00e9die polici\u00e8re Midnight Run avec\u00a0<a href=\"http:\/\/www.lefigaro.fr\/culture\/robert-de-niro-appelle-les-americains-a-manifester-contre-le-roi-donald-ier-20251016\" data-fig-type=\"Article\" data-gtm-custom-categorie=\"navigation\" data-gtm-custom-action=\"crossclick\" data-gtm-custom-label=\"Contextuel\" data-gtm-event=\"customEventSPE\" data-fig-domain=\"LEFIGARO\" target=\"_blank\" rel=\"noopener\">Robert de Niro<\/a>. Mon directeur de la photographie et moi avons aussi revu le Macbeth r\u00e9alis\u00e9 par Justin Kurzel.<\/p>\n<p>    Elle Fanning et Dan Trachtenberg sont venus d\u00e9fendre Badlands en octobre au Comic Con de Malaga.<br \/>\n                Daniel Perez \/ Getty Images for Disney<\/p>\n<p class=\"fig-paragraph\"><strong>Comment vous est venue l\u2019id\u00e9e de confier le r\u00f4le du compagnon de route de Dek, celui de l\u2019enthousiaste andro\u00efde Thia, \u00e0 Elle Fanning\u00a0?<\/strong><\/p>\n<p class=\"fig-paragraph\">Depuis que j\u2019ai vu Elle dans\u00a0<a href=\"https:\/\/tvmag.lefigaro.fr\/programme-tv\/fiche\/canal%2B\/film\/80799435\/super-8.html\" data-fig-type=\"Article\" data-gtm-custom-categorie=\"navigation\" data-gtm-custom-action=\"crossclick\" data-gtm-custom-label=\"Contextuel\" data-gtm-event=\"customEventSPE\" data-fig-domain=\"TVMAG\" target=\"_blank\" rel=\"noopener\">Super 8<\/a>, ce r\u00f4le ne pouvait \u00eatre que le sien. Thia lui ressemble tellement. Elle partage sa mentalit\u00e9 de voir le verre \u00e0 moiti\u00e9 plein, son optimisme, son absence d\u2019entraves. Thia tellement chaleureuse et \u00e0 l\u2019oppos\u00e9 de ce qu\u2019est le Predator. Ce duo mal assorti \u00e9tait excitant \u00e0 mettre en sc\u00e8ne. Leur alliance est fragile\u00a0: \u00e0 l\u2019image de ce qui les relie\u00a0: un amas de lianes. Toutefois, \u00e9motionnellement, ils ne sont pas si \u00e9loign\u00e9s. Ils ont \u00e9t\u00e9 rejet\u00e9s par leur environnement et leur tribu d\u2019origine. Super 8 nous avait aussi montr\u00e9 qu\u2019Elle Fanning est tout \u00e0 fait capable de tenir une double performance. Dans Predator\u00a0: Badlands, elle incarne \u00e0 la fois Thia et son double Tessa.<\/p>\n<p class=\"fig-paragraph\"><strong>Dek est l\u2019avorton de son clan. Qu\u2019est-ce que cela change dans son apparence\u00a0?<\/strong><\/p>\n<p class=\"fig-paragraph\">Les Predators qui apparaissent dans Badlands sont les plus \u00ab habill\u00e9s\u00a0\u00bb de la saga. Nous avons imagin\u00e9 des costumes qui refl\u00e9taient leur culture et leurs rites de passage. Il \u00e9tait important que nous Dek puisse s\u2019exprimer dans l\u2019idiome de son esp\u00e8ce\u00a0: le yautja. Nous avons fait appel \u00e0 un sp\u00e9cialiste des langues fictives, qui nous a aid\u00e9s \u00e0 d\u00e9velopper une grammaire et une s\u00e9mantique. Dek porte une armure d\u2019entra\u00eenement au d\u00e9but du film. Son odyss\u00e9e sur Genna le m\u00e9tamorphose. Son costume en porte les stigmates \u00e0 la fin. Nous cherchions aussi \u00e0 \u00e9tablir une continuit\u00e9 physique avec le protagoniste\u00a0<a href=\"http:\/\/www.lefigaro.fr\/cinema\/pour-le-realisateur-de-predator-john-mctiernan-l-industrie-du-cinema-court-a-sa-perte-20240926\" data-fig-type=\"Article\" data-gtm-custom-categorie=\"navigation\" data-gtm-custom-action=\"crossclick\" data-gtm-custom-label=\"Contextuel\" data-gtm-event=\"customEventSPE\" data-fig-domain=\"LEFIGARO\" target=\"_blank\" rel=\"noopener\">du film de 87<\/a>, qui \u00e9voluait dans la jungle. Il fallait une allure f\u00e9roce mais aussi des yeux qui puissent exprimer ce qu\u2019il ressent. J\u2019ai r\u00e9alis\u00e9 trois longs-m\u00e9trages Predators. J\u2019esp\u00e8re avoir r\u00e9ussi \u00e0 glisser un nouveau souffle en combinant des genres nouveaux pour entra\u00eener la saga dans des aventures in\u00e9dites. \u00c0 chaque fois, mes films d\u00e9peignent des histoires \u00eatre sous-estim\u00e9es. Leurs intrigues parlent de lutte pour la survie, de la force absolue de la nature, d\u2019h\u00e9ritage, de ce qui nous fa\u00e7onne, d\u2019o\u00f9 nous venons et o\u00f9 nous allons, quitte \u00e0 diverger de voies toutes trac\u00e9es.<\/p>\n","protected":false},"excerpt":{"rendered":"INTERVIEW &#8211; Succ\u00e8s surprise au box-office, le septi\u00e8me film de la saga horrifique fait du m\u00e9chant un chasseur&hellip;\n","protected":false},"author":2,"featured_media":554741,"comment_status":"","ping_status":"","sticky":false,"template":"","format":"standard","meta":{"footnotes":""},"categories":[1354],"tags":[58,63274,59,1346,1011,27,1360,7223],"class_list":{"0":"post-554740","1":"post","2":"type-post","3":"status-publish","4":"format-standard","5":"has-post-thumbnail","7":"category-films","8":"tag-divertissement","9":"tag-elle-fanning","10":"tag-entertainment","11":"tag-films","12":"tag-fr","13":"tag-france","14":"tag-movies","15":"tag-predator"},"share_on_mastodon":{"url":"https:\/\/pubeurope.com\/@fr\/115603015385826116","error":""},"_links":{"self":[{"href":"https:\/\/www.europesays.com\/fr\/wp-json\/wp\/v2\/posts\/554740","targetHints":{"allow":["GET"]}}],"collection":[{"href":"https:\/\/www.europesays.com\/fr\/wp-json\/wp\/v2\/posts"}],"about":[{"href":"https:\/\/www.europesays.com\/fr\/wp-json\/wp\/v2\/types\/post"}],"author":[{"embeddable":true,"href":"https:\/\/www.europesays.com\/fr\/wp-json\/wp\/v2\/users\/2"}],"replies":[{"embeddable":true,"href":"https:\/\/www.europesays.com\/fr\/wp-json\/wp\/v2\/comments?post=554740"}],"version-history":[{"count":0,"href":"https:\/\/www.europesays.com\/fr\/wp-json\/wp\/v2\/posts\/554740\/revisions"}],"wp:featuredmedia":[{"embeddable":true,"href":"https:\/\/www.europesays.com\/fr\/wp-json\/wp\/v2\/media\/554741"}],"wp:attachment":[{"href":"https:\/\/www.europesays.com\/fr\/wp-json\/wp\/v2\/media?parent=554740"}],"wp:term":[{"taxonomy":"category","embeddable":true,"href":"https:\/\/www.europesays.com\/fr\/wp-json\/wp\/v2\/categories?post=554740"},{"taxonomy":"post_tag","embeddable":true,"href":"https:\/\/www.europesays.com\/fr\/wp-json\/wp\/v2\/tags?post=554740"}],"curies":[{"name":"wp","href":"https:\/\/api.w.org\/{rel}","templated":true}]}}