{"id":554742,"date":"2025-11-24T05:26:18","date_gmt":"2025-11-24T05:26:18","guid":{"rendered":"https:\/\/www.europesays.com\/fr\/554742\/"},"modified":"2025-11-24T05:26:18","modified_gmt":"2025-11-24T05:26:18","slug":"depuis-que-jai-teste-le-jeune-mentale-je-ne-suis-plus-comme-avant-et-cest-tant-mieux","status":"publish","type":"post","link":"https:\/\/www.europesays.com\/fr\/554742\/","title":{"rendered":"Depuis que j&rsquo;ai test\u00e9 le je\u00fbne mentale, je ne suis plus comme avant (et c&rsquo;est tant mieux) !"},"content":{"rendered":"<p><strong>Entre effervescence num\u00e9rique et rythme effr\u00e9n\u00e9 du quotidien, il n&rsquo;est pas rare de se sentir satur\u00e9, le cerveau assoiff\u00e9 de qui\u00e9tude. Si l&rsquo;on accorde volontiers des pauses \u00e0 son corps, pourquoi ne pas offrir le m\u00eame r\u00e9pit \u00e0 son esprit ? Le \u00ab je\u00fbne mental \u00bb, cette id\u00e9e surprenante, nourrit depuis peu la r\u00e9flexion sur l&rsquo;hygi\u00e8ne de vie moderne, incitant \u00e0 une remise \u00e0 z\u00e9ro b\u00e9n\u00e9fique. Et si la vraie r\u00e9volution r\u00e9sidait dans l&rsquo;art de faire moins\u2026 pour mieux vivre ?<\/strong><\/p>\n<p>Derri\u00e8re l&rsquo;invasion mentale : pourquoi nos pens\u00e9es ne nous laissent jamais tranquilles<\/p>\n<p>Dans l&rsquo;atmosph\u00e8re de fin novembre, propice \u00e0 l&rsquo;introspection, nombreux sont ceux qui ressentent l&rsquo;envie de ralentir. Les f\u00eates approchent, l&rsquo;hiver s&rsquo;installe, et avec eux, une sensation de fatigue nerveuse s&rsquo;impose \u00e9galement. La faute, sans doute, \u00e0 une hyperconnectivit\u00e9 g\u00e9n\u00e9ralis\u00e9e. Le t\u00e9l\u00e9phone vibre, la t\u00e9l\u00e9vision murmure, la radio bavarde, et, dans cette cacophonie discr\u00e8te, <strong>le cerveau ne se repose jamais v\u00e9ritablement<\/strong>.<\/p>\n<p><strong>Le flux incessant des sollicitations num\u00e9riques<\/strong> s&rsquo;immisce partout : messages instantan\u00e9s, alertes emails, notifications sociales et obligations virtuelles. Impossible ou presque d&rsquo;\u00e9chapper au d\u00e9filement continu d&rsquo;informations. Les Fran\u00e7ais consultent en moyenne leur t\u00e9l\u00e9phone plus de 50 fois par jour, instaurant une forme de d\u00e9pendance silencieuse, au point que <strong>le simple silence peut d\u00e9sormais sembler inconfortable<\/strong>.<\/p>\n<p>Cette surstimulation n&rsquo;est pas anodine. \u00c0 force d&rsquo;\u00eatre sollicit\u00e9, le cerveau peine \u00e0 se concentrer, \u00e0 m\u00e9moriser, \u00e0 discerner l&rsquo;important du superflu. R\u00e9sultat, <a href=\"https:\/\/journaldesseniors.20minutes.fr\/sante\/vous-avez-tres-souvent-envie-de-faire-pipi-cest-peut-etre-votre-alimentation-qui-est-coupable\/\" target=\"_blank\" rel=\"noopener\">stress chronique<\/a>, sommeil morcel\u00e9, difficult\u00e9 \u00e0 prendre du recul sur les \u00e9v\u00e9nements. <strong>L&rsquo;esprit a-t-il encore le droit \u00e0 sa propre respiration ?<\/strong><\/p>\n<p>Oser le vide : la d\u00e9couverte du je\u00fbne mental<\/p>\n<p>Face \u00e0 ce constat, <strong>le concept de \u00ab je\u00fbne mental \u00bb s&rsquo;inspire d&rsquo;une pratique bien connue : le je\u00fbne alimentaire<\/strong>. De m\u00eame que s&rsquo;abstenir temporairement de manger aide \u00e0 r\u00e9g\u00e9n\u00e9rer le corps, faire une pause cognitive reviendrait \u00e0 purifier l&rsquo;esprit de la pollution informationnelle. Loin d&rsquo;une privation extr\u00eame, il s&rsquo;agit de choisir, pour quelques heures ou quelques jours, de se couper des flux qui saturent le cerveau.<\/p>\n<p><strong>\u00ab Je\u00fbner \u00bb avec l&rsquo;esprit<\/strong>, concr\u00e8tement, c&rsquo;est instaurer des plages sans \u00e9crans, limiter l&rsquo;acc\u00e8s aux informations, r\u00e9duire les temps pass\u00e9s sur les r\u00e9seaux, refuser la tentation de la distraction permanente. Cela peut para\u00eetre audacieux, voire \u00e9trange, dans une soci\u00e9t\u00e9 qui valorise la r\u00e9activit\u00e9 et la performance, mais <strong>cette sobri\u00e9t\u00e9 cognitive devient rapidement une force insoup\u00e7onn\u00e9e<\/strong>.<\/p>\n<p>La premi\u00e8re fois, entre peur du vide et d\u00e9clic salvateur<\/p>\n<p>\u00c0 l&rsquo;image d&rsquo;un premier vrai silence apr\u00e8s des heures de tumulte, se lancer dans un je\u00fbne mental n&rsquo;est pas sans appr\u00e9hension. <strong>Le vide inqui\u00e8te, l&rsquo;absence de stimulation peut surprendre<\/strong>. L&rsquo;esprit tourne en rond, cherche \u00e0 remplir le blanc, vacille sous ses propres pens\u00e9es. Se retrouver face \u00e0 soi, sans le filtre rassurant des distractions, peut m\u00eame effrayer.<\/p>\n<p>Mais <strong>cette peur du vide r\u00e9v\u00e8le souvent un d\u00e9clic salutaire<\/strong>. Petit \u00e0 petit, on apprend \u00e0 apprivoiser le silence int\u00e9rieur, \u00e0 observer ses pens\u00e9es sans les juger, \u00e0 laisser passer l&rsquo;agitation sans s&rsquo;y accrocher. Les r\u00e9sistances se manifestent : ennui, impatience, impression de perdre son temps. Ce sont en fait des signaux d&rsquo;un cerveau en manque d&rsquo;habitudes paisibles.<\/p>\n<p><strong>Pour d\u00e9passer ces obstacles, quelques astuces s&rsquo;av\u00e8rent efficaces<\/strong> : int\u00e9grer la pause mentale par paliers, s&rsquo;am\u00e9nager un environnement sans tentation num\u00e9rique, pr\u00e9f\u00e9rer une promenade au grand air ou un moment m\u00e9ditatif \u00e0 la place des \u00e9crans. Il s&rsquo;agit moins de fuir le monde que de le retrouver, l&rsquo;esprit plus libre.<\/p>\n<p>Enfin respirer : les effets imm\u00e9diats et inattendus sur le bien-\u00eatre<\/p>\n<p><strong>En quelques jours, le b\u00e9n\u00e9fice du je\u00fbne mental se fait sentir<\/strong>. D&rsquo;abord, la perception change. Les bruits, les sensations, les pens\u00e9es se clarifient. La concentration revient, la cr\u00e9ativit\u00e9 s&rsquo;aiguise, l&rsquo;inspiration jaillit l\u00e0 o\u00f9 l&rsquo;\u00e9cran imposait sa dictature. Les t\u00e2ches du quotidien s&rsquo;accomplissent plus sereinement ; la sensation d&rsquo;\u00eatre partout \u00e0 la fois s&rsquo;estompe progressivement.<\/p>\n<p>Les signes d&rsquo;apaisement r\u00e9el ne tardent pas : <strong>diminution du stress, respiration plus profonde, meilleur sommeil<\/strong>. Cette forme de \u00ab l\u00e9g\u00e8ret\u00e9 mentale \u00bb est simplement permise par le fait d&rsquo;\u00e9teindre les sollicitations superflues pendant un moment.<\/p>\n<p>Mettre son cerveau au repos, un geste r\u00e9volutionnaire au quotidien<\/p>\n<p>Loin de la grande coupure, <strong>de petits \u00ab micro-je\u00fbnes \u00bb sont faciles \u00e0 int\u00e9grer dans une routine<\/strong>, m\u00eame lors d&rsquo;une journ\u00e9e charg\u00e9e. Quelques minutes de silence en fin de repas, un trajet sans casque dans la nature, la r\u00e8gle du \u00ab pas de r\u00e9seau apr\u00e8s 20 h \u00bb\u2026 Ces pauses peuvent sembler anodines, elles sont pourtant porteuses d&rsquo;un apaisement durable.<\/p>\n<p><strong>Quelques conseils pratiques pour instaurer durablement ces moments<\/strong> :<\/p>\n<ul>\n<li><strong>D\u00e9finir des cr\u00e9neaux pr\u00e9cis sans \u00e9cran<\/strong> (ex. : 30 minutes le matin et le soir)<\/li>\n<li><strong>Pr\u00e9f\u00e9rer la lecture ou la marche \u00e0 pied aux contenus digitaux durant les pauses<\/strong><\/li>\n<li><strong>Am\u00e9nager un espace calme et plaisant, sans distractions technologiques<\/strong><\/li>\n<li><strong>Avertir son entourage de ses \u00ab plages de pause mentale \u00bb pour \u00e9viter les sollicitations<\/strong><\/li>\n<li><strong>Dissimuler les appareils num\u00e9riques hors du champ de vision pendant ces moments<\/strong><\/li>\n<\/ul>\n<p>R\u00e9p\u00e9t\u00e9s r\u00e9guli\u00e8rement, ces <a href=\"https:\/\/journaldesseniors.20minutes.fr\/sante\/connaissez-vous-ce-geste-insignifiant-du-quotidien-qui-peut-pourtant-vous-eviter-un-avc\/\" target=\"_blank\" rel=\"noopener\">gestes<\/a> transforment peu \u00e0 peu la vie int\u00e9rieure et le rapport au temps.<\/p>\n<p> Et apr\u00e8s ? Ce que le je\u00fbne mental change vraiment dans la vie<\/p>\n<p><strong>Red\u00e9couvrir sa capacit\u00e9 d&rsquo;attention et de pr\u00e9sence<\/strong> devient alors une \u00e9vidence. \u00c0 force de s&rsquo;extraire du brouhaha collectif, on r\u00e9alise \u00e0 quel point l&rsquo;\u00e9coute et la concentration \u00e9taient en veille. Lire un livre, discuter avec un proche, pr\u00e9parer une recette d&rsquo;hiver sans se pr\u00e9cipiter\u2026 <strong>Tout reprend une saveur nouvelle, plus intense, plus vivante<\/strong>.<\/p>\n<p>Adopter ce nouveau rituel, c&rsquo;est <strong>instaurer une \u00ab hygi\u00e8ne mentale \u00bb quotidienne<\/strong>, \u00e0 l&rsquo;instar de l&rsquo;hygi\u00e8ne corporelle. L&rsquo;esprit s&rsquo;\u00e9pure et, peu \u00e0 peu, une forme de libert\u00e9 int\u00e9rieure rena\u00eet. Moins encha\u00een\u00e9s aux imp\u00e9ratifs ext\u00e9rieurs, plus pr\u00e9sents \u00e0 soi, ouverts aux r\u00e9sonances du monde sans en \u00eatre satur\u00e9s, beaucoup constatent une s\u00e9r\u00e9nit\u00e9 qui s&rsquo;installe, jour apr\u00e8s jour, pour un hiver plus doux et plus l\u00e9ger.<\/p>\n<p>En somme, <strong>faire une pause cognitive r\u00e9duit le stress et am\u00e9liore r\u00e9ellement la concentration<\/strong> : le \u00ab je\u00fbne mental \u00bb n&rsquo;est ni \u00e9litiste ni inaccessible, il s&rsquo;offre \u00e0 tous et promet une r\u00e9volution tranquille pour l&rsquo;esprit, particuli\u00e8rement bienvenue \u00e0 l&rsquo;or\u00e9e de l&rsquo;hiver.<\/p>\n<p>En laissant enfin \u00e0 son esprit le droit de souffler, <strong>c&rsquo;est tout un \u00e9quilibre qui se reconstruit<\/strong> dans la douceur, le calme et une attention renouvel\u00e9e. Cette saison pourrait \u00eatre l&rsquo;occasion id\u00e9ale de tester, \u00e0 votre tour, cette pause salutaire pour l&rsquo;esprit.<\/p>\n","protected":false},"excerpt":{"rendered":"Entre effervescence num\u00e9rique et rythme effr\u00e9n\u00e9 du quotidien, il n&rsquo;est pas rare de se sentir satur\u00e9, le cerveau&hellip;\n","protected":false},"author":2,"featured_media":554743,"comment_status":"","ping_status":"","sticky":false,"template":"","format":"standard","meta":{"footnotes":""},"categories":[10],"tags":[1011,27,72,56,71],"class_list":{"0":"post-554742","1":"post","2":"type-post","3":"status-publish","4":"format-standard","5":"has-post-thumbnail","7":"category-sante","8":"tag-fr","9":"tag-france","10":"tag-health","11":"tag-push","12":"tag-sante"},"share_on_mastodon":{"url":"https:\/\/pubeurope.com\/@fr\/115603019132210640","error":""},"_links":{"self":[{"href":"https:\/\/www.europesays.com\/fr\/wp-json\/wp\/v2\/posts\/554742","targetHints":{"allow":["GET"]}}],"collection":[{"href":"https:\/\/www.europesays.com\/fr\/wp-json\/wp\/v2\/posts"}],"about":[{"href":"https:\/\/www.europesays.com\/fr\/wp-json\/wp\/v2\/types\/post"}],"author":[{"embeddable":true,"href":"https:\/\/www.europesays.com\/fr\/wp-json\/wp\/v2\/users\/2"}],"replies":[{"embeddable":true,"href":"https:\/\/www.europesays.com\/fr\/wp-json\/wp\/v2\/comments?post=554742"}],"version-history":[{"count":0,"href":"https:\/\/www.europesays.com\/fr\/wp-json\/wp\/v2\/posts\/554742\/revisions"}],"wp:featuredmedia":[{"embeddable":true,"href":"https:\/\/www.europesays.com\/fr\/wp-json\/wp\/v2\/media\/554743"}],"wp:attachment":[{"href":"https:\/\/www.europesays.com\/fr\/wp-json\/wp\/v2\/media?parent=554742"}],"wp:term":[{"taxonomy":"category","embeddable":true,"href":"https:\/\/www.europesays.com\/fr\/wp-json\/wp\/v2\/categories?post=554742"},{"taxonomy":"post_tag","embeddable":true,"href":"https:\/\/www.europesays.com\/fr\/wp-json\/wp\/v2\/tags?post=554742"}],"curies":[{"name":"wp","href":"https:\/\/api.w.org\/{rel}","templated":true}]}}