{"id":554750,"date":"2025-11-24T05:31:35","date_gmt":"2025-11-24T05:31:35","guid":{"rendered":"https:\/\/www.europesays.com\/fr\/554750\/"},"modified":"2025-11-24T05:31:35","modified_gmt":"2025-11-24T05:31:35","slug":"le-fabricant-de-panneaux-de-bois-mayers-filiale-de-realites","status":"publish","type":"post","link":"https:\/\/www.europesays.com\/fr\/554750\/","title":{"rendered":"le fabricant de panneaux de bois Mayers, filiale de R\u00e9alit\u00e9s"},"content":{"rendered":"<p>&#13;<br \/>\n\tElle \u00e9tait un des visages de cette industrie d\u00e9carbon\u00e9e \u00e0 la Janais (Chartres-de-Bretagne, en Ille-et-Vilaine) dont Rennes m\u00e9tropole souhaite faire une vitrine. Filiale du promoteur nantais R\u00e9alit\u00e9s, l\u2019entreprise Mayers a cess\u00e9 son activit\u00e9 \u00e0 la suite de son placement en liquidation, le 12 novembre, par le tribunal de commerce de Nantes. <\/p>\n<p>&#13;<br \/>\n\tSon usine de panneaux en bois install\u00e9e depuis 2023 dans d\u2019anciens b\u00e2timents de Stellantis employait une quarantaine de salari\u00e9s. <a href=\"https:\/\/www.usinenouvelle.com\/article\/derriere-le-plus-grand-projet-de-construction-hors-site-de-france-a-rennes-mayers-beneficie-de-l-essor-de-la-technique.N2213656\" target=\"_blank\" rel=\"noopener\">Sp\u00e9cialis\u00e9e dans la fabrication hors-site bas carbone, la filiale du groupe R\u00e9alit\u00e9s<\/a> avait d\u00e9velopp\u00e9 une offre standardis\u00e9e de logements con\u00e7us \u00e0 base de modules 3D. Elle regroupait diff\u00e9rents p\u00f4les d\u2019expertise (ing\u00e9nierie, bureau \u00e9tudes environnement\u2026). <\/p>\n<p>&#13;<br \/>\n\tUn carnet de commandes rempli jusqu&rsquo;au troisi\u00e8me trimestre 2025<\/p>\n<p>&#13;<br \/>\n\tSelon Mayers, la d\u00e9cision du tribunal \u00abmarque la conclusion d\u2019un projet ambitieux, port\u00e9 avec passion et d\u00e9termination par des \u00e9quipes engag\u00e9es et des partenaires de confiance. La crise face \u00e0 laquelle le secteur de l&rsquo;immobilier est aujourd&rsquo;hui confront\u00e9 n&rsquo;aura pas permis \u00e0 Mayers de trouver une porte de sortie par le haut\u00bb. <\/p>\n<p>&#13;<br \/>\n\tL\u2019entreprise avait \u00e9t\u00e9 plac\u00e9e en redressement judiciaire en octobre 2024, alors m\u00eame qu\u2019elle disposait d\u2019un carnet de commandes rempli jusqu\u2019au troisi\u00e8me trimestre 2025. Juste avant de cesser son activit\u00e9, Mayers venait d\u2019achever le chantier de construction de 520 logements de la r\u00e9sidence \u00e9tudiante de Rennes School Business, consid\u00e9r\u00e9 comme le plus grand projet hors site de France.<\/p>\n<p class=\"editoTitleType1 editoTitleType1--lagoon is-uppercase\">S\u00e9lectionn\u00e9 <b>pour vous<\/b><\/p>\n<p>                                                                            <a class=\"editoCardType21__link editoCardType21__containerImage\" href=\"https:\/\/www.usinenouvelle.com\/article\/made-in-france-biogroupe-le-breton-derriere-le-kombucha-karma-va-quadrupler-les-capacites-de-son-usine.N2241601\" data-xiti-name=\"2241601\" target=\"_blank\" rel=\"noopener\"><\/p>\n<p>                                                                                                                                                    <img decoding=\"async\" src=\"data:image\/gif;base64,R0lGODdhAQABAPAAAMPDwwAAACwAAAAAAQABAAACAkQBADs=\" data-original=\"\/mediatheque\/0\/8\/0\/001534080_256x170_c.jpeg\" alt=\"Made in France : Biogroupe, le breton derri\u00e8re le kombucha Karma, va quadrupler les capacit\u00e9s de son usine\"\/><\/p>\n<p>                            <\/a><\/p>\n","protected":false},"excerpt":{"rendered":"&#13; Elle \u00e9tait un des visages de cette industrie d\u00e9carbon\u00e9e \u00e0 la Janais (Chartres-de-Bretagne, en Ille-et-Vilaine) dont Rennes&hellip;\n","protected":false},"author":2,"featured_media":554751,"comment_status":"","ping_status":"","sticky":false,"template":"","format":"standard","meta":{"footnotes":""},"categories":[6],"tags":[829,23553,35,33,34,32709,1011,27,848,14883,18854],"class_list":{"0":"post-554750","1":"post","2":"type-post","3":"status-publish","4":"format-standard","5":"has-post-thumbnail","7":"category-economie","8":"tag-bretagne","9":"tag-btp-construction","10":"tag-business","11":"tag-economie","12":"tag-economy","13":"tag-fermeture-de-site","14":"tag-fr","15":"tag-france","16":"tag-ille-et-vilaine","17":"tag-made-in-france","18":"tag-quotidien-des-usines"},"share_on_mastodon":{"url":"https:\/\/pubeurope.com\/@fr\/115603038859882506","error":""},"_links":{"self":[{"href":"https:\/\/www.europesays.com\/fr\/wp-json\/wp\/v2\/posts\/554750","targetHints":{"allow":["GET"]}}],"collection":[{"href":"https:\/\/www.europesays.com\/fr\/wp-json\/wp\/v2\/posts"}],"about":[{"href":"https:\/\/www.europesays.com\/fr\/wp-json\/wp\/v2\/types\/post"}],"author":[{"embeddable":true,"href":"https:\/\/www.europesays.com\/fr\/wp-json\/wp\/v2\/users\/2"}],"replies":[{"embeddable":true,"href":"https:\/\/www.europesays.com\/fr\/wp-json\/wp\/v2\/comments?post=554750"}],"version-history":[{"count":0,"href":"https:\/\/www.europesays.com\/fr\/wp-json\/wp\/v2\/posts\/554750\/revisions"}],"wp:featuredmedia":[{"embeddable":true,"href":"https:\/\/www.europesays.com\/fr\/wp-json\/wp\/v2\/media\/554751"}],"wp:attachment":[{"href":"https:\/\/www.europesays.com\/fr\/wp-json\/wp\/v2\/media?parent=554750"}],"wp:term":[{"taxonomy":"category","embeddable":true,"href":"https:\/\/www.europesays.com\/fr\/wp-json\/wp\/v2\/categories?post=554750"},{"taxonomy":"post_tag","embeddable":true,"href":"https:\/\/www.europesays.com\/fr\/wp-json\/wp\/v2\/tags?post=554750"}],"curies":[{"name":"wp","href":"https:\/\/api.w.org\/{rel}","templated":true}]}}