{"id":554756,"date":"2025-11-24T05:34:14","date_gmt":"2025-11-24T05:34:14","guid":{"rendered":"https:\/\/www.europesays.com\/fr\/554756\/"},"modified":"2025-11-24T05:34:14","modified_gmt":"2025-11-24T05:34:14","slug":"malmene-par-elche-le-real-madrid-nobtient-quun-nul-et-perd-de-son-avance-sur-le-barca-lequipe","status":"publish","type":"post","link":"https:\/\/www.europesays.com\/fr\/554756\/","title":{"rendered":"Malmen\u00e9 par Elche, le Real Madrid n&#039;obtient qu&#039;un nul et perd de son avance sur le Bar\u00e7a &#8211; L&#039;\u00c9quipe"},"content":{"rendered":"<ol>\n<li><a href=\"https:\/\/news.google.com\/rss\/articles\/CBMi1AFBVV95cUxORmZPc0tpdEJKSENqdV8xN1JhWW55enhPOWhSZ2FfY0RSbXRMSWJFbW5Ta21rdVhnRERtUGY3c1ZGcXZtM2hpamExbzJFNW9oaWtseEl4ZUU4eG9Ncl9IamNwRUlvUi02ekJNNlNidmFRMnJpQ1J1Zl9RX205bE9SYnZpVG5LSHhMaUd4OGRFT0FtaFRLemNLeC1QMWk4NUlhaHd6aVViNlZEZ0l6Um94UnpfaXpKcmg3TkZ5TDJDOGVlem5VZU1rSzE3b1V5YS1PRUxJTA?oc=5\" target=\"_blank\" rel=\"noopener\">Malmen\u00e9 par Elche, le Real Madrid n&rsquo;obtient qu&rsquo;un nul et perd de son avance sur le Bar\u00e7a<\/a>&nbsp;&nbsp;L&rsquo;\u00c9quipe<\/li>\n<li><a href=\"https:\/\/news.google.com\/rss\/articles\/CBMirwFBVV95cUxNbFVISG4yU0wxcnl0Nm5pUVJMRXVMb3NHX19FU1ZDV1I5T3pSOVdldUFzSng2MjR3MDduQjZUVEJUM3VNcjAySGg4T0gxWkNveExRUDNPQ3JLeGZJY0MydTRVOTJDbzVJR01CT2NaYnBzcGdBTThLYi0wam5qZkpIM1FLVC1xRkE2djZ3YkJmN1JaS01BanlQbThVd2RMSF8yZjd4QWEzMjA0MnlLaENZ?oc=5\" target=\"_blank\" rel=\"noopener\">Elche CF &#8211; Real Madrid en direct &#8211; La Liga : Football Scores &amp; R\u00e9sultats &#8211; 23\/11\/2025<\/a>&nbsp;&nbsp;Eurosport<\/li>\n<li><a href=\"https:\/\/news.google.com\/rss\/articles\/CBMirAFBVV95cUxNYVdleDFTTEpWdFRsNlVEbi0yYjhlRlE2UTdpaVltdGVBMkFXMXdqQVVNRHowZHJqS2lncU5FODBNZkd4TE9tQnlkMi1RcXNxNGM2dHVUVzEycVpWYUNMbElmSDJHdGZXVXFXUXpjLWh3SUotekp4Vi1PbzB3SUFCSlBrUDhsN0E1Z3NoSVI1UXpuY2pnZFgzNERoREN2V1B4azVJemRoQXlCcElS?oc=5\" target=\"_blank\" rel=\"noopener\">Real Madrid : Kylian Mbapp\u00e9 a piqu\u00e9 une crise contre l\u2019arbitre<\/a>&nbsp;&nbsp;Foot Mercato<\/li>\n<li><a href=\"https:\/\/news.google.com\/rss\/articles\/CBMiywFBVV95cUxQdXVubVFTeXVIdFY3TzNRazVwalprYXlxTGszY0ZkZWNtT1I5S2t1UkRvZ1R1aVhTQXhuLWNyVjBJaG1xZDh2VFdLYW1OcGhYV1RqR3YyMDRoV2YwTUs4eVhpYVgwRV9EYkRGbHA3NmlaMmwyOFBya3NmOHVkTkljSmRPR2syLUJQb01OR0dLQ0E0OGZWUXozQUhBa1dqNzJoU2hJQWhacEUtN0F5WkdpRmhsSUVlU3pNT2tTZUczSFpEc1hKYVkwc08yVQ?oc=5\" target=\"_blank\" rel=\"noopener\">Espagne: le Real Madrid \u00e9vite la crise \u00e0 Elche mais r\u00e9cup\u00e8re son tr\u00f4ne<\/a>&nbsp;&nbsp;RFI<\/li>\n<li><a href=\"https:\/\/news.google.com\/rss\/articles\/CBMihwFBVV95cUxPWnRUTUFoRV9qYUVHYXFHYTV1Rm9sdWVPaWZCVWZyRlVicXd4MVdOcEhsSVZ6U01mRWw2UnVFUkZTNVJTN2UzRldycGNUVERoaXgxMGUyWld0RWF4ZlJoSFBzbWZRV29PY0pWdDkwUzFOYkowcWhWaDJLanUtVjZ1LWFkaVhaMW8?oc=5\" target=\"_blank\" rel=\"noopener\">Elche-Real Madrid : Mbapp\u00e9 et les Madril\u00e8nes restent sur un nul. Revivez la rencontre<\/a>&nbsp;&nbsp;Le Figaro<\/li>\n<\/ol>\n","protected":false},"excerpt":{"rendered":"Malmen\u00e9 par Elche, le Real Madrid n&rsquo;obtient qu&rsquo;un nul et perd de son avance sur le Bar\u00e7a&nbsp;&nbsp;L&rsquo;\u00c9quipe Elche&hellip;\n","protected":false},"author":2,"featured_media":554757,"comment_status":"","ping_status":"","sticky":false,"template":"","format":"standard","meta":{"footnotes":""},"categories":[2],"tags":[11,1011,27,12],"class_list":{"0":"post-554756","1":"post","2":"type-post","3":"status-publish","4":"format-standard","5":"has-post-thumbnail","7":"category-actualites","8":"tag-actualites","9":"tag-fr","10":"tag-france","11":"tag-news"},"share_on_mastodon":{"url":"https:\/\/pubeurope.com\/@fr\/115603050623304765","error":""},"_links":{"self":[{"href":"https:\/\/www.europesays.com\/fr\/wp-json\/wp\/v2\/posts\/554756","targetHints":{"allow":["GET"]}}],"collection":[{"href":"https:\/\/www.europesays.com\/fr\/wp-json\/wp\/v2\/posts"}],"about":[{"href":"https:\/\/www.europesays.com\/fr\/wp-json\/wp\/v2\/types\/post"}],"author":[{"embeddable":true,"href":"https:\/\/www.europesays.com\/fr\/wp-json\/wp\/v2\/users\/2"}],"replies":[{"embeddable":true,"href":"https:\/\/www.europesays.com\/fr\/wp-json\/wp\/v2\/comments?post=554756"}],"version-history":[{"count":0,"href":"https:\/\/www.europesays.com\/fr\/wp-json\/wp\/v2\/posts\/554756\/revisions"}],"wp:featuredmedia":[{"embeddable":true,"href":"https:\/\/www.europesays.com\/fr\/wp-json\/wp\/v2\/media\/554757"}],"wp:attachment":[{"href":"https:\/\/www.europesays.com\/fr\/wp-json\/wp\/v2\/media?parent=554756"}],"wp:term":[{"taxonomy":"category","embeddable":true,"href":"https:\/\/www.europesays.com\/fr\/wp-json\/wp\/v2\/categories?post=554756"},{"taxonomy":"post_tag","embeddable":true,"href":"https:\/\/www.europesays.com\/fr\/wp-json\/wp\/v2\/tags?post=554756"}],"curies":[{"name":"wp","href":"https:\/\/api.w.org\/{rel}","templated":true}]}}