{"id":554760,"date":"2025-11-24T05:36:16","date_gmt":"2025-11-24T05:36:16","guid":{"rendered":"https:\/\/www.europesays.com\/fr\/554760\/"},"modified":"2025-11-24T05:36:16","modified_gmt":"2025-11-24T05:36:16","slug":"pourquoi-la-fac-de-medecine-recrute-des-faux-patients","status":"publish","type":"post","link":"https:\/\/www.europesays.com\/fr\/554760\/","title":{"rendered":"pourquoi la fac de m\u00e9decine recrute des \u00ab\u00a0faux patients\u00a0\u00bb"},"content":{"rendered":"<p>Ils ont tout du vrai patient mais n\u2019en sont pas. Ils pr\u00e9tendent \u00eatre malades, simulent des sympt\u00f4mes, l\u2019un, ce sera une douleur abdominale, un autre, ce seront des vertiges, sympt\u00f4mes dont ils ne souffrent pas.<\/p>\n<p>S\u2019ils jouent aux malades imaginaires, c\u2019est parce qu\u2019ils ont \u00e9t\u00e9 recrut\u00e9s par la facult\u00e9 de m\u00e9decine de Saint-\u00c9tienne pour endosser le r\u00f4le de patients standardis\u00e9s.<\/p>\n<p>Depuis 2024, elle en a l\u2019obligation, l\u2019Universit\u00e9 forme des b\u00e9n\u00e9voles \u00e0 \u00eatre de faux malades pour \u00e9valuer ses \u00e9tudiants en m\u00e9decine de 4\u1d49, 5e et 6e\u00a0ann\u00e9es \u00e0 l\u2019occasion des examens cliniques objectifs structur\u00e9s (Ecos) nationaux.<\/p>\n<p>Des examens qui&#8230;<\/p>\n","protected":false},"excerpt":{"rendered":"Ils ont tout du vrai patient mais n\u2019en sont pas. Ils pr\u00e9tendent \u00eatre malades, simulent des sympt\u00f4mes, l\u2019un,&hellip;\n","protected":false},"author":2,"featured_media":554761,"comment_status":"","ping_status":"","sticky":false,"template":"","format":"standard","meta":{"footnotes":""},"categories":[9653],"tags":[1111,11,2430,7539,1777,674,107,1011,27,3367,12,25,4001,7538,71,4604],"class_list":{"0":"post-554760","1":"post","2":"type-post","3":"status-publish","4":"format-standard","5":"has-post-thumbnail","7":"category-saint-etienne","8":"tag-actu","9":"tag-actualites","10":"tag-auvergne-rhone-alpes","11":"tag-edition-loire-sud","12":"tag-eu","13":"tag-europe","14":"tag-fil-info","15":"tag-fr","16":"tag-france","17":"tag-loire","18":"tag-news","19":"tag-republique-francaise","20":"tag-saint-etienne","21":"tag-saint-etienne-ville","22":"tag-sante","23":"tag-selection-abonne"},"share_on_mastodon":{"url":"https:\/\/pubeurope.com\/@fr\/115603058431285536","error":""},"_links":{"self":[{"href":"https:\/\/www.europesays.com\/fr\/wp-json\/wp\/v2\/posts\/554760","targetHints":{"allow":["GET"]}}],"collection":[{"href":"https:\/\/www.europesays.com\/fr\/wp-json\/wp\/v2\/posts"}],"about":[{"href":"https:\/\/www.europesays.com\/fr\/wp-json\/wp\/v2\/types\/post"}],"author":[{"embeddable":true,"href":"https:\/\/www.europesays.com\/fr\/wp-json\/wp\/v2\/users\/2"}],"replies":[{"embeddable":true,"href":"https:\/\/www.europesays.com\/fr\/wp-json\/wp\/v2\/comments?post=554760"}],"version-history":[{"count":0,"href":"https:\/\/www.europesays.com\/fr\/wp-json\/wp\/v2\/posts\/554760\/revisions"}],"wp:featuredmedia":[{"embeddable":true,"href":"https:\/\/www.europesays.com\/fr\/wp-json\/wp\/v2\/media\/554761"}],"wp:attachment":[{"href":"https:\/\/www.europesays.com\/fr\/wp-json\/wp\/v2\/media?parent=554760"}],"wp:term":[{"taxonomy":"category","embeddable":true,"href":"https:\/\/www.europesays.com\/fr\/wp-json\/wp\/v2\/categories?post=554760"},{"taxonomy":"post_tag","embeddable":true,"href":"https:\/\/www.europesays.com\/fr\/wp-json\/wp\/v2\/tags?post=554760"}],"curies":[{"name":"wp","href":"https:\/\/api.w.org\/{rel}","templated":true}]}}