{"id":554762,"date":"2025-11-24T05:39:39","date_gmt":"2025-11-24T05:39:39","guid":{"rendered":"https:\/\/www.europesays.com\/fr\/554762\/"},"modified":"2025-11-24T05:39:39","modified_gmt":"2025-11-24T05:39:39","slug":"ligue-2-des-jeunes-pousses-qui-saffirment-du-mieux-dans-le-jeu-des-signaux-despoir-envoyes-par-lasnl","status":"publish","type":"post","link":"https:\/\/www.europesays.com\/fr\/554762\/","title":{"rendered":"Ligue 2. Des jeunes pousses qui s\u2019affirment, du mieux dans le jeu\u2026 Des signaux d\u2019espoir envoy\u00e9s par l\u2019ASNL"},"content":{"rendered":"<p>Apr\u00e8s Saint-Etienne &#8211; Nancy<\/p>\n<p>2-1<\/p>\n<p>On l\u2019avait dit avant cette partie, l\u2019ASNL avait affaire \u00e0 une montagne face \u00e0 ce Saint-Etienne calibr\u00e9 pour retrouver rapidement la Ligue 1, avec des moyens largement plus importants que ceux du club au chardon. Les \u00ab Verts \u00bb ont confirm\u00e9 ce statut en disposant de Nancy, mais p\u00e9niblement, et s\u2019il y avait eu match nul \u00e0 l\u2019arriv\u00e9e, ce&#8230;<\/p>\n","protected":false},"excerpt":{"rendered":"Apr\u00e8s Saint-Etienne &#8211; Nancy 2-1 On l\u2019avait dit avant cette partie, l\u2019ASNL avait affaire \u00e0 une montagne face&hellip;\n","protected":false},"author":2,"featured_media":554763,"comment_status":"","ping_status":"","sticky":false,"template":"","format":"standard","meta":{"footnotes":""},"categories":[9635],"tags":[1111,11,3703,1704,1777,674,63,1011,27,775,1702,1703,12,25,517,1700],"class_list":{"0":"post-554762","1":"post","2":"type-post","3":"status-publish","4":"format-standard","5":"has-post-thumbnail","7":"category-nancy","8":"tag-actu","9":"tag-actualites","10":"tag-asnl","11":"tag-edition-nancy-et-agglomeration","12":"tag-eu","13":"tag-europe","14":"tag-football","15":"tag-fr","16":"tag-france","17":"tag-grand-est","18":"tag-nancy","19":"tag-nancy-ville-54b","20":"tag-news","21":"tag-republique-francaise","22":"tag-sport","23":"tag-sport-lorrain"},"share_on_mastodon":{"url":"https:\/\/pubeurope.com\/@fr\/115603070174132221","error":""},"_links":{"self":[{"href":"https:\/\/www.europesays.com\/fr\/wp-json\/wp\/v2\/posts\/554762","targetHints":{"allow":["GET"]}}],"collection":[{"href":"https:\/\/www.europesays.com\/fr\/wp-json\/wp\/v2\/posts"}],"about":[{"href":"https:\/\/www.europesays.com\/fr\/wp-json\/wp\/v2\/types\/post"}],"author":[{"embeddable":true,"href":"https:\/\/www.europesays.com\/fr\/wp-json\/wp\/v2\/users\/2"}],"replies":[{"embeddable":true,"href":"https:\/\/www.europesays.com\/fr\/wp-json\/wp\/v2\/comments?post=554762"}],"version-history":[{"count":0,"href":"https:\/\/www.europesays.com\/fr\/wp-json\/wp\/v2\/posts\/554762\/revisions"}],"wp:featuredmedia":[{"embeddable":true,"href":"https:\/\/www.europesays.com\/fr\/wp-json\/wp\/v2\/media\/554763"}],"wp:attachment":[{"href":"https:\/\/www.europesays.com\/fr\/wp-json\/wp\/v2\/media?parent=554762"}],"wp:term":[{"taxonomy":"category","embeddable":true,"href":"https:\/\/www.europesays.com\/fr\/wp-json\/wp\/v2\/categories?post=554762"},{"taxonomy":"post_tag","embeddable":true,"href":"https:\/\/www.europesays.com\/fr\/wp-json\/wp\/v2\/tags?post=554762"}],"curies":[{"name":"wp","href":"https:\/\/api.w.org\/{rel}","templated":true}]}}