{"id":554772,"date":"2025-11-24T05:49:25","date_gmt":"2025-11-24T05:49:25","guid":{"rendered":"https:\/\/www.europesays.com\/fr\/554772\/"},"modified":"2025-11-24T05:49:25","modified_gmt":"2025-11-24T05:49:25","slug":"pas-la-pour-briller-mais-pour-aider-au-mieux-valentin-bigote-cherche-encore-ses-reperes-a-rouen","status":"publish","type":"post","link":"https:\/\/www.europesays.com\/fr\/554772\/","title":{"rendered":"\u00ab\u00a0Pas l\u00e0 pour briller mais pour aider au mieux\u00a0\u00bb : Valentin Bigote cherche encore ses rep\u00e8res \u00e0 Rouen"},"content":{"rendered":"<p>Joueur surdimensionn\u00e9 pour la troisi\u00e8me division fran\u00e7aise, <a target=\"_blank\" rel=\"noopener\" href=\"https:\/\/www.bebasket.fr\/joueur\/valentin-bigote\">Valentin Bigote (1,97 m, 33 ans)<\/a> a fait son retour en ELITE 2 cet \u00e9t\u00e9 apr\u00e8s la fin de son aventure au Havre. Si sa carri\u00e8re \u00e0 haut niveau en Europe dresse des attentes \u00e9lev\u00e9es, le natif de Grande-Synthe peine encore \u00e0 y r\u00e9pondre.<\/p>\n<p>PROFIL JOUEUR<\/p>\n<p><a href=\"https:\/\/www.bebasket.fr\/joueur\/valentin-bigote\" target=\"_blank\" rel=\"noopener\"> <img decoding=\"async\" loading=\"lazy\" class=\"player-infos-image\" src=\"https:\/\/www.europesays.com\/fr\/wp-content\/uploads\/2025\/06\/photo-basketball-player-valentin-bigote-1eea8d32-51f4-673a-bc7e-a145415a5b09.jpg\" alt=\"Photo_Basketball_Player-Valentin Bigote.jpg\" width=\"500\" height=\"500\"\/> <\/a><\/p>\n<p>Poste(s): Ailier<\/p>\n<p>Taille: 197 cm<\/p>\n<p>\u00c2ge: 33 ans (13\/01\/1992)<\/p>\n<p>Nationalit\u00e9s:<\/p>\n<p><img decoding=\"async\" loading=\"lazy\" class=\"flag\" title=\"France\" src=\"https:\/\/www.europesays.com\/fr\/wp-content\/uploads\/2025\/04\/drapeau-france-carre-1ee77547-c733-64fc-927d-4f14a8be127a.jpg\" alt=\"drapeau-france-carre.jpg\" width=\"50\" height=\"50\"\/><\/p>\n<p>Stats 2025-2026 \/ ELITE 2<\/p>\n<p>Pourtant, le v\u00e9t\u00e9ran reconnu pour ses qualit\u00e9s de shooteur \u00e0 3-points semble r\u00e9pondre pr\u00e9sent avec 42,1% de r\u00e9ussite cette saison en championnat, mais sur un petit volume (moins de 4 tirs tent\u00e9s) qui ne p\u00e8se pas sur les r\u00e9sultats rouennais. 17e avant de se d\u00e9placer \u00e0 Antibes ce vendredi, le RMB attend mieux de Bigote qui s\u2019est exprim\u00e9 sur son adaptation, chez nos confr\u00e8res de <a href=\"https:\/\/www.paris-normandie.fr\/id675913\/article\/2025-11-20\/basket-elite-2-le-rouen-metropole-basket-besoin-des-points-de-valentin-bigote\" target=\"_blank\" rel=\"noopener\">Paris-Normandie<\/a>.<\/p>\n<p>LIRE AUSSI<\/p>\n<p><a href=\"https:\/\/www.bebasket.fr\/valentin-bigote-au-stb-le-havre-cest-fini\" target=\"_blank\" rel=\"noopener\"> <img decoding=\"async\" class=\"page-infos-image\" src=\"https:\/\/www.europesays.com\/fr\/wp-content\/uploads\/2025\/11\/valentin-bigote-quitte-le-stb-le-havre-trois-ans-et-demi-apres-son-arrivee-1f04ad77-136c-607e-a86b-6.jpeg\" alt=\"Joueur au talent largement surdimensionn\u00e9 pour la NM1, Valentin Bigote quitte le STB Le Havre apr\u00e8s trois saisons en Normandie.\"\/> <\/a><\/p>\n<p>Valentin Bigote a d\u2019abord confi\u00e9 que son impact \u00e9tait restreint par les sc\u00e9narios de rencontres. \u00ab\u00a0Il y a des fois o\u00f9 tu joues moins, d\u2019autres o\u00f9 le ballon n\u2019arrive pas. Je n\u2019ai pas rat\u00e9 beaucoup de choses mais il y a eu moins d\u2019opportunit\u00e9s de prendre des tirs\u00a0\u00bb, explique-t-il chez <a href=\"https:\/\/www.paris-normandie.fr\/id675913\/article\/2025-11-20\/basket-elite-2-le-rouen-metropole-basket-besoin-des-points-de-valentin-bigote\" target=\"_blank\" rel=\"noopener\">nos confr\u00e8res<\/a>.<\/p>\n<p><strong>\u00ab\u00a0Les hauts et des bas, ce sont les al\u00e9as d\u2019une saison\u00a0\u00bb<\/strong><\/p>\n<p>Pour autant, il ne veut pas remettre en cause les syst\u00e8mes de son entra\u00eeneur Sylvain Delorme, dont il avait connaissance avant de rejoindre le RMB cet \u00e9t\u00e9. Sans c\u00e9der au fatalisme, son exp\u00e9rience lui permet de rester lucide dans cette passe compliqu\u00e9e. \u00ab\u00a0Il y a des hauts et des bas, ce sont les al\u00e9as d\u2019une saison\u00a0\u00bb. Un changement majeur semble toutefois pointer le bout de son nez, celui d\u2019un r\u00f4le qu\u2019il n\u2019avait quasiment jamais endoss\u00e9 jusque-l\u00e0, \u00e0 33 ans. Mais il en a conscience : \u00ab\u00a0Je suis \u00e0 un stade de ma carri\u00e8re o\u00f9 je dois m\u2019adapter, je ne suis pas l\u00e0 pour briller mais pour aider au mieux\u00a0\u00bb.<\/p>\n<p>Face \u00e0 Antibes, Valentin Bigote a l\u2019occasion de montrer que son adaptation a enfin eu lieu. Les Sharks, qui ont la 5e attaque du championnat mais une d\u00e9fense encore perm\u00e9able (plus de 82 points encaiss\u00e9s par match), pourraient laisser des espaces dans lesquels Valentin Bigote se glisserait pour faire mal de loin.<\/p>\n<p>LIRE AUSSI<\/p>\n<p><a href=\"https:\/\/www.bebasket.fr\/rouen-accueille-un-interieur-bien-connu-delite-2\" target=\"_blank\" rel=\"noopener\"> <img decoding=\"async\" class=\"page-infos-image\" src=\"https:\/\/www.europesays.com\/fr\/wp-content\/uploads\/2025\/09\/gavin-kensmil-jouait-a-chartres-en-2025-2026-1f0955e0-4748-69fe-81dd-6147ce020cac.jpg\" alt=\"ELITE 2 - Le Rouen M\u00e9tropole Basket a officialis\u00e9 ce jeudi l\u2019arriv\u00e9e de Gavin Kensmil. L\u2019int\u00e9rieur surinamais, r\u00e9f\u00e9rence de l\u2019\u00c9lite 2, sort d\u2019une belle saison \u00e0 Chartres et pourrait \u00eatre align\u00e9 d\u00e8s la premi\u00e8re journ\u00e9e de championnat.\"\/> <\/a><\/p>\n","protected":false},"excerpt":{"rendered":"Joueur surdimensionn\u00e9 pour la troisi\u00e8me division fran\u00e7aise, Valentin Bigote (1,97 m, 33 ans) a fait son retour en&hellip;\n","protected":false},"author":2,"featured_media":554773,"comment_status":"","ping_status":"","sticky":false,"template":"","format":"standard","meta":{"footnotes":""},"categories":[9587],"tags":[1111,11,1777,674,1011,27,12,5161,25,9590],"class_list":{"0":"post-554772","1":"post","2":"type-post","3":"status-publish","4":"format-standard","5":"has-post-thumbnail","7":"category-rouen","8":"tag-actu","9":"tag-actualites","10":"tag-eu","11":"tag-europe","12":"tag-fr","13":"tag-france","14":"tag-news","15":"tag-normandie","16":"tag-republique-francaise","17":"tag-rouen"},"share_on_mastodon":{"url":"https:\/\/pubeurope.com\/@fr\/115603110566193977","error":""},"_links":{"self":[{"href":"https:\/\/www.europesays.com\/fr\/wp-json\/wp\/v2\/posts\/554772","targetHints":{"allow":["GET"]}}],"collection":[{"href":"https:\/\/www.europesays.com\/fr\/wp-json\/wp\/v2\/posts"}],"about":[{"href":"https:\/\/www.europesays.com\/fr\/wp-json\/wp\/v2\/types\/post"}],"author":[{"embeddable":true,"href":"https:\/\/www.europesays.com\/fr\/wp-json\/wp\/v2\/users\/2"}],"replies":[{"embeddable":true,"href":"https:\/\/www.europesays.com\/fr\/wp-json\/wp\/v2\/comments?post=554772"}],"version-history":[{"count":0,"href":"https:\/\/www.europesays.com\/fr\/wp-json\/wp\/v2\/posts\/554772\/revisions"}],"wp:featuredmedia":[{"embeddable":true,"href":"https:\/\/www.europesays.com\/fr\/wp-json\/wp\/v2\/media\/554773"}],"wp:attachment":[{"href":"https:\/\/www.europesays.com\/fr\/wp-json\/wp\/v2\/media?parent=554772"}],"wp:term":[{"taxonomy":"category","embeddable":true,"href":"https:\/\/www.europesays.com\/fr\/wp-json\/wp\/v2\/categories?post=554772"},{"taxonomy":"post_tag","embeddable":true,"href":"https:\/\/www.europesays.com\/fr\/wp-json\/wp\/v2\/tags?post=554772"}],"curies":[{"name":"wp","href":"https:\/\/api.w.org\/{rel}","templated":true}]}}