{"id":554774,"date":"2025-11-24T05:50:16","date_gmt":"2025-11-24T05:50:16","guid":{"rendered":"https:\/\/www.europesays.com\/fr\/554774\/"},"modified":"2025-11-24T05:50:16","modified_gmt":"2025-11-24T05:50:16","slug":"quand-les-villes-repensent-leur-eclairage-public","status":"publish","type":"post","link":"https:\/\/www.europesays.com\/fr\/554774\/","title":{"rendered":"quand les villes repensent leur \u00e9clairage public"},"content":{"rendered":"<p>Il y a celles qui avaient d\u00e9j\u00e0 travaill\u00e9 sur le sujet bien avant l\u2019augmentation du co\u00fbt de l\u2019\u00e9nergie, comme Gi\u00e8res (2020), Saint-Georges-de-Commiers (2018), Le Sappey-en-Chartreuse (2016)\u2026 avec la volont\u00e9 d\u2019aller vers plus de sobri\u00e9t\u00e9 \u00e9nerg\u00e9tique et de limiter l\u2019impact lumineux sur l\u2019environnement. Et celles qui ont acc\u00e9l\u00e9r\u00e9 le pas en\u00a02022 et\u00a02023, quand la facture a explos\u00e9.<\/p>\n<p>Aujourd\u2019hui, la quasi-totalit\u00e9 des communes de la M\u00e9tropole ont d\u00e9velopp\u00e9 des actions pour&#8230;<\/p>\n","protected":false},"excerpt":{"rendered":"Il y a celles qui avaient d\u00e9j\u00e0 travaill\u00e9 sur le sujet bien avant l\u2019augmentation du co\u00fbt de l\u2019\u00e9nergie,&hellip;\n","protected":false},"author":2,"featured_media":554775,"comment_status":"","ping_status":"","sticky":false,"template":"","format":"standard","meta":{"footnotes":""},"categories":[9566],"tags":[1111,11,2430,9852,9853,33,112,893,436,1777,674,12390,107,1011,27,12505,2731,2732,108,7000,6225,21293,1985,12,25,30101],"class_list":{"0":"post-554774","1":"post","2":"type-post","3":"status-publish","4":"format-standard","5":"has-post-thumbnail","7":"category-grenoble","8":"tag-actu","9":"tag-actualites","10":"tag-auvergne-rhone-alpes","11":"tag-echirolles","12":"tag-echirolles-bassin","13":"tag-economie","14":"tag-edition-grenoble-agglomeration","15":"tag-energie","16":"tag-environnement","17":"tag-eu","18":"tag-europe","19":"tag-eybens","20":"tag-fil-info","21":"tag-fr","22":"tag-france","23":"tag-gieres","24":"tag-grenoble","25":"tag-grenoble-bassin","26":"tag-isere","27":"tag-lagglomeration","28":"tag-la-matinale","29":"tag-le-sappey-en-chartreuse","30":"tag-metropole-de-grenoble","31":"tag-news","32":"tag-republique-francaise","33":"tag-saint-georges-de-commiers"},"share_on_mastodon":{"url":"https:\/\/pubeurope.com\/@fr\/115603113495086324","error":""},"_links":{"self":[{"href":"https:\/\/www.europesays.com\/fr\/wp-json\/wp\/v2\/posts\/554774","targetHints":{"allow":["GET"]}}],"collection":[{"href":"https:\/\/www.europesays.com\/fr\/wp-json\/wp\/v2\/posts"}],"about":[{"href":"https:\/\/www.europesays.com\/fr\/wp-json\/wp\/v2\/types\/post"}],"author":[{"embeddable":true,"href":"https:\/\/www.europesays.com\/fr\/wp-json\/wp\/v2\/users\/2"}],"replies":[{"embeddable":true,"href":"https:\/\/www.europesays.com\/fr\/wp-json\/wp\/v2\/comments?post=554774"}],"version-history":[{"count":0,"href":"https:\/\/www.europesays.com\/fr\/wp-json\/wp\/v2\/posts\/554774\/revisions"}],"wp:featuredmedia":[{"embeddable":true,"href":"https:\/\/www.europesays.com\/fr\/wp-json\/wp\/v2\/media\/554775"}],"wp:attachment":[{"href":"https:\/\/www.europesays.com\/fr\/wp-json\/wp\/v2\/media?parent=554774"}],"wp:term":[{"taxonomy":"category","embeddable":true,"href":"https:\/\/www.europesays.com\/fr\/wp-json\/wp\/v2\/categories?post=554774"},{"taxonomy":"post_tag","embeddable":true,"href":"https:\/\/www.europesays.com\/fr\/wp-json\/wp\/v2\/tags?post=554774"}],"curies":[{"name":"wp","href":"https:\/\/api.w.org\/{rel}","templated":true}]}}