{"id":554776,"date":"2025-11-24T05:51:31","date_gmt":"2025-11-24T05:51:31","guid":{"rendered":"https:\/\/www.europesays.com\/fr\/554776\/"},"modified":"2025-11-24T05:51:31","modified_gmt":"2025-11-24T05:51:31","slug":"cest-un-delinquant-de-la-medecine-a-grenoble-laffaire-du-docteur-v-dure-depuis-pres-de-20-ans","status":"publish","type":"post","link":"https:\/\/www.europesays.com\/fr\/554776\/","title":{"rendered":"\u00ab\u00a0C&rsquo;est un d\u00e9linquant de la m\u00e9decine\u00a0\u00bb : \u00e0 Grenoble, l&rsquo;affaire du docteur V. dure depuis pr\u00e8s de 20 ans"},"content":{"rendered":"<p class=\"mb-4 text-lg md:leading-8 break-words\">Pr\u00e8s de vingt ans qu&rsquo;ils attendent des r\u00e9ponses et des sanctions. Des dizaines de patients du <a href=\"https:\/\/www.bfmtv.com\/replay-emissions\/affaire-suivante\/affaire-du-docteur-v-des-plaignants-par-dizaines-23-11_EN-202511230258.html\" rel=\"nofollow noopener\" target=\"_blank\" data-ylk=\"slk:docteur V;elm:context_link;itc:0;sec:content-canvas\" class=\"link \">docteur V<\/a>., un chirurgien orthop\u00e9diste grenoblois, l&rsquo;accusent d&rsquo;avoir rat\u00e9 des op\u00e9rations. Certains ont termin\u00e9 en fauteuil roulant, et deux sont d\u00e9c\u00e9d\u00e9s. Le docteur de la clinique des C\u00e8dres est mis en examen depuis 2020 pour \u00ab\u00a0blessures et homicides involontaires\u00a0\u00bb. Mais \u00e0 Grenoble, s&rsquo;il ne peut plus op\u00e9rer depuis le mois d&rsquo;ao\u00fbt dernier, il consulte toujours, \u00e0 la clinique des C\u00e8dres d&rsquo;\u00c9chirolles, en banlieue de Grenoble.<\/p>\n<p class=\"mb-4 text-lg md:leading-8 break-words\">\u00ab\u00a0C&rsquo;est un d\u00e9linquant de la m\u00e9decine.\u00a0\u00bb Ren\u00e9 Santimone ne m\u00e2che pas ses mots \u00e0 propos du docteur V., contre lequel il a port\u00e9 plainte. Au micro de BFMTV, le plaignant raconte son calvaire. En 2017, une douleur \u00e0 l&rsquo;aine le pousse \u00e0 consulter. Apr\u00e8s avoir pass\u00e9 une radio, le docteur V. programme l&rsquo;op\u00e9ration de Ren\u00e9 Santimone pour le 25 octobre de la m\u00eame ann\u00e9e. \u00ab\u00a0C&rsquo;\u00e9tait un mercredi\u00a0\u00bb, se rappelle-t-il. Les deux jours suivants, Ren\u00e9 ne se doute pas du calvaire qui l&rsquo;attend.<\/p>\n<p class=\"mb-4 text-lg md:leading-8 break-words\">Vers 11 heures, le samedi, le patient sent que \u00e7a ne va pas. \u00ab\u00a0Mon corps se raidissait\u00a0\u00bb, raconte-t-il. Ren\u00e9 ne parvient pas \u00e0 uriner. Quelques heures plus tard, une infirmi\u00e8re pose une sonde, sans anesth\u00e9sie. \u00ab\u00a0Je n&rsquo;ai rien senti\u00a0\u00bb, dit Ren\u00e9. Dans la soir\u00e9e, l&rsquo;homme apprendra qu&rsquo;il devra passer un scanner et subir une nouvelle op\u00e9ration le lendemain.<\/p>\n<p class=\"mb-4 text-lg md:leading-8 break-words\">\u00ab\u00a0Le lendemain, le docteur V. s&rsquo;est confondu en excuses, a r\u00e9op\u00e9r\u00e9 en fin de journ\u00e9e\u00a0\u00bb. Op\u00e9ration apr\u00e8s laquelle Ren\u00e9 passe deux jours en soins intensifs. Le docteur V. se montre rassurant et lui explique \u00ab\u00a0vous aviez fait un h\u00e9matome\u00a0\u00bb. Rien de grave donc.<\/p>\n<p>Des s\u00e9quelles \u00e0 vie<\/p>\n<p class=\"mb-4 text-lg md:leading-8 break-words\">Pourtant, depuis ces op\u00e9rations, Ren\u00e9 Santimone encha\u00eene les gal\u00e8res et portera des s\u00e9quelles \u00e0 vie. En r\u00e9alit\u00e9, le chirurgien a coinc\u00e9 un nerf. Une erreur qui conduit le patient \u00e0 passer quatre mois en fauteuil roulant. Aujourd&rsquo;hui, huit ans apr\u00e8s l&rsquo;op\u00e9ration, Ren\u00e9 Santimone a toujours des difficult\u00e9s \u00e0 se d\u00e9placer. Pour marcher, il s&rsquo;aide d&rsquo;une b\u00e9quille et d\u00e9crit des douleurs quotidiennes.<\/p>\n<p class=\"mb-4 text-lg md:leading-8 break-words\">Samanta et Lara Imhoff sont deux s\u0153urs. Leur m\u00e8re a \u00e9t\u00e9 victime du chirurgien. Aujourd&rsquo;hui d\u00e9c\u00e9d\u00e9e, Catherine a v\u00e9cu une v\u00e9ritable descente aux enfers. Une d\u00e9gringolade v\u00e9cue par ses filles \u00ab\u00a0jusqu&rsquo;\u00e0 sa mort en 2021\u00a0\u00bb. \u00ab\u00a0Son \u00e9tat n&rsquo;a fait que s&rsquo;aggraver\u00a0\u00bb, raconte Lara, \u00ab\u00a0il n&rsquo;y a pas eu d&rsquo;am\u00e9lioration, \u00e7a a \u00e9t\u00e9 de pire en pire\u00a0\u00bb.<\/p>\n<p class=\"mb-4 text-lg md:leading-8 break-words\">En 2010, Catherine Levet Imhoff s&rsquo;allonge pour la premi\u00e8re fois sur la table d&rsquo;op\u00e9ration du docteur V. Cette intervention chirurgicale marquera le d\u00e9but d&rsquo;un calvaire qui durera onze longues ann\u00e9es. La patiente est op\u00e9r\u00e9e \u00e0 sept reprises pour tenter de rattraper l&rsquo;erreur de la premi\u00e8re.<\/p>\n<p class=\"mb-4 text-lg md:leading-8 break-words\">\u00c9douard Bourgin, avocat des parties civiles, d\u00e9fend cinquante victimes du chirurgien. Au micro de BFMTV, ce dimanche 23 novembre, le conseil revient \u00e0 la gen\u00e8se de cette affaire pour laquelle plusieurs proc\u00e9dures sont en cours au civil et au p\u00e9nal, mais aussi du c\u00f4t\u00e9 de l&rsquo;ordre des m\u00e9decins. En 2007, Christophe Fuselier est op\u00e9r\u00e9 par le docteur V. Apr\u00e8s quoi, le patient d\u00e9c\u00e9d\u00e9 en octobre 2018, avait d\u00fb \u00eatre amput\u00e9 de la jambe gauche. \u00ab\u00a0On est sur un dossier d&rsquo;homicide involontaire\u00a0\u00bb, clame l&rsquo;avocat.<\/p>\n<p class=\"mb-4 text-lg md:leading-8 break-words\">\u00ab\u00a0\u00c7a fait donc 17 ans qu&rsquo;\u00e0 Grenoble, un chirurgien, qui a caus\u00e9 le d\u00e9c\u00e8s d&rsquo;une personne, n&rsquo;a toujours pas \u00e9t\u00e9 jug\u00e9 correctement par les institutions disciplinaires\u00a0\u00bb, s&#8217;emporte \u00c9douard Bourgin. Et d&rsquo;ajouter, \u00ab\u00a0soixante, c&rsquo;est le nombre de dossiers dans lesquels ce chirurgien a \u00e9t\u00e9 condamn\u00e9 soit par la justice p\u00e9nale, civile ou ordinale\u00a0\u00bb.<\/p>\n<p>Le chirurgien clame son innocence<\/p>\n<p class=\"mb-4 text-lg md:leading-8 break-words\">En avril 2018, quelques mois avant son d\u00e9c\u00e8s, Christophe Fuselier expliquait au <a href=\"https:\/\/www.leparisien.fr\/faits-divers\/la-mort-a-emporte-un-des-patients-du-chirurgien-de-l-horreur-de-grenoble-28-10-2019-8181477.php\" rel=\"nofollow noopener\" target=\"_blank\" data-ylk=\"slk:Parisien;elm:context_link;itc:0;sec:content-canvas\" class=\"link \">Parisien<\/a>, que lors de l&rsquo;intervention chirurgicale au CHU de Grenoble, sa \u00ab\u00a0veine iliaque a \u00e9t\u00e9 sectionn\u00e9e et [ses] jambes n&rsquo;ont pas \u00e9t\u00e9 irrigu\u00e9es pendant un long moment.\u00a0\u00bb Le plaignant a ensuite \u00e9t\u00e9 victime d&rsquo;un syndrome des loges et de nombreuses infections ayant entra\u00een\u00e9 l&rsquo;amputation de sa jambe. Apr\u00e8s ce t\u00e9moignage, le docteur V. n&rsquo;a pas h\u00e9sit\u00e9 \u00e0 porter plainte contre son ancien patient pour \u00ab\u00a0diffamation\u00a0\u00bb.<\/p>\n<p class=\"mb-4 text-lg md:leading-8 break-words\">Pour rappel, le docteur V., a \u00e9t\u00e9 suspendu trois ans dont un an et demi avec sursis par le Conseil de l&rsquo;ordre des m\u00e9decins. En juillet 2025, il est condamn\u00e9 \u00e0 indemniser un patient \u00e0 pr\u00e8s d&rsquo;un million d&rsquo;euros et depuis le mois d&rsquo;ao\u00fbt, il a interdiction d&rsquo;op\u00e9rer.<\/p>\n<p class=\"mb-4 text-lg md:leading-8 break-words\">De son c\u00f4t\u00e9, le chirurgien clame son innocence et conteste avoir pratiqu\u00e9 des op\u00e9rations abusives. Sur son site internet la clinique des C\u00e8dres o\u00f9 il exerce, indique que l&rsquo;expertise du docteur V. est mise \u00e0 profit dans le domaine des pathologies de la colonne vert\u00e9brale et du membre inf\u00e9rieur afin de pr\u00e9ciser le diagnostic.\u00a0\u00bb Il est toutefois pr\u00e9cis\u00e9 qu&rsquo;en \u00ab\u00a0cas d\u2019indication chirurgicale\u00a0\u00bb, le patient sera adress\u00e9 \u00ab\u00a0\u00e0 un confr\u00e8re\u00a0\u00bb. Il peut n\u00e9anmoins assurer le suivi post-op\u00e9ratoire.<\/p>\n<p class=\"mb-4 text-lg md:leading-8 break-words\"><a href=\"https:\/\/www.bfmtv.com\/police-justice\/c-est-un-delinquant-de-la-medecine-a-grenoble-l-affaire-du-docteur-v-dure-depuis-pres-de-20-ans_AV-202511230322.html#xtor=AL-68\" rel=\"nofollow noopener\" target=\"_blank\" data-ylk=\"slk:Article original publi\u00e9 sur BFMTV.com;elm:context_link;itc:0;sec:content-canvas\" class=\"link \">Article original publi\u00e9 sur BFMTV.com<\/a><\/p>\n","protected":false},"excerpt":{"rendered":"Pr\u00e8s de vingt ans qu&rsquo;ils attendent des r\u00e9ponses et des sanctions. Des dizaines de patients du docteur V.,&hellip;\n","protected":false},"author":2,"featured_media":554777,"comment_status":"","ping_status":"","sticky":false,"template":"","format":"standard","meta":{"footnotes":""},"categories":[9566],"tags":[1111,11,2430,67257,67255,21453,1777,674,1011,27,2731,67256,12,47643,25],"class_list":{"0":"post-554776","1":"post","2":"type-post","3":"status-publish","4":"format-standard","5":"has-post-thumbnail","7":"category-grenoble","8":"tag-actu","9":"tag-actualites","10":"tag-auvergne-rhone-alpes","11":"tag-chirurgien-orthopediste","12":"tag-clinique-des-cedres","13":"tag-docteur","14":"tag-eu","15":"tag-europe","16":"tag-fr","17":"tag-france","18":"tag-grenoble","19":"tag-lordre-des-medecins","20":"tag-news","21":"tag-rene","22":"tag-republique-francaise"},"share_on_mastodon":{"url":"https:\/\/pubeurope.com\/@fr\/115603117550640540","error":""},"_links":{"self":[{"href":"https:\/\/www.europesays.com\/fr\/wp-json\/wp\/v2\/posts\/554776","targetHints":{"allow":["GET"]}}],"collection":[{"href":"https:\/\/www.europesays.com\/fr\/wp-json\/wp\/v2\/posts"}],"about":[{"href":"https:\/\/www.europesays.com\/fr\/wp-json\/wp\/v2\/types\/post"}],"author":[{"embeddable":true,"href":"https:\/\/www.europesays.com\/fr\/wp-json\/wp\/v2\/users\/2"}],"replies":[{"embeddable":true,"href":"https:\/\/www.europesays.com\/fr\/wp-json\/wp\/v2\/comments?post=554776"}],"version-history":[{"count":0,"href":"https:\/\/www.europesays.com\/fr\/wp-json\/wp\/v2\/posts\/554776\/revisions"}],"wp:featuredmedia":[{"embeddable":true,"href":"https:\/\/www.europesays.com\/fr\/wp-json\/wp\/v2\/media\/554777"}],"wp:attachment":[{"href":"https:\/\/www.europesays.com\/fr\/wp-json\/wp\/v2\/media?parent=554776"}],"wp:term":[{"taxonomy":"category","embeddable":true,"href":"https:\/\/www.europesays.com\/fr\/wp-json\/wp\/v2\/categories?post=554776"},{"taxonomy":"post_tag","embeddable":true,"href":"https:\/\/www.europesays.com\/fr\/wp-json\/wp\/v2\/tags?post=554776"}],"curies":[{"name":"wp","href":"https:\/\/api.w.org\/{rel}","templated":true}]}}