{"id":554778,"date":"2025-11-24T05:52:10","date_gmt":"2025-11-24T05:52:10","guid":{"rendered":"https:\/\/www.europesays.com\/fr\/554778\/"},"modified":"2025-11-24T05:52:10","modified_gmt":"2025-11-24T05:52:10","slug":"a-quelques-centaines-de-metres-un-autre-parking-inutilise-depuis-des-annees","status":"publish","type":"post","link":"https:\/\/www.europesays.com\/fr\/554778\/","title":{"rendered":"\u00e0 quelques centaines de m\u00e8tres, un autre parking inutilis\u00e9 depuis des ann\u00e9es"},"content":{"rendered":"<p>                    Par<br \/>\n        <strong><br \/>\n            <a href=\"https:\/\/actu.fr\/auteur\/brian-legoff\" title=\"Consulter tous les articles de Brian Le Goff\" target=\"_blank\" rel=\"noopener\">Brian Le Goff<\/a><br \/>\n                    <\/strong><\/p>\n<p>        Publi\u00e9 le<\/p>\n<p>            24 nov. 2025 \u00e0 6h02        <\/p>\n<p>Il <strong>fait partie du paysage rennais, ou plut\u00f4t de son d\u00e9cor fig\u00e9\u2009:<\/strong> sous la dalle du Bourg-l\u2019\u00c9v\u00eaque, au pied de la <a href=\"https:\/\/actu.fr\/bretagne\/rennes_35238\/video-le-fruit-d-un-long-entrainement-lea-et-camille-ont-saute-en-parachute-des-horizons-a-rennes_63287842.html\" target=\"_blank\" rel=\"noopener\">tour des Horizons<\/a> et le long de la rue de Brest, le \u00ab\u2009parking du centre commercial de Bourg-l\u2019\u00c9v\u00eaque\u2009\u00bb n\u2019accueille <strong>plus aucune voiture depuis des ann\u00e9es<\/strong>.<br \/>Alors que le <a href=\"https:\/\/actu.fr\/bretagne\/rennes_35238\/deconstruction-du-parking-vilaine-a-rennes-le-calendrier-est-confirme-voici-ce-qu-il-va-se-passer-a-present_63299855.html\" target=\"_blank\" rel=\"noopener\">parking Vilaine, \u00e0 quelques centaines de m\u00e8tres, est en train d\u2019\u00eatre d\u00e9moli,<\/a> certains s\u2019interrogent\u2009: <strong>pourquoi<\/strong> un parking r\u00e9nov\u00e9 en partie reste-t-il inutilis\u00e9 au c\u0153ur du centre-ville\u2009? <a href=\"https:\/\/actu.fr\/rennes\/\" target=\"_blank\" rel=\"noopener\">Actu Rennes<\/a> a tent\u00e9 de comprendre.<\/p>\n<p>Une fermeture ancienne\u2026 et longtemps incomprise<\/p>\n<p class=\" wall-content\">Selon les informations crois\u00e9es, le parking a <strong>ferm\u00e9 fin 2017<\/strong>. En <a href=\"https:\/\/www.ouest-france.fr\/bretagne\/rennes-35000\/rennes-feu-dans-les-parkings-souterrains-de-bourg-l-eveque-aucun-blesse-mais-beaucoup-de-fumee-6392832\" target=\"_blank\" rel=\"noopener\">juin\u00a02019<\/a>, un incendie s\u2019\u00e9tait d\u00e9clar\u00e9.<\/p>\n<p class=\" wall-content\"><strong>Pendant longtemps, la r\u00e9daction n\u2019a pas r\u00e9ussi \u00e0 obtenir de r\u00e9ponses claires<\/strong> de la Ville, de Cit\u00e9dia, des syndics de copropri\u00e9t\u00e9 ou des responsables du Carrefour Market install\u00e9 sur la dalle.<\/p>\n<p class=\" wall-content\">Depuis pr\u00e8s d\u2019un an,<strong> un syndic unique, C\u00f4me Immobilier,<\/strong> est charg\u00e9 de l\u2019ensemble du parking. \u00ab\u2009La gestion \u00e9tait opaque\u2009\u00bb, souligne<strong> Ahmed Haddou,<\/strong> directeur associ\u00e9 de C\u00f4me Immobilier.<\/p>\n<p class=\" wall-content\">Le parking est en r\u00e9alit\u00e9 <strong>partag\u00e9 entre la grande surface et la CCI, ainsi que les copropri\u00e9t\u00e9s<\/strong> Les Rives de l\u2019Ille (au-dessus de Carrefour Market) et Caravelle (entre le Carrefour et les Horizons).<\/p>\n<blockquote class=\"ac-article-quote wall-content\">\n<p> Nous clarifions actuellement la situation juridique pour en assurer l\u2019utilisation. Une particularit\u00e9 juridique non r\u00e9gl\u00e9e explique la situation actuelle.<\/p>\n<p>    <strong>Ahmed Haddou<\/strong><br \/>\n        Directeur associ\u00e9 de C\u00f4me Immobilier    <\/p><\/blockquote>\n<p>Des travaux r\u00e9alis\u00e9s, mais un parking toujours ferm\u00e9<\/p>\n<p class=\" wall-content\">Pour autant, <strong>des choses se sont pass\u00e9es<\/strong> ces derni\u00e8res ann\u00e9es. Des <a href=\"https:\/\/actu.fr\/tag\/travaux\" target=\"_blank\" rel=\"noopener\">travaux<\/a> ont \u00e9t\u00e9 r\u00e9alis\u00e9s, notamment de <strong>remise aux normes, \u00ab\u2009indispensables\u2009\u00bb, et d\u2019\u00e9tanch\u00e9it\u00e9<\/strong> ces derni\u00e8res semaines encore. \u00ab\u2009Une soci\u00e9t\u00e9 d\u2019imperm\u00e9abilisation des toitures est intervenue tout r\u00e9cemment sur la dalle\u2009\u00bb, expliquent des habitants sollicit\u00e9s par la r\u00e9daction.<\/p>\n<p>Votre r\u00e9gion, votre actu !<\/p>\n<p>Recevez chaque jour les infos qui comptent pour vous.<\/p>\n<p>\t<a href=\"https:\/\/actu.fr\/newsletter\" class=\"ac-btn ac-btn--corner ac-btn--medium ac-btn--blue800\" target=\"_blank\" rel=\"noopener\">S&rsquo;incrire<\/a><\/p>\n<p class=\" wall-content\">Des travaux que nous avons constat\u00e9s et qui sont bien visibles sur la dalle sur laquelle une partie des espaces herbac\u00e9s ont \u00e9t\u00e9 modifi\u00e9s.<\/p>\n<p class=\" wall-content\">Le <strong>sous-sol<\/strong> a \u00e9galement \u00e9t\u00e9 <strong>r\u00e9nov\u00e9<\/strong> et les acc\u00e8s \u2013 <b>escalier et<\/b>\u00a0<strong>cage d\u2019ascenseur <\/strong>\u2013 sont\u00a0<strong>pr\u00eats <\/strong>depuis plusieurs mois, voire ann\u00e9es.<\/p>\n<p class=\" wall-content\">Des personnes sans domicile fixe occupent n\u00e9anmoins les entr\u00e9es du parking, sous la rue de Brest, selon des habitants. Un canap\u00e9 et quelques affaires y \u00e9taient encore pr\u00e9sents lors de notre passage.<\/p>\n<p>Une r\u00e9ouverture en 2026\u2009?<\/p>\n<p class=\" wall-content\">Avant l\u2019\u00e9t\u00e9, Ahmed Haddou esp\u00e9rait un r\u00e8glement de la situation juridique \u00ab<strong>\u2009d\u2019ici \u00e0 un an\u2009\u00bb<\/strong>. Il confirme \u00eatre sollicit\u00e9 \u00e0 propos de ce parking, sans en dire davantage. Cit\u00e9dia indique que la question d\u2019une exploitation avait \u00e9t\u00e9 envisag\u00e9e il y a quelques ann\u00e9es, \u00ab\u2009mais il n\u2019y a pas eu de nouvelles depuis\u2009\u00bb.<\/p>\n<p class=\" wall-content\">Alors, quid de son avenir\u2009? Il est encore trop t\u00f4t pour le d\u00e9finir.<br \/>\u00ab\u2009Il n\u2019y a pas de discussion aujourd\u2019hui quant \u00e0 son avenir. On n\u2019a <strong>pas encore imagin\u00e9 le sens que prendra son exploitation\u2009\u00bb<\/strong>, pr\u00e9cise Ahmed Haddou.<\/p>\n<p class=\" wall-content\">La Ville, elle, rappelle que le parking souterrain est un espace strictement priv\u00e9. \u00ab\u2009Son \u00e9tat et les raisons de son inutilisation rel\u00e8vent donc des propri\u00e9taires priv\u00e9s du site.\u2009\u00bb Au sujet des places de stationnement suppl\u00e9mentaires que ce parking pourrait offrir, la municipalit\u00e9 r\u00e9affirme \u00eatre \u00ab\u2009tr\u00e8s attentive aux enjeux de stationnement\u2009\u00bb.<\/p>\n<blockquote class=\"ac-article-quote wall-content\">\n<p>L\u2019\u00e9tude r\u00e9cemment men\u00e9e par les services de Rennes M\u00e9tropole sur la fr\u00e9quentation des parkings publics en centre-ville montre que les capacit\u00e9s disponibles dans les seuls parkings des Lices, Kl\u00e9ber et Ch\u00e9zy-Dinan sont suffisantes pour accueillir la totalit\u00e9 des usagers de l\u2019ancien parking Vilaine. Sans compter le nouveau parking de l\u2019H\u00f4tel Dieu, qui offre 305 places (le parking Vilaine disposait quant \u00e0 lui de 249 places).<\/p>\n<p>    <strong>Ville de Rennes<\/strong>\n            <\/p><\/blockquote>\n<p>Des commer\u00e7ants qui esp\u00e8rent une relance<\/p>\n<p class=\" wall-content\">Sur la dalle, <strong>l\u2019attente est palpable.<\/strong> D\u00e9j\u00e0 <a href=\"https:\/\/rennes.maville.com\/actu\/actudet_-rennes.-il-faut-sauver-la-dalle-de-bourg-l-eveque-_52674-3427027_actu.Htm\" target=\"_blank\" rel=\"noopener\">en 2018, le propri\u00e9taire d\u2019un bar-brasserie (depuis ferm\u00e9) alertait la fermeture du parking<\/a> et ses cons\u00e9quences sur la vie commerciale.<\/p>\n<p class=\" wall-content\">Aujourd\u2019hui, <strong>nombre de professionnels<\/strong> pensent que les places de stationnement changeraient la donne\u2009:<strong> \u00ab\u2009\u00c7a participerait \u00e0 faire revivre la dalle\u2026 Elle est morte aujourd\u2019hui.<\/strong> On ne comprend pas ce qu\u2019il se passe avec le parking.\u2009\u00bb<\/p>\n<p class=\" wall-content\">R\u00e9cemment, le <strong>salon de coiffure Chez Vincent a ferm\u00e9<\/strong>. Nous avons tent\u00e9 de contacter le g\u00e9rant, sans succ\u00e8s, pour confirmer ou infirmer un \u00e9ventuel lien avec cette situation.<\/p>\n<p class=\" wall-content\"><strong>Thomas Poirier, pharmacien<\/strong> install\u00e9 ici depuis 18\u00a0ans, se souvient\u2009:<\/p>\n<blockquote class=\"ac-article-quote wall-content\">\n<p>Avant, les gens arrivaient plus \u00e0 se garer que maintenant. Des commerces ont connu une perte de chiffre d&rsquo;affaires avec la fermeture du parking.<\/p>\n<p>    <strong>Thomas Poirier<\/strong><br \/>\n        Pharmacien sur la dalle du Bourg-L&rsquo;\u00c9v\u00eaque    <\/p><\/blockquote>\n<p class=\" wall-content\">Il d\u00e9crit un<strong> parking autrefois g\u00e9r\u00e9 par un employ\u00e9\u2009: apr\u00e8s son d\u00e9c\u00e8s, il n\u2019a pas \u00e9t\u00e9 remplac\u00e9.<\/strong> Les squats, les voitures ventouses, puis les probl\u00e8mes de normes, ont men\u00e9 \u00e0 la fermeture.<\/p>\n<p>Maintenir la dalle sous contr\u00f4le face aux trafics<\/p>\n<p class=\" wall-content\">Des habitants et des agents pr\u00e9sents quotidiennement sur la dalle racontent que des <strong>tentatives d\u2019installation<\/strong> de points de deal ont eu lieu <strong>\u00e0 plusieurs reprises<\/strong>. \u00ab\u2009On a toujours r\u00e9ussi \u00e0 tenir ces activit\u00e9s \u00e0 distance. Mais la pr\u00e9sence humaine est indispensable pour continuer \u00e0 maintenir ce cadre\u2009\u00bb, soulignent-ils.<\/p>\n<p>Un projet de \u00ab\u2009permanence\u2009\u00bb\u2009?<\/p>\n<p class=\" wall-content\">En 2020, un<strong> citoyen proposait\u00a0<\/strong><a href=\"https:\/\/fabriquecitoyenne.fr\/project\/budget-participatif-5\/collect\/depot-des-projets\/proposals\/un-nouvel-horizon-pour-la-dalle-bourg-leveque\" target=\"_blank\" rel=\"noopener\">sur le site de la Fabrique Citoyenne<\/a> de cr\u00e9er une \u00ab\u2009permanence\u2009\u00bb \u00e0 l\u2019image de la permanence de l\u2019H\u00f4tel Pasteur dans un local disponible afin de \u00ab\u2009faire \u00e9merger un projet par la participation et l\u2019appropriation par l\u2019usage\u2009\u00bb.<\/p>\n<p class=\" wall-content\"><strong>La Ville<\/strong> avait r\u00e9pondu que la dalle est priv\u00e9e, mais, \u00ab\u00a0qu\u2019au regard des diff\u00e9rentes demandes d\u2019embellissement de cet espace\u00a0\u00bb, elle <strong>souhaitait discuter avec les copropri\u00e9t\u00e9s pour \u00e9tudier un projet<\/strong>.<\/p>\n<p class=\" wall-content\">Relanc\u00e9e \u00e0 ce sujet par nos soins il y a quelques jours, la Ville n\u2019a, \u00e0 l\u2019heure o\u00f9 nous \u00e9crivons ces lignes, pas r\u00e9pondu sur le sujet.<\/p>\n<p>Une d\u00e9molition inenvisageable<\/p>\n<p class=\" wall-content\">En tout \u00e9tat de cause, ce parking, lui, ne peut pas \u00eatre d\u00e9truit, compte tenu de sa <strong>configuration et sa proximit\u00e9 avec les autres immeubles<\/strong> dans ce quartier extr\u00eamement dense.<\/p>\n<p>Sollicit\u00e9s ces derniers jours pour faire un point sur le sujet, ni le directeur associ\u00e9 de C\u00f4me Immobilier, ni le propri\u00e9taire des murs du Carrefour Market, n\u2019ont pu r\u00e9pondre \u00e0 nos demandes.<\/p>\n<p class=\" wall-content\">Personnalisez votre actualit\u00e9 en ajoutant vos villes et m\u00e9dias en favori avec <a href=\"https:\/\/moncompte.actu.fr\" title=\"D\u00e9couvez Mon Actu\" rel=\"nofollow noopener\" data-trk=\"{&quot;cta&quot;:{&quot;action&quot;:&quot;https:\\\/\\\/moncompte.actu.fr&quot;,&quot;category&quot;:&quot;mon compte&quot;,&quot;from&quot;:&quot;article footer&quot;,&quot;name&quot;:&quot;Mon actu&quot;,&quot;type&quot;:&quot;cta&quot;}}\" target=\"_blank\">Mon Actu<\/a>.<\/p>\n","protected":false},"excerpt":{"rendered":"Par Brian Le Goff Publi\u00e9 le 24 nov. 2025 \u00e0 6h02 Il fait partie du paysage rennais, ou&hellip;\n","protected":false},"author":2,"featured_media":554779,"comment_status":"","ping_status":"","sticky":false,"template":"","format":"standard","meta":{"footnotes":""},"categories":[2821],"tags":[1111,11,829,33,1777,674,1011,27,12,584,25,6173,2086,7009],"class_list":{"0":"post-554778","1":"post","2":"type-post","3":"status-publish","4":"format-standard","5":"has-post-thumbnail","7":"category-rennes","8":"tag-actu","9":"tag-actualites","10":"tag-bretagne","11":"tag-economie","12":"tag-eu","13":"tag-europe","14":"tag-fr","15":"tag-france","16":"tag-news","17":"tag-rennes","18":"tag-republique-francaise","19":"tag-stationnement","20":"tag-travaux","21":"tag-vilaine"},"share_on_mastodon":{"url":"https:\/\/pubeurope.com\/@fr\/115603121385560619","error":""},"_links":{"self":[{"href":"https:\/\/www.europesays.com\/fr\/wp-json\/wp\/v2\/posts\/554778","targetHints":{"allow":["GET"]}}],"collection":[{"href":"https:\/\/www.europesays.com\/fr\/wp-json\/wp\/v2\/posts"}],"about":[{"href":"https:\/\/www.europesays.com\/fr\/wp-json\/wp\/v2\/types\/post"}],"author":[{"embeddable":true,"href":"https:\/\/www.europesays.com\/fr\/wp-json\/wp\/v2\/users\/2"}],"replies":[{"embeddable":true,"href":"https:\/\/www.europesays.com\/fr\/wp-json\/wp\/v2\/comments?post=554778"}],"version-history":[{"count":0,"href":"https:\/\/www.europesays.com\/fr\/wp-json\/wp\/v2\/posts\/554778\/revisions"}],"wp:featuredmedia":[{"embeddable":true,"href":"https:\/\/www.europesays.com\/fr\/wp-json\/wp\/v2\/media\/554779"}],"wp:attachment":[{"href":"https:\/\/www.europesays.com\/fr\/wp-json\/wp\/v2\/media?parent=554778"}],"wp:term":[{"taxonomy":"category","embeddable":true,"href":"https:\/\/www.europesays.com\/fr\/wp-json\/wp\/v2\/categories?post=554778"},{"taxonomy":"post_tag","embeddable":true,"href":"https:\/\/www.europesays.com\/fr\/wp-json\/wp\/v2\/tags?post=554778"}],"curies":[{"name":"wp","href":"https:\/\/api.w.org\/{rel}","templated":true}]}}