{"id":554784,"date":"2025-11-24T05:55:46","date_gmt":"2025-11-24T05:55:46","guid":{"rendered":"https:\/\/www.europesays.com\/fr\/554784\/"},"modified":"2025-11-24T05:55:46","modified_gmt":"2025-11-24T05:55:46","slug":"ligue-1-entre-impuissance-et-frustration-les-notes-de-lens","status":"publish","type":"post","link":"https:\/\/www.europesays.com\/fr\/554784\/","title":{"rendered":"Ligue 1. Entre impuissance et frustration\u00a0: les notes de Lens"},"content":{"rendered":"<p>Au froid mordant de ce samedi de novembre s\u2019est ajout\u00e9e l\u2019indigence offensive d\u2019un Racing en panne d\u2019inspiration, malgr\u00e9 la pr\u00e9sence d\u2019Emegha et de Panichelli aux avant-postes, pour rendre ce sommet de Ligue 1 terriblement ennuyant et au final bien triste. Un moment d\u2019inattention a suffi \u00e0 renvoyer les Alsaciens chez eux sans le moindre point, mais avec beaucoup de frustration dans les valises.<\/p>\n<p>Sarr, le patron d\u2019une d\u00e9fense flottantePenders 7<\/p>\n<p>Son \u201cmatch dans le match\u201d face \u00e0 Risser, le gardien colmarien de Lens, \u00e9tait forc\u00e9ment scrut\u00e9 (lire par ailleurs). Si le jeune Belge a encha\u00een\u00e9 les prouesses, il a fini par s\u2019incliner face \u00e0 Ganiou, venu le battre \u00e0 bout portant (1-0, 69e). Rageant.<\/p>\n<p>Hogsberg 2<\/p>\n<p>Le Danois a mis tout le monde en difficult\u00e9 \u00e0 lui seul, ou presque. Mal rentr\u00e9 dans son match, l\u2019axial droit de la&#8230;<\/p>\n","protected":false},"excerpt":{"rendered":"Au froid mordant de ce samedi de novembre s\u2019est ajout\u00e9e l\u2019indigence offensive d\u2019un Racing en panne d\u2019inspiration, malgr\u00e9&hellip;\n","protected":false},"author":2,"featured_media":554785,"comment_status":"","ping_status":"","sticky":false,"template":"","format":"standard","meta":{"footnotes":""},"categories":[2820],"tags":[1111,11,2880,1777,674,107,63,1011,27,329,775,7020,12,41281,25,517,640],"class_list":{"0":"post-554784","1":"post","2":"type-post","3":"status-publish","4":"format-standard","5":"has-post-thumbnail","7":"category-strasbourg","8":"tag-actu","9":"tag-actualites","10":"tag-edition-strasbourg","11":"tag-eu","12":"tag-europe","13":"tag-fil-info","14":"tag-football","15":"tag-fr","16":"tag-france","17":"tag-france-monde","18":"tag-grand-est","19":"tag-ligue-1-football","20":"tag-news","21":"tag-racing-club-strasbourg-masculin","22":"tag-republique-francaise","23":"tag-sport","24":"tag-strasbourg"},"share_on_mastodon":{"url":"https:\/\/pubeurope.com\/@fr\/115603133223932109","error":""},"_links":{"self":[{"href":"https:\/\/www.europesays.com\/fr\/wp-json\/wp\/v2\/posts\/554784","targetHints":{"allow":["GET"]}}],"collection":[{"href":"https:\/\/www.europesays.com\/fr\/wp-json\/wp\/v2\/posts"}],"about":[{"href":"https:\/\/www.europesays.com\/fr\/wp-json\/wp\/v2\/types\/post"}],"author":[{"embeddable":true,"href":"https:\/\/www.europesays.com\/fr\/wp-json\/wp\/v2\/users\/2"}],"replies":[{"embeddable":true,"href":"https:\/\/www.europesays.com\/fr\/wp-json\/wp\/v2\/comments?post=554784"}],"version-history":[{"count":0,"href":"https:\/\/www.europesays.com\/fr\/wp-json\/wp\/v2\/posts\/554784\/revisions"}],"wp:featuredmedia":[{"embeddable":true,"href":"https:\/\/www.europesays.com\/fr\/wp-json\/wp\/v2\/media\/554785"}],"wp:attachment":[{"href":"https:\/\/www.europesays.com\/fr\/wp-json\/wp\/v2\/media?parent=554784"}],"wp:term":[{"taxonomy":"category","embeddable":true,"href":"https:\/\/www.europesays.com\/fr\/wp-json\/wp\/v2\/categories?post=554784"},{"taxonomy":"post_tag","embeddable":true,"href":"https:\/\/www.europesays.com\/fr\/wp-json\/wp\/v2\/tags?post=554784"}],"curies":[{"name":"wp","href":"https:\/\/api.w.org\/{rel}","templated":true}]}}