{"id":554788,"date":"2025-11-24T05:57:20","date_gmt":"2025-11-24T05:57:20","guid":{"rendered":"https:\/\/www.europesays.com\/fr\/554788\/"},"modified":"2025-11-24T05:57:20","modified_gmt":"2025-11-24T05:57:20","slug":"route-fermee-dix-jours-de-travaux-ce-que-lon-sait","status":"publish","type":"post","link":"https:\/\/www.europesays.com\/fr\/554788\/","title":{"rendered":"route ferm\u00e9e, dix jours de travaux, ce que l&rsquo;on sait"},"content":{"rendered":"<p>                    Par<br \/>\n        <strong><br \/>\n            <a href=\"https:\/\/actu.fr\/auteur\/ugo-maillard\" title=\"Consulter tous les articles de Ugo Maillard\" target=\"_blank\" rel=\"noopener\">Ugo Maillard<\/a><br \/>\n                    <\/strong><\/p>\n<p>        Publi\u00e9 le<\/p>\n<p>            24 nov. 2025 \u00e0 6h38        <\/p>\n<p>Le retour du <strong>double sens<\/strong> sur la pointe de Rauba Capeu n\u2019a jamais \u00e9t\u00e9 aussi proche. Les services de la Ville de Nice (<a href=\"https:\/\/actu.fr\/provence-alpes-cote-d-azur\/alpes-maritimes_06\" target=\"_blank\" rel=\"noopener\">Alpes-Maritimes<\/a>), apr\u00e8s avoir pris connaissance de la d\u00e9cision de justice, ont pr\u00e9sent\u00e9 le projet d\u2019am\u00e9nagement aux riverains, commer\u00e7ants et usagers. Ce lundi 24\u00a0novembre 2025 marque officiellement le d\u00e9but des travaux. Voici tout ce que l\u2019on sait sur ce projet qui risque de changer le visage de <a href=\"https:\/\/actu.fr\/nice\/\" target=\"_blank\" rel=\"noopener\">Nice<\/a>.<\/p>\n<p>D\u00e9but des travaux lundi<\/p>\n<p class=\" wall-content\">Les travaux routiers seront effectu\u00e9s par les services de la Ville <strong>du lundi\u00a024 au vendredi 28\u00a0novembre 2025<\/strong>. L\u2019objectif est notamment de r\u00e9aliser des enrob\u00e9s et mettre en place la signalisation.<\/p>\n<p>    <a href=\"https:\/\/www.google.com\/maps\/embed?pb=!1m28!1m12!1m3!1d5769.57547392203!2d7.273476244193406!3d43.694176084400524!2m3!1f0!2f0!3f0!3m2!1i1024!2i768!4f13.1!4m13!3e0!4m5!1s0x12cddabef3fde1f5:0x1a5a6063782148a8!2sQuai%20Lunel,%2006300%20Nice!3m2!1d43.6952023!2d7.2832441999999995!4m5!1s0x12cddaa2f245b529:0x2c99eb1f6510e075!2sQuai%20des%20%C3%89tats-Unis,%20Nice!3m2!1d43.6951749!2d7.274007999999999!5e0!3m2!1sfr!2sfr!4v1763668756112!5m2!1sfr!2sfr\" title=\"Ouvrie le lien\" target=\"_blank\" rel=\"noopener\">Cliquez ici pour visualiser le contenu<\/a><\/p>\n<p class=\" wall-content\">Ces op\u00e9rations d\u2019am\u00e9nagements n\u00e9cessaires \u00e0 la mise en double sens seront effectu\u00e9es sur les Quais des \u00c9tats Unis, Lunel, la Douane et Papacino.<\/p>\n<p>Des fermetures la nuit<\/p>\n<p class=\" wall-content\">Les travaux seront r\u00e9alis\u00e9s de nuit entre <strong>21h et 6h<\/strong>. Une<strong> fermeture de la voie \u00e0 la circulation<\/strong> sera effective lors de cette p\u00e9riode. L\u2019acc\u00e8s sera maintenu pour les riverains.<\/p>\n<p>Combien de temps\u2009?<\/p>\n<p class=\" wall-content\">Selon les informations de la r\u00e9daction d\u2019actu Nice, les travaux dureront<strong> au maximum deux semaines<\/strong>, dont cinq jours de travaux routiers.<\/p>\n<p class=\" wall-content\">Une dur\u00e9e tr\u00e8s courte justifi\u00e9e par la volont\u00e9 municipale \u00ab\u2009de limiter les perturbations pour les riverains, commer\u00e7ants et usagers\u2009\u00bb.<\/p>\n<p>Votre r\u00e9gion, votre actu !<\/p>\n<p>Recevez chaque jour les infos qui comptent pour vous.<\/p>\n<p>\t<a href=\"https:\/\/actu.fr\/newsletter\" class=\"ac-btn ac-btn--corner ac-btn--medium ac-btn--blue800\" target=\"_blank\" rel=\"noopener\">S&rsquo;incrire<\/a><br \/>\nUn retour \u00e0 2019<\/p>\n<p class=\" wall-content\">\u00ab\u2009R\u00e9tablissement de la version ant\u00e9rieure \u00e0 2019\u2009\u00bb. C\u2019est avec ces mots que Christian Estrosi a pr\u00e9sent\u00e9 l\u2019objectif des am\u00e9nagements \u00e0 venir sur le quai des \u00c9tats-Unis et le quai Lunel. \u00c0 cette date, les automobilistes pouvaient circuler dans les deux sens, permettant alors de rallier la promenade des Anglais au port Lympia.<\/p>\n<p class=\" wall-content\">\n    <img   decoding=\"async\" loading=\"lazy\" src=\"https:\/\/www.europesays.com\/fr\/wp-content\/uploads\/2025\/11\/design-sans-titre-2025-11-18t134144411-960x640.png\" alt=\"Voici \u00e0 quoi ressemblait le quai des \u00c9tats-Unis avant le sens unique (Photo datant de 2018)\" width=\"960\" height=\"640\"\/><br \/>\n    Voici \u00e0 quoi ressemblait le quai des \u00c9tats-Unis avant le sens unique (Photo datant de 2018) (\u00a9Capture Google Street View)<br \/>\n    <img   decoding=\"async\" loading=\"lazy\" src=\"https:\/\/www.europesays.com\/fr\/wp-content\/uploads\/2025\/11\/rauba-capeu-2014-960x640.png\" alt=\"Voici \u00e0 quoi ressemblait le quai des \u00c9tats-Unis avant le sens unique (Photo datant de 2014).\" width=\"960\" height=\"640\"\/><br \/>\n    Voici \u00e0 quoi ressemblait le quai des \u00c9tats-Unis avant le sens unique (Photo datant de 2014). (\u00a9Capture Google Street View)<\/p>\n<p class=\" wall-content\">En ce qui concerne les cyclistes et les pi\u00e9tons, ils se c\u00f4toyaient sur un seul et m\u00eame trottoir, avec deux espaces seulement s\u00e9par\u00e9s d\u2019une ligne blanche.<\/p>\n<p class=\" wall-content\">Le projet de 2025 est celui-ci\u2009: la piste cyclable va \u00eatre supprim\u00e9e sur le quai des \u00c9tats-Unis pour laisser place \u00e0 trois voies automobiles. Du c\u00f4t\u00e9 du quai Lunel, la piste cyclable sera \u00e9galement supprim\u00e9e au profit de deux voies pour les voitures.<\/p>\n<p class=\" wall-content\">Personnalisez votre actualit\u00e9 en ajoutant vos villes et m\u00e9dias en favori avec <a href=\"https:\/\/moncompte.actu.fr\" title=\"D\u00e9couvez Mon Actu\" rel=\"nofollow noopener\" data-trk=\"{&quot;cta&quot;:{&quot;action&quot;:&quot;https:\\\/\\\/moncompte.actu.fr&quot;,&quot;category&quot;:&quot;mon compte&quot;,&quot;from&quot;:&quot;article footer&quot;,&quot;name&quot;:&quot;Mon actu&quot;,&quot;type&quot;:&quot;cta&quot;}}\" target=\"_blank\">Mon Actu<\/a>.<\/p>\n","protected":false},"excerpt":{"rendered":"Par Ugo Maillard Publi\u00e9 le 24 nov. 2025 \u00e0 6h38 Le retour du double sens sur la pointe&hellip;\n","protected":false},"author":2,"featured_media":554789,"comment_status":"","ping_status":"","sticky":false,"template":"","format":"standard","meta":{"footnotes":""},"categories":[2819],"tags":[1111,11,3542,1777,674,1011,27,12,2401,882,25,104,2086],"class_list":{"0":"post-554788","1":"post","2":"type-post","3":"status-publish","4":"format-standard","5":"has-post-thumbnail","7":"category-nice","8":"tag-actu","9":"tag-actualites","10":"tag-circulation","11":"tag-eu","12":"tag-europe","13":"tag-fr","14":"tag-france","15":"tag-news","16":"tag-nice","17":"tag-provence-alpes-cote-dazur","18":"tag-republique-francaise","19":"tag-societe","20":"tag-travaux"},"share_on_mastodon":{"url":"https:\/\/pubeurope.com\/@fr\/115603141235660012","error":""},"_links":{"self":[{"href":"https:\/\/www.europesays.com\/fr\/wp-json\/wp\/v2\/posts\/554788","targetHints":{"allow":["GET"]}}],"collection":[{"href":"https:\/\/www.europesays.com\/fr\/wp-json\/wp\/v2\/posts"}],"about":[{"href":"https:\/\/www.europesays.com\/fr\/wp-json\/wp\/v2\/types\/post"}],"author":[{"embeddable":true,"href":"https:\/\/www.europesays.com\/fr\/wp-json\/wp\/v2\/users\/2"}],"replies":[{"embeddable":true,"href":"https:\/\/www.europesays.com\/fr\/wp-json\/wp\/v2\/comments?post=554788"}],"version-history":[{"count":0,"href":"https:\/\/www.europesays.com\/fr\/wp-json\/wp\/v2\/posts\/554788\/revisions"}],"wp:featuredmedia":[{"embeddable":true,"href":"https:\/\/www.europesays.com\/fr\/wp-json\/wp\/v2\/media\/554789"}],"wp:attachment":[{"href":"https:\/\/www.europesays.com\/fr\/wp-json\/wp\/v2\/media?parent=554788"}],"wp:term":[{"taxonomy":"category","embeddable":true,"href":"https:\/\/www.europesays.com\/fr\/wp-json\/wp\/v2\/categories?post=554788"},{"taxonomy":"post_tag","embeddable":true,"href":"https:\/\/www.europesays.com\/fr\/wp-json\/wp\/v2\/tags?post=554788"}],"curies":[{"name":"wp","href":"https:\/\/api.w.org\/{rel}","templated":true}]}}